{"id":150197,"date":"2023-08-25T10:00:53","date_gmt":"2023-08-25T14:00:53","guid":{"rendered":"https:\/\/news.canadamotorjobs.com\/?p=150197"},"modified":"2023-08-25T10:02:46","modified_gmt":"2023-08-25T14:02:46","slug":"le-volvo-ex30-a-montreal","status":"publish","type":"post","link":"https:\/\/news.canadamotorjobs.com\/fr\/le-volvo-ex30-a-montreal\/","title":{"rendered":"Le Volvo EX30 \u00e0 Montr\u00e9al"},"content":{"rendered":"<\/p>\n<p>Volvo pr\u00e9sentait hier au vieux port de Montr\u00e9al le plus r\u00e9cent membre de la famille le EX30 .En tant que premier VUS compact enti\u00e8rement \u00e9lectrique de la marque, le Volvo EX30 enrichit la gamme croissante de v\u00e9hicules \u00e9lectriques de Volvo Cars, portant leur nombre \u00e0 quatre mod\u00e8les.<\/p>\n<h3>Plus de pr\u00e9sence et plus de puissance<\/h3>\n<p>\nSes proportions \u00e9quilibr\u00e9es, avec un empattement g\u00e9n\u00e9reux, des roues imposantes et des porte-\u00e0-faux \u00e9quilibr\u00e9s \u00e0 l&#8217;avant et \u00e0 l&#8217;arri\u00e8re, conf\u00e8rent \u00e9l\u00e9gance et \u00e9quilibre \u00e0 sa silhouette ext\u00e9rieure. L&#8217;identit\u00e9 \u00e9lectrique du v\u00e9hicule s&#8217;exprime \u00e0 travers un visage assur\u00e9, une calandre ferm\u00e9e et une interpr\u00e9tation num\u00e9rique des phares en forme de marteau de Thor. L&#8217;EX30 se distingue \u00e9galement par un \u00e9ventail de cinq couleurs ext\u00e9rieures dynamiques, allant d&#8217;un bleu nuage raffin\u00e9 \u00e0 un jaune mousse vif et expressif, ce dernier \u00e9tant inspir\u00e9 du lichen qui pousse sur les rochers de la c\u00f4te ouest su\u00e9doise, ajoutant ainsi caract\u00e8re et personnalit\u00e9 au mod\u00e8le.<\/p>\n<h3>Deux choix de moteurs<\/h3>\n<p>\nPour une autonomie maximale, la variante \u00e0 propulsion arri\u00e8re \u00e9quip\u00e9e d&#8217;un seul moteur et d&#8217;une autonomie \u00e9tendue est le choix id\u00e9al, permettant une autonomie estim\u00e9e de 442 km par charge. En revanche, pour les amateurs de performance, la variante Twin Motor Performance combine la batterie avec un moteur \u00e9lectrique additionnel sur l&#8217;essieu avant. Cette version \u00e0 transmission int\u00e9grale du mod\u00e8le EX30 g\u00e9n\u00e8re une puissance de 422 chevaux, propulsant le v\u00e9hicule de 0 \u00e0 100 km\/h en seulement 3,6 secondes, ce qui en fait le mod\u00e8le Volvo le plus rapide \u00e0 ce jour en termes d&#8217;acc\u00e9l\u00e9ration.<\/p>\n<h3>Moins de 55\u00a0000$<\/h3>\n<p>\nPropos\u00e9 \u00e0 partir de 53 700 $, le mod\u00e8le Volvo EX30 de l&#8217;ann\u00e9e mod\u00e8le 2025 offre une introduction attrayante \u00e0 la conduite d&#8217;un v\u00e9hicule \u00e9lectrique Volvo. Ce prix permet aux clients de b\u00e9n\u00e9ficier des incitations f\u00e9d\u00e9rales et provinciales pour les v\u00e9hicules \u00e9lectriques, rendant ainsi ce SUV \u00e9lectrique haut de gamme accessible \u00e0 un co\u00fbt similaire \u00e0 celui d&#8217;un SUV \u00e0 moteur \u00e0 combustion interne.<\/p>\n<p>Les prix complets pour les deux groupes motopropulseurs et les niveaux d&#8217;\u00e9quipement seront d\u00e9voil\u00e9s ult\u00e9rieurement cet automne sur le configurateur en ligne de Volvocars.ca. Cela permettra aux clients de placer des r\u00e9servations pour le tout premier Volvo EX30 en versant un acompte. Ce mod\u00e8le deviendra le troisi\u00e8me v\u00e9hicule \u00e0 \u00eatre commercialis\u00e9 dans le cadre de l&#8217;approche &#8220;Promesse d&#8217;un prix unique&#8221; de Volvo, offrant ainsi aux acheteurs une exp\u00e9rience d&#8217;achat directe, transparente et sans n\u00e9cessit\u00e9 de n\u00e9gociation.<\/p>\n<p>\u00a0<\/p>\n<p>Le texte <a rel=\"nofollow\" href=\"https:\/\/annuelauto.ca\/le-volvo-ex30-a-montreal\/\">Le Volvo EX30 \u00e0 Montr\u00e9al<\/a> provient de <a rel=\"nofollow\" href=\"https:\/\/annuelauto.ca\">L&#8217;annuel de l&#8217;automobile &#8211; Actualit\u00e9 automobile<\/a><\/p>\n<p><\/p>\n","protected":false},"excerpt":{"rendered":"<p>Volvo pr\u00e9sentait hier au vieux port de Montr\u00e9al le plus r\u00e9cent membre de la famille le EX30 .En tant que premier VUS compact enti\u00e8rement \u00e9lectrique de la marque, le Volvo EX30 enrichit la gamme croissante de v\u00e9hicules \u00e9lectriques de Volvo Cars, portant leur nombre \u00e0 quatre mod\u00e8les. Plus de pr\u00e9sence et plus de puissance Ses [&hellip;]<\/p>\n","protected":false},"author":8,"featured_media":150199,"comment_status":"close","ping_status":"closed","sticky":false,"template":"","format":"standard","meta":{"_monsterinsights_skip_tracking":false,"_monsterinsights_sitenote_active":false,"_monsterinsights_sitenote_note":"","_monsterinsights_sitenote_category":0,"footnotes":""},"categories":[101],"tags":[],"yoast_head":"<!-- This site is optimized with the Yoast SEO plugin v23.2 - https:\/\/yoast.com\/wordpress\/plugins\/seo\/ -->\n<title>Le Volvo EX30 \u00e0 Montr\u00e9al - CanadaMotorJobs.com<\/title>\n<meta name=\"description\" content=\"Le Volvo EX30 \u00e0 Montr\u00e9al - Benoit Charette - Annuel automobile - CanadaMotorJobs.com.\" \/>\n<meta name=\"robots\" content=\"index, follow, max-snippet:-1, max-image-preview:large, max-video-preview:-1\" \/>\n<meta property=\"og:locale\" content=\"fr_CA\" \/>\n<meta property=\"og:type\" content=\"article\" \/>\n<meta property=\"og:title\" content=\"Le Volvo EX30 \u00e0 Montr\u00e9al - CanadaMotorJobs.com\" \/>\n<meta property=\"og:description\" content=\"Le Volvo EX30 \u00e0 Montr\u00e9al - Benoit Charette - Annuel automobile - CanadaMotorJobs.com.\" \/>\n<meta property=\"og:url\" content=\"https:\/\/news.canadamotorjobs.com\/fr\/le-volvo-ex30-a-montreal\/\" \/>\n<meta property=\"og:site_name\" content=\"CanadaMotorJobs.com\" \/>\n<meta property=\"article:publisher\" content=\"https:\/\/www.facebook.com\/canadamotorjobs\/\" \/>\n<meta property=\"article:published_time\" content=\"2023-08-25T14:00:53+00:00\" \/>\n<meta property=\"article:modified_time\" content=\"2023-08-25T14:02:46+00:00\" \/>\n<meta property=\"og:image\" content=\"https:\/\/news.canadamotorjobs.com\/wp-content\/uploads\/2023\/08\/317253_Volvo_EX30_Makes_Canadian_Debut_in_Montreal.jpg\" \/>\n\t<meta property=\"og:image:width\" content=\"2089\" \/>\n\t<meta property=\"og:image:height\" content=\"1119\" \/>\n\t<meta property=\"og:image:type\" content=\"image\/jpeg\" \/>\n<meta name=\"author\" content=\"Benoit Charette\" \/>\n<meta name=\"twitter:card\" content=\"summary_large_image\" \/>\n<meta name=\"twitter:creator\" content=\"@canadamotorjobs\" \/>\n<meta name=\"twitter:site\" content=\"@canadamotorjobs\" \/>\n<meta name=\"twitter:label1\" content=\"\u00c9crit par\" \/>\n\t<meta name=\"twitter:data1\" content=\"Benoit Charette\" \/>\n\t<meta name=\"twitter:label2\" content=\"Estimation du temps de lecture\" \/>\n\t<meta name=\"twitter:data2\" content=\"2 minutes\" \/>\n<!-- \/ Yoast SEO plugin. -->","yoast_head_json":{"title":"Le Volvo EX30 \u00e0 Montr\u00e9al - CanadaMotorJobs.com","description":"Le Volvo EX30 \u00e0 Montr\u00e9al - Benoit Charette - Annuel automobile - CanadaMotorJobs.com.","robots":{"index":"index","follow":"follow","max-snippet":"max-snippet:-1","max-image-preview":"max-image-preview:large","max-video-preview":"max-video-preview:-1"},"og_locale":"fr_CA","og_type":"article","og_title":"Le Volvo EX30 \u00e0 Montr\u00e9al - CanadaMotorJobs.com","og_description":"Le Volvo EX30 \u00e0 Montr\u00e9al - Benoit Charette - Annuel automobile - CanadaMotorJobs.com.","og_url":"https:\/\/news.canadamotorjobs.com\/fr\/le-volvo-ex30-a-montreal\/","og_site_name":"CanadaMotorJobs.com","article_publisher":"https:\/\/www.facebook.com\/canadamotorjobs\/","article_published_time":"2023-08-25T14:00:53+00:00","article_modified_time":"2023-08-25T14:02:46+00:00","og_image":[{"width":2089,"height":1119,"url":"https:\/\/news.canadamotorjobs.com\/wp-content\/uploads\/2023\/08\/317253_Volvo_EX30_Makes_Canadian_Debut_in_Montreal.jpg","type":"image\/jpeg"}],"author":"Benoit Charette","twitter_card":"summary_large_image","twitter_creator":"@canadamotorjobs","twitter_site":"@canadamotorjobs","twitter_misc":{"\u00c9crit par":"Benoit Charette","Estimation du temps de lecture":"2 minutes"},"schema":{"@context":"https:\/\/schema.org","@graph":[{"@type":"Article","@id":"https:\/\/news.canadamotorjobs.com\/fr\/le-volvo-ex30-a-montreal\/#article","isPartOf":{"@id":"https:\/\/news.canadamotorjobs.com\/fr\/le-volvo-ex30-a-montreal\/"},"author":{"name":"Benoit Charette","@id":"https:\/\/news.canadamotorjobs.com\/#\/schema\/person\/51793d1f87d44011d7bcc2ed99269a90"},"headline":"Le Volvo EX30 \u00e0 Montr\u00e9al","datePublished":"2023-08-25T14:00:53+00:00","dateModified":"2023-08-25T14:02:46+00:00","mainEntityOfPage":{"@id":"https:\/\/news.canadamotorjobs.com\/fr\/le-volvo-ex30-a-montreal\/"},"wordCount":466,"publisher":{"@id":"https:\/\/news.canadamotorjobs.com\/#organization"},"image":{"@id":"https:\/\/news.canadamotorjobs.com\/fr\/le-volvo-ex30-a-montreal\/#primaryimage"},"thumbnailUrl":"https:\/\/news.canadamotorjobs.com\/wp-content\/uploads\/2023\/08\/317253_Volvo_EX30_Makes_Canadian_Debut_in_Montreal.jpg","articleSection":["Annuel automobile"],"inLanguage":"fr-CA"},{"@type":"WebPage","@id":"https:\/\/news.canadamotorjobs.com\/fr\/le-volvo-ex30-a-montreal\/","url":"https:\/\/news.canadamotorjobs.com\/fr\/le-volvo-ex30-a-montreal\/","name":"Le Volvo EX30 \u00e0 Montr\u00e9al - CanadaMotorJobs.com","isPartOf":{"@id":"https:\/\/news.canadamotorjobs.com\/#website"},"primaryImageOfPage":{"@id":"https:\/\/news.canadamotorjobs.com\/fr\/le-volvo-ex30-a-montreal\/#primaryimage"},"image":{"@id":"https:\/\/news.canadamotorjobs.com\/fr\/le-volvo-ex30-a-montreal\/#primaryimage"},"thumbnailUrl":"https:\/\/news.canadamotorjobs.com\/wp-content\/uploads\/2023\/08\/317253_Volvo_EX30_Makes_Canadian_Debut_in_Montreal.jpg","datePublished":"2023-08-25T14:00:53+00:00","dateModified":"2023-08-25T14:02:46+00:00","description":"Le Volvo EX30 \u00e0 Montr\u00e9al - Benoit Charette - Annuel automobile - CanadaMotorJobs.com.","breadcrumb":{"@id":"https:\/\/news.canadamotorjobs.com\/fr\/le-volvo-ex30-a-montreal\/#breadcrumb"},"inLanguage":"fr-CA","potentialAction":[{"@type":"ReadAction","target":["https:\/\/news.canadamotorjobs.com\/fr\/le-volvo-ex30-a-montreal\/"]}]},{"@type":"ImageObject","inLanguage":"fr-CA","@id":"https:\/\/news.canadamotorjobs.com\/fr\/le-volvo-ex30-a-montreal\/#primaryimage","url":"https:\/\/news.canadamotorjobs.com\/wp-content\/uploads\/2023\/08\/317253_Volvo_EX30_Makes_Canadian_Debut_in_Montreal.jpg","contentUrl":"https:\/\/news.canadamotorjobs.com\/wp-content\/uploads\/2023\/08\/317253_Volvo_EX30_Makes_Canadian_Debut_in_Montreal.jpg","width":2089,"height":1119},{"@type":"BreadcrumbList","@id":"https:\/\/news.canadamotorjobs.com\/fr\/le-volvo-ex30-a-montreal\/#breadcrumb","itemListElement":[{"@type":"ListItem","position":1,"name":"Home","item":"https:\/\/news.canadamotorjobs.com\/fr\/blog\/"},{"@type":"ListItem","position":2,"name":"Le Volvo EX30 \u00e0 Montr\u00e9al"}]},{"@type":"WebSite","@id":"https:\/\/news.canadamotorjobs.com\/#website","url":"https:\/\/news.canadamotorjobs.com\/","name":"CanadaMotorJobs.com","description":"Automotive Jobs","publisher":{"@id":"https:\/\/news.canadamotorjobs.com\/#organization"},"potentialAction":[{"@type":"SearchAction","target":{"@type":"EntryPoint","urlTemplate":"https:\/\/news.canadamotorjobs.com\/?s={search_term_string}"},"query-input":"required name=search_term_string"}],"inLanguage":"fr-CA"},{"@type":"Organization","@id":"https:\/\/news.canadamotorjobs.com\/#organization","name":"Canada Motor Jobs","url":"https:\/\/news.canadamotorjobs.com\/","logo":{"@type":"ImageObject","inLanguage":"fr-CA","@id":"https:\/\/news.canadamotorjobs.com\/#\/schema\/logo\/image\/","url":"https:\/\/news.canadamotorjobs.com\/wp-content\/uploads\/2022\/10\/logo-canada-motor-jobs-1.png","contentUrl":"https:\/\/news.canadamotorjobs.com\/wp-content\/uploads\/2022\/10\/logo-canada-motor-jobs-1.png","width":800,"height":400,"caption":"Canada Motor Jobs"},"image":{"@id":"https:\/\/news.canadamotorjobs.com\/#\/schema\/logo\/image\/"},"sameAs":["https:\/\/www.facebook.com\/canadamotorjobs\/","https:\/\/x.com\/canadamotorjobs","https:\/\/www.instagram.com\/canadamotorjobs\/","https:\/\/www.linkedin.com\/company\/canadamotorjobs"]},{"@type":"Person","@id":"https:\/\/news.canadamotorjobs.com\/#\/schema\/person\/51793d1f87d44011d7bcc2ed99269a90","name":"Benoit Charette","image":{"@type":"ImageObject","inLanguage":"fr-CA","@id":"https:\/\/news.canadamotorjobs.com\/#\/schema\/person\/image\/","url":"https:\/\/secure.gravatar.com\/avatar\/45f3d2eebcccd909668d7ce7ea7267b6?s=96&d=mm&r=g","contentUrl":"https:\/\/secure.gravatar.com\/avatar\/45f3d2eebcccd909668d7ce7ea7267b6?s=96&d=mm&r=g","caption":"Benoit Charette"},"description":"Benoit Charette \/ Propri\u00e9taire et r\u00e9dacteur en chef Benoit Charette pratique le journalisme automobile depuis bient\u00f4t 30 ans. Il a fait ses classes au c\u00f4t\u00e9 de Daniel H\u00e9raud et au Carnet de route de 1992 \u00e0 2001. Il est fondateur, copropri\u00e9taire et r\u00e9dacteur en chef de L\u2019Annuel de l\u2019automobile, qu\u2019il publie depuis 2001. Il a anim\u00e9 les \u00e9missions RPM et RPM+ sur V et les L\u00e9gendes de la route sur Historia. \u00c0 la radio depuis 1986, il reprend l\u2019antenne cette ann\u00e9e sur les ondes de Cogeco et participe pour la deuxi\u00e8me ann\u00e9e \u00e0 l\u2019\u00e9mission Passion Auto sur RDS en plus de mettre en ligne le site Web officiel de L\u2019Annuel de l\u2019automobile sur annuelauto.ca.","sameAs":["https:\/\/annuelauto.ca\/"],"url":"https:\/\/news.canadamotorjobs.com\/fr\/author\/benoit-charette\/"}]}},"_links":{"self":[{"href":"https:\/\/news.canadamotorjobs.com\/fr\/wp-json\/wp\/v2\/posts\/150197"}],"collection":[{"href":"https:\/\/news.canadamotorjobs.com\/fr\/wp-json\/wp\/v2\/posts"}],"about":[{"href":"https:\/\/news.canadamotorjobs.com\/fr\/wp-json\/wp\/v2\/types\/post"}],"author":[{"embeddable":true,"href":"https:\/\/news.canadamotorjobs.com\/fr\/wp-json\/wp\/v2\/users\/8"}],"replies":[{"embeddable":true,"href":"https:\/\/news.canadamotorjobs.com\/fr\/wp-json\/wp\/v2\/comments?post=150197"}],"version-history":[{"count":2,"href":"https:\/\/news.canadamotorjobs.com\/fr\/wp-json\/wp\/v2\/posts\/150197\/revisions"}],"predecessor-version":[{"id":150201,"href":"https:\/\/news.canadamotorjobs.com\/fr\/wp-json\/wp\/v2\/posts\/150197\/revisions\/150201"}],"wp:featuredmedia":[{"embeddable":true,"href":"https:\/\/news.canadamotorjobs.com\/fr\/wp-json\/wp\/v2\/media\/150199"}],"wp:attachment":[{"href":"https:\/\/news.canadamotorjobs.com\/fr\/wp-json\/wp\/v2\/media?parent=150197"}],"wp:term":[{"taxonomy":"category","embeddable":true,"href":"https:\/\/news.canadamotorjobs.com\/fr\/wp-json\/wp\/v2\/categories?post=150197"},{"taxonomy":"post_tag","embeddable":true,"href":"https:\/\/news.canadamotorjobs.com\/fr\/wp-json\/wp\/v2\/tags?post=150197"}],"curies":[{"name":"wp","href":"https:\/\/api.w.org\/{rel}","templated":true}]}}