{"id":150166,"date":"2023-08-25T09:13:12","date_gmt":"2023-08-25T13:13:12","guid":{"rendered":"https:\/\/news.canadamotorjobs.com\/?p=150166"},"modified":"2023-08-25T09:14:03","modified_gmt":"2023-08-25T13:14:03","slug":"camping-en-mode-hybride-chez-volkswagen","status":"publish","type":"post","link":"https:\/\/news.canadamotorjobs.com\/fr\/camping-en-mode-hybride-chez-volkswagen\/","title":{"rendered":"Camping en mode hybride chez Volkswagen"},"content":{"rendered":"<\/p>\n<h3>&#8211; Le California Concept de Volkswagen est pr\u00e9sent\u00e9 au salon Caravan Salon de D\u00fcsseldorf, avec un groupe motopropulseur hybride rechargeable et deux portes coulissantes.<\/h3>\n<p><\/p>\n<h3>&#8211; Le groupe motopropulseur hybride combine un moteur quatre cylindres de 1,4 litre et un moteur \u00e9lectrique, promettant des performances et une efficacit\u00e9 accrues.<\/h3>\n<p><\/p>\n<h3>&#8211; \u00c0 l&#8217;int\u00e9rieur, on trouve des si\u00e8ges avant pivotants, une banquette arri\u00e8re rabattable qui se transforme en lit et une tente en aluminium.<\/h3>\n<p>\nEn attendant un mod\u00e8le tout \u00e9lectrique<\/p>\n<p>Volkswagen a d\u00e9voil\u00e9 sa derni\u00e8re cr\u00e9ation, le PHEV California Concept, qui donne un aper\u00e7u de l&#8217;avenir potentiel des camping-cars VW. D\u00e9voil\u00e9 au salon Caravan Salon de D\u00fcsseldorf, ce concept pr\u00e9sente un groupe motopropulseur hybride rechargeable et une configuration unique \u00e0 deux portes coulissantes. Dot\u00e9 d&#8217;une configuration hybride rechargeable, le California Concept est \u00e9quip\u00e9 d&#8217;un moteur quatre cylindres de 1,4 litre coupl\u00e9 \u00e0 un moteur \u00e9lectrique, produisant une puissance combin\u00e9e de 215 chevaux. Bien que les sp\u00e9cifications compl\u00e8tes du groupe motopropulseur n&#8217;aient pas encore \u00e9t\u00e9 divulgu\u00e9es, la combinaison hybride promet \u00e0 la fois des performances et une efficacit\u00e9 accrues, r\u00e9pondant aux exigences des excursions en plein air.<\/p>\n<h3>Fonctionner en autonomie<\/h3>\n<p>\nL&#8217;un des points forts du California Concept est l&#8217;int\u00e9gration de batteries lithium-ion embarqu\u00e9es. Ces batteries offrent une alimentation 12 V presque autonome, ce qui permet de prolonger les exp\u00e9riences de camping et de faciliter les p\u00e9riodes prolong\u00e9es d&#8217;activit\u00e9 en plein air. En outre, le syst\u00e8me hybride rechargeable garantit une autonomie suffisante pour transporter les utilisateurs vers les destinations de camping qu&#8217;ils ont choisies.<\/p>\n<h3>Meilleure accessibilit\u00e9<\/h3>\n<p>\nL&#8217;une des caract\u00e9ristiques intrigantes du concept est l&#8217;inclusion de deux portes coulissantes, qui s&#8217;\u00e9cartent de la conception \u00e0 une seule porte des versions pr\u00e9c\u00e9dentes. Cet ajout am\u00e9liore l&#8217;accessibilit\u00e9 et la commodit\u00e9, en particulier pour les march\u00e9s qui exigent une conduite \u00e0 droite. En outre, elle facilite l&#8217;entr\u00e9e et la sortie du v\u00e9hicule.<\/p>\n<h3>Int\u00e9rieur polyvalent<\/h3>\n<p>\nL&#8217;int\u00e9rieur du California Concept allie harmonieusement polyvalence et confort. Les si\u00e8ges avant peuvent pivoter \u00e0 180 degr\u00e9s, transformant l&#8217;habitacle en un espace de vie ou de repas fonctionnel. De plus, la banquette arri\u00e8re peut \u00eatre rabattue pour cr\u00e9er un lit, garantissant ainsi des conditions de repos confortables. L&#8217;embl\u00e9matique tente pop-up sur le toit, qui caract\u00e9rise le camping-car californien depuis 1988, offre une vue panoramique et la possibilit\u00e9 d&#8217;opter pour une tente de toit haut de gamme.<\/p>\n<h3>Une cuisine de plein-air<\/h3>\n<p>\nLes deux portes coulissantes facilitent \u00e9galement l&#8217;acc\u00e8s \u00e0 des \u00e9quipements tels que le r\u00e9frig\u00e9rateur ext\u00e9rieur, am\u00e9liorant ainsi l&#8217;aspect pratique des voyages en camping. En outre, le California Concept est con\u00e7u pour la cuisine en plein air et offre un abri gr\u00e2ce \u00e0 un pare-soleil triangulaire d&#8217;un c\u00f4t\u00e9 et \u00e0 un auvent carr\u00e9 plus grand de l&#8217;autre.<\/p>\n<h3>Encore un peu de patience<\/h3>\n<p>\nVolkswagen consid\u00e8re le California Concept comme un avant-go\u00fbt du futur camping-car California de s\u00e9rie, dont les d\u00e9buts sont pr\u00e9vus en 2024. Le mod\u00e8le de production offrira diverses options de motorisation, y compris le syst\u00e8me innovant eHybrid PHEV pr\u00e9sent\u00e9 dans le concept, ainsi que des moteurs \u00e0 essence et diesel conventionnels.<\/p>\n<p>\u00a0<\/p>\n<p>Avec des renseignements de Motor Illustrated<\/p>\n<p>Le texte <a rel=\"nofollow\" href=\"https:\/\/annuelauto.ca\/camping-en-mode-hybride-chez-volkswagen\/\">Camping en mode hybride chez Volkswagen<\/a> provient de <a rel=\"nofollow\" href=\"https:\/\/annuelauto.ca\">L&#8217;annuel de l&#8217;automobile &#8211; Actualit\u00e9 automobile<\/a><\/p>\n<p><\/p>\n","protected":false},"excerpt":{"rendered":"<p>&#8211; Le California Concept de Volkswagen est pr\u00e9sent\u00e9 au salon Caravan Salon de D\u00fcsseldorf, avec un groupe motopropulseur hybride rechargeable et deux portes coulissantes. &#8211; Le groupe motopropulseur hybride combine un moteur quatre cylindres de 1,4 litre et un moteur \u00e9lectrique, promettant des performances et une efficacit\u00e9 accrues. &#8211; \u00c0 l&#8217;int\u00e9rieur, on trouve des si\u00e8ges [&hellip;]<\/p>\n","protected":false},"author":8,"featured_media":150168,"comment_status":"close","ping_status":"closed","sticky":false,"template":"","format":"standard","meta":{"_monsterinsights_skip_tracking":false,"_monsterinsights_sitenote_active":false,"_monsterinsights_sitenote_note":"","_monsterinsights_sitenote_category":0,"footnotes":""},"categories":[101],"tags":[],"yoast_head":"<!-- This site is optimized with the Yoast SEO plugin v23.2 - https:\/\/yoast.com\/wordpress\/plugins\/seo\/ -->\n<title>Camping en mode hybride chez Volkswagen - CanadaMotorJobs.com<\/title>\n<meta name=\"description\" content=\"Camping en mode hybride chez Volkswagen - Benoit Charette - Annuel automobile - CanadaMotorJobs.com.\" \/>\n<meta name=\"robots\" content=\"index, follow, max-snippet:-1, max-image-preview:large, max-video-preview:-1\" \/>\n<meta property=\"og:locale\" content=\"fr_CA\" \/>\n<meta property=\"og:type\" content=\"article\" \/>\n<meta property=\"og:title\" content=\"Camping en mode hybride chez Volkswagen - CanadaMotorJobs.com\" \/>\n<meta property=\"og:description\" content=\"Camping en mode hybride chez Volkswagen - Benoit Charette - Annuel automobile - CanadaMotorJobs.com.\" \/>\n<meta property=\"og:url\" content=\"https:\/\/news.canadamotorjobs.com\/fr\/camping-en-mode-hybride-chez-volkswagen\/\" \/>\n<meta property=\"og:site_name\" content=\"CanadaMotorJobs.com\" \/>\n<meta property=\"article:publisher\" content=\"https:\/\/www.facebook.com\/canadamotorjobs\/\" \/>\n<meta property=\"article:published_time\" content=\"2023-08-25T13:13:12+00:00\" \/>\n<meta property=\"article:modified_time\" content=\"2023-08-25T13:14:03+00:00\" \/>\n<meta property=\"og:image\" content=\"https:\/\/news.canadamotorjobs.com\/wp-content\/uploads\/2023\/08\/volkswagen-debuts-california-t7-plug-in-hybrid-camper-van-concept-with-pop-up-roof_2.jpg\" \/>\n\t<meta property=\"og:image:width\" content=\"2462\" \/>\n\t<meta property=\"og:image:height\" content=\"1642\" \/>\n\t<meta property=\"og:image:type\" content=\"image\/jpeg\" \/>\n<meta name=\"author\" content=\"Benoit Charette\" \/>\n<meta name=\"twitter:card\" content=\"summary_large_image\" \/>\n<meta name=\"twitter:creator\" content=\"@canadamotorjobs\" \/>\n<meta name=\"twitter:site\" content=\"@canadamotorjobs\" \/>\n<meta name=\"twitter:label1\" content=\"\u00c9crit par\" \/>\n\t<meta name=\"twitter:data1\" content=\"Benoit Charette\" \/>\n\t<meta name=\"twitter:label2\" content=\"Estimation du temps de lecture\" \/>\n\t<meta name=\"twitter:data2\" content=\"3 minutes\" \/>\n<!-- \/ Yoast SEO plugin. -->","yoast_head_json":{"title":"Camping en mode hybride chez Volkswagen - CanadaMotorJobs.com","description":"Camping en mode hybride chez Volkswagen - Benoit Charette - Annuel automobile - CanadaMotorJobs.com.","robots":{"index":"index","follow":"follow","max-snippet":"max-snippet:-1","max-image-preview":"max-image-preview:large","max-video-preview":"max-video-preview:-1"},"og_locale":"fr_CA","og_type":"article","og_title":"Camping en mode hybride chez Volkswagen - CanadaMotorJobs.com","og_description":"Camping en mode hybride chez Volkswagen - Benoit Charette - Annuel automobile - CanadaMotorJobs.com.","og_url":"https:\/\/news.canadamotorjobs.com\/fr\/camping-en-mode-hybride-chez-volkswagen\/","og_site_name":"CanadaMotorJobs.com","article_publisher":"https:\/\/www.facebook.com\/canadamotorjobs\/","article_published_time":"2023-08-25T13:13:12+00:00","article_modified_time":"2023-08-25T13:14:03+00:00","og_image":[{"width":2462,"height":1642,"url":"https:\/\/news.canadamotorjobs.com\/wp-content\/uploads\/2023\/08\/volkswagen-debuts-california-t7-plug-in-hybrid-camper-van-concept-with-pop-up-roof_2.jpg","type":"image\/jpeg"}],"author":"Benoit Charette","twitter_card":"summary_large_image","twitter_creator":"@canadamotorjobs","twitter_site":"@canadamotorjobs","twitter_misc":{"\u00c9crit par":"Benoit Charette","Estimation du temps de lecture":"3 minutes"},"schema":{"@context":"https:\/\/schema.org","@graph":[{"@type":"Article","@id":"https:\/\/news.canadamotorjobs.com\/fr\/camping-en-mode-hybride-chez-volkswagen\/#article","isPartOf":{"@id":"https:\/\/news.canadamotorjobs.com\/fr\/camping-en-mode-hybride-chez-volkswagen\/"},"author":{"name":"Benoit Charette","@id":"https:\/\/news.canadamotorjobs.com\/#\/schema\/person\/51793d1f87d44011d7bcc2ed99269a90"},"headline":"Camping en mode hybride chez Volkswagen","datePublished":"2023-08-25T13:13:12+00:00","dateModified":"2023-08-25T13:14:03+00:00","mainEntityOfPage":{"@id":"https:\/\/news.canadamotorjobs.com\/fr\/camping-en-mode-hybride-chez-volkswagen\/"},"wordCount":584,"publisher":{"@id":"https:\/\/news.canadamotorjobs.com\/#organization"},"image":{"@id":"https:\/\/news.canadamotorjobs.com\/fr\/camping-en-mode-hybride-chez-volkswagen\/#primaryimage"},"thumbnailUrl":"https:\/\/news.canadamotorjobs.com\/wp-content\/uploads\/2023\/08\/volkswagen-debuts-california-t7-plug-in-hybrid-camper-van-concept-with-pop-up-roof_2.jpg","articleSection":["Annuel automobile"],"inLanguage":"fr-CA"},{"@type":"WebPage","@id":"https:\/\/news.canadamotorjobs.com\/fr\/camping-en-mode-hybride-chez-volkswagen\/","url":"https:\/\/news.canadamotorjobs.com\/fr\/camping-en-mode-hybride-chez-volkswagen\/","name":"Camping en mode hybride chez Volkswagen - CanadaMotorJobs.com","isPartOf":{"@id":"https:\/\/news.canadamotorjobs.com\/#website"},"primaryImageOfPage":{"@id":"https:\/\/news.canadamotorjobs.com\/fr\/camping-en-mode-hybride-chez-volkswagen\/#primaryimage"},"image":{"@id":"https:\/\/news.canadamotorjobs.com\/fr\/camping-en-mode-hybride-chez-volkswagen\/#primaryimage"},"thumbnailUrl":"https:\/\/news.canadamotorjobs.com\/wp-content\/uploads\/2023\/08\/volkswagen-debuts-california-t7-plug-in-hybrid-camper-van-concept-with-pop-up-roof_2.jpg","datePublished":"2023-08-25T13:13:12+00:00","dateModified":"2023-08-25T13:14:03+00:00","description":"Camping en mode hybride chez Volkswagen - Benoit Charette - Annuel automobile - CanadaMotorJobs.com.","breadcrumb":{"@id":"https:\/\/news.canadamotorjobs.com\/fr\/camping-en-mode-hybride-chez-volkswagen\/#breadcrumb"},"inLanguage":"fr-CA","potentialAction":[{"@type":"ReadAction","target":["https:\/\/news.canadamotorjobs.com\/fr\/camping-en-mode-hybride-chez-volkswagen\/"]}]},{"@type":"ImageObject","inLanguage":"fr-CA","@id":"https:\/\/news.canadamotorjobs.com\/fr\/camping-en-mode-hybride-chez-volkswagen\/#primaryimage","url":"https:\/\/news.canadamotorjobs.com\/wp-content\/uploads\/2023\/08\/volkswagen-debuts-california-t7-plug-in-hybrid-camper-van-concept-with-pop-up-roof_2.jpg","contentUrl":"https:\/\/news.canadamotorjobs.com\/wp-content\/uploads\/2023\/08\/volkswagen-debuts-california-t7-plug-in-hybrid-camper-van-concept-with-pop-up-roof_2.jpg","width":2462,"height":1642},{"@type":"BreadcrumbList","@id":"https:\/\/news.canadamotorjobs.com\/fr\/camping-en-mode-hybride-chez-volkswagen\/#breadcrumb","itemListElement":[{"@type":"ListItem","position":1,"name":"Home","item":"https:\/\/news.canadamotorjobs.com\/fr\/blog\/"},{"@type":"ListItem","position":2,"name":"Camping en mode hybride chez Volkswagen"}]},{"@type":"WebSite","@id":"https:\/\/news.canadamotorjobs.com\/#website","url":"https:\/\/news.canadamotorjobs.com\/","name":"CanadaMotorJobs.com","description":"Automotive Jobs","publisher":{"@id":"https:\/\/news.canadamotorjobs.com\/#organization"},"potentialAction":[{"@type":"SearchAction","target":{"@type":"EntryPoint","urlTemplate":"https:\/\/news.canadamotorjobs.com\/?s={search_term_string}"},"query-input":"required name=search_term_string"}],"inLanguage":"fr-CA"},{"@type":"Organization","@id":"https:\/\/news.canadamotorjobs.com\/#organization","name":"Canada Motor Jobs","url":"https:\/\/news.canadamotorjobs.com\/","logo":{"@type":"ImageObject","inLanguage":"fr-CA","@id":"https:\/\/news.canadamotorjobs.com\/#\/schema\/logo\/image\/","url":"https:\/\/news.canadamotorjobs.com\/wp-content\/uploads\/2022\/10\/logo-canada-motor-jobs-1.png","contentUrl":"https:\/\/news.canadamotorjobs.com\/wp-content\/uploads\/2022\/10\/logo-canada-motor-jobs-1.png","width":800,"height":400,"caption":"Canada Motor Jobs"},"image":{"@id":"https:\/\/news.canadamotorjobs.com\/#\/schema\/logo\/image\/"},"sameAs":["https:\/\/www.facebook.com\/canadamotorjobs\/","https:\/\/x.com\/canadamotorjobs","https:\/\/www.instagram.com\/canadamotorjobs\/","https:\/\/www.linkedin.com\/company\/canadamotorjobs"]},{"@type":"Person","@id":"https:\/\/news.canadamotorjobs.com\/#\/schema\/person\/51793d1f87d44011d7bcc2ed99269a90","name":"Benoit Charette","image":{"@type":"ImageObject","inLanguage":"fr-CA","@id":"https:\/\/news.canadamotorjobs.com\/#\/schema\/person\/image\/","url":"https:\/\/secure.gravatar.com\/avatar\/45f3d2eebcccd909668d7ce7ea7267b6?s=96&d=mm&r=g","contentUrl":"https:\/\/secure.gravatar.com\/avatar\/45f3d2eebcccd909668d7ce7ea7267b6?s=96&d=mm&r=g","caption":"Benoit Charette"},"description":"Benoit Charette \/ Propri\u00e9taire et r\u00e9dacteur en chef Benoit Charette pratique le journalisme automobile depuis bient\u00f4t 30 ans. Il a fait ses classes au c\u00f4t\u00e9 de Daniel H\u00e9raud et au Carnet de route de 1992 \u00e0 2001. Il est fondateur, copropri\u00e9taire et r\u00e9dacteur en chef de L\u2019Annuel de l\u2019automobile, qu\u2019il publie depuis 2001. Il a anim\u00e9 les \u00e9missions RPM et RPM+ sur V et les L\u00e9gendes de la route sur Historia. \u00c0 la radio depuis 1986, il reprend l\u2019antenne cette ann\u00e9e sur les ondes de Cogeco et participe pour la deuxi\u00e8me ann\u00e9e \u00e0 l\u2019\u00e9mission Passion Auto sur RDS en plus de mettre en ligne le site Web officiel de L\u2019Annuel de l\u2019automobile sur annuelauto.ca.","sameAs":["https:\/\/annuelauto.ca\/"],"url":"https:\/\/news.canadamotorjobs.com\/fr\/author\/benoit-charette\/"}]}},"_links":{"self":[{"href":"https:\/\/news.canadamotorjobs.com\/fr\/wp-json\/wp\/v2\/posts\/150166"}],"collection":[{"href":"https:\/\/news.canadamotorjobs.com\/fr\/wp-json\/wp\/v2\/posts"}],"about":[{"href":"https:\/\/news.canadamotorjobs.com\/fr\/wp-json\/wp\/v2\/types\/post"}],"author":[{"embeddable":true,"href":"https:\/\/news.canadamotorjobs.com\/fr\/wp-json\/wp\/v2\/users\/8"}],"replies":[{"embeddable":true,"href":"https:\/\/news.canadamotorjobs.com\/fr\/wp-json\/wp\/v2\/comments?post=150166"}],"version-history":[{"count":2,"href":"https:\/\/news.canadamotorjobs.com\/fr\/wp-json\/wp\/v2\/posts\/150166\/revisions"}],"predecessor-version":[{"id":150170,"href":"https:\/\/news.canadamotorjobs.com\/fr\/wp-json\/wp\/v2\/posts\/150166\/revisions\/150170"}],"wp:featuredmedia":[{"embeddable":true,"href":"https:\/\/news.canadamotorjobs.com\/fr\/wp-json\/wp\/v2\/media\/150168"}],"wp:attachment":[{"href":"https:\/\/news.canadamotorjobs.com\/fr\/wp-json\/wp\/v2\/media?parent=150166"}],"wp:term":[{"taxonomy":"category","embeddable":true,"href":"https:\/\/news.canadamotorjobs.com\/fr\/wp-json\/wp\/v2\/categories?post=150166"},{"taxonomy":"post_tag","embeddable":true,"href":"https:\/\/news.canadamotorjobs.com\/fr\/wp-json\/wp\/v2\/tags?post=150166"}],"curies":[{"name":"wp","href":"https:\/\/api.w.org\/{rel}","templated":true}]}}