{"id":150121,"date":"2023-08-24T09:57:58","date_gmt":"2023-08-24T13:57:58","guid":{"rendered":"https:\/\/news.canadamotorjobs.com\/?p=150121"},"modified":"2023-08-24T09:58:57","modified_gmt":"2023-08-24T13:58:57","slug":"les-autos-neuves-ont-le-meme-probleme-que-liphone-dapple","status":"publish","type":"post","link":"https:\/\/news.canadamotorjobs.com\/fr\/les-autos-neuves-ont-le-meme-probleme-que-liphone-dapple\/","title":{"rendered":"Les autos neuves ont le m\u00eame probl\u00e8me que l\u2019iPhone d\u2019Apple"},"content":{"rendered":"<\/p>\n<p>L\u2019automne approche et avec lui, une flop\u00e9e de nouveaux gadgets va \u00eatre mise en march\u00e9 par les fabricants d\u2019appareils \u00e9lectroniques.\u00a0Entre autres choses, on va voir appara\u00eetre un nouvel iPhone, l\u2019iPhone 15, qui devrait apporter un changement \u00e9norme \u00e0 sa configuration. Et ce changement, amis automobilistes, prenez-en bien note, car il va aussi affecter votre prochain v\u00e9hicule.<\/p>\n<p>C\u2019est que pour se conformer entre autres choses \u00e0 une exigence de l\u2019Union europ\u00e9enne, l\u2019iPhone 15 va abandonner son port de connexion, appel\u00e9 Lightning, au profit d\u2019un connecteur universel appel\u00e9 USB-C. Le port USB-C est la plus r\u00e9cente version du port USB qu\u2019on trouve sur \u00e0 peu pr\u00e8s tous les appareils informatiques r\u00e9cents.<\/p>\n<p>\u00c7a inclut les plus r\u00e9cents v\u00e9hicules actuellement en march\u00e9. Et \u00e7a ne para\u00eet peut-\u00eatre pas comme \u00e7a, mais ce fameux port USB cr\u00e9e des maux de t\u00eate chez les constructeurs d\u2019automobiles. Car ils sont pris entre la n\u00e9cessit\u00e9 de satisfaire des clients qui ont d\u00e9j\u00e0 des accessoires USB \u00e0 bord de leur v\u00e9hicule, et adopter la plus r\u00e9cente norme USB.<\/p>\n<p>Car on s\u2019entend, les gens qui ont un iPhone et qui vont acheter un iPhone 15 vont voir plusieurs accessoires con\u00e7us pour leur t\u00e9l\u00e9phone devenir soudainement inutilisables. C\u2019est la m\u00eame chose qui va se produire quand vous changerez de v\u00e9hicule et que vous devrez tout faire passer \u00e0 la norme USB-C.<\/p>\n<p>Bon, d\u00e9j\u00e0, le port USB-C a commenc\u00e9 \u00e0 appara\u00eetre dans certains nouveaux mod\u00e8les. BMW est pass\u00e9 \u00e0 cette norme il y a deux ans d\u00e9j\u00e0 au moins. D\u2019autres, comme Toyota ou Mazda, ont pris une approche mitoyenne en ajoutant un port USB-C \u00e0 c\u00f4t\u00e9 d\u2019un port USB-A, le port qu\u2019on conna\u00eet tous un peu mieux.<\/p>\n<p>Mais pr\u00e9parez-vous\u00a0: dans les prochaines ann\u00e9es, ce bon vieux port USB va dispara\u00eetre. On calculait en 2020 qu\u2019une \u00e9crasante majorit\u00e9 de gens auraient un t\u00e9l\u00e9phone avec un c\u00e2ble de chargement USB-C dans la bo\u00eete au plus tard en 2023. Et que dans les ann\u00e9es \u00e0 venir, ce sont plus de 90% des acheteurs qui auront un chargeur USB-C.<\/p>\n<p>Raison de plus pour abandonner le port USB-A, comme on devra l\u2019appeler dor\u00e9navant. Raison doublement valable si vous pr\u00e9voyez acheter un iPhone 15, en fait\u2026<\/p>\n<p>\u00a0<\/p>\n<p>Le texte <a rel=\"nofollow\" href=\"https:\/\/annuelauto.ca\/les-autos-neuves-ont-le-meme-probleme-que-liphone-dapple\/\">Les autos neuves ont le m\u00eame probl\u00e8me que l\u2019iPhone d\u2019Apple<\/a> provient de <a rel=\"nofollow\" href=\"https:\/\/annuelauto.ca\">L&#8217;annuel de l&#8217;automobile &#8211; Actualit\u00e9 automobile<\/a><\/p>\n<p><\/p>\n","protected":false},"excerpt":{"rendered":"<p>L\u2019automne approche et avec lui, une flop\u00e9e de nouveaux gadgets va \u00eatre mise en march\u00e9 par les fabricants d\u2019appareils \u00e9lectroniques.\u00a0Entre autres choses, on va voir appara\u00eetre un nouvel iPhone, l\u2019iPhone 15, qui devrait apporter un changement \u00e9norme \u00e0 sa configuration. Et ce changement, amis automobilistes, prenez-en bien note, car il va aussi affecter votre prochain [&hellip;]<\/p>\n","protected":false},"author":8,"featured_media":150123,"comment_status":"close","ping_status":"closed","sticky":false,"template":"","format":"standard","meta":{"_monsterinsights_skip_tracking":false,"_monsterinsights_sitenote_active":false,"_monsterinsights_sitenote_note":"","_monsterinsights_sitenote_category":0,"footnotes":""},"categories":[101],"tags":[],"yoast_head":"<!-- This site is optimized with the Yoast SEO plugin v23.2 - https:\/\/yoast.com\/wordpress\/plugins\/seo\/ -->\n<title>Les autos neuves ont le m\u00eame probl\u00e8me que l\u2019iPhone d\u2019Apple - CanadaMotorJobs.com<\/title>\n<meta name=\"description\" content=\"Les autos neuves ont le m\u00eame probl\u00e8me que l\u2019iPhone d\u2019Apple - Benoit Charette - Annuel automobile - CanadaMotorJobs.com.\" \/>\n<meta name=\"robots\" content=\"index, follow, max-snippet:-1, max-image-preview:large, max-video-preview:-1\" \/>\n<meta property=\"og:locale\" content=\"fr_CA\" \/>\n<meta property=\"og:type\" content=\"article\" \/>\n<meta property=\"og:title\" content=\"Les autos neuves ont le m\u00eame probl\u00e8me que l\u2019iPhone d\u2019Apple - CanadaMotorJobs.com\" \/>\n<meta property=\"og:description\" content=\"Les autos neuves ont le m\u00eame probl\u00e8me que l\u2019iPhone d\u2019Apple - Benoit Charette - Annuel automobile - CanadaMotorJobs.com.\" \/>\n<meta property=\"og:url\" content=\"https:\/\/news.canadamotorjobs.com\/fr\/les-autos-neuves-ont-le-meme-probleme-que-liphone-dapple\/\" \/>\n<meta property=\"og:site_name\" content=\"CanadaMotorJobs.com\" \/>\n<meta property=\"article:publisher\" content=\"https:\/\/www.facebook.com\/canadamotorjobs\/\" \/>\n<meta property=\"article:published_time\" content=\"2023-08-24T13:57:58+00:00\" \/>\n<meta property=\"article:modified_time\" content=\"2023-08-24T13:58:57+00:00\" \/>\n<meta property=\"og:image\" content=\"https:\/\/news.canadamotorjobs.com\/wp-content\/uploads\/2023\/08\/maxresdefault.jpg\" \/>\n\t<meta property=\"og:image:width\" content=\"1280\" \/>\n\t<meta property=\"og:image:height\" content=\"720\" \/>\n\t<meta property=\"og:image:type\" content=\"image\/jpeg\" \/>\n<meta name=\"author\" content=\"Benoit Charette\" \/>\n<meta name=\"twitter:card\" content=\"summary_large_image\" \/>\n<meta name=\"twitter:creator\" content=\"@canadamotorjobs\" \/>\n<meta name=\"twitter:site\" content=\"@canadamotorjobs\" \/>\n<meta name=\"twitter:label1\" content=\"\u00c9crit par\" \/>\n\t<meta name=\"twitter:data1\" content=\"Benoit Charette\" \/>\n\t<meta name=\"twitter:label2\" content=\"Estimation du temps de lecture\" \/>\n\t<meta name=\"twitter:data2\" content=\"2 minutes\" \/>\n<!-- \/ Yoast SEO plugin. -->","yoast_head_json":{"title":"Les autos neuves ont le m\u00eame probl\u00e8me que l\u2019iPhone d\u2019Apple - CanadaMotorJobs.com","description":"Les autos neuves ont le m\u00eame probl\u00e8me que l\u2019iPhone d\u2019Apple - Benoit Charette - Annuel automobile - CanadaMotorJobs.com.","robots":{"index":"index","follow":"follow","max-snippet":"max-snippet:-1","max-image-preview":"max-image-preview:large","max-video-preview":"max-video-preview:-1"},"og_locale":"fr_CA","og_type":"article","og_title":"Les autos neuves ont le m\u00eame probl\u00e8me que l\u2019iPhone d\u2019Apple - CanadaMotorJobs.com","og_description":"Les autos neuves ont le m\u00eame probl\u00e8me que l\u2019iPhone d\u2019Apple - Benoit Charette - Annuel automobile - CanadaMotorJobs.com.","og_url":"https:\/\/news.canadamotorjobs.com\/fr\/les-autos-neuves-ont-le-meme-probleme-que-liphone-dapple\/","og_site_name":"CanadaMotorJobs.com","article_publisher":"https:\/\/www.facebook.com\/canadamotorjobs\/","article_published_time":"2023-08-24T13:57:58+00:00","article_modified_time":"2023-08-24T13:58:57+00:00","og_image":[{"width":1280,"height":720,"url":"https:\/\/news.canadamotorjobs.com\/wp-content\/uploads\/2023\/08\/maxresdefault.jpg","type":"image\/jpeg"}],"author":"Benoit Charette","twitter_card":"summary_large_image","twitter_creator":"@canadamotorjobs","twitter_site":"@canadamotorjobs","twitter_misc":{"\u00c9crit par":"Benoit Charette","Estimation du temps de lecture":"2 minutes"},"schema":{"@context":"https:\/\/schema.org","@graph":[{"@type":"Article","@id":"https:\/\/news.canadamotorjobs.com\/fr\/les-autos-neuves-ont-le-meme-probleme-que-liphone-dapple\/#article","isPartOf":{"@id":"https:\/\/news.canadamotorjobs.com\/fr\/les-autos-neuves-ont-le-meme-probleme-que-liphone-dapple\/"},"author":{"name":"Benoit Charette","@id":"https:\/\/news.canadamotorjobs.com\/#\/schema\/person\/51793d1f87d44011d7bcc2ed99269a90"},"headline":"Les autos neuves ont le m\u00eame probl\u00e8me que l\u2019iPhone d\u2019Apple","datePublished":"2023-08-24T13:57:58+00:00","dateModified":"2023-08-24T13:58:57+00:00","mainEntityOfPage":{"@id":"https:\/\/news.canadamotorjobs.com\/fr\/les-autos-neuves-ont-le-meme-probleme-que-liphone-dapple\/"},"wordCount":437,"publisher":{"@id":"https:\/\/news.canadamotorjobs.com\/#organization"},"image":{"@id":"https:\/\/news.canadamotorjobs.com\/fr\/les-autos-neuves-ont-le-meme-probleme-que-liphone-dapple\/#primaryimage"},"thumbnailUrl":"https:\/\/news.canadamotorjobs.com\/wp-content\/uploads\/2023\/08\/maxresdefault.jpg","articleSection":["Annuel automobile"],"inLanguage":"fr-CA"},{"@type":"WebPage","@id":"https:\/\/news.canadamotorjobs.com\/fr\/les-autos-neuves-ont-le-meme-probleme-que-liphone-dapple\/","url":"https:\/\/news.canadamotorjobs.com\/fr\/les-autos-neuves-ont-le-meme-probleme-que-liphone-dapple\/","name":"Les autos neuves ont le m\u00eame probl\u00e8me que l\u2019iPhone d\u2019Apple - CanadaMotorJobs.com","isPartOf":{"@id":"https:\/\/news.canadamotorjobs.com\/#website"},"primaryImageOfPage":{"@id":"https:\/\/news.canadamotorjobs.com\/fr\/les-autos-neuves-ont-le-meme-probleme-que-liphone-dapple\/#primaryimage"},"image":{"@id":"https:\/\/news.canadamotorjobs.com\/fr\/les-autos-neuves-ont-le-meme-probleme-que-liphone-dapple\/#primaryimage"},"thumbnailUrl":"https:\/\/news.canadamotorjobs.com\/wp-content\/uploads\/2023\/08\/maxresdefault.jpg","datePublished":"2023-08-24T13:57:58+00:00","dateModified":"2023-08-24T13:58:57+00:00","description":"Les autos neuves ont le m\u00eame probl\u00e8me que l\u2019iPhone d\u2019Apple - Benoit Charette - Annuel automobile - CanadaMotorJobs.com.","breadcrumb":{"@id":"https:\/\/news.canadamotorjobs.com\/fr\/les-autos-neuves-ont-le-meme-probleme-que-liphone-dapple\/#breadcrumb"},"inLanguage":"fr-CA","potentialAction":[{"@type":"ReadAction","target":["https:\/\/news.canadamotorjobs.com\/fr\/les-autos-neuves-ont-le-meme-probleme-que-liphone-dapple\/"]}]},{"@type":"ImageObject","inLanguage":"fr-CA","@id":"https:\/\/news.canadamotorjobs.com\/fr\/les-autos-neuves-ont-le-meme-probleme-que-liphone-dapple\/#primaryimage","url":"https:\/\/news.canadamotorjobs.com\/wp-content\/uploads\/2023\/08\/maxresdefault.jpg","contentUrl":"https:\/\/news.canadamotorjobs.com\/wp-content\/uploads\/2023\/08\/maxresdefault.jpg","width":1280,"height":720},{"@type":"BreadcrumbList","@id":"https:\/\/news.canadamotorjobs.com\/fr\/les-autos-neuves-ont-le-meme-probleme-que-liphone-dapple\/#breadcrumb","itemListElement":[{"@type":"ListItem","position":1,"name":"Home","item":"https:\/\/news.canadamotorjobs.com\/fr\/blog\/"},{"@type":"ListItem","position":2,"name":"Les autos neuves ont le m\u00eame probl\u00e8me que l\u2019iPhone d\u2019Apple"}]},{"@type":"WebSite","@id":"https:\/\/news.canadamotorjobs.com\/#website","url":"https:\/\/news.canadamotorjobs.com\/","name":"CanadaMotorJobs.com","description":"Automotive Jobs","publisher":{"@id":"https:\/\/news.canadamotorjobs.com\/#organization"},"potentialAction":[{"@type":"SearchAction","target":{"@type":"EntryPoint","urlTemplate":"https:\/\/news.canadamotorjobs.com\/?s={search_term_string}"},"query-input":"required name=search_term_string"}],"inLanguage":"fr-CA"},{"@type":"Organization","@id":"https:\/\/news.canadamotorjobs.com\/#organization","name":"Canada Motor Jobs","url":"https:\/\/news.canadamotorjobs.com\/","logo":{"@type":"ImageObject","inLanguage":"fr-CA","@id":"https:\/\/news.canadamotorjobs.com\/#\/schema\/logo\/image\/","url":"https:\/\/news.canadamotorjobs.com\/wp-content\/uploads\/2022\/10\/logo-canada-motor-jobs-1.png","contentUrl":"https:\/\/news.canadamotorjobs.com\/wp-content\/uploads\/2022\/10\/logo-canada-motor-jobs-1.png","width":800,"height":400,"caption":"Canada Motor Jobs"},"image":{"@id":"https:\/\/news.canadamotorjobs.com\/#\/schema\/logo\/image\/"},"sameAs":["https:\/\/www.facebook.com\/canadamotorjobs\/","https:\/\/x.com\/canadamotorjobs","https:\/\/www.instagram.com\/canadamotorjobs\/","https:\/\/www.linkedin.com\/company\/canadamotorjobs"]},{"@type":"Person","@id":"https:\/\/news.canadamotorjobs.com\/#\/schema\/person\/51793d1f87d44011d7bcc2ed99269a90","name":"Benoit Charette","image":{"@type":"ImageObject","inLanguage":"fr-CA","@id":"https:\/\/news.canadamotorjobs.com\/#\/schema\/person\/image\/","url":"https:\/\/secure.gravatar.com\/avatar\/45f3d2eebcccd909668d7ce7ea7267b6?s=96&d=mm&r=g","contentUrl":"https:\/\/secure.gravatar.com\/avatar\/45f3d2eebcccd909668d7ce7ea7267b6?s=96&d=mm&r=g","caption":"Benoit Charette"},"description":"Benoit Charette \/ Propri\u00e9taire et r\u00e9dacteur en chef Benoit Charette pratique le journalisme automobile depuis bient\u00f4t 30 ans. Il a fait ses classes au c\u00f4t\u00e9 de Daniel H\u00e9raud et au Carnet de route de 1992 \u00e0 2001. Il est fondateur, copropri\u00e9taire et r\u00e9dacteur en chef de L\u2019Annuel de l\u2019automobile, qu\u2019il publie depuis 2001. Il a anim\u00e9 les \u00e9missions RPM et RPM+ sur V et les L\u00e9gendes de la route sur Historia. \u00c0 la radio depuis 1986, il reprend l\u2019antenne cette ann\u00e9e sur les ondes de Cogeco et participe pour la deuxi\u00e8me ann\u00e9e \u00e0 l\u2019\u00e9mission Passion Auto sur RDS en plus de mettre en ligne le site Web officiel de L\u2019Annuel de l\u2019automobile sur annuelauto.ca.","sameAs":["https:\/\/annuelauto.ca\/"],"url":"https:\/\/news.canadamotorjobs.com\/fr\/author\/benoit-charette\/"}]}},"_links":{"self":[{"href":"https:\/\/news.canadamotorjobs.com\/fr\/wp-json\/wp\/v2\/posts\/150121"}],"collection":[{"href":"https:\/\/news.canadamotorjobs.com\/fr\/wp-json\/wp\/v2\/posts"}],"about":[{"href":"https:\/\/news.canadamotorjobs.com\/fr\/wp-json\/wp\/v2\/types\/post"}],"author":[{"embeddable":true,"href":"https:\/\/news.canadamotorjobs.com\/fr\/wp-json\/wp\/v2\/users\/8"}],"replies":[{"embeddable":true,"href":"https:\/\/news.canadamotorjobs.com\/fr\/wp-json\/wp\/v2\/comments?post=150121"}],"version-history":[{"count":2,"href":"https:\/\/news.canadamotorjobs.com\/fr\/wp-json\/wp\/v2\/posts\/150121\/revisions"}],"predecessor-version":[{"id":150125,"href":"https:\/\/news.canadamotorjobs.com\/fr\/wp-json\/wp\/v2\/posts\/150121\/revisions\/150125"}],"wp:featuredmedia":[{"embeddable":true,"href":"https:\/\/news.canadamotorjobs.com\/fr\/wp-json\/wp\/v2\/media\/150123"}],"wp:attachment":[{"href":"https:\/\/news.canadamotorjobs.com\/fr\/wp-json\/wp\/v2\/media?parent=150121"}],"wp:term":[{"taxonomy":"category","embeddable":true,"href":"https:\/\/news.canadamotorjobs.com\/fr\/wp-json\/wp\/v2\/categories?post=150121"},{"taxonomy":"post_tag","embeddable":true,"href":"https:\/\/news.canadamotorjobs.com\/fr\/wp-json\/wp\/v2\/tags?post=150121"}],"curies":[{"name":"wp","href":"https:\/\/api.w.org\/{rel}","templated":true}]}}