{"id":150106,"date":"2023-08-24T09:45:29","date_gmt":"2023-08-24T13:45:29","guid":{"rendered":"https:\/\/news.canadamotorjobs.com\/?p=150106"},"modified":"2023-08-24T09:53:28","modified_gmt":"2023-08-24T13:53:28","slug":"securite-routiere-les-automobilistes-delinquants-vont-payer","status":"publish","type":"post","link":"https:\/\/news.canadamotorjobs.com\/fr\/securite-routiere-les-automobilistes-delinquants-vont-payer\/","title":{"rendered":"S\u00e9curit\u00e9 routi\u00e8re\u00a0: les automobilistes d\u00e9linquants vont payer"},"content":{"rendered":"<\/p>\n<p>On entend d\u00e9j\u00e0 rager les partisans du tout-\u00e0-l\u2019auto\u00a0: Qu\u00e9bec veut faire payer les automobilistes encore plus. Mais il faut se rendre \u00e0 l\u2019\u00e9vidence\u00a0: ce sont les automobilistes d\u00e9linquants qui vont r\u00e9ellement y go\u00fbter, et c\u2019est tant mieux.<\/p>\n<p>Car on ne peut pas badiner avec les accidents de la route. Surtout qu\u2019ils ont \u00e9t\u00e9 plus mortels en 2022 que l\u2019ann\u00e9e pr\u00e9c\u00e9dente, qui a elle aussi \u00e9tabli un record. Apr\u00e8s une d\u00e9cennie d\u2019accalmie sur ce front, il fallait r\u00e9agir collectivement. En s\u2019inspirant de la strat\u00e9gie Vison z\u00e9ro adopt\u00e9e par plusieurs pays mais initi\u00e9e par la Su\u00e8de il y a une dizaine d\u2019ann\u00e9es, le gouvernement du Qu\u00e9bec a publi\u00e9 une strat\u00e9gie nationale de s\u00e9curit\u00e9 routi\u00e8re qui veut \u00e9liminer les comportements erratiques.<\/p>\n<p>En gros, \u00e7a passe par un renforcement des limites de vitesse. On va revoir l\u2019am\u00e9nagement des rues, des intersections, des pistes cyclables et des trottoirs pour ralentir les automobiles. On va mieux former les conducteurs de gros v\u00e9hicules. On va imposer des radars photo partout, en ville et sur l\u2019autoroute, pour renforcer le respect des limites de vitesse.<\/p>\n<p>En sous-texte, Qu\u00e9bec demande aux automobilistes d\u2019\u00eatre plus respectueux de leur environnement. Ils devront respecter la priorit\u00e9 des pi\u00e9tons quand ils veulent traverser la rue. Ils devront faire plus de place aux cyclistes qui circulent sur la m\u00eame route qu\u2019eux.<\/p>\n<p>Sinon, ils recevront une amende dont le montant sera plus sal\u00e9 qu\u2019auparavant. Ils h\u00e9riteront de plus de points d\u2019inaptitude, aussi. Tout \u00e7a dans le but de forcer les plus gros usagers de la route \u00e0 respecter davantage les plus petits.<\/p>\n<p>\u00c9videmment, en th\u00e9orie, tout \u00e7a se tient, En pratique, la strat\u00e9gie h\u00e9rite d\u2019un budget de 186 millions $ pour mettre ses 27 mesures en place. Tout \u00e7a d\u2019ici 2028.<\/p>\n<p>La strat\u00e9gie a \u00e9t\u00e9 bien re\u00e7ue, dans l\u2019ensemble, mais elle a deux grands angles morts\u00a0: le premier, elle ne fait rien pour r\u00e9duire le nombre de v\u00e9hicules sur les routes, qui est de plus en plus le n\u0153ud du probl\u00e8me en mobilit\u00e9.\u00a0Le deuxi\u00e8me probl\u00e8me\u00a0: on ne sait pas s\u2019il y aura plus de policiers sur les routes pour faire respecter la loi. Car on le sait: quand il y a moins de surveillance polici\u00e8re, il y a plus d\u2019infractions.<\/p>\n<p>Alors, \u00e0 moins qu\u2019on renforce la surveillance, ou \u00e0 moins que les automobilistes d\u00e9linquants apprennent \u00e0 mieux se comporter, la strat\u00e9gie n\u2019atteindra pas enti\u00e8rement son objectif.<\/p>\n<p>Le texte <a rel=\"nofollow\" href=\"https:\/\/annuelauto.ca\/securite-routiere-les-automobilistes-delinquants-vont-payer\/\">S\u00e9curit\u00e9 routi\u00e8re\u00a0: les automobilistes d\u00e9linquants vont payer<\/a> provient de <a rel=\"nofollow\" href=\"https:\/\/annuelauto.ca\">L&#8217;annuel de l&#8217;automobile &#8211; Actualit\u00e9 automobile<\/a><\/p>\n<p><\/p>\n","protected":false},"excerpt":{"rendered":"<p>On entend d\u00e9j\u00e0 rager les partisans du tout-\u00e0-l\u2019auto\u00a0: Qu\u00e9bec veut faire payer les automobilistes encore plus. Mais il faut se rendre \u00e0 l\u2019\u00e9vidence\u00a0: ce sont les automobilistes d\u00e9linquants qui vont r\u00e9ellement y go\u00fbter, et c\u2019est tant mieux. Car on ne peut pas badiner avec les accidents de la route. Surtout qu\u2019ils ont \u00e9t\u00e9 plus mortels [&hellip;]<\/p>\n","protected":false},"author":8,"featured_media":150108,"comment_status":"close","ping_status":"closed","sticky":false,"template":"","format":"standard","meta":{"_monsterinsights_skip_tracking":false,"_monsterinsights_sitenote_active":false,"_monsterinsights_sitenote_note":"","_monsterinsights_sitenote_category":0,"footnotes":""},"categories":[101],"tags":[],"yoast_head":"<!-- This site is optimized with the Yoast SEO plugin v23.2 - https:\/\/yoast.com\/wordpress\/plugins\/seo\/ -->\n<title>S\u00e9curit\u00e9 routi\u00e8re\u00a0: les automobilistes d\u00e9linquants vont payer - CanadaMotorJobs.com<\/title>\n<meta name=\"description\" content=\"S\u00e9curit\u00e9 routi\u00e8re\u00a0: les automobilistes d\u00e9linquants vont payer - Benoit Charette - Annuel automobile - CanadaMotorJobs.com.\" \/>\n<meta name=\"robots\" content=\"index, follow, max-snippet:-1, max-image-preview:large, max-video-preview:-1\" \/>\n<meta property=\"og:locale\" content=\"fr_CA\" \/>\n<meta property=\"og:type\" content=\"article\" \/>\n<meta property=\"og:title\" content=\"S\u00e9curit\u00e9 routi\u00e8re\u00a0: les automobilistes d\u00e9linquants vont payer - CanadaMotorJobs.com\" \/>\n<meta property=\"og:description\" content=\"S\u00e9curit\u00e9 routi\u00e8re\u00a0: les automobilistes d\u00e9linquants vont payer - Benoit Charette - Annuel automobile - CanadaMotorJobs.com.\" \/>\n<meta property=\"og:url\" content=\"https:\/\/news.canadamotorjobs.com\/fr\/securite-routiere-les-automobilistes-delinquants-vont-payer\/\" \/>\n<meta property=\"og:site_name\" content=\"CanadaMotorJobs.com\" \/>\n<meta property=\"article:publisher\" content=\"https:\/\/www.facebook.com\/canadamotorjobs\/\" \/>\n<meta property=\"article:published_time\" content=\"2023-08-24T13:45:29+00:00\" \/>\n<meta property=\"article:modified_time\" content=\"2023-08-24T13:53:28+00:00\" \/>\n<meta property=\"og:image\" content=\"https:\/\/news.canadamotorjobs.com\/wp-content\/uploads\/2023\/08\/0515-photo-radar.jpg\" \/>\n\t<meta property=\"og:image:width\" content=\"640\" \/>\n\t<meta property=\"og:image:height\" content=\"350\" \/>\n\t<meta property=\"og:image:type\" content=\"image\/jpeg\" \/>\n<meta name=\"author\" content=\"Benoit Charette\" \/>\n<meta name=\"twitter:card\" content=\"summary_large_image\" \/>\n<meta name=\"twitter:creator\" content=\"@canadamotorjobs\" \/>\n<meta name=\"twitter:site\" content=\"@canadamotorjobs\" \/>\n<meta name=\"twitter:label1\" content=\"\u00c9crit par\" \/>\n\t<meta name=\"twitter:data1\" content=\"Benoit Charette\" \/>\n\t<meta name=\"twitter:label2\" content=\"Estimation du temps de lecture\" \/>\n\t<meta name=\"twitter:data2\" content=\"2 minutes\" \/>\n<!-- \/ Yoast SEO plugin. -->","yoast_head_json":{"title":"S\u00e9curit\u00e9 routi\u00e8re\u00a0: les automobilistes d\u00e9linquants vont payer - CanadaMotorJobs.com","description":"S\u00e9curit\u00e9 routi\u00e8re\u00a0: les automobilistes d\u00e9linquants vont payer - Benoit Charette - Annuel automobile - CanadaMotorJobs.com.","robots":{"index":"index","follow":"follow","max-snippet":"max-snippet:-1","max-image-preview":"max-image-preview:large","max-video-preview":"max-video-preview:-1"},"og_locale":"fr_CA","og_type":"article","og_title":"S\u00e9curit\u00e9 routi\u00e8re\u00a0: les automobilistes d\u00e9linquants vont payer - CanadaMotorJobs.com","og_description":"S\u00e9curit\u00e9 routi\u00e8re\u00a0: les automobilistes d\u00e9linquants vont payer - Benoit Charette - Annuel automobile - CanadaMotorJobs.com.","og_url":"https:\/\/news.canadamotorjobs.com\/fr\/securite-routiere-les-automobilistes-delinquants-vont-payer\/","og_site_name":"CanadaMotorJobs.com","article_publisher":"https:\/\/www.facebook.com\/canadamotorjobs\/","article_published_time":"2023-08-24T13:45:29+00:00","article_modified_time":"2023-08-24T13:53:28+00:00","og_image":[{"width":640,"height":350,"url":"https:\/\/news.canadamotorjobs.com\/wp-content\/uploads\/2023\/08\/0515-photo-radar.jpg","type":"image\/jpeg"}],"author":"Benoit Charette","twitter_card":"summary_large_image","twitter_creator":"@canadamotorjobs","twitter_site":"@canadamotorjobs","twitter_misc":{"\u00c9crit par":"Benoit Charette","Estimation du temps de lecture":"2 minutes"},"schema":{"@context":"https:\/\/schema.org","@graph":[{"@type":"Article","@id":"https:\/\/news.canadamotorjobs.com\/fr\/securite-routiere-les-automobilistes-delinquants-vont-payer\/#article","isPartOf":{"@id":"https:\/\/news.canadamotorjobs.com\/fr\/securite-routiere-les-automobilistes-delinquants-vont-payer\/"},"author":{"name":"Benoit Charette","@id":"https:\/\/news.canadamotorjobs.com\/#\/schema\/person\/51793d1f87d44011d7bcc2ed99269a90"},"headline":"S\u00e9curit\u00e9 routi\u00e8re\u00a0: les automobilistes d\u00e9linquants vont payer","datePublished":"2023-08-24T13:45:29+00:00","dateModified":"2023-08-24T13:53:28+00:00","mainEntityOfPage":{"@id":"https:\/\/news.canadamotorjobs.com\/fr\/securite-routiere-les-automobilistes-delinquants-vont-payer\/"},"wordCount":477,"publisher":{"@id":"https:\/\/news.canadamotorjobs.com\/#organization"},"image":{"@id":"https:\/\/news.canadamotorjobs.com\/fr\/securite-routiere-les-automobilistes-delinquants-vont-payer\/#primaryimage"},"thumbnailUrl":"https:\/\/news.canadamotorjobs.com\/wp-content\/uploads\/2023\/08\/0515-photo-radar.jpg","articleSection":["Annuel automobile"],"inLanguage":"fr-CA"},{"@type":"WebPage","@id":"https:\/\/news.canadamotorjobs.com\/fr\/securite-routiere-les-automobilistes-delinquants-vont-payer\/","url":"https:\/\/news.canadamotorjobs.com\/fr\/securite-routiere-les-automobilistes-delinquants-vont-payer\/","name":"S\u00e9curit\u00e9 routi\u00e8re\u00a0: les automobilistes d\u00e9linquants vont payer - CanadaMotorJobs.com","isPartOf":{"@id":"https:\/\/news.canadamotorjobs.com\/#website"},"primaryImageOfPage":{"@id":"https:\/\/news.canadamotorjobs.com\/fr\/securite-routiere-les-automobilistes-delinquants-vont-payer\/#primaryimage"},"image":{"@id":"https:\/\/news.canadamotorjobs.com\/fr\/securite-routiere-les-automobilistes-delinquants-vont-payer\/#primaryimage"},"thumbnailUrl":"https:\/\/news.canadamotorjobs.com\/wp-content\/uploads\/2023\/08\/0515-photo-radar.jpg","datePublished":"2023-08-24T13:45:29+00:00","dateModified":"2023-08-24T13:53:28+00:00","description":"S\u00e9curit\u00e9 routi\u00e8re\u00a0: les automobilistes d\u00e9linquants vont payer - Benoit Charette - Annuel automobile - CanadaMotorJobs.com.","breadcrumb":{"@id":"https:\/\/news.canadamotorjobs.com\/fr\/securite-routiere-les-automobilistes-delinquants-vont-payer\/#breadcrumb"},"inLanguage":"fr-CA","potentialAction":[{"@type":"ReadAction","target":["https:\/\/news.canadamotorjobs.com\/fr\/securite-routiere-les-automobilistes-delinquants-vont-payer\/"]}]},{"@type":"ImageObject","inLanguage":"fr-CA","@id":"https:\/\/news.canadamotorjobs.com\/fr\/securite-routiere-les-automobilistes-delinquants-vont-payer\/#primaryimage","url":"https:\/\/news.canadamotorjobs.com\/wp-content\/uploads\/2023\/08\/0515-photo-radar.jpg","contentUrl":"https:\/\/news.canadamotorjobs.com\/wp-content\/uploads\/2023\/08\/0515-photo-radar.jpg","width":640,"height":350},{"@type":"BreadcrumbList","@id":"https:\/\/news.canadamotorjobs.com\/fr\/securite-routiere-les-automobilistes-delinquants-vont-payer\/#breadcrumb","itemListElement":[{"@type":"ListItem","position":1,"name":"Home","item":"https:\/\/news.canadamotorjobs.com\/fr\/blog\/"},{"@type":"ListItem","position":2,"name":"S\u00e9curit\u00e9 routi\u00e8re\u00a0: les automobilistes d\u00e9linquants vont payer"}]},{"@type":"WebSite","@id":"https:\/\/news.canadamotorjobs.com\/#website","url":"https:\/\/news.canadamotorjobs.com\/","name":"CanadaMotorJobs.com","description":"Automotive Jobs","publisher":{"@id":"https:\/\/news.canadamotorjobs.com\/#organization"},"potentialAction":[{"@type":"SearchAction","target":{"@type":"EntryPoint","urlTemplate":"https:\/\/news.canadamotorjobs.com\/?s={search_term_string}"},"query-input":"required name=search_term_string"}],"inLanguage":"fr-CA"},{"@type":"Organization","@id":"https:\/\/news.canadamotorjobs.com\/#organization","name":"Canada Motor Jobs","url":"https:\/\/news.canadamotorjobs.com\/","logo":{"@type":"ImageObject","inLanguage":"fr-CA","@id":"https:\/\/news.canadamotorjobs.com\/#\/schema\/logo\/image\/","url":"https:\/\/news.canadamotorjobs.com\/wp-content\/uploads\/2022\/10\/logo-canada-motor-jobs-1.png","contentUrl":"https:\/\/news.canadamotorjobs.com\/wp-content\/uploads\/2022\/10\/logo-canada-motor-jobs-1.png","width":800,"height":400,"caption":"Canada Motor Jobs"},"image":{"@id":"https:\/\/news.canadamotorjobs.com\/#\/schema\/logo\/image\/"},"sameAs":["https:\/\/www.facebook.com\/canadamotorjobs\/","https:\/\/x.com\/canadamotorjobs","https:\/\/www.instagram.com\/canadamotorjobs\/","https:\/\/www.linkedin.com\/company\/canadamotorjobs"]},{"@type":"Person","@id":"https:\/\/news.canadamotorjobs.com\/#\/schema\/person\/51793d1f87d44011d7bcc2ed99269a90","name":"Benoit Charette","image":{"@type":"ImageObject","inLanguage":"fr-CA","@id":"https:\/\/news.canadamotorjobs.com\/#\/schema\/person\/image\/","url":"https:\/\/secure.gravatar.com\/avatar\/45f3d2eebcccd909668d7ce7ea7267b6?s=96&d=mm&r=g","contentUrl":"https:\/\/secure.gravatar.com\/avatar\/45f3d2eebcccd909668d7ce7ea7267b6?s=96&d=mm&r=g","caption":"Benoit Charette"},"description":"Benoit Charette \/ Propri\u00e9taire et r\u00e9dacteur en chef Benoit Charette pratique le journalisme automobile depuis bient\u00f4t 30 ans. Il a fait ses classes au c\u00f4t\u00e9 de Daniel H\u00e9raud et au Carnet de route de 1992 \u00e0 2001. Il est fondateur, copropri\u00e9taire et r\u00e9dacteur en chef de L\u2019Annuel de l\u2019automobile, qu\u2019il publie depuis 2001. Il a anim\u00e9 les \u00e9missions RPM et RPM+ sur V et les L\u00e9gendes de la route sur Historia. \u00c0 la radio depuis 1986, il reprend l\u2019antenne cette ann\u00e9e sur les ondes de Cogeco et participe pour la deuxi\u00e8me ann\u00e9e \u00e0 l\u2019\u00e9mission Passion Auto sur RDS en plus de mettre en ligne le site Web officiel de L\u2019Annuel de l\u2019automobile sur annuelauto.ca.","sameAs":["https:\/\/annuelauto.ca\/"],"url":"https:\/\/news.canadamotorjobs.com\/fr\/author\/benoit-charette\/"}]}},"_links":{"self":[{"href":"https:\/\/news.canadamotorjobs.com\/fr\/wp-json\/wp\/v2\/posts\/150106"}],"collection":[{"href":"https:\/\/news.canadamotorjobs.com\/fr\/wp-json\/wp\/v2\/posts"}],"about":[{"href":"https:\/\/news.canadamotorjobs.com\/fr\/wp-json\/wp\/v2\/types\/post"}],"author":[{"embeddable":true,"href":"https:\/\/news.canadamotorjobs.com\/fr\/wp-json\/wp\/v2\/users\/8"}],"replies":[{"embeddable":true,"href":"https:\/\/news.canadamotorjobs.com\/fr\/wp-json\/wp\/v2\/comments?post=150106"}],"version-history":[{"count":2,"href":"https:\/\/news.canadamotorjobs.com\/fr\/wp-json\/wp\/v2\/posts\/150106\/revisions"}],"predecessor-version":[{"id":150110,"href":"https:\/\/news.canadamotorjobs.com\/fr\/wp-json\/wp\/v2\/posts\/150106\/revisions\/150110"}],"wp:featuredmedia":[{"embeddable":true,"href":"https:\/\/news.canadamotorjobs.com\/fr\/wp-json\/wp\/v2\/media\/150108"}],"wp:attachment":[{"href":"https:\/\/news.canadamotorjobs.com\/fr\/wp-json\/wp\/v2\/media?parent=150106"}],"wp:term":[{"taxonomy":"category","embeddable":true,"href":"https:\/\/news.canadamotorjobs.com\/fr\/wp-json\/wp\/v2\/categories?post=150106"},{"taxonomy":"post_tag","embeddable":true,"href":"https:\/\/news.canadamotorjobs.com\/fr\/wp-json\/wp\/v2\/tags?post=150106"}],"curies":[{"name":"wp","href":"https:\/\/api.w.org\/{rel}","templated":true}]}}