{"id":150060,"date":"2023-08-23T08:12:15","date_gmt":"2023-08-23T12:12:15","guid":{"rendered":"https:\/\/news.canadamotorjobs.com\/?p=150060"},"modified":"2023-08-23T08:18:42","modified_gmt":"2023-08-23T12:18:42","slug":"kia-annonce-482-km-dautonomie-pour-son-ev9","status":"publish","type":"post","link":"https:\/\/news.canadamotorjobs.com\/fr\/kia-annonce-482-km-dautonomie-pour-son-ev9\/","title":{"rendered":"Kia annonce 482 km d\u2019autonomie pour son EV9"},"content":{"rendered":"<\/p>\n<p>Les sp\u00e9cifications fra\u00eechement d\u00e9voil\u00e9es par Kia pour le march\u00e9 am\u00e9ricain r\u00e9v\u00e8lent un aper\u00e7u passionnant de cette voiture \u00e9lectrique hautement attendue. La gamme EV9 sera propos\u00e9e en quatre finitions: Light, Wind, Land et GT-Line. Deux options de batterie seront disponibles, respectivement de 76,1 kWh et 99,8 kWh, bien que l&#8217;attribution de ces batteries aux diff\u00e9rentes versions ne soit pas encore pr\u00e9cis\u00e9e. Les acheteurs auront \u00e9galement le choix entre un moteur \u00e9lectrique unique pour les roues arri\u00e8re ou une version \u00e0 transmission int\u00e9grale \u00e0 deux moteurs.<\/p>\n<h3>215 chevaux de base<\/h3>\n<p>\nLe moteur \u00e9lectrique associ\u00e9 \u00e0 la batterie standard g\u00e9n\u00e9rera 215 chevaux, tandis que la version dot\u00e9e de la batterie \u00e0 plus grande autonomie d\u00e9livrera 201 chevaux. Kia vise \u00e0 atteindre une impressionnante autonomie de 482 km pour le mod\u00e8le \u00e0 batterie \u00e9tendue. Bien que les informations concernant l&#8217;autonomie d&#8217;un mod\u00e8le \u00e0 double moteur de 379 chevaux ne soient pas encore divulgu\u00e9es, il est \u00e9tabli qu&#8217;il acc\u00e9l\u00e9rera de 0 \u00e0 100 km\/h en moins de cinq secondes. En comparaison, les variantes \u00e0 propulsion, \u00e9quip\u00e9es de batteries de petite et grande capacit\u00e9, atteindront respectivement 8,2 et 9,2 secondes pour le m\u00eame sprint.<\/p>\n<h3>La recharge<\/h3>\n<p>\nLorsqu&#8217;il s&#8217;agit de la recharge, la configuration \u00e9lectrique de pointe en 800 volts permettra des charges rapides allant jusqu&#8217;\u00e0 236 kW en courant continu. Cela signifie que l&#8217;EV9 pourra passer de 10 % \u00e0 80 % de charge en seulement 25 minutes, offrant une commodit\u00e9 in\u00e9gal\u00e9e. Bien que le temps de charge en utilisant le syst\u00e8me embarqu\u00e9 de 11 kW ne soit pas sp\u00e9cifi\u00e9, une charge compl\u00e8te pendant la nuit est envisageable. De plus, gr\u00e2ce \u00e0 son unit\u00e9 de contr\u00f4le de charge int\u00e9gr\u00e9e, l&#8217;EV9 aura la capacit\u00e9 de redistribuer de l&#8217;\u00e9nergie au r\u00e9seau ou m\u00eame de fournir de l&#8217;\u00e9nergie \u00e0 la maison en cas de panne \u00e9lectrique.<\/p>\n<h3>Spacieux<\/h3>\n<p>\nL&#8217;espace pour les jambes \u00e0 la troisi\u00e8me rang\u00e9e mesure 81,2 cm, surpassant l\u00e9g\u00e8rement le Telluride. \u00c0 la deuxi\u00e8me rang\u00e9e, l&#8217;espace pour les jambes est de plus d\u2019un m\u00e8tre. En ce qui concerne la capacit\u00e9 de chargement, l&#8217;EV9 offre un espace l\u00e9g\u00e8rement moins volumineux que son homologue le Telluride. Avec 572 litres derri\u00e8re la troisi\u00e8me rang\u00e9e, 1\u00a0231 litres derri\u00e8re la deuxi\u00e8me rang\u00e9e et 2 313 litres lorsque les deux rang\u00e9es sont abaiss\u00e9es, cet espace est polyvalent. De plus, un petit coffre offrant 90 litres d&#8217;espace est \u00e9galement disponible.<\/p>\n<h3>Pas encore de prix<\/h3>\n<p>\nLes d\u00e9tails concernant les prix restent pour le moment confidentiels, mais l&#8217;attente touche \u00e0 sa fin. Le lancement de la EV9 est pr\u00e9vu pour le quatri\u00e8me trimestre 2023. Un programme de r\u00e9servation sera bient\u00f4t annonc\u00e9 pour les passionn\u00e9s d&#8217;automobiles \u00e9lectriques. Notablement, la Kia EV9 sera le premier v\u00e9hicule \u00e0 d\u00e9finition logicielle de la marque, ce qui signifie qu&#8217;elle pourra recevoir des mises \u00e0 jour via Internet pour am\u00e9liorer des fonctionnalit\u00e9s cl\u00e9s. Parmi les caract\u00e9ristiques int\u00e9ressantes, on retrouve le stationnement intelligent \u00e0 distance 2, la cl\u00e9 num\u00e9rique 2, le syst\u00e8me de navigation connect\u00e9 et une vari\u00e9t\u00e9 de technologies avanc\u00e9es d&#8217;assistance \u00e0 la conduite. Malheureusement, les si\u00e8ges pivotants ne seront pas disponibles aux \u00c9tats-Unis.<\/p>\n<p>Avec des renseignements de Carbuzz<\/p>\n<p>Le texte <a rel=\"nofollow\" href=\"https:\/\/annuelauto.ca\/kia-annonce-482-km-dautonomie-pour-son-ev9\/\">Kia annonce 482 km d\u2019autonomie pour son EV9<\/a> provient de <a rel=\"nofollow\" href=\"https:\/\/annuelauto.ca\">L&#8217;annuel de l&#8217;automobile &#8211; Actualit\u00e9 automobile<\/a><\/p>\n<p><\/p>\n","protected":false},"excerpt":{"rendered":"<p>Les sp\u00e9cifications fra\u00eechement d\u00e9voil\u00e9es par Kia pour le march\u00e9 am\u00e9ricain r\u00e9v\u00e8lent un aper\u00e7u passionnant de cette voiture \u00e9lectrique hautement attendue. La gamme EV9 sera propos\u00e9e en quatre finitions: Light, Wind, Land et GT-Line. Deux options de batterie seront disponibles, respectivement de 76,1 kWh et 99,8 kWh, bien que l&#8217;attribution de ces batteries aux diff\u00e9rentes versions [&hellip;]<\/p>\n","protected":false},"author":8,"featured_media":150062,"comment_status":"close","ping_status":"closed","sticky":false,"template":"","format":"standard","meta":{"_monsterinsights_skip_tracking":false,"_monsterinsights_sitenote_active":false,"_monsterinsights_sitenote_note":"","_monsterinsights_sitenote_category":0,"footnotes":""},"categories":[101],"tags":[],"yoast_head":"<!-- This site is optimized with the Yoast SEO plugin v23.2 - https:\/\/yoast.com\/wordpress\/plugins\/seo\/ -->\n<title>Kia annonce 482 km d\u2019autonomie pour son EV9 - CanadaMotorJobs.com<\/title>\n<meta name=\"description\" content=\"Kia annonce 482 km d\u2019autonomie pour son EV9 - Benoit Charette - Annuel automobile - CanadaMotorJobs.com.\" \/>\n<meta name=\"robots\" content=\"index, follow, max-snippet:-1, max-image-preview:large, max-video-preview:-1\" \/>\n<meta property=\"og:locale\" content=\"fr_CA\" \/>\n<meta property=\"og:type\" content=\"article\" \/>\n<meta property=\"og:title\" content=\"Kia annonce 482 km d\u2019autonomie pour son EV9 - CanadaMotorJobs.com\" \/>\n<meta property=\"og:description\" content=\"Kia annonce 482 km d\u2019autonomie pour son EV9 - Benoit Charette - Annuel automobile - CanadaMotorJobs.com.\" \/>\n<meta property=\"og:url\" content=\"https:\/\/news.canadamotorjobs.com\/fr\/kia-annonce-482-km-dautonomie-pour-son-ev9\/\" \/>\n<meta property=\"og:site_name\" content=\"CanadaMotorJobs.com\" \/>\n<meta property=\"article:publisher\" content=\"https:\/\/www.facebook.com\/canadamotorjobs\/\" \/>\n<meta property=\"article:published_time\" content=\"2023-08-23T12:12:15+00:00\" \/>\n<meta property=\"article:modified_time\" content=\"2023-08-23T12:18:42+00:00\" \/>\n<meta property=\"og:image\" content=\"https:\/\/news.canadamotorjobs.com\/wp-content\/uploads\/2023\/08\/EV9-news-1-1.jpg\" \/>\n\t<meta property=\"og:image:width\" content=\"1200\" \/>\n\t<meta property=\"og:image:height\" content=\"600\" \/>\n\t<meta property=\"og:image:type\" content=\"image\/jpeg\" \/>\n<meta name=\"author\" content=\"Benoit Charette\" \/>\n<meta name=\"twitter:card\" content=\"summary_large_image\" \/>\n<meta name=\"twitter:creator\" content=\"@canadamotorjobs\" \/>\n<meta name=\"twitter:site\" content=\"@canadamotorjobs\" \/>\n<meta name=\"twitter:label1\" content=\"\u00c9crit par\" \/>\n\t<meta name=\"twitter:data1\" content=\"Benoit Charette\" \/>\n\t<meta name=\"twitter:label2\" content=\"Estimation du temps de lecture\" \/>\n\t<meta name=\"twitter:data2\" content=\"3 minutes\" \/>\n<!-- \/ Yoast SEO plugin. -->","yoast_head_json":{"title":"Kia annonce 482 km d\u2019autonomie pour son EV9 - CanadaMotorJobs.com","description":"Kia annonce 482 km d\u2019autonomie pour son EV9 - Benoit Charette - Annuel automobile - CanadaMotorJobs.com.","robots":{"index":"index","follow":"follow","max-snippet":"max-snippet:-1","max-image-preview":"max-image-preview:large","max-video-preview":"max-video-preview:-1"},"og_locale":"fr_CA","og_type":"article","og_title":"Kia annonce 482 km d\u2019autonomie pour son EV9 - CanadaMotorJobs.com","og_description":"Kia annonce 482 km d\u2019autonomie pour son EV9 - Benoit Charette - Annuel automobile - CanadaMotorJobs.com.","og_url":"https:\/\/news.canadamotorjobs.com\/fr\/kia-annonce-482-km-dautonomie-pour-son-ev9\/","og_site_name":"CanadaMotorJobs.com","article_publisher":"https:\/\/www.facebook.com\/canadamotorjobs\/","article_published_time":"2023-08-23T12:12:15+00:00","article_modified_time":"2023-08-23T12:18:42+00:00","og_image":[{"width":1200,"height":600,"url":"https:\/\/news.canadamotorjobs.com\/wp-content\/uploads\/2023\/08\/EV9-news-1-1.jpg","type":"image\/jpeg"}],"author":"Benoit Charette","twitter_card":"summary_large_image","twitter_creator":"@canadamotorjobs","twitter_site":"@canadamotorjobs","twitter_misc":{"\u00c9crit par":"Benoit Charette","Estimation du temps de lecture":"3 minutes"},"schema":{"@context":"https:\/\/schema.org","@graph":[{"@type":"Article","@id":"https:\/\/news.canadamotorjobs.com\/fr\/kia-annonce-482-km-dautonomie-pour-son-ev9\/#article","isPartOf":{"@id":"https:\/\/news.canadamotorjobs.com\/fr\/kia-annonce-482-km-dautonomie-pour-son-ev9\/"},"author":{"name":"Benoit Charette","@id":"https:\/\/news.canadamotorjobs.com\/#\/schema\/person\/51793d1f87d44011d7bcc2ed99269a90"},"headline":"Kia annonce 482 km d\u2019autonomie pour son EV9","datePublished":"2023-08-23T12:12:15+00:00","dateModified":"2023-08-23T12:18:42+00:00","mainEntityOfPage":{"@id":"https:\/\/news.canadamotorjobs.com\/fr\/kia-annonce-482-km-dautonomie-pour-son-ev9\/"},"wordCount":577,"publisher":{"@id":"https:\/\/news.canadamotorjobs.com\/#organization"},"image":{"@id":"https:\/\/news.canadamotorjobs.com\/fr\/kia-annonce-482-km-dautonomie-pour-son-ev9\/#primaryimage"},"thumbnailUrl":"https:\/\/news.canadamotorjobs.com\/wp-content\/uploads\/2023\/08\/EV9-news-1-1.jpg","articleSection":["Annuel automobile"],"inLanguage":"fr-CA"},{"@type":"WebPage","@id":"https:\/\/news.canadamotorjobs.com\/fr\/kia-annonce-482-km-dautonomie-pour-son-ev9\/","url":"https:\/\/news.canadamotorjobs.com\/fr\/kia-annonce-482-km-dautonomie-pour-son-ev9\/","name":"Kia annonce 482 km d\u2019autonomie pour son EV9 - CanadaMotorJobs.com","isPartOf":{"@id":"https:\/\/news.canadamotorjobs.com\/#website"},"primaryImageOfPage":{"@id":"https:\/\/news.canadamotorjobs.com\/fr\/kia-annonce-482-km-dautonomie-pour-son-ev9\/#primaryimage"},"image":{"@id":"https:\/\/news.canadamotorjobs.com\/fr\/kia-annonce-482-km-dautonomie-pour-son-ev9\/#primaryimage"},"thumbnailUrl":"https:\/\/news.canadamotorjobs.com\/wp-content\/uploads\/2023\/08\/EV9-news-1-1.jpg","datePublished":"2023-08-23T12:12:15+00:00","dateModified":"2023-08-23T12:18:42+00:00","description":"Kia annonce 482 km d\u2019autonomie pour son EV9 - Benoit Charette - Annuel automobile - CanadaMotorJobs.com.","breadcrumb":{"@id":"https:\/\/news.canadamotorjobs.com\/fr\/kia-annonce-482-km-dautonomie-pour-son-ev9\/#breadcrumb"},"inLanguage":"fr-CA","potentialAction":[{"@type":"ReadAction","target":["https:\/\/news.canadamotorjobs.com\/fr\/kia-annonce-482-km-dautonomie-pour-son-ev9\/"]}]},{"@type":"ImageObject","inLanguage":"fr-CA","@id":"https:\/\/news.canadamotorjobs.com\/fr\/kia-annonce-482-km-dautonomie-pour-son-ev9\/#primaryimage","url":"https:\/\/news.canadamotorjobs.com\/wp-content\/uploads\/2023\/08\/EV9-news-1-1.jpg","contentUrl":"https:\/\/news.canadamotorjobs.com\/wp-content\/uploads\/2023\/08\/EV9-news-1-1.jpg","width":1200,"height":600},{"@type":"BreadcrumbList","@id":"https:\/\/news.canadamotorjobs.com\/fr\/kia-annonce-482-km-dautonomie-pour-son-ev9\/#breadcrumb","itemListElement":[{"@type":"ListItem","position":1,"name":"Home","item":"https:\/\/news.canadamotorjobs.com\/fr\/blog\/"},{"@type":"ListItem","position":2,"name":"Kia annonce 482 km d\u2019autonomie pour son EV9"}]},{"@type":"WebSite","@id":"https:\/\/news.canadamotorjobs.com\/#website","url":"https:\/\/news.canadamotorjobs.com\/","name":"CanadaMotorJobs.com","description":"Automotive Jobs","publisher":{"@id":"https:\/\/news.canadamotorjobs.com\/#organization"},"potentialAction":[{"@type":"SearchAction","target":{"@type":"EntryPoint","urlTemplate":"https:\/\/news.canadamotorjobs.com\/?s={search_term_string}"},"query-input":"required name=search_term_string"}],"inLanguage":"fr-CA"},{"@type":"Organization","@id":"https:\/\/news.canadamotorjobs.com\/#organization","name":"Canada Motor Jobs","url":"https:\/\/news.canadamotorjobs.com\/","logo":{"@type":"ImageObject","inLanguage":"fr-CA","@id":"https:\/\/news.canadamotorjobs.com\/#\/schema\/logo\/image\/","url":"https:\/\/news.canadamotorjobs.com\/wp-content\/uploads\/2022\/10\/logo-canada-motor-jobs-1.png","contentUrl":"https:\/\/news.canadamotorjobs.com\/wp-content\/uploads\/2022\/10\/logo-canada-motor-jobs-1.png","width":800,"height":400,"caption":"Canada Motor Jobs"},"image":{"@id":"https:\/\/news.canadamotorjobs.com\/#\/schema\/logo\/image\/"},"sameAs":["https:\/\/www.facebook.com\/canadamotorjobs\/","https:\/\/x.com\/canadamotorjobs","https:\/\/www.instagram.com\/canadamotorjobs\/","https:\/\/www.linkedin.com\/company\/canadamotorjobs"]},{"@type":"Person","@id":"https:\/\/news.canadamotorjobs.com\/#\/schema\/person\/51793d1f87d44011d7bcc2ed99269a90","name":"Benoit Charette","image":{"@type":"ImageObject","inLanguage":"fr-CA","@id":"https:\/\/news.canadamotorjobs.com\/#\/schema\/person\/image\/","url":"https:\/\/secure.gravatar.com\/avatar\/45f3d2eebcccd909668d7ce7ea7267b6?s=96&d=mm&r=g","contentUrl":"https:\/\/secure.gravatar.com\/avatar\/45f3d2eebcccd909668d7ce7ea7267b6?s=96&d=mm&r=g","caption":"Benoit Charette"},"description":"Benoit Charette \/ Propri\u00e9taire et r\u00e9dacteur en chef Benoit Charette pratique le journalisme automobile depuis bient\u00f4t 30 ans. Il a fait ses classes au c\u00f4t\u00e9 de Daniel H\u00e9raud et au Carnet de route de 1992 \u00e0 2001. Il est fondateur, copropri\u00e9taire et r\u00e9dacteur en chef de L\u2019Annuel de l\u2019automobile, qu\u2019il publie depuis 2001. Il a anim\u00e9 les \u00e9missions RPM et RPM+ sur V et les L\u00e9gendes de la route sur Historia. \u00c0 la radio depuis 1986, il reprend l\u2019antenne cette ann\u00e9e sur les ondes de Cogeco et participe pour la deuxi\u00e8me ann\u00e9e \u00e0 l\u2019\u00e9mission Passion Auto sur RDS en plus de mettre en ligne le site Web officiel de L\u2019Annuel de l\u2019automobile sur annuelauto.ca.","sameAs":["https:\/\/annuelauto.ca\/"],"url":"https:\/\/news.canadamotorjobs.com\/fr\/author\/benoit-charette\/"}]}},"_links":{"self":[{"href":"https:\/\/news.canadamotorjobs.com\/fr\/wp-json\/wp\/v2\/posts\/150060"}],"collection":[{"href":"https:\/\/news.canadamotorjobs.com\/fr\/wp-json\/wp\/v2\/posts"}],"about":[{"href":"https:\/\/news.canadamotorjobs.com\/fr\/wp-json\/wp\/v2\/types\/post"}],"author":[{"embeddable":true,"href":"https:\/\/news.canadamotorjobs.com\/fr\/wp-json\/wp\/v2\/users\/8"}],"replies":[{"embeddable":true,"href":"https:\/\/news.canadamotorjobs.com\/fr\/wp-json\/wp\/v2\/comments?post=150060"}],"version-history":[{"count":2,"href":"https:\/\/news.canadamotorjobs.com\/fr\/wp-json\/wp\/v2\/posts\/150060\/revisions"}],"predecessor-version":[{"id":150064,"href":"https:\/\/news.canadamotorjobs.com\/fr\/wp-json\/wp\/v2\/posts\/150060\/revisions\/150064"}],"wp:featuredmedia":[{"embeddable":true,"href":"https:\/\/news.canadamotorjobs.com\/fr\/wp-json\/wp\/v2\/media\/150062"}],"wp:attachment":[{"href":"https:\/\/news.canadamotorjobs.com\/fr\/wp-json\/wp\/v2\/media?parent=150060"}],"wp:term":[{"taxonomy":"category","embeddable":true,"href":"https:\/\/news.canadamotorjobs.com\/fr\/wp-json\/wp\/v2\/categories?post=150060"},{"taxonomy":"post_tag","embeddable":true,"href":"https:\/\/news.canadamotorjobs.com\/fr\/wp-json\/wp\/v2\/tags?post=150060"}],"curies":[{"name":"wp","href":"https:\/\/api.w.org\/{rel}","templated":true}]}}