{"id":150041,"date":"2023-08-22T05:42:50","date_gmt":"2023-08-22T09:42:50","guid":{"rendered":"https:\/\/news.canadamotorjobs.com\/?p=150041"},"modified":"2023-08-22T05:45:39","modified_gmt":"2023-08-22T09:45:39","slug":"jeep-rappelle-340-000-vehicules-en-raison-de-problemes-electroniques","status":"publish","type":"post","link":"https:\/\/news.canadamotorjobs.com\/fr\/jeep-rappelle-340-000-vehicules-en-raison-de-problemes-electroniques\/","title":{"rendered":"Jeep rappelle 340 000 v\u00e9hicules en raison de probl\u00e8mes \u00e9lectroniques"},"content":{"rendered":"<\/p>\n<div class=\"flex flex-grow flex-col gap-3\"><\/p>\n<div class=\"min-h-[20px] flex flex-col items-start gap-3 overflow-x-auto whitespace-pre-wrap break-words\"><\/p>\n<div class=\"markdown prose w-full break-words dark:prose-invert light\">\n<p>Jeep a pris des mesures pour rappeler 340 000 v\u00e9hicules en raison de probl\u00e8mes \u00e9lectroniques, marquant le quatri\u00e8me rappel pour les Jeep Grand Cherokee cet \u00e9t\u00e9. Les soucis ont commenc\u00e9 avec une action en mai, touchant environ 17 000 unit\u00e9s, en raison d&#8217;\u00e9tiquettes d&#8217;avertissement manquantes sur les coussins gonflables. Une semaine plus tard, pr\u00e8s de 90 000 unit\u00e9s ont \u00e9t\u00e9 rappel\u00e9es en raison d&#8217;une possible mauvaise installation de la colonne de direction. En juin, 331 401 v\u00e9hicules ont \u00e9t\u00e9 rappel\u00e9s pour des ressorts arri\u00e8re risquant de se d\u00e9tacher pendant la conduite. Ce dernier rappel concerne un syst\u00e8me de cam\u00e9ra de recul potentiellement d\u00e9fectueux.<\/p>\n<h3>Les mod\u00e8les concern\u00e9s et les quantit\u00e9s sont les suivants :<\/h3>\n<p><\/p>\n<ul><\/p>\n<li>Jeep Grand Cherokee 2022-2023 : 60 164 unit\u00e9s<\/li>\n<p><\/p>\n<li>Jeep Grand Cherokee L 2021-2023 : 59 508 unit\u00e9s<\/li>\n<p><\/p>\n<li>Jeep Wagoneer\/Grand Wagoneer 2022-2024 : 43 041 unit\u00e9s<\/li>\n<p>\n<\/ul>\n<p>\nContrairement \u00e0 d&#8217;autres rappels, Jeep indique que la totalit\u00e9 des v\u00e9hicules vis\u00e9s sont touch\u00e9s par ce probl\u00e8me. Les propri\u00e9taires seront inform\u00e9s \u00e0 partir du 3 octobre pour effectuer la mise \u00e0 jour du logiciel CVPAM chez leur concessionnaire.<\/p>\n<h3>Un probl\u00e8me distinct pour le Jeep Compass<\/h3>\n<p>\nUn rappel distinct concerne la Jeep Compass 2022-2023, touchant 181 999 unit\u00e9s. Un probl\u00e8me de programmation dans le logiciel du module de commande de la carrosserie (BCM) peut causer une perte de r\u00e9glage de l&#8217;\u00e9clairage du tableau de bord, potentiellement emp\u00eachant les conducteurs de lire les instruments. Tous les propri\u00e9taires concern\u00e9s seront contact\u00e9s \u00e0 partir du 3 octobre pour une mise \u00e0 jour du logiciel BCM chez le concessionnaire. En cas de besoin, les conducteurs peuvent contacter FCA US ou la NHTSA en utilisant les informations fournies ci-dessus, avec le num\u00e9ro de rappel interne 88A pour FCA US, ou le num\u00e9ro de campagne 23V-576 pour la NHTSA.<\/p>\n<p>Avec des renseignements d&#8217;Autoblog<\/p>\n<\/div>\n<p>\n<\/div>\n<p>\n<\/div>\n<p>Le texte <a rel=\"nofollow\" href=\"https:\/\/annuelauto.ca\/jeep-rappelle-340-000-vehicules-en-raison-de-problemes-electroniques\/\">Jeep rappelle 340 000 v\u00e9hicules en raison de probl\u00e8mes \u00e9lectroniques<\/a> provient de <a rel=\"nofollow\" href=\"https:\/\/annuelauto.ca\">L&#8217;annuel de l&#8217;automobile &#8211; Actualit\u00e9 automobile<\/a><\/p>\n<p><\/p>\n","protected":false},"excerpt":{"rendered":"<p>Jeep a pris des mesures pour rappeler 340 000 v\u00e9hicules en raison de probl\u00e8mes \u00e9lectroniques, marquant le quatri\u00e8me rappel pour les Jeep Grand Cherokee cet \u00e9t\u00e9. Les soucis ont commenc\u00e9 avec une action en mai, touchant environ 17 000 unit\u00e9s, en raison d&#8217;\u00e9tiquettes d&#8217;avertissement manquantes sur les coussins gonflables. Une semaine plus tard, pr\u00e8s de [&hellip;]<\/p>\n","protected":false},"author":8,"featured_media":150043,"comment_status":"close","ping_status":"closed","sticky":false,"template":"","format":"standard","meta":{"_monsterinsights_skip_tracking":false,"_monsterinsights_sitenote_active":false,"_monsterinsights_sitenote_note":"","_monsterinsights_sitenote_category":0,"footnotes":""},"categories":[101],"tags":[],"yoast_head":"<!-- This site is optimized with the Yoast SEO plugin v23.2 - https:\/\/yoast.com\/wordpress\/plugins\/seo\/ -->\n<title>Jeep rappelle 340 000 v\u00e9hicules en raison de probl\u00e8mes \u00e9lectroniques - CanadaMotorJobs.com<\/title>\n<meta name=\"description\" content=\"Jeep rappelle 340 000 v\u00e9hicules en raison de probl\u00e8mes \u00e9lectroniques - Benoit Charette - Annuel automobile - CanadaMotorJobs.com.\" \/>\n<meta name=\"robots\" content=\"index, follow, max-snippet:-1, max-image-preview:large, max-video-preview:-1\" \/>\n<meta property=\"og:locale\" content=\"fr_CA\" \/>\n<meta property=\"og:type\" content=\"article\" \/>\n<meta property=\"og:title\" content=\"Jeep rappelle 340 000 v\u00e9hicules en raison de probl\u00e8mes \u00e9lectroniques - CanadaMotorJobs.com\" \/>\n<meta property=\"og:description\" content=\"Jeep rappelle 340 000 v\u00e9hicules en raison de probl\u00e8mes \u00e9lectroniques - Benoit Charette - Annuel automobile - CanadaMotorJobs.com.\" \/>\n<meta property=\"og:url\" content=\"https:\/\/news.canadamotorjobs.com\/fr\/jeep-rappelle-340-000-vehicules-en-raison-de-problemes-electroniques\/\" \/>\n<meta property=\"og:site_name\" content=\"CanadaMotorJobs.com\" \/>\n<meta property=\"article:publisher\" content=\"https:\/\/www.facebook.com\/canadamotorjobs\/\" \/>\n<meta property=\"article:published_time\" content=\"2023-08-22T09:42:50+00:00\" \/>\n<meta property=\"article:modified_time\" content=\"2023-08-22T09:45:39+00:00\" \/>\n<meta property=\"og:image\" content=\"https:\/\/news.canadamotorjobs.com\/wp-content\/uploads\/2023\/08\/Canada_2022JeepGrandCherokee_51r8qqtpbu9p20b38i2bnf77t57r-1024x683-1.jpg\" \/>\n\t<meta property=\"og:image:width\" content=\"1024\" \/>\n\t<meta property=\"og:image:height\" content=\"683\" \/>\n\t<meta property=\"og:image:type\" content=\"image\/jpeg\" \/>\n<meta name=\"author\" content=\"Benoit Charette\" \/>\n<meta name=\"twitter:card\" content=\"summary_large_image\" \/>\n<meta name=\"twitter:creator\" content=\"@canadamotorjobs\" \/>\n<meta name=\"twitter:site\" content=\"@canadamotorjobs\" \/>\n<meta name=\"twitter:label1\" content=\"\u00c9crit par\" \/>\n\t<meta name=\"twitter:data1\" content=\"Benoit Charette\" \/>\n\t<meta name=\"twitter:label2\" content=\"Estimation du temps de lecture\" \/>\n\t<meta name=\"twitter:data2\" content=\"2 minutes\" \/>\n<!-- \/ Yoast SEO plugin. -->","yoast_head_json":{"title":"Jeep rappelle 340 000 v\u00e9hicules en raison de probl\u00e8mes \u00e9lectroniques - CanadaMotorJobs.com","description":"Jeep rappelle 340 000 v\u00e9hicules en raison de probl\u00e8mes \u00e9lectroniques - Benoit Charette - Annuel automobile - CanadaMotorJobs.com.","robots":{"index":"index","follow":"follow","max-snippet":"max-snippet:-1","max-image-preview":"max-image-preview:large","max-video-preview":"max-video-preview:-1"},"og_locale":"fr_CA","og_type":"article","og_title":"Jeep rappelle 340 000 v\u00e9hicules en raison de probl\u00e8mes \u00e9lectroniques - CanadaMotorJobs.com","og_description":"Jeep rappelle 340 000 v\u00e9hicules en raison de probl\u00e8mes \u00e9lectroniques - Benoit Charette - Annuel automobile - CanadaMotorJobs.com.","og_url":"https:\/\/news.canadamotorjobs.com\/fr\/jeep-rappelle-340-000-vehicules-en-raison-de-problemes-electroniques\/","og_site_name":"CanadaMotorJobs.com","article_publisher":"https:\/\/www.facebook.com\/canadamotorjobs\/","article_published_time":"2023-08-22T09:42:50+00:00","article_modified_time":"2023-08-22T09:45:39+00:00","og_image":[{"width":1024,"height":683,"url":"https:\/\/news.canadamotorjobs.com\/wp-content\/uploads\/2023\/08\/Canada_2022JeepGrandCherokee_51r8qqtpbu9p20b38i2bnf77t57r-1024x683-1.jpg","type":"image\/jpeg"}],"author":"Benoit Charette","twitter_card":"summary_large_image","twitter_creator":"@canadamotorjobs","twitter_site":"@canadamotorjobs","twitter_misc":{"\u00c9crit par":"Benoit Charette","Estimation du temps de lecture":"2 minutes"},"schema":{"@context":"https:\/\/schema.org","@graph":[{"@type":"Article","@id":"https:\/\/news.canadamotorjobs.com\/fr\/jeep-rappelle-340-000-vehicules-en-raison-de-problemes-electroniques\/#article","isPartOf":{"@id":"https:\/\/news.canadamotorjobs.com\/fr\/jeep-rappelle-340-000-vehicules-en-raison-de-problemes-electroniques\/"},"author":{"name":"Benoit Charette","@id":"https:\/\/news.canadamotorjobs.com\/#\/schema\/person\/51793d1f87d44011d7bcc2ed99269a90"},"headline":"Jeep rappelle 340 000 v\u00e9hicules en raison de probl\u00e8mes \u00e9lectroniques","datePublished":"2023-08-22T09:42:50+00:00","dateModified":"2023-08-22T09:45:39+00:00","mainEntityOfPage":{"@id":"https:\/\/news.canadamotorjobs.com\/fr\/jeep-rappelle-340-000-vehicules-en-raison-de-problemes-electroniques\/"},"wordCount":342,"publisher":{"@id":"https:\/\/news.canadamotorjobs.com\/#organization"},"image":{"@id":"https:\/\/news.canadamotorjobs.com\/fr\/jeep-rappelle-340-000-vehicules-en-raison-de-problemes-electroniques\/#primaryimage"},"thumbnailUrl":"https:\/\/news.canadamotorjobs.com\/wp-content\/uploads\/2023\/08\/Canada_2022JeepGrandCherokee_51r8qqtpbu9p20b38i2bnf77t57r-1024x683-1.jpg","articleSection":["Annuel automobile"],"inLanguage":"fr-CA"},{"@type":"WebPage","@id":"https:\/\/news.canadamotorjobs.com\/fr\/jeep-rappelle-340-000-vehicules-en-raison-de-problemes-electroniques\/","url":"https:\/\/news.canadamotorjobs.com\/fr\/jeep-rappelle-340-000-vehicules-en-raison-de-problemes-electroniques\/","name":"Jeep rappelle 340 000 v\u00e9hicules en raison de probl\u00e8mes \u00e9lectroniques - CanadaMotorJobs.com","isPartOf":{"@id":"https:\/\/news.canadamotorjobs.com\/#website"},"primaryImageOfPage":{"@id":"https:\/\/news.canadamotorjobs.com\/fr\/jeep-rappelle-340-000-vehicules-en-raison-de-problemes-electroniques\/#primaryimage"},"image":{"@id":"https:\/\/news.canadamotorjobs.com\/fr\/jeep-rappelle-340-000-vehicules-en-raison-de-problemes-electroniques\/#primaryimage"},"thumbnailUrl":"https:\/\/news.canadamotorjobs.com\/wp-content\/uploads\/2023\/08\/Canada_2022JeepGrandCherokee_51r8qqtpbu9p20b38i2bnf77t57r-1024x683-1.jpg","datePublished":"2023-08-22T09:42:50+00:00","dateModified":"2023-08-22T09:45:39+00:00","description":"Jeep rappelle 340 000 v\u00e9hicules en raison de probl\u00e8mes \u00e9lectroniques - Benoit Charette - Annuel automobile - CanadaMotorJobs.com.","breadcrumb":{"@id":"https:\/\/news.canadamotorjobs.com\/fr\/jeep-rappelle-340-000-vehicules-en-raison-de-problemes-electroniques\/#breadcrumb"},"inLanguage":"fr-CA","potentialAction":[{"@type":"ReadAction","target":["https:\/\/news.canadamotorjobs.com\/fr\/jeep-rappelle-340-000-vehicules-en-raison-de-problemes-electroniques\/"]}]},{"@type":"ImageObject","inLanguage":"fr-CA","@id":"https:\/\/news.canadamotorjobs.com\/fr\/jeep-rappelle-340-000-vehicules-en-raison-de-problemes-electroniques\/#primaryimage","url":"https:\/\/news.canadamotorjobs.com\/wp-content\/uploads\/2023\/08\/Canada_2022JeepGrandCherokee_51r8qqtpbu9p20b38i2bnf77t57r-1024x683-1.jpg","contentUrl":"https:\/\/news.canadamotorjobs.com\/wp-content\/uploads\/2023\/08\/Canada_2022JeepGrandCherokee_51r8qqtpbu9p20b38i2bnf77t57r-1024x683-1.jpg","width":1024,"height":683},{"@type":"BreadcrumbList","@id":"https:\/\/news.canadamotorjobs.com\/fr\/jeep-rappelle-340-000-vehicules-en-raison-de-problemes-electroniques\/#breadcrumb","itemListElement":[{"@type":"ListItem","position":1,"name":"Home","item":"https:\/\/news.canadamotorjobs.com\/fr\/blog\/"},{"@type":"ListItem","position":2,"name":"Jeep rappelle 340 000 v\u00e9hicules en raison de probl\u00e8mes \u00e9lectroniques"}]},{"@type":"WebSite","@id":"https:\/\/news.canadamotorjobs.com\/#website","url":"https:\/\/news.canadamotorjobs.com\/","name":"CanadaMotorJobs.com","description":"Automotive Jobs","publisher":{"@id":"https:\/\/news.canadamotorjobs.com\/#organization"},"potentialAction":[{"@type":"SearchAction","target":{"@type":"EntryPoint","urlTemplate":"https:\/\/news.canadamotorjobs.com\/?s={search_term_string}"},"query-input":"required name=search_term_string"}],"inLanguage":"fr-CA"},{"@type":"Organization","@id":"https:\/\/news.canadamotorjobs.com\/#organization","name":"Canada Motor Jobs","url":"https:\/\/news.canadamotorjobs.com\/","logo":{"@type":"ImageObject","inLanguage":"fr-CA","@id":"https:\/\/news.canadamotorjobs.com\/#\/schema\/logo\/image\/","url":"https:\/\/news.canadamotorjobs.com\/wp-content\/uploads\/2022\/10\/logo-canada-motor-jobs-1.png","contentUrl":"https:\/\/news.canadamotorjobs.com\/wp-content\/uploads\/2022\/10\/logo-canada-motor-jobs-1.png","width":800,"height":400,"caption":"Canada Motor Jobs"},"image":{"@id":"https:\/\/news.canadamotorjobs.com\/#\/schema\/logo\/image\/"},"sameAs":["https:\/\/www.facebook.com\/canadamotorjobs\/","https:\/\/x.com\/canadamotorjobs","https:\/\/www.instagram.com\/canadamotorjobs\/","https:\/\/www.linkedin.com\/company\/canadamotorjobs"]},{"@type":"Person","@id":"https:\/\/news.canadamotorjobs.com\/#\/schema\/person\/51793d1f87d44011d7bcc2ed99269a90","name":"Benoit Charette","image":{"@type":"ImageObject","inLanguage":"fr-CA","@id":"https:\/\/news.canadamotorjobs.com\/#\/schema\/person\/image\/","url":"https:\/\/secure.gravatar.com\/avatar\/45f3d2eebcccd909668d7ce7ea7267b6?s=96&d=mm&r=g","contentUrl":"https:\/\/secure.gravatar.com\/avatar\/45f3d2eebcccd909668d7ce7ea7267b6?s=96&d=mm&r=g","caption":"Benoit Charette"},"description":"Benoit Charette \/ Propri\u00e9taire et r\u00e9dacteur en chef Benoit Charette pratique le journalisme automobile depuis bient\u00f4t 30 ans. Il a fait ses classes au c\u00f4t\u00e9 de Daniel H\u00e9raud et au Carnet de route de 1992 \u00e0 2001. Il est fondateur, copropri\u00e9taire et r\u00e9dacteur en chef de L\u2019Annuel de l\u2019automobile, qu\u2019il publie depuis 2001. Il a anim\u00e9 les \u00e9missions RPM et RPM+ sur V et les L\u00e9gendes de la route sur Historia. \u00c0 la radio depuis 1986, il reprend l\u2019antenne cette ann\u00e9e sur les ondes de Cogeco et participe pour la deuxi\u00e8me ann\u00e9e \u00e0 l\u2019\u00e9mission Passion Auto sur RDS en plus de mettre en ligne le site Web officiel de L\u2019Annuel de l\u2019automobile sur annuelauto.ca.","sameAs":["https:\/\/annuelauto.ca\/"],"url":"https:\/\/news.canadamotorjobs.com\/fr\/author\/benoit-charette\/"}]}},"_links":{"self":[{"href":"https:\/\/news.canadamotorjobs.com\/fr\/wp-json\/wp\/v2\/posts\/150041"}],"collection":[{"href":"https:\/\/news.canadamotorjobs.com\/fr\/wp-json\/wp\/v2\/posts"}],"about":[{"href":"https:\/\/news.canadamotorjobs.com\/fr\/wp-json\/wp\/v2\/types\/post"}],"author":[{"embeddable":true,"href":"https:\/\/news.canadamotorjobs.com\/fr\/wp-json\/wp\/v2\/users\/8"}],"replies":[{"embeddable":true,"href":"https:\/\/news.canadamotorjobs.com\/fr\/wp-json\/wp\/v2\/comments?post=150041"}],"version-history":[{"count":2,"href":"https:\/\/news.canadamotorjobs.com\/fr\/wp-json\/wp\/v2\/posts\/150041\/revisions"}],"predecessor-version":[{"id":150045,"href":"https:\/\/news.canadamotorjobs.com\/fr\/wp-json\/wp\/v2\/posts\/150041\/revisions\/150045"}],"wp:featuredmedia":[{"embeddable":true,"href":"https:\/\/news.canadamotorjobs.com\/fr\/wp-json\/wp\/v2\/media\/150043"}],"wp:attachment":[{"href":"https:\/\/news.canadamotorjobs.com\/fr\/wp-json\/wp\/v2\/media?parent=150041"}],"wp:term":[{"taxonomy":"category","embeddable":true,"href":"https:\/\/news.canadamotorjobs.com\/fr\/wp-json\/wp\/v2\/categories?post=150041"},{"taxonomy":"post_tag","embeddable":true,"href":"https:\/\/news.canadamotorjobs.com\/fr\/wp-json\/wp\/v2\/tags?post=150041"}],"curies":[{"name":"wp","href":"https:\/\/api.w.org\/{rel}","templated":true}]}}