{"id":149980,"date":"2023-08-21T14:43:11","date_gmt":"2023-08-21T18:43:11","guid":{"rendered":"https:\/\/news.canadamotorjobs.com\/?p=149980"},"modified":"2023-08-21T14:44:27","modified_gmt":"2023-08-21T18:44:27","slug":"volkswagen-a-commence-la-production-de-la-id-7","status":"publish","type":"post","link":"https:\/\/news.canadamotorjobs.com\/fr\/volkswagen-a-commence-la-production-de-la-id-7\/","title":{"rendered":"Volkswagen a commenc\u00e9 la production de la ID.7"},"content":{"rendered":"<\/p>\n<p>Volkswagen d\u00e9bute la fabrication de son v\u00e9hicule \u00e9lectrique vedette ID.7 dans son usine allemande d&#8217;Emden. Cette nouvelle voiture, arborant fi\u00e8rement le logo VW, devient le sixi\u00e8me ajout \u00e0 la gamme ID du constructeur, rejoignant ainsi les rangs des ID.3, ID.4, ID.5 et l&#8217;ID.6 (disponible exclusivement en Chine), ainsi que la toute nouvelle fourgonnette \u00e9lectrique ID.Buzz.<\/p>\n<h3>Une Passat \u00e9lectrique<\/h3>\n<p>\nL&#8217;ID.7 s&#8217;inscrit dans la strat\u00e9gie globale de Volkswagen visant \u00e0 lancer dix nouveaux mod\u00e8les de v\u00e9hicules \u00e9lectriques d&#8217;ici 2026. Cette gamme comprendra \u00e9galement un mod\u00e8le d&#8217;entr\u00e9e de gamme \u00e0 moins de 25 000 euros (environ 35 000 dollars) ainsi qu&#8217;un tout nouveau VUS compact \u00e9lectrique, en parall\u00e8le avec la sortie de l&#8217;ID.7.<\/p>\n<h3>Une avanc\u00e9e technologique majeure<\/h3>\n<p>\nD\u00e9voil\u00e9e pour la premi\u00e8re fois lors du CES en janvier, la berline \u00e9lectrique ID.7 de Volkswagen s&#8217;impose comme une avanc\u00e9e technologique marquante, promettant des performances sup\u00e9rieures et une efficacit\u00e9 accrue par rapport aux mod\u00e8les MEB pr\u00e9c\u00e9dents. En avril, Volkswagen a officiellement pr\u00e9sent\u00e9 l&#8217;ID.7 au public, le mettant simultan\u00e9ment en vente sur des march\u00e9s cl\u00e9s tels que l&#8217;Am\u00e9rique du Nord, l&#8217;Europe et la Chine.<\/p>\n<h3>L&#8217;arriv\u00e9e d&#8217;un fleuron de la mobilit\u00e9 \u00e9lectrique<\/h3>\n<p>\nLa commercialisation de l&#8217;ID.7 d\u00e9butera avec la version Pro, \u00e9quip\u00e9e d&#8217;une batterie de 77 kWh offrant une impressionnante autonomie de 615 km WLTP. Une version am\u00e9lior\u00e9e, l&#8217;ID.7 Pro S, sera lanc\u00e9e ult\u00e9rieurement, embarquant une batterie de 86 kWh et une autonomie de 700 km. Bien que l&#8217;autonomie r\u00e9elle aux \u00c9tats-Unis puisse varier en fonction des tests de l&#8217;EPA, elle devrait n\u00e9anmoins d\u00e9passer en moyenne les 500 km.<\/p>\n<h3>L&#8217;a\u00e9rodynamisme au service de l&#8217;efficacit\u00e9<\/h3>\n<p>\nEn tant que mod\u00e8le ID le plus a\u00e9rodynamique \u00e0 ce jour, l&#8217;ID.7 se distingue par son profil a\u00e9rodynamique. Avec un avant bas, une transition fluide vers le capot, un toit en forme de coup\u00e9 et un arri\u00e8re effil\u00e9, le design de l&#8217;ID.7 allie esth\u00e9tique et performance. De plus, des caract\u00e9ristiques telles qu&#8217;un soubassement quasiment ferm\u00e9, des spoilers de roue in\u00e9dits et des rideaux d&#8217;air lat\u00e9raux contribuent \u00e0 guider l&#8217;air avec un minimum de r\u00e9sistance. L&#8217;ID.7 devrait \u00eatre disponible en Europe \u00e0 l&#8217;automne avant d&#8217;arriver en Am\u00e9rique du Nord en 2024. Pour soutenir cette transition vers l&#8217;\u00e9lectrique.<\/p>\n<p>Avec des renseignements d\u2019Electrek<\/p>\n<p>\u00a0<\/p>\n<p>Le texte <a rel=\"nofollow\" href=\"https:\/\/annuelauto.ca\/volkswagen-a-commence-la-production-de-de-la-i-d-7\/\">Volkswagen a commenc\u00e9 la production de la ID.7<\/a> provient de <a rel=\"nofollow\" href=\"https:\/\/annuelauto.ca\">L&#8217;annuel de l&#8217;automobile &#8211; Actualit\u00e9 automobile<\/a><\/p>\n<p><\/p>\n","protected":false},"excerpt":{"rendered":"<p>Volkswagen d\u00e9bute la fabrication de son v\u00e9hicule \u00e9lectrique vedette ID.7 dans son usine allemande d&#8217;Emden. Cette nouvelle voiture, arborant fi\u00e8rement le logo VW, devient le sixi\u00e8me ajout \u00e0 la gamme ID du constructeur, rejoignant ainsi les rangs des ID.3, ID.4, ID.5 et l&#8217;ID.6 (disponible exclusivement en Chine), ainsi que la toute nouvelle fourgonnette \u00e9lectrique ID.Buzz. [&hellip;]<\/p>\n","protected":false},"author":8,"featured_media":149982,"comment_status":"close","ping_status":"closed","sticky":false,"template":"","format":"standard","meta":{"_monsterinsights_skip_tracking":false,"_monsterinsights_sitenote_active":false,"_monsterinsights_sitenote_note":"","_monsterinsights_sitenote_category":0,"footnotes":""},"categories":[101],"tags":[],"yoast_head":"<!-- This site is optimized with the Yoast SEO plugin v23.2 - https:\/\/yoast.com\/wordpress\/plugins\/seo\/ -->\n<title>Volkswagen a commenc\u00e9 la production de la ID.7 - CanadaMotorJobs.com<\/title>\n<meta name=\"description\" content=\"Volkswagen a commenc\u00e9 la production de la ID.7 - Benoit Charette - Annuel automobile - CanadaMotorJobs.com.\" \/>\n<meta name=\"robots\" content=\"index, follow, max-snippet:-1, max-image-preview:large, max-video-preview:-1\" \/>\n<meta property=\"og:locale\" content=\"fr_CA\" \/>\n<meta property=\"og:type\" content=\"article\" \/>\n<meta property=\"og:title\" content=\"Volkswagen a commenc\u00e9 la production de la ID.7 - CanadaMotorJobs.com\" \/>\n<meta property=\"og:description\" content=\"Volkswagen a commenc\u00e9 la production de la ID.7 - Benoit Charette - Annuel automobile - CanadaMotorJobs.com.\" \/>\n<meta property=\"og:url\" content=\"https:\/\/news.canadamotorjobs.com\/fr\/volkswagen-a-commence-la-production-de-la-id-7\/\" \/>\n<meta property=\"og:site_name\" content=\"CanadaMotorJobs.com\" \/>\n<meta property=\"article:publisher\" content=\"https:\/\/www.facebook.com\/canadamotorjobs\/\" \/>\n<meta property=\"article:published_time\" content=\"2023-08-21T18:43:11+00:00\" \/>\n<meta property=\"article:modified_time\" content=\"2023-08-21T18:44:27+00:00\" \/>\n<meta property=\"og:image\" content=\"https:\/\/news.canadamotorjobs.com\/wp-content\/uploads\/2023\/08\/64413ca7d25ab.image_.jpg\" \/>\n\t<meta property=\"og:image:width\" content=\"1000\" \/>\n\t<meta property=\"og:image:height\" content=\"667\" \/>\n\t<meta property=\"og:image:type\" content=\"image\/jpeg\" \/>\n<meta name=\"author\" content=\"Benoit Charette\" \/>\n<meta name=\"twitter:card\" content=\"summary_large_image\" \/>\n<meta name=\"twitter:creator\" content=\"@canadamotorjobs\" \/>\n<meta name=\"twitter:site\" content=\"@canadamotorjobs\" \/>\n<meta name=\"twitter:label1\" content=\"\u00c9crit par\" \/>\n\t<meta name=\"twitter:data1\" content=\"Benoit Charette\" \/>\n\t<meta name=\"twitter:label2\" content=\"Estimation du temps de lecture\" \/>\n\t<meta name=\"twitter:data2\" content=\"2 minutes\" \/>\n<!-- \/ Yoast SEO plugin. -->","yoast_head_json":{"title":"Volkswagen a commenc\u00e9 la production de la ID.7 - CanadaMotorJobs.com","description":"Volkswagen a commenc\u00e9 la production de la ID.7 - Benoit Charette - Annuel automobile - CanadaMotorJobs.com.","robots":{"index":"index","follow":"follow","max-snippet":"max-snippet:-1","max-image-preview":"max-image-preview:large","max-video-preview":"max-video-preview:-1"},"og_locale":"fr_CA","og_type":"article","og_title":"Volkswagen a commenc\u00e9 la production de la ID.7 - CanadaMotorJobs.com","og_description":"Volkswagen a commenc\u00e9 la production de la ID.7 - Benoit Charette - Annuel automobile - CanadaMotorJobs.com.","og_url":"https:\/\/news.canadamotorjobs.com\/fr\/volkswagen-a-commence-la-production-de-la-id-7\/","og_site_name":"CanadaMotorJobs.com","article_publisher":"https:\/\/www.facebook.com\/canadamotorjobs\/","article_published_time":"2023-08-21T18:43:11+00:00","article_modified_time":"2023-08-21T18:44:27+00:00","og_image":[{"width":1000,"height":667,"url":"https:\/\/news.canadamotorjobs.com\/wp-content\/uploads\/2023\/08\/64413ca7d25ab.image_.jpg","type":"image\/jpeg"}],"author":"Benoit Charette","twitter_card":"summary_large_image","twitter_creator":"@canadamotorjobs","twitter_site":"@canadamotorjobs","twitter_misc":{"\u00c9crit par":"Benoit Charette","Estimation du temps de lecture":"2 minutes"},"schema":{"@context":"https:\/\/schema.org","@graph":[{"@type":"Article","@id":"https:\/\/news.canadamotorjobs.com\/fr\/volkswagen-a-commence-la-production-de-la-id-7\/#article","isPartOf":{"@id":"https:\/\/news.canadamotorjobs.com\/fr\/volkswagen-a-commence-la-production-de-la-id-7\/"},"author":{"name":"Benoit Charette","@id":"https:\/\/news.canadamotorjobs.com\/#\/schema\/person\/51793d1f87d44011d7bcc2ed99269a90"},"headline":"Volkswagen a commenc\u00e9 la production de la ID.7","datePublished":"2023-08-21T18:43:11+00:00","dateModified":"2023-08-21T18:44:27+00:00","mainEntityOfPage":{"@id":"https:\/\/news.canadamotorjobs.com\/fr\/volkswagen-a-commence-la-production-de-la-id-7\/"},"wordCount":444,"publisher":{"@id":"https:\/\/news.canadamotorjobs.com\/#organization"},"image":{"@id":"https:\/\/news.canadamotorjobs.com\/fr\/volkswagen-a-commence-la-production-de-la-id-7\/#primaryimage"},"thumbnailUrl":"https:\/\/news.canadamotorjobs.com\/wp-content\/uploads\/2023\/08\/64413ca7d25ab.image_.jpg","articleSection":["Annuel automobile"],"inLanguage":"fr-CA"},{"@type":"WebPage","@id":"https:\/\/news.canadamotorjobs.com\/fr\/volkswagen-a-commence-la-production-de-la-id-7\/","url":"https:\/\/news.canadamotorjobs.com\/fr\/volkswagen-a-commence-la-production-de-la-id-7\/","name":"Volkswagen a commenc\u00e9 la production de la ID.7 - CanadaMotorJobs.com","isPartOf":{"@id":"https:\/\/news.canadamotorjobs.com\/#website"},"primaryImageOfPage":{"@id":"https:\/\/news.canadamotorjobs.com\/fr\/volkswagen-a-commence-la-production-de-la-id-7\/#primaryimage"},"image":{"@id":"https:\/\/news.canadamotorjobs.com\/fr\/volkswagen-a-commence-la-production-de-la-id-7\/#primaryimage"},"thumbnailUrl":"https:\/\/news.canadamotorjobs.com\/wp-content\/uploads\/2023\/08\/64413ca7d25ab.image_.jpg","datePublished":"2023-08-21T18:43:11+00:00","dateModified":"2023-08-21T18:44:27+00:00","description":"Volkswagen a commenc\u00e9 la production de la ID.7 - Benoit Charette - Annuel automobile - CanadaMotorJobs.com.","breadcrumb":{"@id":"https:\/\/news.canadamotorjobs.com\/fr\/volkswagen-a-commence-la-production-de-la-id-7\/#breadcrumb"},"inLanguage":"fr-CA","potentialAction":[{"@type":"ReadAction","target":["https:\/\/news.canadamotorjobs.com\/fr\/volkswagen-a-commence-la-production-de-la-id-7\/"]}]},{"@type":"ImageObject","inLanguage":"fr-CA","@id":"https:\/\/news.canadamotorjobs.com\/fr\/volkswagen-a-commence-la-production-de-la-id-7\/#primaryimage","url":"https:\/\/news.canadamotorjobs.com\/wp-content\/uploads\/2023\/08\/64413ca7d25ab.image_.jpg","contentUrl":"https:\/\/news.canadamotorjobs.com\/wp-content\/uploads\/2023\/08\/64413ca7d25ab.image_.jpg","width":1000,"height":667},{"@type":"BreadcrumbList","@id":"https:\/\/news.canadamotorjobs.com\/fr\/volkswagen-a-commence-la-production-de-la-id-7\/#breadcrumb","itemListElement":[{"@type":"ListItem","position":1,"name":"Home","item":"https:\/\/news.canadamotorjobs.com\/fr\/blog\/"},{"@type":"ListItem","position":2,"name":"Volkswagen a commenc\u00e9 la production de la ID.7"}]},{"@type":"WebSite","@id":"https:\/\/news.canadamotorjobs.com\/#website","url":"https:\/\/news.canadamotorjobs.com\/","name":"CanadaMotorJobs.com","description":"Automotive Jobs","publisher":{"@id":"https:\/\/news.canadamotorjobs.com\/#organization"},"potentialAction":[{"@type":"SearchAction","target":{"@type":"EntryPoint","urlTemplate":"https:\/\/news.canadamotorjobs.com\/?s={search_term_string}"},"query-input":"required name=search_term_string"}],"inLanguage":"fr-CA"},{"@type":"Organization","@id":"https:\/\/news.canadamotorjobs.com\/#organization","name":"Canada Motor Jobs","url":"https:\/\/news.canadamotorjobs.com\/","logo":{"@type":"ImageObject","inLanguage":"fr-CA","@id":"https:\/\/news.canadamotorjobs.com\/#\/schema\/logo\/image\/","url":"https:\/\/news.canadamotorjobs.com\/wp-content\/uploads\/2022\/10\/logo-canada-motor-jobs-1.png","contentUrl":"https:\/\/news.canadamotorjobs.com\/wp-content\/uploads\/2022\/10\/logo-canada-motor-jobs-1.png","width":800,"height":400,"caption":"Canada Motor Jobs"},"image":{"@id":"https:\/\/news.canadamotorjobs.com\/#\/schema\/logo\/image\/"},"sameAs":["https:\/\/www.facebook.com\/canadamotorjobs\/","https:\/\/x.com\/canadamotorjobs","https:\/\/www.instagram.com\/canadamotorjobs\/","https:\/\/www.linkedin.com\/company\/canadamotorjobs"]},{"@type":"Person","@id":"https:\/\/news.canadamotorjobs.com\/#\/schema\/person\/51793d1f87d44011d7bcc2ed99269a90","name":"Benoit Charette","image":{"@type":"ImageObject","inLanguage":"fr-CA","@id":"https:\/\/news.canadamotorjobs.com\/#\/schema\/person\/image\/","url":"https:\/\/secure.gravatar.com\/avatar\/45f3d2eebcccd909668d7ce7ea7267b6?s=96&d=mm&r=g","contentUrl":"https:\/\/secure.gravatar.com\/avatar\/45f3d2eebcccd909668d7ce7ea7267b6?s=96&d=mm&r=g","caption":"Benoit Charette"},"description":"Benoit Charette \/ Propri\u00e9taire et r\u00e9dacteur en chef Benoit Charette pratique le journalisme automobile depuis bient\u00f4t 30 ans. Il a fait ses classes au c\u00f4t\u00e9 de Daniel H\u00e9raud et au Carnet de route de 1992 \u00e0 2001. Il est fondateur, copropri\u00e9taire et r\u00e9dacteur en chef de L\u2019Annuel de l\u2019automobile, qu\u2019il publie depuis 2001. Il a anim\u00e9 les \u00e9missions RPM et RPM+ sur V et les L\u00e9gendes de la route sur Historia. \u00c0 la radio depuis 1986, il reprend l\u2019antenne cette ann\u00e9e sur les ondes de Cogeco et participe pour la deuxi\u00e8me ann\u00e9e \u00e0 l\u2019\u00e9mission Passion Auto sur RDS en plus de mettre en ligne le site Web officiel de L\u2019Annuel de l\u2019automobile sur annuelauto.ca.","sameAs":["https:\/\/annuelauto.ca\/"],"url":"https:\/\/news.canadamotorjobs.com\/fr\/author\/benoit-charette\/"}]}},"_links":{"self":[{"href":"https:\/\/news.canadamotorjobs.com\/fr\/wp-json\/wp\/v2\/posts\/149980"}],"collection":[{"href":"https:\/\/news.canadamotorjobs.com\/fr\/wp-json\/wp\/v2\/posts"}],"about":[{"href":"https:\/\/news.canadamotorjobs.com\/fr\/wp-json\/wp\/v2\/types\/post"}],"author":[{"embeddable":true,"href":"https:\/\/news.canadamotorjobs.com\/fr\/wp-json\/wp\/v2\/users\/8"}],"replies":[{"embeddable":true,"href":"https:\/\/news.canadamotorjobs.com\/fr\/wp-json\/wp\/v2\/comments?post=149980"}],"version-history":[{"count":2,"href":"https:\/\/news.canadamotorjobs.com\/fr\/wp-json\/wp\/v2\/posts\/149980\/revisions"}],"predecessor-version":[{"id":149984,"href":"https:\/\/news.canadamotorjobs.com\/fr\/wp-json\/wp\/v2\/posts\/149980\/revisions\/149984"}],"wp:featuredmedia":[{"embeddable":true,"href":"https:\/\/news.canadamotorjobs.com\/fr\/wp-json\/wp\/v2\/media\/149982"}],"wp:attachment":[{"href":"https:\/\/news.canadamotorjobs.com\/fr\/wp-json\/wp\/v2\/media?parent=149980"}],"wp:term":[{"taxonomy":"category","embeddable":true,"href":"https:\/\/news.canadamotorjobs.com\/fr\/wp-json\/wp\/v2\/categories?post=149980"},{"taxonomy":"post_tag","embeddable":true,"href":"https:\/\/news.canadamotorjobs.com\/fr\/wp-json\/wp\/v2\/tags?post=149980"}],"curies":[{"name":"wp","href":"https:\/\/api.w.org\/{rel}","templated":true}]}}