{"id":149957,"date":"2023-08-20T12:14:40","date_gmt":"2023-08-20T16:14:40","guid":{"rendered":"https:\/\/news.canadamotorjobs.com\/?p=149957"},"modified":"2023-08-20T12:14:58","modified_gmt":"2023-08-20T16:14:58","slug":"bmw-m2-la-personnification-du-bonheur-au-volant","status":"publish","type":"post","link":"https:\/\/news.canadamotorjobs.com\/fr\/bmw-m2-la-personnification-du-bonheur-au-volant\/","title":{"rendered":"BMW M2: La personnification du bonheur au volant"},"content":{"rendered":"<\/p>\n<p>Dans un monde aujourd\u2019hui domin\u00e9 par des VUS de tout acabit, vous n\u2019avez aucune id\u00e9e \u00e0 quel point il est jouissif de passer une semaine au volant d\u2019une v\u00e9ritable sportive. Je suis assez ancien dans le m\u00e9tier pour avoir eu l\u2019occasion de faire l\u2019essai de la premi\u00e8re M3 avec le bon moteur Europ\u00e9en \u00e0 faire son entr\u00e9e chez nous. J\u2019ai \u00e9prouv\u00e9 le m\u00eame frisson en prenant le volant de la M2. Notre argumentaire ne portera pas aujourd\u2019hui sur l\u2019esth\u00e9tique de la voiture qui ne pla\u00eet pas \u00e0 tous, mais bien, sur la conduite, car c\u2019est d\u2019abord et avant tout pour cette raison que vous devriez consid\u00e9rer l\u2019achat d\u2019une M2.<\/p>\n<h3>De la prestance<\/h3>\n<p>\nM\u00eame si elle n\u2019est pas tr\u00e8s grosse, la M2 en impose avec son renflement sur le capot, les ailes imposantes, des roues et des pneus costauds et d\u00e9cal\u00e9s et les grandes prises d&#8217;air avant conf\u00e8rent qui lui donne un visage mena\u00e7ant. Seule la partie arri\u00e8re est rat\u00e9e et le c\u00f4t\u00e9 agressif tombe \u00e0 plat. Apr\u00e8s un essai d\u2019une semaine \u00e0 la maison au d\u00e9but de l\u2019\u00e9t\u00e9, j\u2019ai eu l\u2019occasion de pousser plus loin l\u2019exp\u00e9rience sur le circuit Area 27 en Colombie-Britannique o\u00f9 BMW avait rassembl\u00e9 des mod\u00e8les M3, M8, X5M , X4M et M2. Avec son moteur six cylindres 3,0 litres turbo de 453 chevaux et 406\u00a0lb-pi, la M2 \u00e9clipse tous ses rivaux. La seule voiture comparable est une Porsche 718 Cayman GTS. Sur le circuit, nous avions droit aux si\u00e8ges baquets en fibre de carbone en option qui restent les meilleurs du march\u00e9 si vous avez l\u2019intention d\u2019aller sur un circuit sur une base r\u00e9guli\u00e8re, et le volant M, avec ses palettes en fibre de carbone, est un bonheur \u00e0 manipuler.<\/p>\n<h3>10\/10 pour la performance<\/h3>\n<p>\nSon utilisation au quotidien est amusante sur nos routes, mais la piste est l\u2019endroit de pr\u00e9dilection pour cette petite terreur qui hurle de bonheur jusqu\u2019\u00e0 la ligne rouge et offre un dynamisme addictif. Sa direction est t\u00e9l\u00e9pathique et les pneus Michelin une fois chaud s\u2019accrochent avec hargne au bitume. Sur le circuit, nous \u00e9tions en mode attaque. Les premiers tours ont d\u00e9but\u00e9 en mode sport qui garde les aides \u00e0 la conduite \u00e9lectronique en place. Nous sommes progressivement pass\u00e9s aux modes plus agressifs via les boutons M rouges sur le volant. La suspension est bien ferme en mode Sport Plus, et par cons\u00e9quent, le nez change de direction \u00e0 la vitesse de l&#8217;\u00e9clair. Les mouvements de caisse sont tr\u00e8s contenus, et il semble que la M2 n&#8217;ait de limite que celle que le conducteur impose. Nous avons aval\u00e9 plusieurs tours de piste avec un tr\u00e8s grand bonheur. \u00c0 la sortie de chaque virage, la M2 bondit en avant alors que ses pneus arri\u00e8re s&#8217;agrippent au bitume. La pouss\u00e9e dans les r\u00e9gimes interm\u00e9diaires est ph\u00e9nom\u00e9nale, et la puissance est l\u00e0 \u00e0 tous les r\u00e9gimes et le moteur semble presque vous demander de remettre les gaz le plus rapidement possible. La bo\u00eete automatique \u00e0 8 rapports est d\u2019une rapidit\u00e9 stup\u00e9fiante et permet de garder les deux mains sur le volant, un avantage non-n\u00e9gligeable sur un circuit. Notons que la bo\u00eete manuelle \u00e0 six rapports est toujours au menu.<\/p>\n<h3>Un minimum de technologie<\/h3>\n<p>\nLes amateurs de performance ne sont en g\u00e9n\u00e9ral pas \u00e0 la recherche d\u2019une voiture fard\u00e9e de technologies. Il y a tout de m\u00eame des progr\u00e8s \u00e0 faire \u00e0 ce chapitre. BMW a install\u00e9 la plus r\u00e9cente version du syst\u00e8me d\u2019exploitation iDrive 8. Bien qu\u2019il soit rapide et esth\u00e9tiquement plaisant, il demeure compliqu\u00e9. L&#8217;\u00e9cran d&#8217;accueil configurable est complexe, et l&#8217;\u00e9cran des applications est truff\u00e9 d&#8217;ic\u00f4nes minuscules d\u00e9nu\u00e9es de toute logique dans leur codage couleur. Il faudrait des boutons de commande physique pour le rendre plus agr\u00e9able \u00e0 utiliser. Bien des constructeurs qui avaient la m\u00eame approche ont d\u00e9j\u00e0 compris. Le syst\u00e8me d&#8217;avertissement de collision frontale avec freinage d&#8217;urgence automatique et l&#8217;alerte de sortie de voie sont de s\u00e9rie, m\u00eame si le r\u00e9gulateur de vitesse adaptatif reste en option. Franchement, ces quelques items technologiques en moins face \u00e0 Porsche ou Audi ne nous ont pas manqu\u00e9 durant notre semaine d\u2019essai.<\/p>\n<h3>Une v\u00e9ritable aubaine<\/h3>\n<p>\nJe sais que plusieurs d\u2019entre vous vous dire que 76 500\u00a0$ est un s\u00e9rieux montant d\u2019argent pour une voiture. Toutefois, consid\u00e9rant ce que vous obtenez \u00e0 ce prix, il n\u2019y a pas \u00e0 h\u00e9siter. Rien \u00e0 ce prix ne vous offre autant de plaisir. Une Cayman 718 GTS va co\u00fbter plus de 100 000\u00a0$ et la Corvette aussi. Le terme de \u00ab Pocket rocket \u00bb n\u2019a jamais si bien prix tout son sens. De plus, inutile de piger dans une longue liste d\u2019options qui ajoute de l\u2019\u00e9quipement, mais rien de plus \u00e0 l\u2019exp\u00e9rience au volant.<\/p>\n<h3>Conclusion<\/h3>\n<p>\nAvec une puissance impressionnante, une tenue de route dynamique et un prix comp\u00e9titif, la M2 prouve que le plaisir de conduire n&#8217;est pas r\u00e9serv\u00e9 aux voitures exotiques hors de prix. Bien s\u00fbr, quelques d\u00e9fauts subsistent, mais dans l&#8217;ensemble, la M2 offre une exp\u00e9rience de conduite passionnante et accessible. Alors, si vous recherchez une voiture sportive qui fera battre votre c\u0153ur sans vider votre portefeuille, la M2 doit figurer sur votre liste d\u2019\u00e9picerie.<\/p>\n<h3>Forces<\/h3>\n<p>\nUne tenue de route t\u00e9l\u00e9pathique<\/p>\n<p>Un moteur qui h\u00e9risse le poil des bras<\/p>\n<p>Des pneus qui s\u2019accrochent fort \u00e0 la route<\/p>\n<p>Prix r\u00e9aliste<\/p>\n<h3>Faiblesses<\/h3>\n<p>\nUn \u00e9cran multifonction compliqu\u00e9<\/p>\n<p>Places arri\u00e8re plus symbolique que pratique<\/p>\n<p>Un physique un peu ingrat<\/p>\n<p>\u00a0<\/p>\n<p>Le texte <a rel=\"nofollow\" href=\"https:\/\/annuelauto.ca\/bmw-m2-la-personnification-du-bonheur-au-volant\/\">BMW M2: La personnification du bonheur au volant<\/a> provient de <a rel=\"nofollow\" href=\"https:\/\/annuelauto.ca\">L&#8217;annuel de l&#8217;automobile &#8211; Actualit\u00e9 automobile<\/a><\/p>\n<p><\/p>\n","protected":false},"excerpt":{"rendered":"<p>Dans un monde aujourd\u2019hui domin\u00e9 par des VUS de tout acabit, vous n\u2019avez aucune id\u00e9e \u00e0 quel point il est jouissif de passer une semaine au volant d\u2019une v\u00e9ritable sportive. Je suis assez ancien dans le m\u00e9tier pour avoir eu l\u2019occasion de faire l\u2019essai de la premi\u00e8re M3 avec le bon moteur Europ\u00e9en \u00e0 faire [&hellip;]<\/p>\n","protected":false},"author":8,"featured_media":149959,"comment_status":"close","ping_status":"closed","sticky":false,"template":"","format":"standard","meta":{"_monsterinsights_skip_tracking":false,"_monsterinsights_sitenote_active":false,"_monsterinsights_sitenote_note":"","_monsterinsights_sitenote_category":0,"footnotes":""},"categories":[101],"tags":[],"yoast_head":"<!-- This site is optimized with the Yoast SEO plugin v23.2 - https:\/\/yoast.com\/wordpress\/plugins\/seo\/ -->\n<title>BMW M2: La personnification du bonheur au volant - CanadaMotorJobs.com<\/title>\n<meta name=\"description\" content=\"BMW M2: La personnification du bonheur au volant - Benoit Charette - Annuel automobile - CanadaMotorJobs.com.\" \/>\n<meta name=\"robots\" content=\"index, follow, max-snippet:-1, max-image-preview:large, max-video-preview:-1\" \/>\n<meta property=\"og:locale\" content=\"fr_CA\" \/>\n<meta property=\"og:type\" content=\"article\" \/>\n<meta property=\"og:title\" content=\"BMW M2: La personnification du bonheur au volant - CanadaMotorJobs.com\" \/>\n<meta property=\"og:description\" content=\"BMW M2: La personnification du bonheur au volant - Benoit Charette - Annuel automobile - CanadaMotorJobs.com.\" \/>\n<meta property=\"og:url\" content=\"https:\/\/news.canadamotorjobs.com\/fr\/bmw-m2-la-personnification-du-bonheur-au-volant\/\" \/>\n<meta property=\"og:site_name\" content=\"CanadaMotorJobs.com\" \/>\n<meta property=\"article:publisher\" content=\"https:\/\/www.facebook.com\/canadamotorjobs\/\" \/>\n<meta property=\"article:published_time\" content=\"2023-08-20T16:14:40+00:00\" \/>\n<meta property=\"article:modified_time\" content=\"2023-08-20T16:14:58+00:00\" \/>\n<meta property=\"og:image\" content=\"https:\/\/news.canadamotorjobs.com\/wp-content\/uploads\/2023\/08\/P90497910_highRes_the-all-new-bmw-m2-z.jpg\" \/>\n\t<meta property=\"og:image:width\" content=\"1200\" \/>\n\t<meta property=\"og:image:height\" content=\"800\" \/>\n\t<meta property=\"og:image:type\" content=\"image\/jpeg\" \/>\n<meta name=\"author\" content=\"Benoit Charette\" \/>\n<meta name=\"twitter:card\" content=\"summary_large_image\" \/>\n<meta name=\"twitter:creator\" content=\"@canadamotorjobs\" \/>\n<meta name=\"twitter:site\" content=\"@canadamotorjobs\" \/>\n<meta name=\"twitter:label1\" content=\"\u00c9crit par\" \/>\n\t<meta name=\"twitter:data1\" content=\"Benoit Charette\" \/>\n\t<meta name=\"twitter:label2\" content=\"Estimation du temps de lecture\" \/>\n\t<meta name=\"twitter:data2\" content=\"5 minutes\" \/>\n<!-- \/ Yoast SEO plugin. -->","yoast_head_json":{"title":"BMW M2: La personnification du bonheur au volant - CanadaMotorJobs.com","description":"BMW M2: La personnification du bonheur au volant - Benoit Charette - Annuel automobile - CanadaMotorJobs.com.","robots":{"index":"index","follow":"follow","max-snippet":"max-snippet:-1","max-image-preview":"max-image-preview:large","max-video-preview":"max-video-preview:-1"},"og_locale":"fr_CA","og_type":"article","og_title":"BMW M2: La personnification du bonheur au volant - CanadaMotorJobs.com","og_description":"BMW M2: La personnification du bonheur au volant - Benoit Charette - Annuel automobile - CanadaMotorJobs.com.","og_url":"https:\/\/news.canadamotorjobs.com\/fr\/bmw-m2-la-personnification-du-bonheur-au-volant\/","og_site_name":"CanadaMotorJobs.com","article_publisher":"https:\/\/www.facebook.com\/canadamotorjobs\/","article_published_time":"2023-08-20T16:14:40+00:00","article_modified_time":"2023-08-20T16:14:58+00:00","og_image":[{"width":1200,"height":800,"url":"https:\/\/news.canadamotorjobs.com\/wp-content\/uploads\/2023\/08\/P90497910_highRes_the-all-new-bmw-m2-z.jpg","type":"image\/jpeg"}],"author":"Benoit Charette","twitter_card":"summary_large_image","twitter_creator":"@canadamotorjobs","twitter_site":"@canadamotorjobs","twitter_misc":{"\u00c9crit par":"Benoit Charette","Estimation du temps de lecture":"5 minutes"},"schema":{"@context":"https:\/\/schema.org","@graph":[{"@type":"Article","@id":"https:\/\/news.canadamotorjobs.com\/fr\/bmw-m2-la-personnification-du-bonheur-au-volant\/#article","isPartOf":{"@id":"https:\/\/news.canadamotorjobs.com\/fr\/bmw-m2-la-personnification-du-bonheur-au-volant\/"},"author":{"name":"Benoit Charette","@id":"https:\/\/news.canadamotorjobs.com\/#\/schema\/person\/51793d1f87d44011d7bcc2ed99269a90"},"headline":"BMW M2: La personnification du bonheur au volant","datePublished":"2023-08-20T16:14:40+00:00","dateModified":"2023-08-20T16:14:58+00:00","mainEntityOfPage":{"@id":"https:\/\/news.canadamotorjobs.com\/fr\/bmw-m2-la-personnification-du-bonheur-au-volant\/"},"wordCount":1009,"publisher":{"@id":"https:\/\/news.canadamotorjobs.com\/#organization"},"image":{"@id":"https:\/\/news.canadamotorjobs.com\/fr\/bmw-m2-la-personnification-du-bonheur-au-volant\/#primaryimage"},"thumbnailUrl":"https:\/\/news.canadamotorjobs.com\/wp-content\/uploads\/2023\/08\/P90497910_highRes_the-all-new-bmw-m2-z.jpg","articleSection":["Annuel automobile"],"inLanguage":"fr-CA"},{"@type":"WebPage","@id":"https:\/\/news.canadamotorjobs.com\/fr\/bmw-m2-la-personnification-du-bonheur-au-volant\/","url":"https:\/\/news.canadamotorjobs.com\/fr\/bmw-m2-la-personnification-du-bonheur-au-volant\/","name":"BMW M2: La personnification du bonheur au volant - CanadaMotorJobs.com","isPartOf":{"@id":"https:\/\/news.canadamotorjobs.com\/#website"},"primaryImageOfPage":{"@id":"https:\/\/news.canadamotorjobs.com\/fr\/bmw-m2-la-personnification-du-bonheur-au-volant\/#primaryimage"},"image":{"@id":"https:\/\/news.canadamotorjobs.com\/fr\/bmw-m2-la-personnification-du-bonheur-au-volant\/#primaryimage"},"thumbnailUrl":"https:\/\/news.canadamotorjobs.com\/wp-content\/uploads\/2023\/08\/P90497910_highRes_the-all-new-bmw-m2-z.jpg","datePublished":"2023-08-20T16:14:40+00:00","dateModified":"2023-08-20T16:14:58+00:00","description":"BMW M2: La personnification du bonheur au volant - Benoit Charette - Annuel automobile - CanadaMotorJobs.com.","breadcrumb":{"@id":"https:\/\/news.canadamotorjobs.com\/fr\/bmw-m2-la-personnification-du-bonheur-au-volant\/#breadcrumb"},"inLanguage":"fr-CA","potentialAction":[{"@type":"ReadAction","target":["https:\/\/news.canadamotorjobs.com\/fr\/bmw-m2-la-personnification-du-bonheur-au-volant\/"]}]},{"@type":"ImageObject","inLanguage":"fr-CA","@id":"https:\/\/news.canadamotorjobs.com\/fr\/bmw-m2-la-personnification-du-bonheur-au-volant\/#primaryimage","url":"https:\/\/news.canadamotorjobs.com\/wp-content\/uploads\/2023\/08\/P90497910_highRes_the-all-new-bmw-m2-z.jpg","contentUrl":"https:\/\/news.canadamotorjobs.com\/wp-content\/uploads\/2023\/08\/P90497910_highRes_the-all-new-bmw-m2-z.jpg","width":1200,"height":800},{"@type":"BreadcrumbList","@id":"https:\/\/news.canadamotorjobs.com\/fr\/bmw-m2-la-personnification-du-bonheur-au-volant\/#breadcrumb","itemListElement":[{"@type":"ListItem","position":1,"name":"Home","item":"https:\/\/news.canadamotorjobs.com\/fr\/blog\/"},{"@type":"ListItem","position":2,"name":"BMW M2: La personnification du bonheur au volant"}]},{"@type":"WebSite","@id":"https:\/\/news.canadamotorjobs.com\/#website","url":"https:\/\/news.canadamotorjobs.com\/","name":"CanadaMotorJobs.com","description":"Automotive Jobs","publisher":{"@id":"https:\/\/news.canadamotorjobs.com\/#organization"},"potentialAction":[{"@type":"SearchAction","target":{"@type":"EntryPoint","urlTemplate":"https:\/\/news.canadamotorjobs.com\/?s={search_term_string}"},"query-input":"required name=search_term_string"}],"inLanguage":"fr-CA"},{"@type":"Organization","@id":"https:\/\/news.canadamotorjobs.com\/#organization","name":"Canada Motor Jobs","url":"https:\/\/news.canadamotorjobs.com\/","logo":{"@type":"ImageObject","inLanguage":"fr-CA","@id":"https:\/\/news.canadamotorjobs.com\/#\/schema\/logo\/image\/","url":"https:\/\/news.canadamotorjobs.com\/wp-content\/uploads\/2022\/10\/logo-canada-motor-jobs-1.png","contentUrl":"https:\/\/news.canadamotorjobs.com\/wp-content\/uploads\/2022\/10\/logo-canada-motor-jobs-1.png","width":800,"height":400,"caption":"Canada Motor Jobs"},"image":{"@id":"https:\/\/news.canadamotorjobs.com\/#\/schema\/logo\/image\/"},"sameAs":["https:\/\/www.facebook.com\/canadamotorjobs\/","https:\/\/x.com\/canadamotorjobs","https:\/\/www.instagram.com\/canadamotorjobs\/","https:\/\/www.linkedin.com\/company\/canadamotorjobs"]},{"@type":"Person","@id":"https:\/\/news.canadamotorjobs.com\/#\/schema\/person\/51793d1f87d44011d7bcc2ed99269a90","name":"Benoit Charette","image":{"@type":"ImageObject","inLanguage":"fr-CA","@id":"https:\/\/news.canadamotorjobs.com\/#\/schema\/person\/image\/","url":"https:\/\/secure.gravatar.com\/avatar\/45f3d2eebcccd909668d7ce7ea7267b6?s=96&d=mm&r=g","contentUrl":"https:\/\/secure.gravatar.com\/avatar\/45f3d2eebcccd909668d7ce7ea7267b6?s=96&d=mm&r=g","caption":"Benoit Charette"},"description":"Benoit Charette \/ Propri\u00e9taire et r\u00e9dacteur en chef Benoit Charette pratique le journalisme automobile depuis bient\u00f4t 30 ans. Il a fait ses classes au c\u00f4t\u00e9 de Daniel H\u00e9raud et au Carnet de route de 1992 \u00e0 2001. Il est fondateur, copropri\u00e9taire et r\u00e9dacteur en chef de L\u2019Annuel de l\u2019automobile, qu\u2019il publie depuis 2001. Il a anim\u00e9 les \u00e9missions RPM et RPM+ sur V et les L\u00e9gendes de la route sur Historia. \u00c0 la radio depuis 1986, il reprend l\u2019antenne cette ann\u00e9e sur les ondes de Cogeco et participe pour la deuxi\u00e8me ann\u00e9e \u00e0 l\u2019\u00e9mission Passion Auto sur RDS en plus de mettre en ligne le site Web officiel de L\u2019Annuel de l\u2019automobile sur annuelauto.ca.","sameAs":["https:\/\/annuelauto.ca\/"],"url":"https:\/\/news.canadamotorjobs.com\/fr\/author\/benoit-charette\/"}]}},"_links":{"self":[{"href":"https:\/\/news.canadamotorjobs.com\/fr\/wp-json\/wp\/v2\/posts\/149957"}],"collection":[{"href":"https:\/\/news.canadamotorjobs.com\/fr\/wp-json\/wp\/v2\/posts"}],"about":[{"href":"https:\/\/news.canadamotorjobs.com\/fr\/wp-json\/wp\/v2\/types\/post"}],"author":[{"embeddable":true,"href":"https:\/\/news.canadamotorjobs.com\/fr\/wp-json\/wp\/v2\/users\/8"}],"replies":[{"embeddable":true,"href":"https:\/\/news.canadamotorjobs.com\/fr\/wp-json\/wp\/v2\/comments?post=149957"}],"version-history":[{"count":2,"href":"https:\/\/news.canadamotorjobs.com\/fr\/wp-json\/wp\/v2\/posts\/149957\/revisions"}],"predecessor-version":[{"id":149961,"href":"https:\/\/news.canadamotorjobs.com\/fr\/wp-json\/wp\/v2\/posts\/149957\/revisions\/149961"}],"wp:featuredmedia":[{"embeddable":true,"href":"https:\/\/news.canadamotorjobs.com\/fr\/wp-json\/wp\/v2\/media\/149959"}],"wp:attachment":[{"href":"https:\/\/news.canadamotorjobs.com\/fr\/wp-json\/wp\/v2\/media?parent=149957"}],"wp:term":[{"taxonomy":"category","embeddable":true,"href":"https:\/\/news.canadamotorjobs.com\/fr\/wp-json\/wp\/v2\/categories?post=149957"},{"taxonomy":"post_tag","embeddable":true,"href":"https:\/\/news.canadamotorjobs.com\/fr\/wp-json\/wp\/v2\/tags?post=149957"}],"curies":[{"name":"wp","href":"https:\/\/api.w.org\/{rel}","templated":true}]}}