{"id":149915,"date":"2023-08-19T08:48:52","date_gmt":"2023-08-19T12:48:52","guid":{"rendered":"https:\/\/news.canadamotorjobs.com\/?p=149915"},"modified":"2023-08-19T08:58:58","modified_gmt":"2023-08-19T12:58:58","slug":"fisker-apres-locean-lalaska","status":"publish","type":"post","link":"https:\/\/news.canadamotorjobs.com\/fr\/fisker-apres-locean-lalaska\/","title":{"rendered":"Fisker : apr\u00e8s l\u2019Ocean, l\u2019Alaska"},"content":{"rendered":"<\/p>\n<p><a href=\"https:\/\/annuelauto.ca\/14-000-reservations-pour-la-fisker-ocean\/\" target=\"_blank\" rel=\"noopener noreferrer\">Fisker<\/a> a le vent dans les voiles\u00a0! Alors qu\u2019il amorce en Am\u00e9rique, en Europe et m\u00eame en <a href=\"https:\/\/annuelauto.ca\/geely-et-baidu-lancent-ji-yue-la-100e-marque-chinoise\/\" target=\"_blank\" rel=\"noopener noreferrer\">Chine<\/a> la commercialisation de l\u2019Ocean, son utilitaire \u00e9lectrique, le 3\u00a0ao\u00fbt dernier, l\u2019entreprise du fougueux Henrik Fisker a d\u00e9voil\u00e9 trois futurs produits\u00a0: un coup\u00e9 sport de haute performance baptis\u00e9 Ro\u0304nin, le v\u00e9hicule multisegment PEAR \u00e0 vocation plus populaire et une camionnette \u00e0 caisse courte appel\u00e9e Alaska. Cette derni\u00e8re serait d\u2019ailleurs la prochaine nouveaut\u00e9 de la marque destin\u00e9e \u00e0 atteindre le stade de la production.<\/p>\n<p>Un communiqu\u00e9 publi\u00e9 le 17 ao\u00fbt r\u00e9v\u00e8le quelques d\u00e9tails pertinents son sujet. On d\u00e9couvre, entre autres, que cette camionnette \u00e0 4\u00a0portes dot\u00e9e d\u2019une caisse courte n\u2019a rien d\u2019une F-150. Longue de 5,3\u00a0m\u00e8tres, elle s\u2019assimile plut\u00f4t \u00e0 une Honda Ridgeline.<\/p>\n<p>Fisker proposera deux batteries pour sa camionnette. Celle de 75\u00a0kWh procurera une autonomie de 370\u00a0km, alors que celle de 113\u00a0kWh lui permettra de parcourir pr\u00e8s de 550\u00a0km. Le constructeur n\u2019a cependant r\u00e9v\u00e9l\u00e9 aucun d\u00e9tail sur sa motorisation, sinon le fait qu\u2019elle autorisera une acc\u00e9l\u00e9ration de 0 \u00e0 96 km\/h entre\u2026 3,9 et 7,2\u00a0secondes. Aussi bien dire que cette motorisation est toujours en d\u00e9veloppement\u00a0!<\/p>\n<h3><strong>Con\u00e7u pour s\u00e9duire les \u00c9tatsuniens<\/strong><\/h3>\n<p>\nPour susciter l\u2019int\u00e9r\u00eat des amateurs de camionnettes de loisirs de ce genre, le constructeur a d\u00e9voil\u00e9 certaines de ses particularit\u00e9s, \u00e0 commencer par les roues de 20 ou 22 pouces dont \u00eatre dot\u00e9e.<\/p>\n<p>Certains attributs pr\u00e9sent\u00e9s dans ce communiqu\u00e9 donnent toutefois une allure caricaturale \u00e0 cette camionnette. C\u2019est le cas, par exemple, de son grand porte-gobelet qui serait le plus gros de l\u2019industrie. De quoi satisfaire les \u00c9tatsuniens adipeux grands amateurs de \u00ab\u00a0<em>big\u00a0gulp<\/em>\u00a0\u00bb, sans doute. On annonce aussi un ciel de toit (oui, c\u2019est ainsi qu\u2019on appelle le plafond de l\u2019habitacle dans la langue de Moli\u00e8re) qui serait muni d\u2019un porte-chapeau de cowboy. Le constructeur ne pr\u00e9cise toutefois pas si la hauteur libre dans l\u2019habitacle permettrait d\u2019y ranger un \u00ab\u00a0<em>10-gallon hat<\/em>\u00a0\u00bb\u00a0! On fait aussi miroiter la pr\u00e9sence de nombreux espaces de rangement en pr\u00e9cisant qu\u2019ils sont con\u00e7us pour des gants de travail (de cowboy\u00a0?), des lampes de poche et des stylos. Conviendront-ils aux Colt des Texans\u00a0? \u00c7a, on l\u2019ignore.<\/p>\n<h3>Houdini derri\u00e8re la porte<\/h3>\n<p>\nPlus s\u00e9rieusement, la \u00ab\u00a0porte d\u2019Houdini\u00a0\u00bb dont est muni l\u2019habitacle constitue assur\u00e9ment un attribut plus int\u00e9ressant (malgr\u00e9 son appellation fantaisiste). Il s\u2019agit du panneau arri\u00e8re qui s\u2019abaisse \u00e9lectriquement pour allonger la surface utile de la caisse. En abaissant le hayon, la surface de la caisse passe de 1,4 \u00e0 2,3\u00a0m (4,5 \u00e0 7,5\u00a0pi), mais en abaissant aussi cette \u00ab\u00a0porte\u00a0\u00bb (ce qui implique de sacrifier les places arri\u00e8re), la surface passe alors \u00e0 2,8\u00a0m (9,2 pi).<\/p>\n<p>Sous cette appellation orginale se cache un concept qui n\u2019est pas nouveau. Rappelez-vous la Midgate, cette cloison escamotable dont \u00e9tait munie l\u2019Avalanche, la camionnette de loisirs \u00e0 caisse courte lanc\u00e9e par Chevrolet en 2001.<\/p>\n<p>Dans son communiqu\u00e9, Fisker annonce un prix de base de 45\u00a0400\u00a0$US pour sa camionnette, dont la production doit d\u00e9buter au cours du premier trimestre de 2025. En outre, elle sera vraisemblablement assembl\u00e9e aux \u00c9tats-Unis par le constructeur taiwanais Foxconn, dans son usine de Lordstown, en Ohio.<\/p>\n<p>Comme c\u2019est d\u00e9sormais la coutume avec tous les nouveaux constructeurs, le carnet de commande est d\u00e9j\u00e0 ouvert et les consommateurs int\u00e9ress\u00e9s peuvent r\u00e9server leur Alaska en versant un acompte de 250\u00a0$US pour un premier exemplaire et 100\u00a0$US pour ceux qui souhaite doubler la commande\u00a0!<\/p>\n<h3><strong>Alaska vs. Alaskan : un embroglio commercial potentiel\u00a0?<\/strong><\/h3>\n<p>\nD\u2019ici l\u00e0, le fougeux dirigeant de cette jeune entreprise fond\u00e9e en 2016 devra peut-\u00eatre r\u00e9soudre un embroglio commercial. Apr\u00e8s tout, depuis 2017, Renault commercialise aussi une camionnette nomm\u00e9e&#8230; Alaskan. Cette camionnette \u00e0 quatre portes, qui a un gabarit similaire, est vendue en Europe et en Am\u00e9rique latine.<\/p>\n<p>Or, les constructeurs sont g\u00e9n\u00e9ralement \u00ab\u00a0frileux\u00a0\u00bb face \u00e0 une pareille similitude d\u2019appellations. Parions que tant que Henrik Fisker se limitera \u00e0 vendre la sienne aux \u00c9tats-Unis, o\u00f9 l\u2019Alaskan n\u2019est pas offerte, le Groupe Renault restera peut-\u00eatre \u00ab\u00a0tol\u00e9rant\u00a0\u00bb. Mais, d\u00e8s qu\u2019une Alaska posera ses pneus sur le sol europ\u00e9en, le vent du nord pourrait bien changer de direction&#8230;<\/p>\n<p><em>Photos : Fisker<\/em><\/p>\n<p>Le texte <a rel=\"nofollow\" href=\"https:\/\/annuelauto.ca\/fisker-apres-locean-lalaska\/\">Fisker : apr\u00e8s l\u2019Ocean, l\u2019Alaska<\/a> provient de <a rel=\"nofollow\" href=\"https:\/\/annuelauto.ca\">L&#8217;annuel de l&#8217;automobile &#8211; Actualit\u00e9 automobile<\/a><\/p>\n<p><\/p>\n","protected":false},"excerpt":{"rendered":"<p>Fisker a le vent dans les voiles\u00a0! Alors qu\u2019il amorce en Am\u00e9rique, en Europe et m\u00eame en Chine la commercialisation de l\u2019Ocean, son utilitaire \u00e9lectrique, le 3\u00a0ao\u00fbt dernier, l\u2019entreprise du fougueux Henrik Fisker a d\u00e9voil\u00e9 trois futurs produits\u00a0: un coup\u00e9 sport de haute performance baptis\u00e9 Ro\u0304nin, le v\u00e9hicule multisegment PEAR \u00e0 vocation plus populaire et [&hellip;]<\/p>\n","protected":false},"author":8,"featured_media":149917,"comment_status":"close","ping_status":"closed","sticky":false,"template":"","format":"standard","meta":{"_monsterinsights_skip_tracking":false,"_monsterinsights_sitenote_active":false,"_monsterinsights_sitenote_note":"","_monsterinsights_sitenote_category":0,"footnotes":""},"categories":[101],"tags":[],"yoast_head":"<!-- This site is optimized with the Yoast SEO plugin v23.2 - https:\/\/yoast.com\/wordpress\/plugins\/seo\/ -->\n<title>Fisker : apr\u00e8s l\u2019Ocean, l\u2019Alaska - CanadaMotorJobs.com<\/title>\n<meta name=\"description\" content=\"Fisker : apr\u00e8s l\u2019Ocean, l\u2019Alaska - Benoit Charette - Annuel automobile - CanadaMotorJobs.com.\" \/>\n<meta name=\"robots\" content=\"index, follow, max-snippet:-1, max-image-preview:large, max-video-preview:-1\" \/>\n<meta property=\"og:locale\" content=\"fr_CA\" \/>\n<meta property=\"og:type\" content=\"article\" \/>\n<meta property=\"og:title\" content=\"Fisker : apr\u00e8s l\u2019Ocean, l\u2019Alaska - CanadaMotorJobs.com\" \/>\n<meta property=\"og:description\" content=\"Fisker : apr\u00e8s l\u2019Ocean, l\u2019Alaska - Benoit Charette - Annuel automobile - CanadaMotorJobs.com.\" \/>\n<meta property=\"og:url\" content=\"https:\/\/news.canadamotorjobs.com\/fr\/fisker-apres-locean-lalaska\/\" \/>\n<meta property=\"og:site_name\" content=\"CanadaMotorJobs.com\" \/>\n<meta property=\"article:publisher\" content=\"https:\/\/www.facebook.com\/canadamotorjobs\/\" \/>\n<meta property=\"article:published_time\" content=\"2023-08-19T12:48:52+00:00\" \/>\n<meta property=\"article:modified_time\" content=\"2023-08-19T12:58:58+00:00\" \/>\n<meta property=\"og:image\" content=\"https:\/\/news.canadamotorjobs.com\/wp-content\/uploads\/2023\/08\/Fisker-Alaska-2025_8.jpg\" \/>\n\t<meta property=\"og:image:width\" content=\"1024\" \/>\n\t<meta property=\"og:image:height\" content=\"683\" \/>\n\t<meta property=\"og:image:type\" content=\"image\/jpeg\" \/>\n<meta name=\"author\" content=\"Benoit Charette\" \/>\n<meta name=\"twitter:card\" content=\"summary_large_image\" \/>\n<meta name=\"twitter:creator\" content=\"@canadamotorjobs\" \/>\n<meta name=\"twitter:site\" content=\"@canadamotorjobs\" \/>\n<meta name=\"twitter:label1\" content=\"\u00c9crit par\" \/>\n\t<meta name=\"twitter:data1\" content=\"Benoit Charette\" \/>\n\t<meta name=\"twitter:label2\" content=\"Estimation du temps de lecture\" \/>\n\t<meta name=\"twitter:data2\" content=\"4 minutes\" \/>\n<!-- \/ Yoast SEO plugin. -->","yoast_head_json":{"title":"Fisker : apr\u00e8s l\u2019Ocean, l\u2019Alaska - CanadaMotorJobs.com","description":"Fisker : apr\u00e8s l\u2019Ocean, l\u2019Alaska - Benoit Charette - Annuel automobile - CanadaMotorJobs.com.","robots":{"index":"index","follow":"follow","max-snippet":"max-snippet:-1","max-image-preview":"max-image-preview:large","max-video-preview":"max-video-preview:-1"},"og_locale":"fr_CA","og_type":"article","og_title":"Fisker : apr\u00e8s l\u2019Ocean, l\u2019Alaska - CanadaMotorJobs.com","og_description":"Fisker : apr\u00e8s l\u2019Ocean, l\u2019Alaska - Benoit Charette - Annuel automobile - CanadaMotorJobs.com.","og_url":"https:\/\/news.canadamotorjobs.com\/fr\/fisker-apres-locean-lalaska\/","og_site_name":"CanadaMotorJobs.com","article_publisher":"https:\/\/www.facebook.com\/canadamotorjobs\/","article_published_time":"2023-08-19T12:48:52+00:00","article_modified_time":"2023-08-19T12:58:58+00:00","og_image":[{"width":1024,"height":683,"url":"https:\/\/news.canadamotorjobs.com\/wp-content\/uploads\/2023\/08\/Fisker-Alaska-2025_8.jpg","type":"image\/jpeg"}],"author":"Benoit Charette","twitter_card":"summary_large_image","twitter_creator":"@canadamotorjobs","twitter_site":"@canadamotorjobs","twitter_misc":{"\u00c9crit par":"Benoit Charette","Estimation du temps de lecture":"4 minutes"},"schema":{"@context":"https:\/\/schema.org","@graph":[{"@type":"Article","@id":"https:\/\/news.canadamotorjobs.com\/fr\/fisker-apres-locean-lalaska\/#article","isPartOf":{"@id":"https:\/\/news.canadamotorjobs.com\/fr\/fisker-apres-locean-lalaska\/"},"author":{"name":"Benoit Charette","@id":"https:\/\/news.canadamotorjobs.com\/#\/schema\/person\/51793d1f87d44011d7bcc2ed99269a90"},"headline":"Fisker : apr\u00e8s l\u2019Ocean, l\u2019Alaska","datePublished":"2023-08-19T12:48:52+00:00","dateModified":"2023-08-19T12:58:58+00:00","mainEntityOfPage":{"@id":"https:\/\/news.canadamotorjobs.com\/fr\/fisker-apres-locean-lalaska\/"},"wordCount":758,"publisher":{"@id":"https:\/\/news.canadamotorjobs.com\/#organization"},"image":{"@id":"https:\/\/news.canadamotorjobs.com\/fr\/fisker-apres-locean-lalaska\/#primaryimage"},"thumbnailUrl":"https:\/\/news.canadamotorjobs.com\/wp-content\/uploads\/2023\/08\/Fisker-Alaska-2025_8.jpg","articleSection":["Annuel automobile"],"inLanguage":"fr-CA"},{"@type":"WebPage","@id":"https:\/\/news.canadamotorjobs.com\/fr\/fisker-apres-locean-lalaska\/","url":"https:\/\/news.canadamotorjobs.com\/fr\/fisker-apres-locean-lalaska\/","name":"Fisker : apr\u00e8s l\u2019Ocean, l\u2019Alaska - CanadaMotorJobs.com","isPartOf":{"@id":"https:\/\/news.canadamotorjobs.com\/#website"},"primaryImageOfPage":{"@id":"https:\/\/news.canadamotorjobs.com\/fr\/fisker-apres-locean-lalaska\/#primaryimage"},"image":{"@id":"https:\/\/news.canadamotorjobs.com\/fr\/fisker-apres-locean-lalaska\/#primaryimage"},"thumbnailUrl":"https:\/\/news.canadamotorjobs.com\/wp-content\/uploads\/2023\/08\/Fisker-Alaska-2025_8.jpg","datePublished":"2023-08-19T12:48:52+00:00","dateModified":"2023-08-19T12:58:58+00:00","description":"Fisker : apr\u00e8s l\u2019Ocean, l\u2019Alaska - Benoit Charette - Annuel automobile - CanadaMotorJobs.com.","breadcrumb":{"@id":"https:\/\/news.canadamotorjobs.com\/fr\/fisker-apres-locean-lalaska\/#breadcrumb"},"inLanguage":"fr-CA","potentialAction":[{"@type":"ReadAction","target":["https:\/\/news.canadamotorjobs.com\/fr\/fisker-apres-locean-lalaska\/"]}]},{"@type":"ImageObject","inLanguage":"fr-CA","@id":"https:\/\/news.canadamotorjobs.com\/fr\/fisker-apres-locean-lalaska\/#primaryimage","url":"https:\/\/news.canadamotorjobs.com\/wp-content\/uploads\/2023\/08\/Fisker-Alaska-2025_8.jpg","contentUrl":"https:\/\/news.canadamotorjobs.com\/wp-content\/uploads\/2023\/08\/Fisker-Alaska-2025_8.jpg","width":1024,"height":683},{"@type":"BreadcrumbList","@id":"https:\/\/news.canadamotorjobs.com\/fr\/fisker-apres-locean-lalaska\/#breadcrumb","itemListElement":[{"@type":"ListItem","position":1,"name":"Home","item":"https:\/\/news.canadamotorjobs.com\/fr\/blog\/"},{"@type":"ListItem","position":2,"name":"Fisker : apr\u00e8s l\u2019Ocean, l\u2019Alaska"}]},{"@type":"WebSite","@id":"https:\/\/news.canadamotorjobs.com\/#website","url":"https:\/\/news.canadamotorjobs.com\/","name":"CanadaMotorJobs.com","description":"Automotive Jobs","publisher":{"@id":"https:\/\/news.canadamotorjobs.com\/#organization"},"potentialAction":[{"@type":"SearchAction","target":{"@type":"EntryPoint","urlTemplate":"https:\/\/news.canadamotorjobs.com\/?s={search_term_string}"},"query-input":"required name=search_term_string"}],"inLanguage":"fr-CA"},{"@type":"Organization","@id":"https:\/\/news.canadamotorjobs.com\/#organization","name":"Canada Motor Jobs","url":"https:\/\/news.canadamotorjobs.com\/","logo":{"@type":"ImageObject","inLanguage":"fr-CA","@id":"https:\/\/news.canadamotorjobs.com\/#\/schema\/logo\/image\/","url":"https:\/\/news.canadamotorjobs.com\/wp-content\/uploads\/2022\/10\/logo-canada-motor-jobs-1.png","contentUrl":"https:\/\/news.canadamotorjobs.com\/wp-content\/uploads\/2022\/10\/logo-canada-motor-jobs-1.png","width":800,"height":400,"caption":"Canada Motor Jobs"},"image":{"@id":"https:\/\/news.canadamotorjobs.com\/#\/schema\/logo\/image\/"},"sameAs":["https:\/\/www.facebook.com\/canadamotorjobs\/","https:\/\/x.com\/canadamotorjobs","https:\/\/www.instagram.com\/canadamotorjobs\/","https:\/\/www.linkedin.com\/company\/canadamotorjobs"]},{"@type":"Person","@id":"https:\/\/news.canadamotorjobs.com\/#\/schema\/person\/51793d1f87d44011d7bcc2ed99269a90","name":"Benoit Charette","image":{"@type":"ImageObject","inLanguage":"fr-CA","@id":"https:\/\/news.canadamotorjobs.com\/#\/schema\/person\/image\/","url":"https:\/\/secure.gravatar.com\/avatar\/45f3d2eebcccd909668d7ce7ea7267b6?s=96&d=mm&r=g","contentUrl":"https:\/\/secure.gravatar.com\/avatar\/45f3d2eebcccd909668d7ce7ea7267b6?s=96&d=mm&r=g","caption":"Benoit Charette"},"description":"Benoit Charette \/ Propri\u00e9taire et r\u00e9dacteur en chef Benoit Charette pratique le journalisme automobile depuis bient\u00f4t 30 ans. Il a fait ses classes au c\u00f4t\u00e9 de Daniel H\u00e9raud et au Carnet de route de 1992 \u00e0 2001. Il est fondateur, copropri\u00e9taire et r\u00e9dacteur en chef de L\u2019Annuel de l\u2019automobile, qu\u2019il publie depuis 2001. Il a anim\u00e9 les \u00e9missions RPM et RPM+ sur V et les L\u00e9gendes de la route sur Historia. \u00c0 la radio depuis 1986, il reprend l\u2019antenne cette ann\u00e9e sur les ondes de Cogeco et participe pour la deuxi\u00e8me ann\u00e9e \u00e0 l\u2019\u00e9mission Passion Auto sur RDS en plus de mettre en ligne le site Web officiel de L\u2019Annuel de l\u2019automobile sur annuelauto.ca.","sameAs":["https:\/\/annuelauto.ca\/"],"url":"https:\/\/news.canadamotorjobs.com\/fr\/author\/benoit-charette\/"}]}},"_links":{"self":[{"href":"https:\/\/news.canadamotorjobs.com\/fr\/wp-json\/wp\/v2\/posts\/149915"}],"collection":[{"href":"https:\/\/news.canadamotorjobs.com\/fr\/wp-json\/wp\/v2\/posts"}],"about":[{"href":"https:\/\/news.canadamotorjobs.com\/fr\/wp-json\/wp\/v2\/types\/post"}],"author":[{"embeddable":true,"href":"https:\/\/news.canadamotorjobs.com\/fr\/wp-json\/wp\/v2\/users\/8"}],"replies":[{"embeddable":true,"href":"https:\/\/news.canadamotorjobs.com\/fr\/wp-json\/wp\/v2\/comments?post=149915"}],"version-history":[{"count":2,"href":"https:\/\/news.canadamotorjobs.com\/fr\/wp-json\/wp\/v2\/posts\/149915\/revisions"}],"predecessor-version":[{"id":149919,"href":"https:\/\/news.canadamotorjobs.com\/fr\/wp-json\/wp\/v2\/posts\/149915\/revisions\/149919"}],"wp:featuredmedia":[{"embeddable":true,"href":"https:\/\/news.canadamotorjobs.com\/fr\/wp-json\/wp\/v2\/media\/149917"}],"wp:attachment":[{"href":"https:\/\/news.canadamotorjobs.com\/fr\/wp-json\/wp\/v2\/media?parent=149915"}],"wp:term":[{"taxonomy":"category","embeddable":true,"href":"https:\/\/news.canadamotorjobs.com\/fr\/wp-json\/wp\/v2\/categories?post=149915"},{"taxonomy":"post_tag","embeddable":true,"href":"https:\/\/news.canadamotorjobs.com\/fr\/wp-json\/wp\/v2\/tags?post=149915"}],"curies":[{"name":"wp","href":"https:\/\/api.w.org\/{rel}","templated":true}]}}