{"id":149892,"date":"2023-08-19T03:09:49","date_gmt":"2023-08-19T07:09:49","guid":{"rendered":"https:\/\/news.canadamotorjobs.com\/?p=149892"},"modified":"2023-08-19T03:17:16","modified_gmt":"2023-08-19T07:17:16","slug":"la-mercedes-amg-gt-2024-aussi-performante-que-confortable","status":"publish","type":"post","link":"https:\/\/news.canadamotorjobs.com\/fr\/la-mercedes-amg-gt-2024-aussi-performante-que-confortable\/","title":{"rendered":"La Mercedes-AMG GT 2024\u00a0: aussi performante que confortable"},"content":{"rendered":"<\/p>\n<p>D\u00e9couvrez la toute nouvelle Mercedes-AMG GT Coupe de deuxi\u00e8me g\u00e9n\u00e9ration, la nouvelle r\u00e9f\u00e9rence d&#8217;excellence sign\u00e9e Mercedes-AMG. Cette superbe voiture offre une exp\u00e9rience de conduite exaltante et un confort rehauss\u00e9 pour une utilisation quotidienne optimale. Gr\u00e2ce \u00e0 des innovations de pointe, dont la suspension AMG ACTIVE RIDE CONTROL, la direction \u00e0 essieu arri\u00e8re et l&#8217;a\u00e9rodynamique active, chaque trajet se transforme en un moment inoubliable. De plus, ce coup\u00e9 sport est d\u00e9sormais dot\u00e9 de la transmission int\u00e9grale AMG Performance 4MATIC+ totalement adaptable, associ\u00e9e au moteur V8 biturbo AMG de 4,0 litres, enti\u00e8rement confectionn\u00e9 \u00e0 la main. L&#8217;architecture distinctive des voitures de sport AMG et la structure sophistiqu\u00e9e de la carrosserie en aluminium composite permettent de jouir d&#8217;un int\u00e9rieur spacieux, comprenant en option des si\u00e8ges 2+2 ainsi qu&#8217;un g\u00e9n\u00e9reux espace pour les bagages.<\/p>\n<h3><strong>L&#8217;inimitable style de la Mercedes-AMG GT<\/strong><\/h3>\n<p>\nLes phares DIGITAL LIGHT caract\u00e9ristiques, de s\u00e9rie, subliment davantage le design unique de ce bolide. Les d\u00e9tails pr\u00e9cis dans la partie sombre des phares, accentu\u00e9s par des surfaces bross\u00e9es, ajoutent une profondeur exceptionnelle \u00e0 l&#8217;apparence. Le motif distinctif des feux diurnes, avec ses trois &#8220;points lumineux&#8221;, permet d&#8217;identifier instantan\u00e9ment la Mercedes-AMG GT de loin.<\/p>\n<h3><strong>Exp\u00e9rience de conduite personnalis\u00e9e<\/strong><\/h3>\n<p>\nL&#8217;int\u00e9rieur est con\u00e7u autour de la console centrale qui s&#8217;int\u00e8gre harmonieusement dans le tableau de bord. Le c\u0153ur de cet espace fonctionnel est l&#8217;\u00e9cran tactile multim\u00e9dia de 11,9 pouces, en format portrait, offrant des avantages pratiques pour la navigation et un confort ergonomique accru. L&#8217;\u00e9cran conducteur de 12,3 pouces est enti\u00e8rement personnalisable, avec des dispositions adaptables \u00e0 chaque conducteur. Le syst\u00e8me MBUX (Mercedes-Benz User Experience) fait preuve d&#8217;intelligence et d&#8217;apprentissage. Avec cinq styles d&#8217;affichage, dont des options exclusives AMG comme &#8220;AMG Performance&#8221; ou &#8220;AMG TRACK PACE&#8221;, ce syst\u00e8me souligne le caract\u00e8re sportif de la voiture. Gr\u00e2ce au menu &#8220;AMG Performance&#8221;, le conducteur peut ais\u00e9ment acc\u00e9der \u00e0 une multitude de donn\u00e9es, dont la puissance du moteur, l&#8217;acc\u00e9l\u00e9ration lat\u00e9rale, la r\u00e9partition du couple de la transmission int\u00e9grale adaptable, ainsi que la pression des pneus et la temp\u00e9rature des liquides.<\/p>\n<h3><strong>Confortable et technologique<\/strong><\/h3>\n<p>\nLe choix de si\u00e8ges sculpturaux, dot\u00e9s d&#8217;appuis-t\u00eate int\u00e9gr\u00e9s, est l&#8217;un des nombreux points forts de l&#8217;habitacle. Les si\u00e8ges sport de s\u00e9rie offrent un confort sup\u00e9rieur et un excellent soutien lat\u00e9ral. Pour une exp\u00e9rience encore plus sportive, les si\u00e8ges Performance AMG en option arborent des appuis-t\u00eate int\u00e9gr\u00e9s et des ouvertures de ventilation dans les dossiers. Les si\u00e8ges multicontours en option se r\u00e9tr\u00e9cissent automatiquement pour offrir un soutien lat\u00e9ral optimal lorsque les modes de conduite Sport, Sport+ et RACE sont activ\u00e9s. Les rev\u00eatements vari\u00e9s, du cuir Nappa uni au cuir Nappa MANUFAKTUR \u00e9l\u00e9gant avec matelassage en diamant, offrent un choix diversifi\u00e9 pour r\u00e9pondre \u00e0 tous les go\u00fbts.<\/p>\n<h3><strong>Conduite impeccable<\/strong><\/h3>\n<p>\nL&#8217;a\u00e9rodynamique active, incluant un aileron arri\u00e8re r\u00e9tractable parfaitement int\u00e9gr\u00e9, s&#8217;ajuste en temps r\u00e9el en fonction des conditions de conduite. La transmission int\u00e9grale AMG Performance 4MATIC+ totalement adaptable garantit une traction optimale et une stabilit\u00e9 sup\u00e9rieure sur toutes les surfaces, tout en permettant des transitions fluides entre propulsion arri\u00e8re et transmission int\u00e9grale. La suspension AMG ACTIVE RIDE CONTROL avec stabilisation du roulis assure une tenue de route exceptionnelle, tandis que la direction active de l&#8217;essieu arri\u00e8re conjugue agilit\u00e9 et stabilit\u00e9.<\/p>\n<h3><strong>Performance de haut niveau<\/strong><\/h3>\n<p>\nLe moteur V8 biturbo AMG de 4,0 litres, fabriqu\u00e9 \u00e0 la main, propulse le coup\u00e9 AMG GT 2024. Disponible en deux niveaux de performance, il offre des performances impressionnantes, que ce soit avec 577 ch et 590 lb-pi de couple dans le mod\u00e8le GT 63 ou 469 ch et 516 lb-pi de couple dans le mod\u00e8le GT 55. La transmission int\u00e9grale, les technologies de suspension innovantes et le diff\u00e9rentiel arri\u00e8re \u00e0 glissement limit\u00e9 garantissent une conduite dynamique et une maniabilit\u00e9 exceptionnelle.<\/p>\n<h3><strong>Un personnalit\u00e9 pour chaque route<\/strong><\/h3>\n<p>\nAvec six modes de conduite AMG DYNAMIC SELECT, la Mercedes-AMG GT permet d&#8217;ajuster les caract\u00e9ristiques du v\u00e9hicule pour s&#8217;adapter \u00e0 chaque situation. De &#8220;Glissant&#8221; \u00e0 &#8220;RACE&#8221;, chaque mode offre une exp\u00e9rience unique et adapt\u00e9e \u00e0 vos pr\u00e9f\u00e9rences. En somme, la Mercedes-AMG GT Coupe 2024 allie performance, confort et technologie pour offrir une exp\u00e9rience de conduite exceptionnelle.<\/p>\n<p>\u00a0<\/p>\n<p>Le texte <a rel=\"nofollow\" href=\"https:\/\/annuelauto.ca\/la-mercedes-amg-gt-2024-aussi-performante-que-confortable\/\">La Mercedes-AMG GT 2024\u00a0: aussi performante que confortable<\/a> provient de <a rel=\"nofollow\" href=\"https:\/\/annuelauto.ca\">L&#8217;annuel de l&#8217;automobile &#8211; Actualit\u00e9 automobile<\/a><\/p>\n<p><\/p>\n","protected":false},"excerpt":{"rendered":"<p>D\u00e9couvrez la toute nouvelle Mercedes-AMG GT Coupe de deuxi\u00e8me g\u00e9n\u00e9ration, la nouvelle r\u00e9f\u00e9rence d&#8217;excellence sign\u00e9e Mercedes-AMG. Cette superbe voiture offre une exp\u00e9rience de conduite exaltante et un confort rehauss\u00e9 pour une utilisation quotidienne optimale. Gr\u00e2ce \u00e0 des innovations de pointe, dont la suspension AMG ACTIVE RIDE CONTROL, la direction \u00e0 essieu arri\u00e8re et l&#8217;a\u00e9rodynamique active, [&hellip;]<\/p>\n","protected":false},"author":8,"featured_media":149894,"comment_status":"close","ping_status":"closed","sticky":false,"template":"","format":"standard","meta":{"_monsterinsights_skip_tracking":false,"_monsterinsights_sitenote_active":false,"_monsterinsights_sitenote_note":"","_monsterinsights_sitenote_category":0,"footnotes":""},"categories":[101],"tags":[],"yoast_head":"<!-- This site is optimized with the Yoast SEO plugin v23.2 - https:\/\/yoast.com\/wordpress\/plugins\/seo\/ -->\n<title>La Mercedes-AMG GT 2024\u00a0: aussi performante que confortable - CanadaMotorJobs.com<\/title>\n<meta name=\"description\" content=\"La Mercedes-AMG GT 2024\u00a0: aussi performante que confortable - Benoit Charette - Annuel automobile - CanadaMotorJobs.com.\" \/>\n<meta name=\"robots\" content=\"index, follow, max-snippet:-1, max-image-preview:large, max-video-preview:-1\" \/>\n<meta property=\"og:locale\" content=\"fr_CA\" \/>\n<meta property=\"og:type\" content=\"article\" \/>\n<meta property=\"og:title\" content=\"La Mercedes-AMG GT 2024\u00a0: aussi performante que confortable - CanadaMotorJobs.com\" \/>\n<meta property=\"og:description\" content=\"La Mercedes-AMG GT 2024\u00a0: aussi performante que confortable - Benoit Charette - Annuel automobile - CanadaMotorJobs.com.\" \/>\n<meta property=\"og:url\" content=\"https:\/\/news.canadamotorjobs.com\/fr\/la-mercedes-amg-gt-2024-aussi-performante-que-confortable\/\" \/>\n<meta property=\"og:site_name\" content=\"CanadaMotorJobs.com\" \/>\n<meta property=\"article:publisher\" content=\"https:\/\/www.facebook.com\/canadamotorjobs\/\" \/>\n<meta property=\"article:published_time\" content=\"2023-08-19T07:09:49+00:00\" \/>\n<meta property=\"article:modified_time\" content=\"2023-08-19T07:17:16+00:00\" \/>\n<meta property=\"og:image\" content=\"https:\/\/news.canadamotorjobs.com\/wp-content\/uploads\/2023\/08\/23c0233_019.jpg\" \/>\n\t<meta property=\"og:image:width\" content=\"1199\" \/>\n\t<meta property=\"og:image:height\" content=\"800\" \/>\n\t<meta property=\"og:image:type\" content=\"image\/jpeg\" \/>\n<meta name=\"author\" content=\"Benoit Charette\" \/>\n<meta name=\"twitter:card\" content=\"summary_large_image\" \/>\n<meta name=\"twitter:creator\" content=\"@canadamotorjobs\" \/>\n<meta name=\"twitter:site\" content=\"@canadamotorjobs\" \/>\n<meta name=\"twitter:label1\" content=\"\u00c9crit par\" \/>\n\t<meta name=\"twitter:data1\" content=\"Benoit Charette\" \/>\n\t<meta name=\"twitter:label2\" content=\"Estimation du temps de lecture\" \/>\n\t<meta name=\"twitter:data2\" content=\"4 minutes\" \/>\n<!-- \/ Yoast SEO plugin. -->","yoast_head_json":{"title":"La Mercedes-AMG GT 2024\u00a0: aussi performante que confortable - CanadaMotorJobs.com","description":"La Mercedes-AMG GT 2024\u00a0: aussi performante que confortable - Benoit Charette - Annuel automobile - CanadaMotorJobs.com.","robots":{"index":"index","follow":"follow","max-snippet":"max-snippet:-1","max-image-preview":"max-image-preview:large","max-video-preview":"max-video-preview:-1"},"og_locale":"fr_CA","og_type":"article","og_title":"La Mercedes-AMG GT 2024\u00a0: aussi performante que confortable - CanadaMotorJobs.com","og_description":"La Mercedes-AMG GT 2024\u00a0: aussi performante que confortable - Benoit Charette - Annuel automobile - CanadaMotorJobs.com.","og_url":"https:\/\/news.canadamotorjobs.com\/fr\/la-mercedes-amg-gt-2024-aussi-performante-que-confortable\/","og_site_name":"CanadaMotorJobs.com","article_publisher":"https:\/\/www.facebook.com\/canadamotorjobs\/","article_published_time":"2023-08-19T07:09:49+00:00","article_modified_time":"2023-08-19T07:17:16+00:00","og_image":[{"width":1199,"height":800,"url":"https:\/\/news.canadamotorjobs.com\/wp-content\/uploads\/2023\/08\/23c0233_019.jpg","type":"image\/jpeg"}],"author":"Benoit Charette","twitter_card":"summary_large_image","twitter_creator":"@canadamotorjobs","twitter_site":"@canadamotorjobs","twitter_misc":{"\u00c9crit par":"Benoit Charette","Estimation du temps de lecture":"4 minutes"},"schema":{"@context":"https:\/\/schema.org","@graph":[{"@type":"Article","@id":"https:\/\/news.canadamotorjobs.com\/fr\/la-mercedes-amg-gt-2024-aussi-performante-que-confortable\/#article","isPartOf":{"@id":"https:\/\/news.canadamotorjobs.com\/fr\/la-mercedes-amg-gt-2024-aussi-performante-que-confortable\/"},"author":{"name":"Benoit Charette","@id":"https:\/\/news.canadamotorjobs.com\/#\/schema\/person\/51793d1f87d44011d7bcc2ed99269a90"},"headline":"La Mercedes-AMG GT 2024\u00a0: aussi performante que confortable","datePublished":"2023-08-19T07:09:49+00:00","dateModified":"2023-08-19T07:17:16+00:00","mainEntityOfPage":{"@id":"https:\/\/news.canadamotorjobs.com\/fr\/la-mercedes-amg-gt-2024-aussi-performante-que-confortable\/"},"wordCount":785,"publisher":{"@id":"https:\/\/news.canadamotorjobs.com\/#organization"},"image":{"@id":"https:\/\/news.canadamotorjobs.com\/fr\/la-mercedes-amg-gt-2024-aussi-performante-que-confortable\/#primaryimage"},"thumbnailUrl":"https:\/\/news.canadamotorjobs.com\/wp-content\/uploads\/2023\/08\/23c0233_019.jpg","articleSection":["Annuel automobile"],"inLanguage":"fr-CA"},{"@type":"WebPage","@id":"https:\/\/news.canadamotorjobs.com\/fr\/la-mercedes-amg-gt-2024-aussi-performante-que-confortable\/","url":"https:\/\/news.canadamotorjobs.com\/fr\/la-mercedes-amg-gt-2024-aussi-performante-que-confortable\/","name":"La Mercedes-AMG GT 2024\u00a0: aussi performante que confortable - CanadaMotorJobs.com","isPartOf":{"@id":"https:\/\/news.canadamotorjobs.com\/#website"},"primaryImageOfPage":{"@id":"https:\/\/news.canadamotorjobs.com\/fr\/la-mercedes-amg-gt-2024-aussi-performante-que-confortable\/#primaryimage"},"image":{"@id":"https:\/\/news.canadamotorjobs.com\/fr\/la-mercedes-amg-gt-2024-aussi-performante-que-confortable\/#primaryimage"},"thumbnailUrl":"https:\/\/news.canadamotorjobs.com\/wp-content\/uploads\/2023\/08\/23c0233_019.jpg","datePublished":"2023-08-19T07:09:49+00:00","dateModified":"2023-08-19T07:17:16+00:00","description":"La Mercedes-AMG GT 2024\u00a0: aussi performante que confortable - Benoit Charette - Annuel automobile - CanadaMotorJobs.com.","breadcrumb":{"@id":"https:\/\/news.canadamotorjobs.com\/fr\/la-mercedes-amg-gt-2024-aussi-performante-que-confortable\/#breadcrumb"},"inLanguage":"fr-CA","potentialAction":[{"@type":"ReadAction","target":["https:\/\/news.canadamotorjobs.com\/fr\/la-mercedes-amg-gt-2024-aussi-performante-que-confortable\/"]}]},{"@type":"ImageObject","inLanguage":"fr-CA","@id":"https:\/\/news.canadamotorjobs.com\/fr\/la-mercedes-amg-gt-2024-aussi-performante-que-confortable\/#primaryimage","url":"https:\/\/news.canadamotorjobs.com\/wp-content\/uploads\/2023\/08\/23c0233_019.jpg","contentUrl":"https:\/\/news.canadamotorjobs.com\/wp-content\/uploads\/2023\/08\/23c0233_019.jpg","width":1199,"height":800},{"@type":"BreadcrumbList","@id":"https:\/\/news.canadamotorjobs.com\/fr\/la-mercedes-amg-gt-2024-aussi-performante-que-confortable\/#breadcrumb","itemListElement":[{"@type":"ListItem","position":1,"name":"Home","item":"https:\/\/news.canadamotorjobs.com\/fr\/blog\/"},{"@type":"ListItem","position":2,"name":"La Mercedes-AMG GT 2024\u00a0: aussi performante que confortable"}]},{"@type":"WebSite","@id":"https:\/\/news.canadamotorjobs.com\/#website","url":"https:\/\/news.canadamotorjobs.com\/","name":"CanadaMotorJobs.com","description":"Automotive Jobs","publisher":{"@id":"https:\/\/news.canadamotorjobs.com\/#organization"},"potentialAction":[{"@type":"SearchAction","target":{"@type":"EntryPoint","urlTemplate":"https:\/\/news.canadamotorjobs.com\/?s={search_term_string}"},"query-input":"required name=search_term_string"}],"inLanguage":"fr-CA"},{"@type":"Organization","@id":"https:\/\/news.canadamotorjobs.com\/#organization","name":"Canada Motor Jobs","url":"https:\/\/news.canadamotorjobs.com\/","logo":{"@type":"ImageObject","inLanguage":"fr-CA","@id":"https:\/\/news.canadamotorjobs.com\/#\/schema\/logo\/image\/","url":"https:\/\/news.canadamotorjobs.com\/wp-content\/uploads\/2022\/10\/logo-canada-motor-jobs-1.png","contentUrl":"https:\/\/news.canadamotorjobs.com\/wp-content\/uploads\/2022\/10\/logo-canada-motor-jobs-1.png","width":800,"height":400,"caption":"Canada Motor Jobs"},"image":{"@id":"https:\/\/news.canadamotorjobs.com\/#\/schema\/logo\/image\/"},"sameAs":["https:\/\/www.facebook.com\/canadamotorjobs\/","https:\/\/x.com\/canadamotorjobs","https:\/\/www.instagram.com\/canadamotorjobs\/","https:\/\/www.linkedin.com\/company\/canadamotorjobs"]},{"@type":"Person","@id":"https:\/\/news.canadamotorjobs.com\/#\/schema\/person\/51793d1f87d44011d7bcc2ed99269a90","name":"Benoit Charette","image":{"@type":"ImageObject","inLanguage":"fr-CA","@id":"https:\/\/news.canadamotorjobs.com\/#\/schema\/person\/image\/","url":"https:\/\/secure.gravatar.com\/avatar\/45f3d2eebcccd909668d7ce7ea7267b6?s=96&d=mm&r=g","contentUrl":"https:\/\/secure.gravatar.com\/avatar\/45f3d2eebcccd909668d7ce7ea7267b6?s=96&d=mm&r=g","caption":"Benoit Charette"},"description":"Benoit Charette \/ Propri\u00e9taire et r\u00e9dacteur en chef Benoit Charette pratique le journalisme automobile depuis bient\u00f4t 30 ans. Il a fait ses classes au c\u00f4t\u00e9 de Daniel H\u00e9raud et au Carnet de route de 1992 \u00e0 2001. Il est fondateur, copropri\u00e9taire et r\u00e9dacteur en chef de L\u2019Annuel de l\u2019automobile, qu\u2019il publie depuis 2001. Il a anim\u00e9 les \u00e9missions RPM et RPM+ sur V et les L\u00e9gendes de la route sur Historia. \u00c0 la radio depuis 1986, il reprend l\u2019antenne cette ann\u00e9e sur les ondes de Cogeco et participe pour la deuxi\u00e8me ann\u00e9e \u00e0 l\u2019\u00e9mission Passion Auto sur RDS en plus de mettre en ligne le site Web officiel de L\u2019Annuel de l\u2019automobile sur annuelauto.ca.","sameAs":["https:\/\/annuelauto.ca\/"],"url":"https:\/\/news.canadamotorjobs.com\/fr\/author\/benoit-charette\/"}]}},"_links":{"self":[{"href":"https:\/\/news.canadamotorjobs.com\/fr\/wp-json\/wp\/v2\/posts\/149892"}],"collection":[{"href":"https:\/\/news.canadamotorjobs.com\/fr\/wp-json\/wp\/v2\/posts"}],"about":[{"href":"https:\/\/news.canadamotorjobs.com\/fr\/wp-json\/wp\/v2\/types\/post"}],"author":[{"embeddable":true,"href":"https:\/\/news.canadamotorjobs.com\/fr\/wp-json\/wp\/v2\/users\/8"}],"replies":[{"embeddable":true,"href":"https:\/\/news.canadamotorjobs.com\/fr\/wp-json\/wp\/v2\/comments?post=149892"}],"version-history":[{"count":2,"href":"https:\/\/news.canadamotorjobs.com\/fr\/wp-json\/wp\/v2\/posts\/149892\/revisions"}],"predecessor-version":[{"id":149896,"href":"https:\/\/news.canadamotorjobs.com\/fr\/wp-json\/wp\/v2\/posts\/149892\/revisions\/149896"}],"wp:featuredmedia":[{"embeddable":true,"href":"https:\/\/news.canadamotorjobs.com\/fr\/wp-json\/wp\/v2\/media\/149894"}],"wp:attachment":[{"href":"https:\/\/news.canadamotorjobs.com\/fr\/wp-json\/wp\/v2\/media?parent=149892"}],"wp:term":[{"taxonomy":"category","embeddable":true,"href":"https:\/\/news.canadamotorjobs.com\/fr\/wp-json\/wp\/v2\/categories?post=149892"},{"taxonomy":"post_tag","embeddable":true,"href":"https:\/\/news.canadamotorjobs.com\/fr\/wp-json\/wp\/v2\/tags?post=149892"}],"curies":[{"name":"wp","href":"https:\/\/api.w.org\/{rel}","templated":true}]}}