{"id":149861,"date":"2023-08-18T11:29:42","date_gmt":"2023-08-18T15:29:42","guid":{"rendered":"https:\/\/news.canadamotorjobs.com\/?p=149861"},"modified":"2023-08-18T11:45:45","modified_gmt":"2023-08-18T15:45:45","slug":"un-feu-de-paille-en-bourse-pour-vinfast","status":"publish","type":"post","link":"https:\/\/news.canadamotorjobs.com\/fr\/un-feu-de-paille-en-bourse-pour-vinfast\/","title":{"rendered":"Un feu de paille en bourse pour Vinfast"},"content":{"rendered":"<\/p>\n<div class=\"flex flex-grow flex-col gap-3\"><\/p>\n<div class=\"min-h-[20px] flex flex-col items-start gap-3 overflow-x-auto whitespace-pre-wrap break-words\"><\/p>\n<div class=\"markdown prose w-full break-words dark:prose-invert light\">\n<p>Les actions de VinFast, le fabricant de voitures \u00e9lectriques vietnamien, ont d\u00e9gringol\u00e9 pour la troisi\u00e8me s\u00e9ance cons\u00e9cutive vendredi. Cette chute fait suite \u00e0 une entr\u00e9e en bourse spectaculaire sur le Nasdaq en d\u00e9but de semaine, mais a d\u00e9j\u00e0 effac\u00e9 pr\u00e8s de la moiti\u00e9 de sa valeur de march\u00e9 en deux jours seulement.<\/p>\n<h3><strong>Chute de valeur et volatilit\u00e9<\/strong><\/h3>\n<p>\nLe cours a chut\u00e9 de 24 % \u00e0 15,53 dollars, en dessous du prix d&#8217;introduction de 22 dollars \u00e9tabli mardi, apr\u00e8s avoir atteint un sommet de 38,78 dollars. Avec le fondateur Pham Nhat Vuong contr\u00f4lant pr\u00e8s de 99 % de l&#8217;entreprise, la disponibilit\u00e9 limit\u00e9e des actions publiques contribue \u00e0 la volatilit\u00e9 de l&#8217;action.<\/p>\n<h3><strong>Valorisation en question<\/strong><\/h3>\n<p>\nL&#8217;entreprise, malgr\u00e9 son \u00e9valuation de 85 milliards de dollars US lors de son entr\u00e9e \u00e0 Wall Street, a vu sa valeur chuter de 46 % en deux jours seulement, la ramenant \u00e0 46,4 milliards de dollars US. Cette valorisation se rapproche d\u00e9sormais de celles des g\u00e9ants automobiles historiques comme Ford et General Motors.<\/p>\n<h3><strong>Un mod\u00e8le en mutation<\/strong><\/h3>\n<p>\nVinFast, confront\u00e9e \u00e0 des d\u00e9fis de r\u00e9tention des cadres sup\u00e9rieurs et avec un objectif ambitieux de vendre 50 000 v\u00e9hicules \u00e9lectriques cette ann\u00e9e, cherche \u00e0 \u00e9voluer vers un &#8220;mod\u00e8le hybride&#8221; de vente en faisant appel \u00e0 des distributeurs pour les march\u00e9s internationaux. Cependant, les analystes restent sceptiques quant \u00e0 la faisabilit\u00e9 de cette transition.<\/p>\n<h3><strong>Scepticisme et doutes<\/strong><\/h3>\n<p>\nCertains analystes soulignent les difficult\u00e9s de commercialiser des v\u00e9hicules con\u00e7us pour un march\u00e9 \u00e9mergent comme le Vi\u00eat Nam sur des march\u00e9s plus matures tels que les \u00c9tats-Unis. Les diff\u00e9rences en termes de pr\u00e9f\u00e9rences des consommateurs et de caract\u00e9ristiques exig\u00e9es rendent ce pari incertain.<\/p>\n<h3><strong>D\u00e9fis \u00e0 venir<\/strong><\/h3>\n<p>\nVinFast a \u00e9galement annonc\u00e9 son intention de lever des fonds aupr\u00e8s d&#8217;investisseurs internationaux au cours des 18 prochains mois, une d\u00e9marche qui pourrait mettre en p\u00e9ril sa valorisation actuelle. La participation importante du fondateur au march\u00e9 public pourrait \u00e9galement peser sur l&#8217;action dans les mois \u00e0 venir.<\/p>\n<h3><strong>Cons\u00e9quences sur Vingroup<\/strong><\/h3>\n<p>\nLes actions de Vingroup, la soci\u00e9t\u00e9 m\u00e8re de VinFast et le plus grand conglom\u00e9rat vietnamien, ont cl\u00f4tur\u00e9 en baisse de 7 % \u00e0 la suite de cette chute, laissant entrevoir des r\u00e9percussions plus larges sur l&#8217;\u00e9conomie locale. En somme, l&#8217;engouement initial pour VinFast s&#8217;est estomp\u00e9, r\u00e9v\u00e9lant des d\u00e9fis de durabilit\u00e9 pour la soci\u00e9t\u00e9 alors qu&#8217;elle tente de faire sa place sur la sc\u00e8ne mondiale des v\u00e9hicules \u00e9lectriques.<\/p>\n<p>Avec des renseignements de Reuters<\/p>\n<\/div>\n<p>\n<\/div>\n<p>\n<\/div>\n<p>Le texte <a rel=\"nofollow\" href=\"https:\/\/annuelauto.ca\/un-feu-de-paille-en-bourse-pour-vinfast\/\">Un feu de paille en bourse pour Vinfast<\/a> provient de <a rel=\"nofollow\" href=\"https:\/\/annuelauto.ca\">L&#8217;annuel de l&#8217;automobile &#8211; Actualit\u00e9 automobile<\/a><\/p>\n<p><\/p>\n","protected":false},"excerpt":{"rendered":"<p>Les actions de VinFast, le fabricant de voitures \u00e9lectriques vietnamien, ont d\u00e9gringol\u00e9 pour la troisi\u00e8me s\u00e9ance cons\u00e9cutive vendredi. Cette chute fait suite \u00e0 une entr\u00e9e en bourse spectaculaire sur le Nasdaq en d\u00e9but de semaine, mais a d\u00e9j\u00e0 effac\u00e9 pr\u00e8s de la moiti\u00e9 de sa valeur de march\u00e9 en deux jours seulement. Chute de valeur [&hellip;]<\/p>\n","protected":false},"author":8,"featured_media":149863,"comment_status":"close","ping_status":"closed","sticky":false,"template":"","format":"standard","meta":{"_monsterinsights_skip_tracking":false,"_monsterinsights_sitenote_active":false,"_monsterinsights_sitenote_note":"","_monsterinsights_sitenote_category":0,"footnotes":""},"categories":[101],"tags":[],"yoast_head":"<!-- This site is optimized with the Yoast SEO plugin v23.2 - https:\/\/yoast.com\/wordpress\/plugins\/seo\/ -->\n<title>Un feu de paille en bourse pour Vinfast - CanadaMotorJobs.com<\/title>\n<meta name=\"description\" content=\"Un feu de paille en bourse pour Vinfast - Benoit Charette - Annuel automobile - CanadaMotorJobs.com.\" \/>\n<meta name=\"robots\" content=\"index, follow, max-snippet:-1, max-image-preview:large, max-video-preview:-1\" \/>\n<meta property=\"og:locale\" content=\"fr_CA\" \/>\n<meta property=\"og:type\" content=\"article\" \/>\n<meta property=\"og:title\" content=\"Un feu de paille en bourse pour Vinfast - CanadaMotorJobs.com\" \/>\n<meta property=\"og:description\" content=\"Un feu de paille en bourse pour Vinfast - Benoit Charette - Annuel automobile - CanadaMotorJobs.com.\" \/>\n<meta property=\"og:url\" content=\"https:\/\/news.canadamotorjobs.com\/fr\/un-feu-de-paille-en-bourse-pour-vinfast\/\" \/>\n<meta property=\"og:site_name\" content=\"CanadaMotorJobs.com\" \/>\n<meta property=\"article:publisher\" content=\"https:\/\/www.facebook.com\/canadamotorjobs\/\" \/>\n<meta property=\"article:published_time\" content=\"2023-08-18T15:29:42+00:00\" \/>\n<meta property=\"article:modified_time\" content=\"2023-08-18T15:45:45+00:00\" \/>\n<meta property=\"og:image\" content=\"https:\/\/news.canadamotorjobs.com\/wp-content\/uploads\/2023\/08\/VinFast_logo_simple_variant.svg_.png\" \/>\n\t<meta property=\"og:image:width\" content=\"2048\" \/>\n\t<meta property=\"og:image:height\" content=\"2048\" \/>\n\t<meta property=\"og:image:type\" content=\"image\/png\" \/>\n<meta name=\"author\" content=\"Benoit Charette\" \/>\n<meta name=\"twitter:card\" content=\"summary_large_image\" \/>\n<meta name=\"twitter:creator\" content=\"@canadamotorjobs\" \/>\n<meta name=\"twitter:site\" content=\"@canadamotorjobs\" \/>\n<meta name=\"twitter:label1\" content=\"\u00c9crit par\" \/>\n\t<meta name=\"twitter:data1\" content=\"Benoit Charette\" \/>\n\t<meta name=\"twitter:label2\" content=\"Estimation du temps de lecture\" \/>\n\t<meta name=\"twitter:data2\" content=\"2 minutes\" \/>\n<!-- \/ Yoast SEO plugin. -->","yoast_head_json":{"title":"Un feu de paille en bourse pour Vinfast - CanadaMotorJobs.com","description":"Un feu de paille en bourse pour Vinfast - Benoit Charette - Annuel automobile - CanadaMotorJobs.com.","robots":{"index":"index","follow":"follow","max-snippet":"max-snippet:-1","max-image-preview":"max-image-preview:large","max-video-preview":"max-video-preview:-1"},"og_locale":"fr_CA","og_type":"article","og_title":"Un feu de paille en bourse pour Vinfast - CanadaMotorJobs.com","og_description":"Un feu de paille en bourse pour Vinfast - Benoit Charette - Annuel automobile - CanadaMotorJobs.com.","og_url":"https:\/\/news.canadamotorjobs.com\/fr\/un-feu-de-paille-en-bourse-pour-vinfast\/","og_site_name":"CanadaMotorJobs.com","article_publisher":"https:\/\/www.facebook.com\/canadamotorjobs\/","article_published_time":"2023-08-18T15:29:42+00:00","article_modified_time":"2023-08-18T15:45:45+00:00","og_image":[{"width":2048,"height":2048,"url":"https:\/\/news.canadamotorjobs.com\/wp-content\/uploads\/2023\/08\/VinFast_logo_simple_variant.svg_.png","type":"image\/png"}],"author":"Benoit Charette","twitter_card":"summary_large_image","twitter_creator":"@canadamotorjobs","twitter_site":"@canadamotorjobs","twitter_misc":{"\u00c9crit par":"Benoit Charette","Estimation du temps de lecture":"2 minutes"},"schema":{"@context":"https:\/\/schema.org","@graph":[{"@type":"Article","@id":"https:\/\/news.canadamotorjobs.com\/fr\/un-feu-de-paille-en-bourse-pour-vinfast\/#article","isPartOf":{"@id":"https:\/\/news.canadamotorjobs.com\/fr\/un-feu-de-paille-en-bourse-pour-vinfast\/"},"author":{"name":"Benoit Charette","@id":"https:\/\/news.canadamotorjobs.com\/#\/schema\/person\/51793d1f87d44011d7bcc2ed99269a90"},"headline":"Un feu de paille en bourse pour Vinfast","datePublished":"2023-08-18T15:29:42+00:00","dateModified":"2023-08-18T15:45:45+00:00","mainEntityOfPage":{"@id":"https:\/\/news.canadamotorjobs.com\/fr\/un-feu-de-paille-en-bourse-pour-vinfast\/"},"wordCount":455,"publisher":{"@id":"https:\/\/news.canadamotorjobs.com\/#organization"},"image":{"@id":"https:\/\/news.canadamotorjobs.com\/fr\/un-feu-de-paille-en-bourse-pour-vinfast\/#primaryimage"},"thumbnailUrl":"https:\/\/news.canadamotorjobs.com\/wp-content\/uploads\/2023\/08\/VinFast_logo_simple_variant.svg_.png","articleSection":["Annuel automobile"],"inLanguage":"fr-CA"},{"@type":"WebPage","@id":"https:\/\/news.canadamotorjobs.com\/fr\/un-feu-de-paille-en-bourse-pour-vinfast\/","url":"https:\/\/news.canadamotorjobs.com\/fr\/un-feu-de-paille-en-bourse-pour-vinfast\/","name":"Un feu de paille en bourse pour Vinfast - CanadaMotorJobs.com","isPartOf":{"@id":"https:\/\/news.canadamotorjobs.com\/#website"},"primaryImageOfPage":{"@id":"https:\/\/news.canadamotorjobs.com\/fr\/un-feu-de-paille-en-bourse-pour-vinfast\/#primaryimage"},"image":{"@id":"https:\/\/news.canadamotorjobs.com\/fr\/un-feu-de-paille-en-bourse-pour-vinfast\/#primaryimage"},"thumbnailUrl":"https:\/\/news.canadamotorjobs.com\/wp-content\/uploads\/2023\/08\/VinFast_logo_simple_variant.svg_.png","datePublished":"2023-08-18T15:29:42+00:00","dateModified":"2023-08-18T15:45:45+00:00","description":"Un feu de paille en bourse pour Vinfast - Benoit Charette - Annuel automobile - CanadaMotorJobs.com.","breadcrumb":{"@id":"https:\/\/news.canadamotorjobs.com\/fr\/un-feu-de-paille-en-bourse-pour-vinfast\/#breadcrumb"},"inLanguage":"fr-CA","potentialAction":[{"@type":"ReadAction","target":["https:\/\/news.canadamotorjobs.com\/fr\/un-feu-de-paille-en-bourse-pour-vinfast\/"]}]},{"@type":"ImageObject","inLanguage":"fr-CA","@id":"https:\/\/news.canadamotorjobs.com\/fr\/un-feu-de-paille-en-bourse-pour-vinfast\/#primaryimage","url":"https:\/\/news.canadamotorjobs.com\/wp-content\/uploads\/2023\/08\/VinFast_logo_simple_variant.svg_.png","contentUrl":"https:\/\/news.canadamotorjobs.com\/wp-content\/uploads\/2023\/08\/VinFast_logo_simple_variant.svg_.png","width":2048,"height":2048},{"@type":"BreadcrumbList","@id":"https:\/\/news.canadamotorjobs.com\/fr\/un-feu-de-paille-en-bourse-pour-vinfast\/#breadcrumb","itemListElement":[{"@type":"ListItem","position":1,"name":"Home","item":"https:\/\/news.canadamotorjobs.com\/fr\/blog\/"},{"@type":"ListItem","position":2,"name":"Un feu de paille en bourse pour Vinfast"}]},{"@type":"WebSite","@id":"https:\/\/news.canadamotorjobs.com\/#website","url":"https:\/\/news.canadamotorjobs.com\/","name":"CanadaMotorJobs.com","description":"Automotive Jobs","publisher":{"@id":"https:\/\/news.canadamotorjobs.com\/#organization"},"potentialAction":[{"@type":"SearchAction","target":{"@type":"EntryPoint","urlTemplate":"https:\/\/news.canadamotorjobs.com\/?s={search_term_string}"},"query-input":"required name=search_term_string"}],"inLanguage":"fr-CA"},{"@type":"Organization","@id":"https:\/\/news.canadamotorjobs.com\/#organization","name":"Canada Motor Jobs","url":"https:\/\/news.canadamotorjobs.com\/","logo":{"@type":"ImageObject","inLanguage":"fr-CA","@id":"https:\/\/news.canadamotorjobs.com\/#\/schema\/logo\/image\/","url":"https:\/\/news.canadamotorjobs.com\/wp-content\/uploads\/2022\/10\/logo-canada-motor-jobs-1.png","contentUrl":"https:\/\/news.canadamotorjobs.com\/wp-content\/uploads\/2022\/10\/logo-canada-motor-jobs-1.png","width":800,"height":400,"caption":"Canada Motor Jobs"},"image":{"@id":"https:\/\/news.canadamotorjobs.com\/#\/schema\/logo\/image\/"},"sameAs":["https:\/\/www.facebook.com\/canadamotorjobs\/","https:\/\/x.com\/canadamotorjobs","https:\/\/www.instagram.com\/canadamotorjobs\/","https:\/\/www.linkedin.com\/company\/canadamotorjobs"]},{"@type":"Person","@id":"https:\/\/news.canadamotorjobs.com\/#\/schema\/person\/51793d1f87d44011d7bcc2ed99269a90","name":"Benoit Charette","image":{"@type":"ImageObject","inLanguage":"fr-CA","@id":"https:\/\/news.canadamotorjobs.com\/#\/schema\/person\/image\/","url":"https:\/\/secure.gravatar.com\/avatar\/45f3d2eebcccd909668d7ce7ea7267b6?s=96&d=mm&r=g","contentUrl":"https:\/\/secure.gravatar.com\/avatar\/45f3d2eebcccd909668d7ce7ea7267b6?s=96&d=mm&r=g","caption":"Benoit Charette"},"description":"Benoit Charette \/ Propri\u00e9taire et r\u00e9dacteur en chef Benoit Charette pratique le journalisme automobile depuis bient\u00f4t 30 ans. Il a fait ses classes au c\u00f4t\u00e9 de Daniel H\u00e9raud et au Carnet de route de 1992 \u00e0 2001. Il est fondateur, copropri\u00e9taire et r\u00e9dacteur en chef de L\u2019Annuel de l\u2019automobile, qu\u2019il publie depuis 2001. Il a anim\u00e9 les \u00e9missions RPM et RPM+ sur V et les L\u00e9gendes de la route sur Historia. \u00c0 la radio depuis 1986, il reprend l\u2019antenne cette ann\u00e9e sur les ondes de Cogeco et participe pour la deuxi\u00e8me ann\u00e9e \u00e0 l\u2019\u00e9mission Passion Auto sur RDS en plus de mettre en ligne le site Web officiel de L\u2019Annuel de l\u2019automobile sur annuelauto.ca.","sameAs":["https:\/\/annuelauto.ca\/"],"url":"https:\/\/news.canadamotorjobs.com\/fr\/author\/benoit-charette\/"}]}},"_links":{"self":[{"href":"https:\/\/news.canadamotorjobs.com\/fr\/wp-json\/wp\/v2\/posts\/149861"}],"collection":[{"href":"https:\/\/news.canadamotorjobs.com\/fr\/wp-json\/wp\/v2\/posts"}],"about":[{"href":"https:\/\/news.canadamotorjobs.com\/fr\/wp-json\/wp\/v2\/types\/post"}],"author":[{"embeddable":true,"href":"https:\/\/news.canadamotorjobs.com\/fr\/wp-json\/wp\/v2\/users\/8"}],"replies":[{"embeddable":true,"href":"https:\/\/news.canadamotorjobs.com\/fr\/wp-json\/wp\/v2\/comments?post=149861"}],"version-history":[{"count":2,"href":"https:\/\/news.canadamotorjobs.com\/fr\/wp-json\/wp\/v2\/posts\/149861\/revisions"}],"predecessor-version":[{"id":149865,"href":"https:\/\/news.canadamotorjobs.com\/fr\/wp-json\/wp\/v2\/posts\/149861\/revisions\/149865"}],"wp:featuredmedia":[{"embeddable":true,"href":"https:\/\/news.canadamotorjobs.com\/fr\/wp-json\/wp\/v2\/media\/149863"}],"wp:attachment":[{"href":"https:\/\/news.canadamotorjobs.com\/fr\/wp-json\/wp\/v2\/media?parent=149861"}],"wp:term":[{"taxonomy":"category","embeddable":true,"href":"https:\/\/news.canadamotorjobs.com\/fr\/wp-json\/wp\/v2\/categories?post=149861"},{"taxonomy":"post_tag","embeddable":true,"href":"https:\/\/news.canadamotorjobs.com\/fr\/wp-json\/wp\/v2\/tags?post=149861"}],"curies":[{"name":"wp","href":"https:\/\/api.w.org\/{rel}","templated":true}]}}