{"id":149819,"date":"2023-08-17T11:50:10","date_gmt":"2023-08-17T15:50:10","guid":{"rendered":"https:\/\/news.canadamotorjobs.com\/?p=149819"},"modified":"2023-08-17T12:00:23","modified_gmt":"2023-08-17T16:00:23","slug":"le-pdg-de-jaguar-confirme-la-fin-de-production-du-i-pace-en-2025","status":"publish","type":"post","link":"https:\/\/news.canadamotorjobs.com\/fr\/le-pdg-de-jaguar-confirme-la-fin-de-production-du-i-pace-en-2025\/","title":{"rendered":"Le PDG de Jaguar confirme la fin de production du I-Pace en 2025"},"content":{"rendered":"<\/p>\n<h3><strong>Jaguar Annonce la Fin de la Production du I-Pace en 2025<\/strong><\/h3>\n<p>\nNous annoncions cette semaine que Jaguar \u00e9prouvait des probl\u00e8mes batteries avec le I-Pace. Voil\u00e0 qu\u2019Adrian Mardell, le PDG de la marque annonce le retrait du mod\u00e8le<\/p>\n<h3><strong>Jaguar s&#8217;engage dans une Transition \u00c9lectrique<\/strong><\/h3>\n<p>\nCette d\u00e9cision s&#8217;inscrit dans la transformation de Jaguar en une marque enti\u00e8rement \u00e9lectrique d&#8217;ici 2025. Le directeur g\u00e9n\u00e9ral de Jaguar, Adrian Mardell, a confirm\u00e9 cette transition vers des VE.<\/p>\n<h3><strong>R\u00f4le Pionnier du I-Pace dans la Strat\u00e9gie \u00c9lectrique de Jaguar<\/strong><\/h3>\n<p>\nL&#8217;I-Pace a jou\u00e9 un r\u00f4le crucial dans le d\u00e9veloppement de la strat\u00e9gie de Jaguar en mati\u00e8re de v\u00e9hicules \u00e9lectriques et dans sa position sur le march\u00e9.<\/p>\n<h3><strong>Un Changement de Cap Strat\u00e9gique<\/strong><\/h3>\n<p>\nAdrian Mardell, le directeur g\u00e9n\u00e9ral de Jaguar, a annonc\u00e9 officiellement l&#8217;arr\u00eat de la production du\u00a0 I-Pace d&#8217;ici le premier semestre 2025. Cette d\u00e9cision s&#8217;aligne sur la vision globale de la marque visant \u00e0 devenir enti\u00e8rement \u00e9lectrique d&#8217;ici 2025, une affirmation faite par Mardell lui-m\u00eame.<\/p>\n<h3><strong>Un Tournant Strat\u00e9gique<\/strong><\/h3>\n<p>\nCe changement marque une rupture avec la strat\u00e9gie de l&#8217;ancien PDG, Thierry Bollor\u00e9, qui envisageait une am\u00e9lioration continue de l&#8217;I-Pace, \u00e9ventuellement via une seconde g\u00e9n\u00e9ration. Ces projets \u00e9taient pr\u00e9vus pour co\u00efncider avec la prochaine g\u00e9n\u00e9ration de VE de Jaguar.<\/p>\n<h3><strong>Nouvelle G\u00e9n\u00e9ration de V\u00e9hicules \u00c9lectriques<\/strong><\/h3>\n<p>\nBien que la date pr\u00e9cise de l&#8217;arr\u00eat du I-Pace ne soit pas encore fix\u00e9e, cette d\u00e9cision met en \u00e9vidence l&#8217;engagement de Jaguar envers sa nouvelle gamme de mod\u00e8les \u00e9lectriques, pr\u00e9vue pour la mi-2020. Le premier v\u00e9hicule de cette nouvelle g\u00e9n\u00e9ration sera lanc\u00e9 fin 2024 et commercialis\u00e9 en 2025. Il reposera sur l&#8217;architecture \u00e9lectrique JEA d\u00e9velopp\u00e9e par Jaguar Land Rover (JLR), la maison m\u00e8re de Jaguar.<\/p>\n<h3><strong>Minimiser les Perturbations sur le March\u00e9<\/strong><\/h3>\n<p>\nMardell s&#8217;engage \u00e0 perturber le moins possible la disponibilit\u00e9 du I-Pace sur le march\u00e9 avant le lancement de la nouvelle gamme de VE. Une p\u00e9riode de suspension potentielle est envisag\u00e9e au premier semestre 2025, avec plus de pr\u00e9cisions attendues dans les neuf \u00e0 douze prochains mois, offrant ainsi la flexibilit\u00e9 n\u00e9cessaire pour prendre des d\u00e9cisions op\u00e9rationnelles cruciales.<\/p>\n<h3><strong>Contribution Essentielle du I-Pace<\/strong><\/h3>\n<p>\nLe I-Pace a jou\u00e9 un r\u00f4le cl\u00e9 dans les performances commerciales de Jaguar, particuli\u00e8rement au Royaume-Uni et en Europe. Il a contribu\u00e9 \u00e0 atteindre les objectifs stricts d&#8217;\u00e9missions. Au-del\u00e0 de son succ\u00e8s commercial, ce crossover \u00e9lectrique a influenc\u00e9 la strat\u00e9gie EV de Jaguar et a renforc\u00e9 son expertise en mati\u00e8re de VE \u00e0 batterie.<\/p>\n<h3><strong>Nouvelle Production Ambitieuse<\/strong><\/h3>\n<p>\nMardell vise une production mensuelle de 4 000 v\u00e9hicules tout \u00e9lectriques. Cette cible marque une hausse significative par rapport aux ventes cumul\u00e9es de plus de 5 000 unit\u00e9s mensuelles des mod\u00e8les \u00e0 combustion interne et \u00e9lectriques au premier trimestre 2023.<\/p>\n<h3><strong>Un Nouveau Design Caract\u00e9ristique<\/strong><\/h3>\n<p>\nMardell souligne la philosophie distinctive de conception de la marque pour les prochains mod\u00e8les \u00e9lectriques de Jaguar. L&#8217;accent est mis sur des proportions &#8220;exub\u00e9rantes&#8221; et un empattement allong\u00e9. Cette orientation a conduit \u00e0 l&#8217;adoption de l&#8217;architecture sur mesure JEA, distinguant Jaguar de la plateforme modulaire MLA de JLR, qui servira de base \u00e0 divers mod\u00e8les, y compris le Range Rover \u00e9lectrique \u00e0 partir de 2024. M. Mardell a lou\u00e9 le design des futurs mod\u00e8les, les qualifiant d'&#8221;exceptionnels&#8221;.<\/p>\n<p>\u00a0<\/p>\n<p>Avec des renseignements de Motor illustrated<\/p>\n<p>\u00a0<\/p>\n<p>Le texte <a rel=\"nofollow\" href=\"https:\/\/annuelauto.ca\/le-pdg-de-jaguar-confirme-la-fin-de-production-du-i-pace-en-2025\/\">Le PDG de Jaguar confirme la fin de production du I-Pace en 2025<\/a> provient de <a rel=\"nofollow\" href=\"https:\/\/annuelauto.ca\">L&#8217;annuel de l&#8217;automobile &#8211; Actualit\u00e9 automobile<\/a><\/p>\n<p><\/p>\n","protected":false},"excerpt":{"rendered":"<p>Jaguar Annonce la Fin de la Production du I-Pace en 2025 Nous annoncions cette semaine que Jaguar \u00e9prouvait des probl\u00e8mes batteries avec le I-Pace. Voil\u00e0 qu\u2019Adrian Mardell, le PDG de la marque annonce le retrait du mod\u00e8le Jaguar s&#8217;engage dans une Transition \u00c9lectrique Cette d\u00e9cision s&#8217;inscrit dans la transformation de Jaguar en une marque enti\u00e8rement [&hellip;]<\/p>\n","protected":false},"author":8,"featured_media":149821,"comment_status":"close","ping_status":"closed","sticky":false,"template":"","format":"standard","meta":{"_monsterinsights_skip_tracking":false,"_monsterinsights_sitenote_active":false,"_monsterinsights_sitenote_note":"","_monsterinsights_sitenote_category":0,"footnotes":""},"categories":[101],"tags":[],"yoast_head":"<!-- This site is optimized with the Yoast SEO plugin v23.2 - https:\/\/yoast.com\/wordpress\/plugins\/seo\/ -->\n<title>Le PDG de Jaguar confirme la fin de production du I-Pace en 2025 - CanadaMotorJobs.com<\/title>\n<meta name=\"description\" content=\"Le PDG de Jaguar confirme la fin de production du I-Pace en 2025 - Benoit Charette - Annuel automobile - CanadaMotorJobs.com.\" \/>\n<meta name=\"robots\" content=\"index, follow, max-snippet:-1, max-image-preview:large, max-video-preview:-1\" \/>\n<meta property=\"og:locale\" content=\"fr_CA\" \/>\n<meta property=\"og:type\" content=\"article\" \/>\n<meta property=\"og:title\" content=\"Le PDG de Jaguar confirme la fin de production du I-Pace en 2025 - CanadaMotorJobs.com\" \/>\n<meta property=\"og:description\" content=\"Le PDG de Jaguar confirme la fin de production du I-Pace en 2025 - Benoit Charette - Annuel automobile - CanadaMotorJobs.com.\" \/>\n<meta property=\"og:url\" content=\"https:\/\/news.canadamotorjobs.com\/fr\/le-pdg-de-jaguar-confirme-la-fin-de-production-du-i-pace-en-2025\/\" \/>\n<meta property=\"og:site_name\" content=\"CanadaMotorJobs.com\" \/>\n<meta property=\"article:publisher\" content=\"https:\/\/www.facebook.com\/canadamotorjobs\/\" \/>\n<meta property=\"article:published_time\" content=\"2023-08-17T15:50:10+00:00\" \/>\n<meta property=\"article:modified_time\" content=\"2023-08-17T16:00:23+00:00\" \/>\n<meta property=\"og:image\" content=\"https:\/\/news.canadamotorjobs.com\/wp-content\/uploads\/2023\/08\/Jag_22MY_I-PACE_9858_101121-1-1.jpg\" \/>\n\t<meta property=\"og:image:width\" content=\"1024\" \/>\n\t<meta property=\"og:image:height\" content=\"683\" \/>\n\t<meta property=\"og:image:type\" content=\"image\/jpeg\" \/>\n<meta name=\"author\" content=\"Benoit Charette\" \/>\n<meta name=\"twitter:card\" content=\"summary_large_image\" \/>\n<meta name=\"twitter:creator\" content=\"@canadamotorjobs\" \/>\n<meta name=\"twitter:site\" content=\"@canadamotorjobs\" \/>\n<meta name=\"twitter:label1\" content=\"\u00c9crit par\" \/>\n\t<meta name=\"twitter:data1\" content=\"Benoit Charette\" \/>\n\t<meta name=\"twitter:label2\" content=\"Estimation du temps de lecture\" \/>\n\t<meta name=\"twitter:data2\" content=\"3 minutes\" \/>\n<!-- \/ Yoast SEO plugin. -->","yoast_head_json":{"title":"Le PDG de Jaguar confirme la fin de production du I-Pace en 2025 - CanadaMotorJobs.com","description":"Le PDG de Jaguar confirme la fin de production du I-Pace en 2025 - Benoit Charette - Annuel automobile - CanadaMotorJobs.com.","robots":{"index":"index","follow":"follow","max-snippet":"max-snippet:-1","max-image-preview":"max-image-preview:large","max-video-preview":"max-video-preview:-1"},"og_locale":"fr_CA","og_type":"article","og_title":"Le PDG de Jaguar confirme la fin de production du I-Pace en 2025 - CanadaMotorJobs.com","og_description":"Le PDG de Jaguar confirme la fin de production du I-Pace en 2025 - Benoit Charette - Annuel automobile - CanadaMotorJobs.com.","og_url":"https:\/\/news.canadamotorjobs.com\/fr\/le-pdg-de-jaguar-confirme-la-fin-de-production-du-i-pace-en-2025\/","og_site_name":"CanadaMotorJobs.com","article_publisher":"https:\/\/www.facebook.com\/canadamotorjobs\/","article_published_time":"2023-08-17T15:50:10+00:00","article_modified_time":"2023-08-17T16:00:23+00:00","og_image":[{"width":1024,"height":683,"url":"https:\/\/news.canadamotorjobs.com\/wp-content\/uploads\/2023\/08\/Jag_22MY_I-PACE_9858_101121-1-1.jpg","type":"image\/jpeg"}],"author":"Benoit Charette","twitter_card":"summary_large_image","twitter_creator":"@canadamotorjobs","twitter_site":"@canadamotorjobs","twitter_misc":{"\u00c9crit par":"Benoit Charette","Estimation du temps de lecture":"3 minutes"},"schema":{"@context":"https:\/\/schema.org","@graph":[{"@type":"Article","@id":"https:\/\/news.canadamotorjobs.com\/fr\/le-pdg-de-jaguar-confirme-la-fin-de-production-du-i-pace-en-2025\/#article","isPartOf":{"@id":"https:\/\/news.canadamotorjobs.com\/fr\/le-pdg-de-jaguar-confirme-la-fin-de-production-du-i-pace-en-2025\/"},"author":{"name":"Benoit Charette","@id":"https:\/\/news.canadamotorjobs.com\/#\/schema\/person\/51793d1f87d44011d7bcc2ed99269a90"},"headline":"Le PDG de Jaguar confirme la fin de production du I-Pace en 2025","datePublished":"2023-08-17T15:50:10+00:00","dateModified":"2023-08-17T16:00:23+00:00","mainEntityOfPage":{"@id":"https:\/\/news.canadamotorjobs.com\/fr\/le-pdg-de-jaguar-confirme-la-fin-de-production-du-i-pace-en-2025\/"},"wordCount":618,"publisher":{"@id":"https:\/\/news.canadamotorjobs.com\/#organization"},"image":{"@id":"https:\/\/news.canadamotorjobs.com\/fr\/le-pdg-de-jaguar-confirme-la-fin-de-production-du-i-pace-en-2025\/#primaryimage"},"thumbnailUrl":"https:\/\/news.canadamotorjobs.com\/wp-content\/uploads\/2023\/08\/Jag_22MY_I-PACE_9858_101121-1-1.jpg","articleSection":["Annuel automobile"],"inLanguage":"fr-CA"},{"@type":"WebPage","@id":"https:\/\/news.canadamotorjobs.com\/fr\/le-pdg-de-jaguar-confirme-la-fin-de-production-du-i-pace-en-2025\/","url":"https:\/\/news.canadamotorjobs.com\/fr\/le-pdg-de-jaguar-confirme-la-fin-de-production-du-i-pace-en-2025\/","name":"Le PDG de Jaguar confirme la fin de production du I-Pace en 2025 - CanadaMotorJobs.com","isPartOf":{"@id":"https:\/\/news.canadamotorjobs.com\/#website"},"primaryImageOfPage":{"@id":"https:\/\/news.canadamotorjobs.com\/fr\/le-pdg-de-jaguar-confirme-la-fin-de-production-du-i-pace-en-2025\/#primaryimage"},"image":{"@id":"https:\/\/news.canadamotorjobs.com\/fr\/le-pdg-de-jaguar-confirme-la-fin-de-production-du-i-pace-en-2025\/#primaryimage"},"thumbnailUrl":"https:\/\/news.canadamotorjobs.com\/wp-content\/uploads\/2023\/08\/Jag_22MY_I-PACE_9858_101121-1-1.jpg","datePublished":"2023-08-17T15:50:10+00:00","dateModified":"2023-08-17T16:00:23+00:00","description":"Le PDG de Jaguar confirme la fin de production du I-Pace en 2025 - Benoit Charette - Annuel automobile - CanadaMotorJobs.com.","breadcrumb":{"@id":"https:\/\/news.canadamotorjobs.com\/fr\/le-pdg-de-jaguar-confirme-la-fin-de-production-du-i-pace-en-2025\/#breadcrumb"},"inLanguage":"fr-CA","potentialAction":[{"@type":"ReadAction","target":["https:\/\/news.canadamotorjobs.com\/fr\/le-pdg-de-jaguar-confirme-la-fin-de-production-du-i-pace-en-2025\/"]}]},{"@type":"ImageObject","inLanguage":"fr-CA","@id":"https:\/\/news.canadamotorjobs.com\/fr\/le-pdg-de-jaguar-confirme-la-fin-de-production-du-i-pace-en-2025\/#primaryimage","url":"https:\/\/news.canadamotorjobs.com\/wp-content\/uploads\/2023\/08\/Jag_22MY_I-PACE_9858_101121-1-1.jpg","contentUrl":"https:\/\/news.canadamotorjobs.com\/wp-content\/uploads\/2023\/08\/Jag_22MY_I-PACE_9858_101121-1-1.jpg","width":1024,"height":683},{"@type":"BreadcrumbList","@id":"https:\/\/news.canadamotorjobs.com\/fr\/le-pdg-de-jaguar-confirme-la-fin-de-production-du-i-pace-en-2025\/#breadcrumb","itemListElement":[{"@type":"ListItem","position":1,"name":"Home","item":"https:\/\/news.canadamotorjobs.com\/fr\/blog\/"},{"@type":"ListItem","position":2,"name":"Le PDG de Jaguar confirme la fin de production du I-Pace en 2025"}]},{"@type":"WebSite","@id":"https:\/\/news.canadamotorjobs.com\/#website","url":"https:\/\/news.canadamotorjobs.com\/","name":"CanadaMotorJobs.com","description":"Automotive Jobs","publisher":{"@id":"https:\/\/news.canadamotorjobs.com\/#organization"},"potentialAction":[{"@type":"SearchAction","target":{"@type":"EntryPoint","urlTemplate":"https:\/\/news.canadamotorjobs.com\/?s={search_term_string}"},"query-input":"required name=search_term_string"}],"inLanguage":"fr-CA"},{"@type":"Organization","@id":"https:\/\/news.canadamotorjobs.com\/#organization","name":"Canada Motor Jobs","url":"https:\/\/news.canadamotorjobs.com\/","logo":{"@type":"ImageObject","inLanguage":"fr-CA","@id":"https:\/\/news.canadamotorjobs.com\/#\/schema\/logo\/image\/","url":"https:\/\/news.canadamotorjobs.com\/wp-content\/uploads\/2022\/10\/logo-canada-motor-jobs-1.png","contentUrl":"https:\/\/news.canadamotorjobs.com\/wp-content\/uploads\/2022\/10\/logo-canada-motor-jobs-1.png","width":800,"height":400,"caption":"Canada Motor Jobs"},"image":{"@id":"https:\/\/news.canadamotorjobs.com\/#\/schema\/logo\/image\/"},"sameAs":["https:\/\/www.facebook.com\/canadamotorjobs\/","https:\/\/x.com\/canadamotorjobs","https:\/\/www.instagram.com\/canadamotorjobs\/","https:\/\/www.linkedin.com\/company\/canadamotorjobs"]},{"@type":"Person","@id":"https:\/\/news.canadamotorjobs.com\/#\/schema\/person\/51793d1f87d44011d7bcc2ed99269a90","name":"Benoit Charette","image":{"@type":"ImageObject","inLanguage":"fr-CA","@id":"https:\/\/news.canadamotorjobs.com\/#\/schema\/person\/image\/","url":"https:\/\/secure.gravatar.com\/avatar\/45f3d2eebcccd909668d7ce7ea7267b6?s=96&d=mm&r=g","contentUrl":"https:\/\/secure.gravatar.com\/avatar\/45f3d2eebcccd909668d7ce7ea7267b6?s=96&d=mm&r=g","caption":"Benoit Charette"},"description":"Benoit Charette \/ Propri\u00e9taire et r\u00e9dacteur en chef Benoit Charette pratique le journalisme automobile depuis bient\u00f4t 30 ans. Il a fait ses classes au c\u00f4t\u00e9 de Daniel H\u00e9raud et au Carnet de route de 1992 \u00e0 2001. Il est fondateur, copropri\u00e9taire et r\u00e9dacteur en chef de L\u2019Annuel de l\u2019automobile, qu\u2019il publie depuis 2001. Il a anim\u00e9 les \u00e9missions RPM et RPM+ sur V et les L\u00e9gendes de la route sur Historia. \u00c0 la radio depuis 1986, il reprend l\u2019antenne cette ann\u00e9e sur les ondes de Cogeco et participe pour la deuxi\u00e8me ann\u00e9e \u00e0 l\u2019\u00e9mission Passion Auto sur RDS en plus de mettre en ligne le site Web officiel de L\u2019Annuel de l\u2019automobile sur annuelauto.ca.","sameAs":["https:\/\/annuelauto.ca\/"],"url":"https:\/\/news.canadamotorjobs.com\/fr\/author\/benoit-charette\/"}]}},"_links":{"self":[{"href":"https:\/\/news.canadamotorjobs.com\/fr\/wp-json\/wp\/v2\/posts\/149819"}],"collection":[{"href":"https:\/\/news.canadamotorjobs.com\/fr\/wp-json\/wp\/v2\/posts"}],"about":[{"href":"https:\/\/news.canadamotorjobs.com\/fr\/wp-json\/wp\/v2\/types\/post"}],"author":[{"embeddable":true,"href":"https:\/\/news.canadamotorjobs.com\/fr\/wp-json\/wp\/v2\/users\/8"}],"replies":[{"embeddable":true,"href":"https:\/\/news.canadamotorjobs.com\/fr\/wp-json\/wp\/v2\/comments?post=149819"}],"version-history":[{"count":2,"href":"https:\/\/news.canadamotorjobs.com\/fr\/wp-json\/wp\/v2\/posts\/149819\/revisions"}],"predecessor-version":[{"id":149823,"href":"https:\/\/news.canadamotorjobs.com\/fr\/wp-json\/wp\/v2\/posts\/149819\/revisions\/149823"}],"wp:featuredmedia":[{"embeddable":true,"href":"https:\/\/news.canadamotorjobs.com\/fr\/wp-json\/wp\/v2\/media\/149821"}],"wp:attachment":[{"href":"https:\/\/news.canadamotorjobs.com\/fr\/wp-json\/wp\/v2\/media?parent=149819"}],"wp:term":[{"taxonomy":"category","embeddable":true,"href":"https:\/\/news.canadamotorjobs.com\/fr\/wp-json\/wp\/v2\/categories?post=149819"},{"taxonomy":"post_tag","embeddable":true,"href":"https:\/\/news.canadamotorjobs.com\/fr\/wp-json\/wp\/v2\/tags?post=149819"}],"curies":[{"name":"wp","href":"https:\/\/api.w.org\/{rel}","templated":true}]}}