{"id":149694,"date":"2023-08-15T11:55:03","date_gmt":"2023-08-15T15:55:03","guid":{"rendered":"https:\/\/news.canadamotorjobs.com\/?p=149694"},"modified":"2023-08-15T12:03:15","modified_gmt":"2023-08-15T16:03:15","slug":"kia-devoile-son-modele-ev5","status":"publish","type":"post","link":"https:\/\/news.canadamotorjobs.com\/fr\/kia-devoile-son-modele-ev5\/","title":{"rendered":"Kia d\u00e9voile son mod\u00e8le EV5"},"content":{"rendered":"<\/p>\n<p>Ce VUS \u00e9lectrique compact fera ses d\u00e9buts officiels dans les semaines \u00e0 venir et sera fabriqu\u00e9 et vendu en Chine avec des plans d&#8217;exportation vers les march\u00e9s mondiaux incluant les \u00c9tats-Unis et le Canada.<\/p>\n<h3>Des lignes proches du concept<\/h3>\n<p>\nL&#8217;apparence du mod\u00e8le de production reste presque indiscernable du concept, ne pr\u00e9sentant que des modifications mineures. Les roues sont disponibles en deux tailles, 18 ou 19 pouces de diam\u00e8tre, mais conservent le m\u00eame design que les roues de 21 pouces pr\u00e9sent\u00e9es dans le concept.<\/p>\n<h3>Dans le style du EV9<\/h3>\n<p>\nLes r\u00e9visions apport\u00e9es \u00e0 l&#8217;\u00e9tude incluent des r\u00e9troviseurs lat\u00e9raux traditionnels, des poign\u00e9es de porte profil\u00e9es, un port de recharge agrandi et des phares DEL l\u00e9g\u00e8rement modifi\u00e9s. Ces ajustements accompagnent un design ext\u00e9rieur remarquablement similaire. Bien que les \u00e9l\u00e9ments visuels de l&#8217;int\u00e9rieur n&#8217;aient pas encore \u00e9t\u00e9 divulgu\u00e9s, il est pr\u00e9vu que le mod\u00e8le s&#8217;inspire largement du plus grand EV9 tant au niveau esth\u00e9tique que technologique.<\/p>\n<h3>De bonnes dimensions<\/h3>\n<p>\nLes dimensions de l&#8217;EV5 sont les suivantes : une longueur de 4 615 mm, une largeur de 1 875 mm et une hauteur de 1 715 mm, le tout reposant sur un empattement de 2 750 mm. Ces mesures placent l&#8217;EV5 dans la m\u00eame ligue que le Kia Sportage au sein de la gamme du constructeur.<\/p>\n<p>L&#8217;EV5 repose sur l&#8217;architecture E-GMP, (celle qui se trouve sous le Kia EV6 et le Hyundai Ioniq 5) int\u00e9grant des jambes de force McPherson \u00e0 l&#8217;avant et une suspension arri\u00e8re multibras, conform\u00e9ment \u00e0 d&#8217;autres mod\u00e8les \u00e9lectriques propos\u00e9s par Kia. Selon les sp\u00e9cifications fournies, le VUS sera \u00e9quip\u00e9 d&#8217;un moteur \u00e9lectrique synchrone \u00e0 aimant permanent fourni par Vitesco Automotive Electronics. Ce moteur d\u00e9veloppe 215 chevaux qui sont exclusivement transmis aux roues avant. La vitesse maximale sera limit\u00e9e \u00e9lectroniquement \u00e0 185 km\/h. L&#8217;\u00e9nergie sera stock\u00e9e dans un groupe de batteries au phosphate de fer et au lithium Blade de BYD, bien que les donn\u00e9es pr\u00e9cises sur l&#8217;autonomie ne soient pas disponibles pour le moment. Il est pr\u00e9vu que Kia introduira \u00e9galement une version \u00e0 double moteur et \u00e0 traction int\u00e9grale (AWD) \u00e0 l&#8217;avenir.<\/p>\n<h3>Construit en Chine<\/h3>\n<p>\nLe nouveau EV5 sera produit \u00e0 Yacheng, en Chine, par une coentreprise entre Kia et Yueda. Bien que sa base de fabrication soit en Chine, l&#8217;EV5 n&#8217;est pas destin\u00e9 uniquement au march\u00e9 local. Il est con\u00e7u comme un v\u00e9hicule \u00e9lectrique mondial et devrait probablement arriver en Am\u00e9rique du Nord \u00e9galement. Selon les informations les plus r\u00e9centes, la pr\u00e9sentation officielle du Kia EV5 est pr\u00e9vue pour le 25 ao\u00fbt lors du Salon de l&#8217;Automobile de Chengdu.<\/p>\n<p>\u00a0<\/p>\n<p>Avec des renseignements de Carscoops<\/p>\n<p>\u00a0<\/p>\n<p>Le texte <a rel=\"nofollow\" href=\"https:\/\/annuelauto.ca\/kia-devoile-son-modele-ev5\/\">Kia d\u00e9voile son mod\u00e8le EV5<\/a> provient de <a rel=\"nofollow\" href=\"https:\/\/annuelauto.ca\">L&#8217;annuel de l&#8217;automobile &#8211; Actualit\u00e9 automobile<\/a><\/p>\n<p><\/p>\n","protected":false},"excerpt":{"rendered":"<p>Ce VUS \u00e9lectrique compact fera ses d\u00e9buts officiels dans les semaines \u00e0 venir et sera fabriqu\u00e9 et vendu en Chine avec des plans d&#8217;exportation vers les march\u00e9s mondiaux incluant les \u00c9tats-Unis et le Canada. Des lignes proches du concept L&#8217;apparence du mod\u00e8le de production reste presque indiscernable du concept, ne pr\u00e9sentant que des modifications mineures. [&hellip;]<\/p>\n","protected":false},"author":8,"featured_media":149696,"comment_status":"close","ping_status":"closed","sticky":false,"template":"","format":"standard","meta":{"_monsterinsights_skip_tracking":false,"_monsterinsights_sitenote_active":false,"_monsterinsights_sitenote_note":"","_monsterinsights_sitenote_category":0,"footnotes":""},"categories":[101],"tags":[],"yoast_head":"<!-- This site is optimized with the Yoast SEO plugin v23.2 - https:\/\/yoast.com\/wordpress\/plugins\/seo\/ -->\n<title>Kia d\u00e9voile son mod\u00e8le EV5 - CanadaMotorJobs.com<\/title>\n<meta name=\"description\" content=\"Kia d\u00e9voile son mod\u00e8le EV5 - Benoit Charette - Annuel automobile - CanadaMotorJobs.com.\" \/>\n<meta name=\"robots\" content=\"index, follow, max-snippet:-1, max-image-preview:large, max-video-preview:-1\" \/>\n<meta property=\"og:locale\" content=\"fr_CA\" \/>\n<meta property=\"og:type\" content=\"article\" \/>\n<meta property=\"og:title\" content=\"Kia d\u00e9voile son mod\u00e8le EV5 - CanadaMotorJobs.com\" \/>\n<meta property=\"og:description\" content=\"Kia d\u00e9voile son mod\u00e8le EV5 - Benoit Charette - Annuel automobile - CanadaMotorJobs.com.\" \/>\n<meta property=\"og:url\" content=\"https:\/\/news.canadamotorjobs.com\/fr\/kia-devoile-son-modele-ev5\/\" \/>\n<meta property=\"og:site_name\" content=\"CanadaMotorJobs.com\" \/>\n<meta property=\"article:publisher\" content=\"https:\/\/www.facebook.com\/canadamotorjobs\/\" \/>\n<meta property=\"article:published_time\" content=\"2023-08-15T15:55:03+00:00\" \/>\n<meta property=\"article:modified_time\" content=\"2023-08-15T16:03:15+00:00\" \/>\n<meta property=\"og:image\" content=\"https:\/\/news.canadamotorjobs.com\/wp-content\/uploads\/2023\/08\/2024-Kia-EV5-Carscoops-1s.jpg\" \/>\n\t<meta property=\"og:image:width\" content=\"2500\" \/>\n\t<meta property=\"og:image:height\" content=\"1556\" \/>\n\t<meta property=\"og:image:type\" content=\"image\/jpeg\" \/>\n<meta name=\"author\" content=\"Benoit Charette\" \/>\n<meta name=\"twitter:card\" content=\"summary_large_image\" \/>\n<meta name=\"twitter:creator\" content=\"@canadamotorjobs\" \/>\n<meta name=\"twitter:site\" content=\"@canadamotorjobs\" \/>\n<meta name=\"twitter:label1\" content=\"\u00c9crit par\" \/>\n\t<meta name=\"twitter:data1\" content=\"Benoit Charette\" \/>\n\t<meta name=\"twitter:label2\" content=\"Estimation du temps de lecture\" \/>\n\t<meta name=\"twitter:data2\" content=\"2 minutes\" \/>\n<!-- \/ Yoast SEO plugin. -->","yoast_head_json":{"title":"Kia d\u00e9voile son mod\u00e8le EV5 - CanadaMotorJobs.com","description":"Kia d\u00e9voile son mod\u00e8le EV5 - Benoit Charette - Annuel automobile - CanadaMotorJobs.com.","robots":{"index":"index","follow":"follow","max-snippet":"max-snippet:-1","max-image-preview":"max-image-preview:large","max-video-preview":"max-video-preview:-1"},"og_locale":"fr_CA","og_type":"article","og_title":"Kia d\u00e9voile son mod\u00e8le EV5 - CanadaMotorJobs.com","og_description":"Kia d\u00e9voile son mod\u00e8le EV5 - Benoit Charette - Annuel automobile - CanadaMotorJobs.com.","og_url":"https:\/\/news.canadamotorjobs.com\/fr\/kia-devoile-son-modele-ev5\/","og_site_name":"CanadaMotorJobs.com","article_publisher":"https:\/\/www.facebook.com\/canadamotorjobs\/","article_published_time":"2023-08-15T15:55:03+00:00","article_modified_time":"2023-08-15T16:03:15+00:00","og_image":[{"width":2500,"height":1556,"url":"https:\/\/news.canadamotorjobs.com\/wp-content\/uploads\/2023\/08\/2024-Kia-EV5-Carscoops-1s.jpg","type":"image\/jpeg"}],"author":"Benoit Charette","twitter_card":"summary_large_image","twitter_creator":"@canadamotorjobs","twitter_site":"@canadamotorjobs","twitter_misc":{"\u00c9crit par":"Benoit Charette","Estimation du temps de lecture":"2 minutes"},"schema":{"@context":"https:\/\/schema.org","@graph":[{"@type":"Article","@id":"https:\/\/news.canadamotorjobs.com\/fr\/kia-devoile-son-modele-ev5\/#article","isPartOf":{"@id":"https:\/\/news.canadamotorjobs.com\/fr\/kia-devoile-son-modele-ev5\/"},"author":{"name":"Benoit Charette","@id":"https:\/\/news.canadamotorjobs.com\/#\/schema\/person\/51793d1f87d44011d7bcc2ed99269a90"},"headline":"Kia d\u00e9voile son mod\u00e8le EV5","datePublished":"2023-08-15T15:55:03+00:00","dateModified":"2023-08-15T16:03:15+00:00","mainEntityOfPage":{"@id":"https:\/\/news.canadamotorjobs.com\/fr\/kia-devoile-son-modele-ev5\/"},"wordCount":490,"publisher":{"@id":"https:\/\/news.canadamotorjobs.com\/#organization"},"image":{"@id":"https:\/\/news.canadamotorjobs.com\/fr\/kia-devoile-son-modele-ev5\/#primaryimage"},"thumbnailUrl":"https:\/\/news.canadamotorjobs.com\/wp-content\/uploads\/2023\/08\/2024-Kia-EV5-Carscoops-1s.jpg","articleSection":["Annuel automobile"],"inLanguage":"fr-CA"},{"@type":"WebPage","@id":"https:\/\/news.canadamotorjobs.com\/fr\/kia-devoile-son-modele-ev5\/","url":"https:\/\/news.canadamotorjobs.com\/fr\/kia-devoile-son-modele-ev5\/","name":"Kia d\u00e9voile son mod\u00e8le EV5 - CanadaMotorJobs.com","isPartOf":{"@id":"https:\/\/news.canadamotorjobs.com\/#website"},"primaryImageOfPage":{"@id":"https:\/\/news.canadamotorjobs.com\/fr\/kia-devoile-son-modele-ev5\/#primaryimage"},"image":{"@id":"https:\/\/news.canadamotorjobs.com\/fr\/kia-devoile-son-modele-ev5\/#primaryimage"},"thumbnailUrl":"https:\/\/news.canadamotorjobs.com\/wp-content\/uploads\/2023\/08\/2024-Kia-EV5-Carscoops-1s.jpg","datePublished":"2023-08-15T15:55:03+00:00","dateModified":"2023-08-15T16:03:15+00:00","description":"Kia d\u00e9voile son mod\u00e8le EV5 - Benoit Charette - Annuel automobile - CanadaMotorJobs.com.","breadcrumb":{"@id":"https:\/\/news.canadamotorjobs.com\/fr\/kia-devoile-son-modele-ev5\/#breadcrumb"},"inLanguage":"fr-CA","potentialAction":[{"@type":"ReadAction","target":["https:\/\/news.canadamotorjobs.com\/fr\/kia-devoile-son-modele-ev5\/"]}]},{"@type":"ImageObject","inLanguage":"fr-CA","@id":"https:\/\/news.canadamotorjobs.com\/fr\/kia-devoile-son-modele-ev5\/#primaryimage","url":"https:\/\/news.canadamotorjobs.com\/wp-content\/uploads\/2023\/08\/2024-Kia-EV5-Carscoops-1s.jpg","contentUrl":"https:\/\/news.canadamotorjobs.com\/wp-content\/uploads\/2023\/08\/2024-Kia-EV5-Carscoops-1s.jpg","width":2500,"height":1556},{"@type":"BreadcrumbList","@id":"https:\/\/news.canadamotorjobs.com\/fr\/kia-devoile-son-modele-ev5\/#breadcrumb","itemListElement":[{"@type":"ListItem","position":1,"name":"Home","item":"https:\/\/news.canadamotorjobs.com\/fr\/blog\/"},{"@type":"ListItem","position":2,"name":"Kia d\u00e9voile son mod\u00e8le EV5"}]},{"@type":"WebSite","@id":"https:\/\/news.canadamotorjobs.com\/#website","url":"https:\/\/news.canadamotorjobs.com\/","name":"CanadaMotorJobs.com","description":"Automotive Jobs","publisher":{"@id":"https:\/\/news.canadamotorjobs.com\/#organization"},"potentialAction":[{"@type":"SearchAction","target":{"@type":"EntryPoint","urlTemplate":"https:\/\/news.canadamotorjobs.com\/?s={search_term_string}"},"query-input":"required name=search_term_string"}],"inLanguage":"fr-CA"},{"@type":"Organization","@id":"https:\/\/news.canadamotorjobs.com\/#organization","name":"Canada Motor Jobs","url":"https:\/\/news.canadamotorjobs.com\/","logo":{"@type":"ImageObject","inLanguage":"fr-CA","@id":"https:\/\/news.canadamotorjobs.com\/#\/schema\/logo\/image\/","url":"https:\/\/news.canadamotorjobs.com\/wp-content\/uploads\/2022\/10\/logo-canada-motor-jobs-1.png","contentUrl":"https:\/\/news.canadamotorjobs.com\/wp-content\/uploads\/2022\/10\/logo-canada-motor-jobs-1.png","width":800,"height":400,"caption":"Canada Motor Jobs"},"image":{"@id":"https:\/\/news.canadamotorjobs.com\/#\/schema\/logo\/image\/"},"sameAs":["https:\/\/www.facebook.com\/canadamotorjobs\/","https:\/\/x.com\/canadamotorjobs","https:\/\/www.instagram.com\/canadamotorjobs\/","https:\/\/www.linkedin.com\/company\/canadamotorjobs"]},{"@type":"Person","@id":"https:\/\/news.canadamotorjobs.com\/#\/schema\/person\/51793d1f87d44011d7bcc2ed99269a90","name":"Benoit Charette","image":{"@type":"ImageObject","inLanguage":"fr-CA","@id":"https:\/\/news.canadamotorjobs.com\/#\/schema\/person\/image\/","url":"https:\/\/secure.gravatar.com\/avatar\/45f3d2eebcccd909668d7ce7ea7267b6?s=96&d=mm&r=g","contentUrl":"https:\/\/secure.gravatar.com\/avatar\/45f3d2eebcccd909668d7ce7ea7267b6?s=96&d=mm&r=g","caption":"Benoit Charette"},"description":"Benoit Charette \/ Propri\u00e9taire et r\u00e9dacteur en chef Benoit Charette pratique le journalisme automobile depuis bient\u00f4t 30 ans. Il a fait ses classes au c\u00f4t\u00e9 de Daniel H\u00e9raud et au Carnet de route de 1992 \u00e0 2001. Il est fondateur, copropri\u00e9taire et r\u00e9dacteur en chef de L\u2019Annuel de l\u2019automobile, qu\u2019il publie depuis 2001. Il a anim\u00e9 les \u00e9missions RPM et RPM+ sur V et les L\u00e9gendes de la route sur Historia. \u00c0 la radio depuis 1986, il reprend l\u2019antenne cette ann\u00e9e sur les ondes de Cogeco et participe pour la deuxi\u00e8me ann\u00e9e \u00e0 l\u2019\u00e9mission Passion Auto sur RDS en plus de mettre en ligne le site Web officiel de L\u2019Annuel de l\u2019automobile sur annuelauto.ca.","sameAs":["https:\/\/annuelauto.ca\/"],"url":"https:\/\/news.canadamotorjobs.com\/fr\/author\/benoit-charette\/"}]}},"_links":{"self":[{"href":"https:\/\/news.canadamotorjobs.com\/fr\/wp-json\/wp\/v2\/posts\/149694"}],"collection":[{"href":"https:\/\/news.canadamotorjobs.com\/fr\/wp-json\/wp\/v2\/posts"}],"about":[{"href":"https:\/\/news.canadamotorjobs.com\/fr\/wp-json\/wp\/v2\/types\/post"}],"author":[{"embeddable":true,"href":"https:\/\/news.canadamotorjobs.com\/fr\/wp-json\/wp\/v2\/users\/8"}],"replies":[{"embeddable":true,"href":"https:\/\/news.canadamotorjobs.com\/fr\/wp-json\/wp\/v2\/comments?post=149694"}],"version-history":[{"count":2,"href":"https:\/\/news.canadamotorjobs.com\/fr\/wp-json\/wp\/v2\/posts\/149694\/revisions"}],"predecessor-version":[{"id":149698,"href":"https:\/\/news.canadamotorjobs.com\/fr\/wp-json\/wp\/v2\/posts\/149694\/revisions\/149698"}],"wp:featuredmedia":[{"embeddable":true,"href":"https:\/\/news.canadamotorjobs.com\/fr\/wp-json\/wp\/v2\/media\/149696"}],"wp:attachment":[{"href":"https:\/\/news.canadamotorjobs.com\/fr\/wp-json\/wp\/v2\/media?parent=149694"}],"wp:term":[{"taxonomy":"category","embeddable":true,"href":"https:\/\/news.canadamotorjobs.com\/fr\/wp-json\/wp\/v2\/categories?post=149694"},{"taxonomy":"post_tag","embeddable":true,"href":"https:\/\/news.canadamotorjobs.com\/fr\/wp-json\/wp\/v2\/tags?post=149694"}],"curies":[{"name":"wp","href":"https:\/\/api.w.org\/{rel}","templated":true}]}}