{"id":149624,"date":"2023-08-13T12:13:03","date_gmt":"2023-08-13T16:13:03","guid":{"rendered":"https:\/\/news.canadamotorjobs.com\/?p=149624"},"modified":"2023-08-13T12:14:19","modified_gmt":"2023-08-13T16:14:19","slug":"un-recours-collectif-contre-le-jaguar-i-pace-aux-etats-unis","status":"publish","type":"post","link":"https:\/\/news.canadamotorjobs.com\/fr\/un-recours-collectif-contre-le-jaguar-i-pace-aux-etats-unis\/","title":{"rendered":"Un recours collectif contre le Jaguar i-Pace aux \u00c9tats-Unis"},"content":{"rendered":"<\/p>\n<p>Alors que le prix d\u2019un i-Pace est \u00e9lev\u00e9 lorsqu\u2019il est neuf, le prix d\u2019un mod\u00e8le d&#8217;occasion chutent de mani\u00e8re spectaculaire. Cependant, avant de sortir et d&#8217;en acheter un, les futurs propri\u00e9taires voudront peut-\u00eatre prendre du recul.<\/p>\n<h3>Des probl\u00e8mes d\u2019incendies \u00e0 r\u00e9p\u00e9tition<\/h3>\n<p>\nLa Jaguar I-Pace utilise des batteries de LG Energy Solution, le m\u00eame fabricant qui a produit des batteries pour la Bolt, la Bolt EUV et la Kona Electric. Il y a eu plusieurs incidents isol\u00e9s o\u00f9 ces v\u00e9hicules ont pris feu, suscitant des questions sur ces batteries.<\/p>\n<h3>D\u00e9ni de LG Chem<\/h3>\n<p>\nEn novembre 2020, LG Energy Solution a initialement ni\u00e9 que ses cellules de batterie \u00e9taient \u00e0 l&#8217;origine des incendies, mais a accept\u00e9 de coop\u00e9rer avec les fabricants. Cependant, pr\u00e8s d&#8217;un an plus tard, LG Energy Solution a accept\u00e9 de verser 1,9 milliard de dollars \u00e0 GM et environ 623 millions de dollars \u00e0 Hyundai dans le cadre d&#8217;un rappel.<\/p>\n<h3>Le m\u00eame probl\u00e8me que Chevrolet et Hyundai<\/h3>\n<p>\nL&#8217;origine de ces incendies potentiels de batteries \u00e9tait une languette d&#8217;anode pli\u00e9e, en provenance du fournisseur cor\u00e9en de batteries. \u00c9quip\u00e9e des m\u00eames batteries du m\u00eame fabricant, le I-Pace a fait les gros titres d\u00e8s 2021 en raison d&#8217;incendies de batteries. \u00c0 l&#8217;\u00e9t\u00e9 2022, le I-Pace d&#8217;un propri\u00e9taire de 2019 a pris feu pendant la charge dans sa maison en Floride.<\/p>\n<h3>Un premier rappel en mai<\/h3>\n<p>\nEn mai 2023, Jaguar a lanc\u00e9 un rappel pour 6 367 I-Paces, affectant les v\u00e9hicules de toutes les ann\u00e9es-mod\u00e8les (2019 \u00e0 2024). Le rappel concernait la surchauffe des batteries, susceptible de provoquer un incendie de batterie. Jaguar affirme qu&#8217;il peut effectuer une mise \u00e0 jour logicielle OTA pour la r\u00e9paration, mais cela ne peut \u00eatre fait que dans les centres Jaguar. De plus, le fabricant d\u00e9clare qu&#8217;il remplacera les modules ou la batterie enti\u00e8re, si n\u00e9cessaire, gratuitement.<\/p>\n<h3>Jaguar fait maintenant face \u00e0 une poursuite<\/h3>\n<p>\nMais une nouvelle poursuite complique l&#8217;affaire. Une femme en Californie a signal\u00e9 que son I-Pace, d\u00e9j\u00e0 \u00e9quip\u00e9e de sa deuxi\u00e8me batterie (install\u00e9e en 2021), s&#8217;est arr\u00eat\u00e9e en panne en avril 2023. Elle \u00e9tait &#8220;bloqu\u00e9e au milieu d&#8217;une rue, emp\u00eachant les gens de sortir de leurs places de parking.&#8221; M\u00e9contente de la fa\u00e7on dont Jaguar a g\u00e9r\u00e9 la situation, elle a intent\u00e9 un proc\u00e8s. La poursuite affirme que le constructeur automobile britannique connaissait les probl\u00e8mes de batterie bien avant d&#8217;\u00e9mettre le rappel. De plus, de nombreux propri\u00e9taires ont signal\u00e9 d&#8217;autres probl\u00e8mes li\u00e9s \u00e0 la batterie<\/p>\n<h3>Charge \u00e0 75 % maximum<\/h3>\n<p>\nN\u00e9anmoins, les propri\u00e9taires actuels de la I-Pace ne doivent charger leurs v\u00e9hicules qu&#8217;\u00e0 environ 75% avant de recevoir leurs mises \u00e0 jour. Seul le temps dira qui est r\u00e9ellement responsable des nombreux probl\u00e8mes potentiels de la I-Pace.<\/p>\n<p>Avec des renseignements de Motor 1<\/p>\n<p>Le texte <a rel=\"nofollow\" href=\"https:\/\/annuelauto.ca\/un-recours-collectif-contre-le-jaguar-i-pace-aux-etats-unis\/\">Un recours collectif contre le Jaguar i-Pace aux \u00c9tats-Unis<\/a> provient de <a rel=\"nofollow\" href=\"https:\/\/annuelauto.ca\">L&#8217;annuel de l&#8217;automobile &#8211; Actualit\u00e9 automobile<\/a><\/p>\n<p><\/p>\n","protected":false},"excerpt":{"rendered":"<p>Alors que le prix d\u2019un i-Pace est \u00e9lev\u00e9 lorsqu\u2019il est neuf, le prix d\u2019un mod\u00e8le d&#8217;occasion chutent de mani\u00e8re spectaculaire. Cependant, avant de sortir et d&#8217;en acheter un, les futurs propri\u00e9taires voudront peut-\u00eatre prendre du recul. Des probl\u00e8mes d\u2019incendies \u00e0 r\u00e9p\u00e9tition La Jaguar I-Pace utilise des batteries de LG Energy Solution, le m\u00eame fabricant qui [&hellip;]<\/p>\n","protected":false},"author":8,"featured_media":149626,"comment_status":"close","ping_status":"closed","sticky":false,"template":"","format":"standard","meta":{"_monsterinsights_skip_tracking":false,"_monsterinsights_sitenote_active":false,"_monsterinsights_sitenote_note":"","_monsterinsights_sitenote_category":0,"footnotes":""},"categories":[101],"tags":[],"yoast_head":"<!-- This site is optimized with the Yoast SEO plugin v23.2 - https:\/\/yoast.com\/wordpress\/plugins\/seo\/ -->\n<title>Un recours collectif contre le Jaguar i-Pace aux \u00c9tats-Unis - CanadaMotorJobs.com<\/title>\n<meta name=\"description\" content=\"Un recours collectif contre le Jaguar i-Pace aux \u00c9tats-Unis - Benoit Charette - Annuel automobile - CanadaMotorJobs.com.\" \/>\n<meta name=\"robots\" content=\"index, follow, max-snippet:-1, max-image-preview:large, max-video-preview:-1\" \/>\n<meta property=\"og:locale\" content=\"fr_CA\" \/>\n<meta property=\"og:type\" content=\"article\" \/>\n<meta property=\"og:title\" content=\"Un recours collectif contre le Jaguar i-Pace aux \u00c9tats-Unis - CanadaMotorJobs.com\" \/>\n<meta property=\"og:description\" content=\"Un recours collectif contre le Jaguar i-Pace aux \u00c9tats-Unis - Benoit Charette - Annuel automobile - CanadaMotorJobs.com.\" \/>\n<meta property=\"og:url\" content=\"https:\/\/news.canadamotorjobs.com\/fr\/un-recours-collectif-contre-le-jaguar-i-pace-aux-etats-unis\/\" \/>\n<meta property=\"og:site_name\" content=\"CanadaMotorJobs.com\" \/>\n<meta property=\"article:publisher\" content=\"https:\/\/www.facebook.com\/canadamotorjobs\/\" \/>\n<meta property=\"article:published_time\" content=\"2023-08-13T16:13:03+00:00\" \/>\n<meta property=\"article:modified_time\" content=\"2023-08-13T16:14:19+00:00\" \/>\n<meta property=\"og:image\" content=\"https:\/\/news.canadamotorjobs.com\/wp-content\/uploads\/2023\/08\/Jag_22MY_I-PACE_9858_101121.jpg\" \/>\n\t<meta property=\"og:image:width\" content=\"1024\" \/>\n\t<meta property=\"og:image:height\" content=\"683\" \/>\n\t<meta property=\"og:image:type\" content=\"image\/jpeg\" \/>\n<meta name=\"author\" content=\"Benoit Charette\" \/>\n<meta name=\"twitter:card\" content=\"summary_large_image\" \/>\n<meta name=\"twitter:creator\" content=\"@canadamotorjobs\" \/>\n<meta name=\"twitter:site\" content=\"@canadamotorjobs\" \/>\n<meta name=\"twitter:label1\" content=\"\u00c9crit par\" \/>\n\t<meta name=\"twitter:data1\" content=\"Benoit Charette\" \/>\n\t<meta name=\"twitter:label2\" content=\"Estimation du temps de lecture\" \/>\n\t<meta name=\"twitter:data2\" content=\"2 minutes\" \/>\n<!-- \/ Yoast SEO plugin. -->","yoast_head_json":{"title":"Un recours collectif contre le Jaguar i-Pace aux \u00c9tats-Unis - CanadaMotorJobs.com","description":"Un recours collectif contre le Jaguar i-Pace aux \u00c9tats-Unis - Benoit Charette - Annuel automobile - CanadaMotorJobs.com.","robots":{"index":"index","follow":"follow","max-snippet":"max-snippet:-1","max-image-preview":"max-image-preview:large","max-video-preview":"max-video-preview:-1"},"og_locale":"fr_CA","og_type":"article","og_title":"Un recours collectif contre le Jaguar i-Pace aux \u00c9tats-Unis - CanadaMotorJobs.com","og_description":"Un recours collectif contre le Jaguar i-Pace aux \u00c9tats-Unis - Benoit Charette - Annuel automobile - CanadaMotorJobs.com.","og_url":"https:\/\/news.canadamotorjobs.com\/fr\/un-recours-collectif-contre-le-jaguar-i-pace-aux-etats-unis\/","og_site_name":"CanadaMotorJobs.com","article_publisher":"https:\/\/www.facebook.com\/canadamotorjobs\/","article_published_time":"2023-08-13T16:13:03+00:00","article_modified_time":"2023-08-13T16:14:19+00:00","og_image":[{"width":1024,"height":683,"url":"https:\/\/news.canadamotorjobs.com\/wp-content\/uploads\/2023\/08\/Jag_22MY_I-PACE_9858_101121.jpg","type":"image\/jpeg"}],"author":"Benoit Charette","twitter_card":"summary_large_image","twitter_creator":"@canadamotorjobs","twitter_site":"@canadamotorjobs","twitter_misc":{"\u00c9crit par":"Benoit Charette","Estimation du temps de lecture":"2 minutes"},"schema":{"@context":"https:\/\/schema.org","@graph":[{"@type":"Article","@id":"https:\/\/news.canadamotorjobs.com\/fr\/un-recours-collectif-contre-le-jaguar-i-pace-aux-etats-unis\/#article","isPartOf":{"@id":"https:\/\/news.canadamotorjobs.com\/fr\/un-recours-collectif-contre-le-jaguar-i-pace-aux-etats-unis\/"},"author":{"name":"Benoit Charette","@id":"https:\/\/news.canadamotorjobs.com\/#\/schema\/person\/51793d1f87d44011d7bcc2ed99269a90"},"headline":"Un recours collectif contre le Jaguar i-Pace aux \u00c9tats-Unis","datePublished":"2023-08-13T16:13:03+00:00","dateModified":"2023-08-13T16:14:19+00:00","mainEntityOfPage":{"@id":"https:\/\/news.canadamotorjobs.com\/fr\/un-recours-collectif-contre-le-jaguar-i-pace-aux-etats-unis\/"},"wordCount":522,"publisher":{"@id":"https:\/\/news.canadamotorjobs.com\/#organization"},"image":{"@id":"https:\/\/news.canadamotorjobs.com\/fr\/un-recours-collectif-contre-le-jaguar-i-pace-aux-etats-unis\/#primaryimage"},"thumbnailUrl":"https:\/\/news.canadamotorjobs.com\/wp-content\/uploads\/2023\/08\/Jag_22MY_I-PACE_9858_101121.jpg","articleSection":["Annuel automobile"],"inLanguage":"fr-CA"},{"@type":"WebPage","@id":"https:\/\/news.canadamotorjobs.com\/fr\/un-recours-collectif-contre-le-jaguar-i-pace-aux-etats-unis\/","url":"https:\/\/news.canadamotorjobs.com\/fr\/un-recours-collectif-contre-le-jaguar-i-pace-aux-etats-unis\/","name":"Un recours collectif contre le Jaguar i-Pace aux \u00c9tats-Unis - CanadaMotorJobs.com","isPartOf":{"@id":"https:\/\/news.canadamotorjobs.com\/#website"},"primaryImageOfPage":{"@id":"https:\/\/news.canadamotorjobs.com\/fr\/un-recours-collectif-contre-le-jaguar-i-pace-aux-etats-unis\/#primaryimage"},"image":{"@id":"https:\/\/news.canadamotorjobs.com\/fr\/un-recours-collectif-contre-le-jaguar-i-pace-aux-etats-unis\/#primaryimage"},"thumbnailUrl":"https:\/\/news.canadamotorjobs.com\/wp-content\/uploads\/2023\/08\/Jag_22MY_I-PACE_9858_101121.jpg","datePublished":"2023-08-13T16:13:03+00:00","dateModified":"2023-08-13T16:14:19+00:00","description":"Un recours collectif contre le Jaguar i-Pace aux \u00c9tats-Unis - Benoit Charette - Annuel automobile - CanadaMotorJobs.com.","breadcrumb":{"@id":"https:\/\/news.canadamotorjobs.com\/fr\/un-recours-collectif-contre-le-jaguar-i-pace-aux-etats-unis\/#breadcrumb"},"inLanguage":"fr-CA","potentialAction":[{"@type":"ReadAction","target":["https:\/\/news.canadamotorjobs.com\/fr\/un-recours-collectif-contre-le-jaguar-i-pace-aux-etats-unis\/"]}]},{"@type":"ImageObject","inLanguage":"fr-CA","@id":"https:\/\/news.canadamotorjobs.com\/fr\/un-recours-collectif-contre-le-jaguar-i-pace-aux-etats-unis\/#primaryimage","url":"https:\/\/news.canadamotorjobs.com\/wp-content\/uploads\/2023\/08\/Jag_22MY_I-PACE_9858_101121.jpg","contentUrl":"https:\/\/news.canadamotorjobs.com\/wp-content\/uploads\/2023\/08\/Jag_22MY_I-PACE_9858_101121.jpg","width":1024,"height":683},{"@type":"BreadcrumbList","@id":"https:\/\/news.canadamotorjobs.com\/fr\/un-recours-collectif-contre-le-jaguar-i-pace-aux-etats-unis\/#breadcrumb","itemListElement":[{"@type":"ListItem","position":1,"name":"Home","item":"https:\/\/news.canadamotorjobs.com\/fr\/blog\/"},{"@type":"ListItem","position":2,"name":"Un recours collectif contre le Jaguar i-Pace aux \u00c9tats-Unis"}]},{"@type":"WebSite","@id":"https:\/\/news.canadamotorjobs.com\/#website","url":"https:\/\/news.canadamotorjobs.com\/","name":"CanadaMotorJobs.com","description":"Automotive Jobs","publisher":{"@id":"https:\/\/news.canadamotorjobs.com\/#organization"},"potentialAction":[{"@type":"SearchAction","target":{"@type":"EntryPoint","urlTemplate":"https:\/\/news.canadamotorjobs.com\/?s={search_term_string}"},"query-input":"required name=search_term_string"}],"inLanguage":"fr-CA"},{"@type":"Organization","@id":"https:\/\/news.canadamotorjobs.com\/#organization","name":"Canada Motor Jobs","url":"https:\/\/news.canadamotorjobs.com\/","logo":{"@type":"ImageObject","inLanguage":"fr-CA","@id":"https:\/\/news.canadamotorjobs.com\/#\/schema\/logo\/image\/","url":"https:\/\/news.canadamotorjobs.com\/wp-content\/uploads\/2022\/10\/logo-canada-motor-jobs-1.png","contentUrl":"https:\/\/news.canadamotorjobs.com\/wp-content\/uploads\/2022\/10\/logo-canada-motor-jobs-1.png","width":800,"height":400,"caption":"Canada Motor Jobs"},"image":{"@id":"https:\/\/news.canadamotorjobs.com\/#\/schema\/logo\/image\/"},"sameAs":["https:\/\/www.facebook.com\/canadamotorjobs\/","https:\/\/x.com\/canadamotorjobs","https:\/\/www.instagram.com\/canadamotorjobs\/","https:\/\/www.linkedin.com\/company\/canadamotorjobs"]},{"@type":"Person","@id":"https:\/\/news.canadamotorjobs.com\/#\/schema\/person\/51793d1f87d44011d7bcc2ed99269a90","name":"Benoit Charette","image":{"@type":"ImageObject","inLanguage":"fr-CA","@id":"https:\/\/news.canadamotorjobs.com\/#\/schema\/person\/image\/","url":"https:\/\/secure.gravatar.com\/avatar\/45f3d2eebcccd909668d7ce7ea7267b6?s=96&d=mm&r=g","contentUrl":"https:\/\/secure.gravatar.com\/avatar\/45f3d2eebcccd909668d7ce7ea7267b6?s=96&d=mm&r=g","caption":"Benoit Charette"},"description":"Benoit Charette \/ Propri\u00e9taire et r\u00e9dacteur en chef Benoit Charette pratique le journalisme automobile depuis bient\u00f4t 30 ans. Il a fait ses classes au c\u00f4t\u00e9 de Daniel H\u00e9raud et au Carnet de route de 1992 \u00e0 2001. Il est fondateur, copropri\u00e9taire et r\u00e9dacteur en chef de L\u2019Annuel de l\u2019automobile, qu\u2019il publie depuis 2001. Il a anim\u00e9 les \u00e9missions RPM et RPM+ sur V et les L\u00e9gendes de la route sur Historia. \u00c0 la radio depuis 1986, il reprend l\u2019antenne cette ann\u00e9e sur les ondes de Cogeco et participe pour la deuxi\u00e8me ann\u00e9e \u00e0 l\u2019\u00e9mission Passion Auto sur RDS en plus de mettre en ligne le site Web officiel de L\u2019Annuel de l\u2019automobile sur annuelauto.ca.","sameAs":["https:\/\/annuelauto.ca\/"],"url":"https:\/\/news.canadamotorjobs.com\/fr\/author\/benoit-charette\/"}]}},"_links":{"self":[{"href":"https:\/\/news.canadamotorjobs.com\/fr\/wp-json\/wp\/v2\/posts\/149624"}],"collection":[{"href":"https:\/\/news.canadamotorjobs.com\/fr\/wp-json\/wp\/v2\/posts"}],"about":[{"href":"https:\/\/news.canadamotorjobs.com\/fr\/wp-json\/wp\/v2\/types\/post"}],"author":[{"embeddable":true,"href":"https:\/\/news.canadamotorjobs.com\/fr\/wp-json\/wp\/v2\/users\/8"}],"replies":[{"embeddable":true,"href":"https:\/\/news.canadamotorjobs.com\/fr\/wp-json\/wp\/v2\/comments?post=149624"}],"version-history":[{"count":2,"href":"https:\/\/news.canadamotorjobs.com\/fr\/wp-json\/wp\/v2\/posts\/149624\/revisions"}],"predecessor-version":[{"id":149628,"href":"https:\/\/news.canadamotorjobs.com\/fr\/wp-json\/wp\/v2\/posts\/149624\/revisions\/149628"}],"wp:featuredmedia":[{"embeddable":true,"href":"https:\/\/news.canadamotorjobs.com\/fr\/wp-json\/wp\/v2\/media\/149626"}],"wp:attachment":[{"href":"https:\/\/news.canadamotorjobs.com\/fr\/wp-json\/wp\/v2\/media?parent=149624"}],"wp:term":[{"taxonomy":"category","embeddable":true,"href":"https:\/\/news.canadamotorjobs.com\/fr\/wp-json\/wp\/v2\/categories?post=149624"},{"taxonomy":"post_tag","embeddable":true,"href":"https:\/\/news.canadamotorjobs.com\/fr\/wp-json\/wp\/v2\/tags?post=149624"}],"curies":[{"name":"wp","href":"https:\/\/api.w.org\/{rel}","templated":true}]}}