{"id":149597,"date":"2023-08-10T10:17:17","date_gmt":"2023-08-10T14:17:17","guid":{"rendered":"https:\/\/news.canadamotorjobs.com\/?p=149597"},"modified":"2023-08-10T10:29:30","modified_gmt":"2023-08-10T14:29:30","slug":"lannuel-de-lautomobile-2024-arrive-en-magasin-le-2-septembre","status":"publish","type":"post","link":"https:\/\/news.canadamotorjobs.com\/fr\/lannuel-de-lautomobile-2024-arrive-en-magasin-le-2-septembre\/","title":{"rendered":"L\u2019Annuel de l\u2019automobile\u00a02024 arrive en magasin le 2 septembre"},"content":{"rendered":"<\/p>\n<p>Le secteur automobile est \u00e0 l\u2019aube de ses plus grands changements depuis la mise en march\u00e9 de la Model T. Il doit faire face \u00e0 une transformation sans pr\u00e9c\u00e9dent. Les constructeurs \u00e9tablis font la lutte \u00e0 de jeunes pousses alors que des sommes astronomiques sont d\u00e9pens\u00e9es pour entreprendre la transition \u00e9lectrique. <em>L\u2019Annuel de l\u2019automobile<\/em> vous invite \u00e0 suivre cette \u00e9volution \u00e0 travers ses pages avec l\u2019ouverture de chaque chapitre consacr\u00e9e \u00e0 un constructeur. Nous brossons un portrait \u00e9clair de l\u2019industrie automobile. Nous continuons \u00e9galement de vous offrir notre section sur les mod\u00e8les enti\u00e8rement \u00e9lectriques et hybrides branchables, qui s\u2019est encore agrandie cette ann\u00e9e.<\/p>\n<p><strong>Un coup d\u2019\u0153il sur nos reportages<\/strong><\/p>\n<h3><strong>1-Est-ce que l\u2019autonomie \u00e9lectrique fait foi de tout\u00a0?\u00a0<\/strong><\/h3>\n<p>\nAu volant de quatre v\u00e9hicules \u00e9lectriques (Mazda MX-30, Tesla Model 3, Genesis G70 et BMW i7), les membres de l\u2019<em>Annuel de l\u2019automobile <\/em>se sont \u00e9lanc\u00e9s sur une route de 400 km (aller-retour) dans la r\u00e9gion des Mille-\u00celes, en Ontario, dans le but de v\u00e9rifier de quelle fa\u00e7on l\u2019autonomie affectait le temps de d\u00e9placement.<\/p>\n<h3><strong>2- La conduite autonome va bient\u00f4t faire partie int\u00e9grante de tous les v\u00e9hicules.<\/strong><\/h3>\n<p>\nGr\u00e2ce \u00e0 l\u2019arriv\u00e9e de la technologie 5G, la conduite intelligente est devenue facile d\u2019acc\u00e8s. Nous faisons le point sur cette technologie et sur ce \u00e0 quoi nous devons nous attendre dans l\u2019avenir.<\/p>\n<h3><strong>3- L\u2019avenir des batteries dans le monde des v\u00e9hicules \u00e9lectriques<\/strong><\/h3>\n<p>\nPas un mois ne passe sans que l\u2019industrie automobile annonce une nouvelle pile\u00a0: pile au sodium, pile solide, pile LFP. Que nous r\u00e9serve l\u2019avenir en mati\u00e8re d\u2019\u00e9lectrification des v\u00e9hicules? Est-ce que l\u2019hydrog\u00e8ne y aura sa place? Quelles technologies arriveront \u00e0 faire une perc\u00e9e\u00a0? Il s\u2019agit l\u00e0 de questions parmi d\u2019autres sur lesquelles nous nous penchons dans cette section.<\/p>\n<h3><strong>4- America\u2019s Car Museum<\/strong><\/h3>\n<p>\nHarold LeMay a re\u00e7u en 1997 le titre de plus grand collectionneur de voitures au monde. \u00c0 son apog\u00e9e, l\u2019homme d\u2019affaires de l\u2019\u00c9tat de Washington poss\u00e9dait plus de 3000 v\u00e9hicules. Apr\u00e8s son d\u00e9c\u00e8s, la Ville de Tacoma a ouvert en 2012 un mus\u00e9e pour mettre en valeur sa collection. Nous vous invitons \u00e0 faire le tour de l\u2019America\u2019s Car Museum pour admirer cette collection consid\u00e9r\u00e9e par plusieurs comme un tr\u00e9sor national de l\u2019automobile.<\/p>\n<h3><strong>5- Un nouveau mod\u00e8le d\u2019affaires automobile<\/strong><\/h3>\n<p>\nDepuis 100 ans, les voitures sont vendues en concession. Tesla a chang\u00e9 la donne en vendant ses produits directement aux consommateurs. De jeunes pousses ont repris l\u2019id\u00e9e et utilisent le m\u00eame mod\u00e8le d\u2019affaires, mais voil\u00e0 que des grands comme Ford souhaitent aussi imiter Tesla. Assisterons-nous \u00e0 une transformation du processus de vente\u00a0?<\/p>\n<h3><strong>\u00c0 ne pas manquer<\/strong><em>\u00a0<\/em><\/h3>\n<p>\n<strong>LE PALMAR\u00c8S <\/strong><\/p>\n<p>Les meilleurs v\u00e9hicules des 26 cat\u00e9gories. En prime, chaque auteurs nous r\u00e9v\u00e8lent les meilleurs et les moins choix de nos auteurs<\/p>\n<h3><strong>Prix des mod\u00e8les neufs<\/strong><\/h3>\n<p>\nCe travail a \u00e9t\u00e9 fait en collaboration avec l\u2019\u00e9quipe d\u2019Auto Hebdo.<strong>\u00a0<\/strong><\/p>\n<h3><strong>LES ESSAIS <\/strong><\/h3>\n<p>\nUniques \u00e0 l\u2019<em>Annuel de l\u2019automobile<\/em>, les \u00ab Ouvertures \u00bb consacr\u00e9es aux marques donnent un aper\u00e7u de l\u2019industrie automobile canadienne. Vous trouverez ensuite plus de 330 revues automobiles class\u00e9es en trois sections distinctes. La premi\u00e8re se concentre sur les mod\u00e8les \u00e0 combustion interne, la deuxi\u00e8me sur les v\u00e9hicules enti\u00e8rement \u00e9lectriques et la troisi\u00e8me prend la forme d\u2019un r\u00e9pertoire sur les v\u00e9hicules hybrides branchables que vous pourrez consulter.<\/p>\n<p><em>L\u2019Annuel de l\u2019automobile 2024<\/em>, plus que jamais la <strong>r\u00e9f\u00e9rence INCONTOURNABLE en automobile<\/strong><\/p>\n<p>Le texte <a rel=\"nofollow\" href=\"https:\/\/annuelauto.ca\/lannuel-de-lautomobile-2024-arrive-en-magasin-le-2-septembre\/\">L\u2019Annuel de l\u2019automobile\u00a02024 arrive en magasin le 2 septembre<\/a> provient de <a rel=\"nofollow\" href=\"https:\/\/annuelauto.ca\">L&#8217;annuel de l&#8217;automobile &#8211; Actualit\u00e9 automobile<\/a><\/p>\n<p><\/p>\n","protected":false},"excerpt":{"rendered":"<p>Le secteur automobile est \u00e0 l\u2019aube de ses plus grands changements depuis la mise en march\u00e9 de la Model T. Il doit faire face \u00e0 une transformation sans pr\u00e9c\u00e9dent. Les constructeurs \u00e9tablis font la lutte \u00e0 de jeunes pousses alors que des sommes astronomiques sont d\u00e9pens\u00e9es pour entreprendre la transition \u00e9lectrique. L\u2019Annuel de l\u2019automobile vous [&hellip;]<\/p>\n","protected":false},"author":8,"featured_media":149599,"comment_status":"close","ping_status":"closed","sticky":false,"template":"","format":"standard","meta":{"_monsterinsights_skip_tracking":false,"_monsterinsights_sitenote_active":false,"_monsterinsights_sitenote_note":"","_monsterinsights_sitenote_category":0,"footnotes":""},"categories":[101],"tags":[],"yoast_head":"<!-- This site is optimized with the Yoast SEO plugin v23.2 - https:\/\/yoast.com\/wordpress\/plugins\/seo\/ -->\n<title>L\u2019Annuel de l\u2019automobile\u00a02024 arrive en magasin le 2 septembre - CanadaMotorJobs.com<\/title>\n<meta name=\"description\" content=\"L\u2019Annuel de l\u2019automobile\u00a02024 arrive en magasin le 2 septembre - Benoit Charette - Annuel automobile - CanadaMotorJobs.com.\" \/>\n<meta name=\"robots\" content=\"index, follow, max-snippet:-1, max-image-preview:large, max-video-preview:-1\" \/>\n<meta property=\"og:locale\" content=\"fr_CA\" \/>\n<meta property=\"og:type\" content=\"article\" \/>\n<meta property=\"og:title\" content=\"L\u2019Annuel de l\u2019automobile\u00a02024 arrive en magasin le 2 septembre - CanadaMotorJobs.com\" \/>\n<meta property=\"og:description\" content=\"L\u2019Annuel de l\u2019automobile\u00a02024 arrive en magasin le 2 septembre - Benoit Charette - Annuel automobile - CanadaMotorJobs.com.\" \/>\n<meta property=\"og:url\" content=\"https:\/\/news.canadamotorjobs.com\/fr\/lannuel-de-lautomobile-2024-arrive-en-magasin-le-2-septembre\/\" \/>\n<meta property=\"og:site_name\" content=\"CanadaMotorJobs.com\" \/>\n<meta property=\"article:publisher\" content=\"https:\/\/www.facebook.com\/canadamotorjobs\/\" \/>\n<meta property=\"article:published_time\" content=\"2023-08-10T14:17:17+00:00\" \/>\n<meta property=\"article:modified_time\" content=\"2023-08-10T14:29:30+00:00\" \/>\n<meta property=\"og:image\" content=\"https:\/\/news.canadamotorjobs.com\/wp-content\/uploads\/2023\/08\/mockup-of-a-hard-cover-book-leaning-on-a-pile-of-books-734-el1.png\" \/>\n\t<meta property=\"og:image:width\" content=\"1920\" \/>\n\t<meta property=\"og:image:height\" content=\"1280\" \/>\n\t<meta property=\"og:image:type\" content=\"image\/png\" \/>\n<meta name=\"author\" content=\"Benoit Charette\" \/>\n<meta name=\"twitter:card\" content=\"summary_large_image\" \/>\n<meta name=\"twitter:creator\" content=\"@canadamotorjobs\" \/>\n<meta name=\"twitter:site\" content=\"@canadamotorjobs\" \/>\n<meta name=\"twitter:label1\" content=\"\u00c9crit par\" \/>\n\t<meta name=\"twitter:data1\" content=\"Benoit Charette\" \/>\n\t<meta name=\"twitter:label2\" content=\"Estimation du temps de lecture\" \/>\n\t<meta name=\"twitter:data2\" content=\"3 minutes\" \/>\n<!-- \/ Yoast SEO plugin. -->","yoast_head_json":{"title":"L\u2019Annuel de l\u2019automobile\u00a02024 arrive en magasin le 2 septembre - CanadaMotorJobs.com","description":"L\u2019Annuel de l\u2019automobile\u00a02024 arrive en magasin le 2 septembre - Benoit Charette - Annuel automobile - CanadaMotorJobs.com.","robots":{"index":"index","follow":"follow","max-snippet":"max-snippet:-1","max-image-preview":"max-image-preview:large","max-video-preview":"max-video-preview:-1"},"og_locale":"fr_CA","og_type":"article","og_title":"L\u2019Annuel de l\u2019automobile\u00a02024 arrive en magasin le 2 septembre - CanadaMotorJobs.com","og_description":"L\u2019Annuel de l\u2019automobile\u00a02024 arrive en magasin le 2 septembre - Benoit Charette - Annuel automobile - CanadaMotorJobs.com.","og_url":"https:\/\/news.canadamotorjobs.com\/fr\/lannuel-de-lautomobile-2024-arrive-en-magasin-le-2-septembre\/","og_site_name":"CanadaMotorJobs.com","article_publisher":"https:\/\/www.facebook.com\/canadamotorjobs\/","article_published_time":"2023-08-10T14:17:17+00:00","article_modified_time":"2023-08-10T14:29:30+00:00","og_image":[{"width":1920,"height":1280,"url":"https:\/\/news.canadamotorjobs.com\/wp-content\/uploads\/2023\/08\/mockup-of-a-hard-cover-book-leaning-on-a-pile-of-books-734-el1.png","type":"image\/png"}],"author":"Benoit Charette","twitter_card":"summary_large_image","twitter_creator":"@canadamotorjobs","twitter_site":"@canadamotorjobs","twitter_misc":{"\u00c9crit par":"Benoit Charette","Estimation du temps de lecture":"3 minutes"},"schema":{"@context":"https:\/\/schema.org","@graph":[{"@type":"Article","@id":"https:\/\/news.canadamotorjobs.com\/fr\/lannuel-de-lautomobile-2024-arrive-en-magasin-le-2-septembre\/#article","isPartOf":{"@id":"https:\/\/news.canadamotorjobs.com\/fr\/lannuel-de-lautomobile-2024-arrive-en-magasin-le-2-septembre\/"},"author":{"name":"Benoit Charette","@id":"https:\/\/news.canadamotorjobs.com\/#\/schema\/person\/51793d1f87d44011d7bcc2ed99269a90"},"headline":"L\u2019Annuel de l\u2019automobile\u00a02024 arrive en magasin le 2 septembre","datePublished":"2023-08-10T14:17:17+00:00","dateModified":"2023-08-10T14:29:30+00:00","mainEntityOfPage":{"@id":"https:\/\/news.canadamotorjobs.com\/fr\/lannuel-de-lautomobile-2024-arrive-en-magasin-le-2-septembre\/"},"wordCount":646,"publisher":{"@id":"https:\/\/news.canadamotorjobs.com\/#organization"},"image":{"@id":"https:\/\/news.canadamotorjobs.com\/fr\/lannuel-de-lautomobile-2024-arrive-en-magasin-le-2-septembre\/#primaryimage"},"thumbnailUrl":"https:\/\/news.canadamotorjobs.com\/wp-content\/uploads\/2023\/08\/mockup-of-a-hard-cover-book-leaning-on-a-pile-of-books-734-el1.png","articleSection":["Annuel automobile"],"inLanguage":"fr-CA"},{"@type":"WebPage","@id":"https:\/\/news.canadamotorjobs.com\/fr\/lannuel-de-lautomobile-2024-arrive-en-magasin-le-2-septembre\/","url":"https:\/\/news.canadamotorjobs.com\/fr\/lannuel-de-lautomobile-2024-arrive-en-magasin-le-2-septembre\/","name":"L\u2019Annuel de l\u2019automobile\u00a02024 arrive en magasin le 2 septembre - CanadaMotorJobs.com","isPartOf":{"@id":"https:\/\/news.canadamotorjobs.com\/#website"},"primaryImageOfPage":{"@id":"https:\/\/news.canadamotorjobs.com\/fr\/lannuel-de-lautomobile-2024-arrive-en-magasin-le-2-septembre\/#primaryimage"},"image":{"@id":"https:\/\/news.canadamotorjobs.com\/fr\/lannuel-de-lautomobile-2024-arrive-en-magasin-le-2-septembre\/#primaryimage"},"thumbnailUrl":"https:\/\/news.canadamotorjobs.com\/wp-content\/uploads\/2023\/08\/mockup-of-a-hard-cover-book-leaning-on-a-pile-of-books-734-el1.png","datePublished":"2023-08-10T14:17:17+00:00","dateModified":"2023-08-10T14:29:30+00:00","description":"L\u2019Annuel de l\u2019automobile\u00a02024 arrive en magasin le 2 septembre - Benoit Charette - Annuel automobile - CanadaMotorJobs.com.","breadcrumb":{"@id":"https:\/\/news.canadamotorjobs.com\/fr\/lannuel-de-lautomobile-2024-arrive-en-magasin-le-2-septembre\/#breadcrumb"},"inLanguage":"fr-CA","potentialAction":[{"@type":"ReadAction","target":["https:\/\/news.canadamotorjobs.com\/fr\/lannuel-de-lautomobile-2024-arrive-en-magasin-le-2-septembre\/"]}]},{"@type":"ImageObject","inLanguage":"fr-CA","@id":"https:\/\/news.canadamotorjobs.com\/fr\/lannuel-de-lautomobile-2024-arrive-en-magasin-le-2-septembre\/#primaryimage","url":"https:\/\/news.canadamotorjobs.com\/wp-content\/uploads\/2023\/08\/mockup-of-a-hard-cover-book-leaning-on-a-pile-of-books-734-el1.png","contentUrl":"https:\/\/news.canadamotorjobs.com\/wp-content\/uploads\/2023\/08\/mockup-of-a-hard-cover-book-leaning-on-a-pile-of-books-734-el1.png","width":1920,"height":1280},{"@type":"BreadcrumbList","@id":"https:\/\/news.canadamotorjobs.com\/fr\/lannuel-de-lautomobile-2024-arrive-en-magasin-le-2-septembre\/#breadcrumb","itemListElement":[{"@type":"ListItem","position":1,"name":"Home","item":"https:\/\/news.canadamotorjobs.com\/fr\/blog\/"},{"@type":"ListItem","position":2,"name":"L\u2019Annuel de l\u2019automobile\u00a02024 arrive en magasin le 2 septembre"}]},{"@type":"WebSite","@id":"https:\/\/news.canadamotorjobs.com\/#website","url":"https:\/\/news.canadamotorjobs.com\/","name":"CanadaMotorJobs.com","description":"Automotive Jobs","publisher":{"@id":"https:\/\/news.canadamotorjobs.com\/#organization"},"potentialAction":[{"@type":"SearchAction","target":{"@type":"EntryPoint","urlTemplate":"https:\/\/news.canadamotorjobs.com\/?s={search_term_string}"},"query-input":"required name=search_term_string"}],"inLanguage":"fr-CA"},{"@type":"Organization","@id":"https:\/\/news.canadamotorjobs.com\/#organization","name":"Canada Motor Jobs","url":"https:\/\/news.canadamotorjobs.com\/","logo":{"@type":"ImageObject","inLanguage":"fr-CA","@id":"https:\/\/news.canadamotorjobs.com\/#\/schema\/logo\/image\/","url":"https:\/\/news.canadamotorjobs.com\/wp-content\/uploads\/2022\/10\/logo-canada-motor-jobs-1.png","contentUrl":"https:\/\/news.canadamotorjobs.com\/wp-content\/uploads\/2022\/10\/logo-canada-motor-jobs-1.png","width":800,"height":400,"caption":"Canada Motor Jobs"},"image":{"@id":"https:\/\/news.canadamotorjobs.com\/#\/schema\/logo\/image\/"},"sameAs":["https:\/\/www.facebook.com\/canadamotorjobs\/","https:\/\/x.com\/canadamotorjobs","https:\/\/www.instagram.com\/canadamotorjobs\/","https:\/\/www.linkedin.com\/company\/canadamotorjobs"]},{"@type":"Person","@id":"https:\/\/news.canadamotorjobs.com\/#\/schema\/person\/51793d1f87d44011d7bcc2ed99269a90","name":"Benoit Charette","image":{"@type":"ImageObject","inLanguage":"fr-CA","@id":"https:\/\/news.canadamotorjobs.com\/#\/schema\/person\/image\/","url":"https:\/\/secure.gravatar.com\/avatar\/45f3d2eebcccd909668d7ce7ea7267b6?s=96&d=mm&r=g","contentUrl":"https:\/\/secure.gravatar.com\/avatar\/45f3d2eebcccd909668d7ce7ea7267b6?s=96&d=mm&r=g","caption":"Benoit Charette"},"description":"Benoit Charette \/ Propri\u00e9taire et r\u00e9dacteur en chef Benoit Charette pratique le journalisme automobile depuis bient\u00f4t 30 ans. Il a fait ses classes au c\u00f4t\u00e9 de Daniel H\u00e9raud et au Carnet de route de 1992 \u00e0 2001. Il est fondateur, copropri\u00e9taire et r\u00e9dacteur en chef de L\u2019Annuel de l\u2019automobile, qu\u2019il publie depuis 2001. Il a anim\u00e9 les \u00e9missions RPM et RPM+ sur V et les L\u00e9gendes de la route sur Historia. \u00c0 la radio depuis 1986, il reprend l\u2019antenne cette ann\u00e9e sur les ondes de Cogeco et participe pour la deuxi\u00e8me ann\u00e9e \u00e0 l\u2019\u00e9mission Passion Auto sur RDS en plus de mettre en ligne le site Web officiel de L\u2019Annuel de l\u2019automobile sur annuelauto.ca.","sameAs":["https:\/\/annuelauto.ca\/"],"url":"https:\/\/news.canadamotorjobs.com\/fr\/author\/benoit-charette\/"}]}},"_links":{"self":[{"href":"https:\/\/news.canadamotorjobs.com\/fr\/wp-json\/wp\/v2\/posts\/149597"}],"collection":[{"href":"https:\/\/news.canadamotorjobs.com\/fr\/wp-json\/wp\/v2\/posts"}],"about":[{"href":"https:\/\/news.canadamotorjobs.com\/fr\/wp-json\/wp\/v2\/types\/post"}],"author":[{"embeddable":true,"href":"https:\/\/news.canadamotorjobs.com\/fr\/wp-json\/wp\/v2\/users\/8"}],"replies":[{"embeddable":true,"href":"https:\/\/news.canadamotorjobs.com\/fr\/wp-json\/wp\/v2\/comments?post=149597"}],"version-history":[{"count":2,"href":"https:\/\/news.canadamotorjobs.com\/fr\/wp-json\/wp\/v2\/posts\/149597\/revisions"}],"predecessor-version":[{"id":149601,"href":"https:\/\/news.canadamotorjobs.com\/fr\/wp-json\/wp\/v2\/posts\/149597\/revisions\/149601"}],"wp:featuredmedia":[{"embeddable":true,"href":"https:\/\/news.canadamotorjobs.com\/fr\/wp-json\/wp\/v2\/media\/149599"}],"wp:attachment":[{"href":"https:\/\/news.canadamotorjobs.com\/fr\/wp-json\/wp\/v2\/media?parent=149597"}],"wp:term":[{"taxonomy":"category","embeddable":true,"href":"https:\/\/news.canadamotorjobs.com\/fr\/wp-json\/wp\/v2\/categories?post=149597"},{"taxonomy":"post_tag","embeddable":true,"href":"https:\/\/news.canadamotorjobs.com\/fr\/wp-json\/wp\/v2\/tags?post=149597"}],"curies":[{"name":"wp","href":"https:\/\/api.w.org\/{rel}","templated":true}]}}