{"id":149574,"date":"2023-08-10T07:32:23","date_gmt":"2023-08-10T11:32:23","guid":{"rendered":"https:\/\/news.canadamotorjobs.com\/?p=149574"},"modified":"2023-08-10T07:45:27","modified_gmt":"2023-08-10T11:45:27","slug":"725-km-dautonomie-annoncee-pour-le-cadillac-iq-2025","status":"publish","type":"post","link":"https:\/\/news.canadamotorjobs.com\/fr\/725-km-dautonomie-annoncee-pour-le-cadillac-iq-2025\/","title":{"rendered":"725\u00a0km d\u2019autonomie annonc\u00e9e pour le Cadillac IQ 2025"},"content":{"rendered":"<\/p>\n<p>General Motors continue sa forte croissante de voitures \u00e9lectriques, allant de la Chevrolet Equinox EV relativement abordable \u00e0 la berline de luxe phare Cadillac Celestiq, le tout bas\u00e9 sur la plateforme modulaire Ultium. Cette architecture flexible se d\u00e9cline dans une autre variante avec le massif Cadillac Escalade IQ 2025, un VUS enti\u00e8rement \u00e9lectrique qui rejoindra son homologue \u00e0 combustion interne dans la gamme de la soci\u00e9t\u00e9.<\/p>\n<h3>Encore un autre mod\u00e8le inabordable<\/h3>\n<p>\nL&#8217;Escalade est l&#8217;un des v\u00e9hicules les plus importants de la gamme Cadillac, et le constructeur a mis tout en \u0153uvre pour la version \u00e9lectrique IQ. Avec une autonomie revendiqu\u00e9e par GM de 725 km gr\u00e2ce \u00e0 une batterie d&#8217;une capacit\u00e9 de plus de 200 kilowattheures qui est presque aussi grosse que celle du GMC Hummer (212 kWh). Ajoutez un \u00e9cran d&#8217;infodivertissement large sur le tableau de bord, une direction \u00e0 quatre roues et une capacit\u00e9 de remorquage allant jusqu&#8217;\u00e0 8 000 livres, et vous obtenez les ingr\u00e9dients d&#8217;un autre VUS de luxe attrayant, mais cette fois-ci \u00e9lectrique. Le prix au Canada sera entre 160 000 et 180 000 $.<\/p>\n<h3>Architecture de 800 volts<\/h3>\n<p>\nLa plateforme \u00e9volutive Ultium EV accueille la batterie \u00e0 24 modules de l&#8217;Escalade IQ, soit deux fois plus que la Lyriq, avec une capacit\u00e9 utilisable de 102,0\u00a0kWh. L&#8217;Escalade IQ utilisera une architecture \u00e9lectrique de 800 volts, correspondant probablement \u00e0 la vitesse de charge maximale en courant continu de 350 kilowatts de son cousin de la soci\u00e9t\u00e9. Cadillac affirme que l&#8217;IQ fournira jusqu&#8217;\u00e0 160\u00a0km d&#8217;autonomie en 10 minutes de charge sur un chargeur public de 350\u00a0kW. Un chargeur embarqu\u00e9 \u00e0 double niveau de 240 volts est de s\u00e9rie, rechargeant l&#8217;Escalade \u00e0 une vitesse de 24\u00a0km d&#8217;autonomie ajout\u00e9e par heure \u00e0 7,7\u00a0kW \u2014 un calcul rapide sugg\u00e9rerait un temps de charge de 0 \u00e0 100% d&#8217;environ 30 heures. L&#8217;IQ peut \u00e9galement accepter jusqu&#8217;\u00e0 19,2\u00a0kW en courant alternatif, et sur une prise de 240 volts capable de fournir cette puissance, le VUS se recharge compl\u00e8tement en environ 13 heures, soit 60\u00a0km par heure.<\/p>\n<h3>Tr\u00e8s puissant<\/h3>\n<p>\nGr\u00e2ce \u00e0 des moteurs \u00e0 aimant permanent doubles, l&#8217;Escalade IQ dispose d&#8217;une traction int\u00e9grale avec 680 chevaux et 615 livres-pied de couple en mode de conduite normal. Basculez en mode Velocity Max et ces chiffres montent \u00e0 750 chevaux et 785 livres-pied, ce qui, selon Cadillac, propulsera le v\u00e9hicule de 0 \u00e0 60 miles par heure en moins de 5 secondes. L&#8217;Escalade IQ 2025 pourra \u00e9galement remorquer jusqu&#8217;\u00e0 8 000 livres, selon les estimations de l&#8217;entreprise. La conduite \u00e0 une p\u00e9dale et la r\u00e9g\u00e9n\u00e9ration de freinage s\u00e9lective sont standard, de m\u00eame qu&#8217;une pompe \u00e0 chaleur qui contribue \u00e0 r\u00e9duire la charge \u00e9nerg\u00e9tique du contr\u00f4le automatique du climat \u00e0 cinq zones.<\/p>\n<h3>4 roues directionnelles<\/h3>\n<p>\nTout comme ses cousins GMC Hummer et Chevrolet Silverado EV, l&#8217;Escalade IQ recevra une direction \u00e0 quatre roues, avec une fonction de conduite diagonale \u00e0 basse vitesse appel\u00e9e Cadillac Arrival Mode. Une suspension pneumatique et des amortisseurs magn\u00e9tiques sont standard, abaissant l&#8217;Escalade de jusqu&#8217;\u00e0 2 pouces pour l&#8217;a\u00e9rodynamisme ou la relevant d&#8217;un pouce pour le d\u00e9gagement. Le VUS \u00e9lectrique se vantera \u00e9galement d&#8217;une fonction v\u00e9hicule-vers maison (V2H) dans son syst\u00e8me de charge bidirectionnelle, permettant aux clients de puiser directement de l&#8217;\u00e9nergie de leurs voitures via un chargeur install\u00e9 \u00e0 domicile.<\/p>\n<h3>Un style propre au mod\u00e8le \u00e9lectrique<\/h3>\n<p>\nVisuellement, les phares verticaux sont un changement par rapport aux yeux pliss\u00e9s de l&#8217;Escalade \u00e0 combustion, avec une calandre illumin\u00e9e caract\u00e9ristique de la gamme IQ de Cadillac qui para\u00eet moins audacieuse et massive que ce \u00e0 quoi certains s&#8217;attendaient. Il en va de m\u00eame pour le profil lat\u00e9ral fluide, avec une ligne d&#8217;\u00e9paule nette allant de l&#8217;aile avant au feu arri\u00e8re, ainsi qu&#8217;un pli bas sur les porti\u00e8res qui capte la lumi\u00e8re. Cadillac n&#8217;a pas non plus ignor\u00e9 l&#8217;a\u00e9rodynamique dans le nouveau design, optimisant la forme des bords arri\u00e8re du v\u00e9hicule, lissant le dessous et ajoutant des volets de calandre \u00e0 l&#8217;avant qui se ferment lorsque les besoins de refroidissement sont faibles. Le r\u00e9sultat de ce travail est un coefficient de tra\u00een\u00e9e inf\u00e9rieur de 15\u00a0% \u2014 notre calcul sugg\u00e8re que l&#8217;Escalade IQ pourrait atteindre environ 0,31.<\/p>\n<h3>Le confort en t\u00eate<\/h3>\n<p>\nConfort en Classe Affaires L&#8217;apparence \u00e9l\u00e9gante et moderne se traduit bien dans l&#8217;habitacle. L&#8217;exp\u00e9rience utilisateur est domin\u00e9e par un ensemble massif d&#8217;\u00e9crans qui traversent le tableau de bord et mesurent au total 55 pouces en diagonale. Collant les uns aux autres, le groupe d&#8217;instruments num\u00e9riques et l&#8217;\u00e9cran tactile central dominent l&#8217;affichage, avec un \u00e9cran tactile secondaire juste devant le passager. L&#8217;habitacle b\u00e9n\u00e9ficie \u00e9galement de perforations en chevron \u00e9labor\u00e9es pour les si\u00e8ges en cuir et de garnitures en bois grav\u00e9s au laser r\u00e9tro\u00e9clair\u00e9es la nuit. GM a choisi de d\u00e9velopper son propre syst\u00e8me d\u2019int\u00e9gration donc pas d&#8217;Apple CarPlay ou d&#8217;Android Auto.\u00a0 En revanche, vous allez trouver un syst\u00e8me audio AKG \u00e0 40 haut-parleurs livrables, comme si l&#8217;unit\u00e9 de base \u00e0 19 haut-parleurs ne suffisait pas.<\/p>\n<h3>Toujours aussi imposant<\/h3>\n<p>\nL&#8217;Escalade IQ 2025 mesure 5,7 m\u00e8tres de long, ce qui le rend 31,5\u00a0cm plus long que l&#8217;Escalade standard et seulement 7\u00a0cm de moins que l&#8217;Escalade ESV allong\u00e9. Cependant, la Cadillac \u00e9lectrique a un empattement plus long que les deux, avec 3,45 m\u00e8tres. Cadillac affirme que combin\u00e9es au plancher de cabine plat, les dimensions g\u00e9n\u00e9reuses lib\u00e8rent suffisamment d&#8217;espace pour un si\u00e8ge de deuxi\u00e8me rang\u00e9e ex\u00e9cutif en option, la premi\u00e8re fois que le grand VUS propose une telle option. Optez pour cette option et vous obtiendrez des si\u00e8ges individuels \u00e0 l&#8217;arri\u00e8re, avec un \u00e9cran de divertissement de 12,3 pouces pour chaque passager de la deuxi\u00e8me rang\u00e9e et un centre de commandement \u00e0 \u00e9cran tactile plus petit dans la console pleine longueur.<\/p>\n<h3>Une vraie troisi\u00e8me rang\u00e9e<\/h3>\n<p>\nL&#8217;Escalade dispose \u00e9galement d&#8217;une spacieuse troisi\u00e8me rang\u00e9e de si\u00e8ges et d&#8217;un grand espace de chargement : 671 litres avec tous les si\u00e8ges en place, 1\u00a0957 litres derri\u00e8re la deuxi\u00e8me rang\u00e9e et 3\u00a0373 litres avec tous les si\u00e8ges rabattus. Si cela n&#8217;est toujours pas suffisant, l&#8217;Escalade dispose d&#8217;un coffre avant de 345 litres, portant la capacit\u00e9 totale de chargement \u00e0 3\u00a0721 litres.<\/p>\n<h3>Tr\u00e8s cher<\/h3>\n<p>\nLe Cadillac IQ va se vendre entre 160\u00a0000 et 180 000\u00a0$ et va comprendre toutes les aides \u00e0 la conduite imaginables y compris la plus r\u00e9cente \u00e9volution du syst\u00e8me de conduite semi-autonome Super Cruise qui prendre encore plus de choses en charge. Un peu comme le GMC Hummer, il faut se demander si un aussi gros mod\u00e8le \u00e9lectrique est pertinent et qui peut r\u00e9ellement payer 200 000\u00a0$ avec les taxes pour un tel v\u00e9hicule. Une autre belle vitrine, mais qui servira tr\u00e8s peu l\u2019int\u00e9r\u00eat r\u00e9el des gens pour la chose \u00e9lectrique.<\/p>\n<p>\u00a0<\/p>\n<p>Source\u00a0: Cadillac<\/p>\n<p>Le texte <a rel=\"nofollow\" href=\"https:\/\/annuelauto.ca\/725-km-dautonomie-annoncee-pour-le-cadillac-iq-2025\/\">725\u00a0km d\u2019autonomie annonc\u00e9e pour le Cadillac IQ 2025<\/a> provient de <a rel=\"nofollow\" href=\"https:\/\/annuelauto.ca\">L&#8217;annuel de l&#8217;automobile &#8211; Actualit\u00e9 automobile<\/a><\/p>\n<p><\/p>\n","protected":false},"excerpt":{"rendered":"<p>General Motors continue sa forte croissante de voitures \u00e9lectriques, allant de la Chevrolet Equinox EV relativement abordable \u00e0 la berline de luxe phare Cadillac Celestiq, le tout bas\u00e9 sur la plateforme modulaire Ultium. Cette architecture flexible se d\u00e9cline dans une autre variante avec le massif Cadillac Escalade IQ 2025, un VUS enti\u00e8rement \u00e9lectrique qui rejoindra [&hellip;]<\/p>\n","protected":false},"author":8,"featured_media":149576,"comment_status":"close","ping_status":"closed","sticky":false,"template":"","format":"standard","meta":{"_monsterinsights_skip_tracking":false,"_monsterinsights_sitenote_active":false,"_monsterinsights_sitenote_note":"","_monsterinsights_sitenote_category":0,"footnotes":""},"categories":[101],"tags":[],"yoast_head":"<!-- This site is optimized with the Yoast SEO plugin v23.2 - https:\/\/yoast.com\/wordpress\/plugins\/seo\/ -->\n<title>725\u00a0km d\u2019autonomie annonc\u00e9e pour le Cadillac IQ 2025 - CanadaMotorJobs.com<\/title>\n<meta name=\"description\" content=\"725\u00a0km d\u2019autonomie annonc\u00e9e pour le Cadillac IQ 2025 - Benoit Charette - Annuel automobile - CanadaMotorJobs.com.\" \/>\n<meta name=\"robots\" content=\"index, follow, max-snippet:-1, max-image-preview:large, max-video-preview:-1\" \/>\n<meta property=\"og:locale\" content=\"fr_CA\" \/>\n<meta property=\"og:type\" content=\"article\" \/>\n<meta property=\"og:title\" content=\"725\u00a0km d\u2019autonomie annonc\u00e9e pour le Cadillac IQ 2025 - CanadaMotorJobs.com\" \/>\n<meta property=\"og:description\" content=\"725\u00a0km d\u2019autonomie annonc\u00e9e pour le Cadillac IQ 2025 - Benoit Charette - Annuel automobile - CanadaMotorJobs.com.\" \/>\n<meta property=\"og:url\" content=\"https:\/\/news.canadamotorjobs.com\/fr\/725-km-dautonomie-annoncee-pour-le-cadillac-iq-2025\/\" \/>\n<meta property=\"og:site_name\" content=\"CanadaMotorJobs.com\" \/>\n<meta property=\"article:publisher\" content=\"https:\/\/www.facebook.com\/canadamotorjobs\/\" \/>\n<meta property=\"article:published_time\" content=\"2023-08-10T11:32:23+00:00\" \/>\n<meta property=\"article:modified_time\" content=\"2023-08-10T11:45:27+00:00\" \/>\n<meta property=\"og:image\" content=\"https:\/\/news.canadamotorjobs.com\/wp-content\/uploads\/2023\/08\/2025-cadillac-escalade-iq-sport-001.jpg\" \/>\n\t<meta property=\"og:image:width\" content=\"1183\" \/>\n\t<meta property=\"og:image:height\" content=\"800\" \/>\n\t<meta property=\"og:image:type\" content=\"image\/jpeg\" \/>\n<meta name=\"author\" content=\"Benoit Charette\" \/>\n<meta name=\"twitter:card\" content=\"summary_large_image\" \/>\n<meta name=\"twitter:creator\" content=\"@canadamotorjobs\" \/>\n<meta name=\"twitter:site\" content=\"@canadamotorjobs\" \/>\n<meta name=\"twitter:label1\" content=\"\u00c9crit par\" \/>\n\t<meta name=\"twitter:data1\" content=\"Benoit Charette\" \/>\n\t<meta name=\"twitter:label2\" content=\"Estimation du temps de lecture\" \/>\n\t<meta name=\"twitter:data2\" content=\"6 minutes\" \/>\n<!-- \/ Yoast SEO plugin. -->","yoast_head_json":{"title":"725\u00a0km d\u2019autonomie annonc\u00e9e pour le Cadillac IQ 2025 - CanadaMotorJobs.com","description":"725\u00a0km d\u2019autonomie annonc\u00e9e pour le Cadillac IQ 2025 - Benoit Charette - Annuel automobile - CanadaMotorJobs.com.","robots":{"index":"index","follow":"follow","max-snippet":"max-snippet:-1","max-image-preview":"max-image-preview:large","max-video-preview":"max-video-preview:-1"},"og_locale":"fr_CA","og_type":"article","og_title":"725\u00a0km d\u2019autonomie annonc\u00e9e pour le Cadillac IQ 2025 - CanadaMotorJobs.com","og_description":"725\u00a0km d\u2019autonomie annonc\u00e9e pour le Cadillac IQ 2025 - Benoit Charette - Annuel automobile - CanadaMotorJobs.com.","og_url":"https:\/\/news.canadamotorjobs.com\/fr\/725-km-dautonomie-annoncee-pour-le-cadillac-iq-2025\/","og_site_name":"CanadaMotorJobs.com","article_publisher":"https:\/\/www.facebook.com\/canadamotorjobs\/","article_published_time":"2023-08-10T11:32:23+00:00","article_modified_time":"2023-08-10T11:45:27+00:00","og_image":[{"width":1183,"height":800,"url":"https:\/\/news.canadamotorjobs.com\/wp-content\/uploads\/2023\/08\/2025-cadillac-escalade-iq-sport-001.jpg","type":"image\/jpeg"}],"author":"Benoit Charette","twitter_card":"summary_large_image","twitter_creator":"@canadamotorjobs","twitter_site":"@canadamotorjobs","twitter_misc":{"\u00c9crit par":"Benoit Charette","Estimation du temps de lecture":"6 minutes"},"schema":{"@context":"https:\/\/schema.org","@graph":[{"@type":"Article","@id":"https:\/\/news.canadamotorjobs.com\/fr\/725-km-dautonomie-annoncee-pour-le-cadillac-iq-2025\/#article","isPartOf":{"@id":"https:\/\/news.canadamotorjobs.com\/fr\/725-km-dautonomie-annoncee-pour-le-cadillac-iq-2025\/"},"author":{"name":"Benoit Charette","@id":"https:\/\/news.canadamotorjobs.com\/#\/schema\/person\/51793d1f87d44011d7bcc2ed99269a90"},"headline":"725\u00a0km d\u2019autonomie annonc\u00e9e pour le Cadillac IQ 2025","datePublished":"2023-08-10T11:32:23+00:00","dateModified":"2023-08-10T11:45:27+00:00","mainEntityOfPage":{"@id":"https:\/\/news.canadamotorjobs.com\/fr\/725-km-dautonomie-annoncee-pour-le-cadillac-iq-2025\/"},"wordCount":1194,"publisher":{"@id":"https:\/\/news.canadamotorjobs.com\/#organization"},"image":{"@id":"https:\/\/news.canadamotorjobs.com\/fr\/725-km-dautonomie-annoncee-pour-le-cadillac-iq-2025\/#primaryimage"},"thumbnailUrl":"https:\/\/news.canadamotorjobs.com\/wp-content\/uploads\/2023\/08\/2025-cadillac-escalade-iq-sport-001.jpg","articleSection":["Annuel automobile"],"inLanguage":"fr-CA"},{"@type":"WebPage","@id":"https:\/\/news.canadamotorjobs.com\/fr\/725-km-dautonomie-annoncee-pour-le-cadillac-iq-2025\/","url":"https:\/\/news.canadamotorjobs.com\/fr\/725-km-dautonomie-annoncee-pour-le-cadillac-iq-2025\/","name":"725\u00a0km d\u2019autonomie annonc\u00e9e pour le Cadillac IQ 2025 - CanadaMotorJobs.com","isPartOf":{"@id":"https:\/\/news.canadamotorjobs.com\/#website"},"primaryImageOfPage":{"@id":"https:\/\/news.canadamotorjobs.com\/fr\/725-km-dautonomie-annoncee-pour-le-cadillac-iq-2025\/#primaryimage"},"image":{"@id":"https:\/\/news.canadamotorjobs.com\/fr\/725-km-dautonomie-annoncee-pour-le-cadillac-iq-2025\/#primaryimage"},"thumbnailUrl":"https:\/\/news.canadamotorjobs.com\/wp-content\/uploads\/2023\/08\/2025-cadillac-escalade-iq-sport-001.jpg","datePublished":"2023-08-10T11:32:23+00:00","dateModified":"2023-08-10T11:45:27+00:00","description":"725\u00a0km d\u2019autonomie annonc\u00e9e pour le Cadillac IQ 2025 - Benoit Charette - Annuel automobile - CanadaMotorJobs.com.","breadcrumb":{"@id":"https:\/\/news.canadamotorjobs.com\/fr\/725-km-dautonomie-annoncee-pour-le-cadillac-iq-2025\/#breadcrumb"},"inLanguage":"fr-CA","potentialAction":[{"@type":"ReadAction","target":["https:\/\/news.canadamotorjobs.com\/fr\/725-km-dautonomie-annoncee-pour-le-cadillac-iq-2025\/"]}]},{"@type":"ImageObject","inLanguage":"fr-CA","@id":"https:\/\/news.canadamotorjobs.com\/fr\/725-km-dautonomie-annoncee-pour-le-cadillac-iq-2025\/#primaryimage","url":"https:\/\/news.canadamotorjobs.com\/wp-content\/uploads\/2023\/08\/2025-cadillac-escalade-iq-sport-001.jpg","contentUrl":"https:\/\/news.canadamotorjobs.com\/wp-content\/uploads\/2023\/08\/2025-cadillac-escalade-iq-sport-001.jpg","width":1183,"height":800},{"@type":"BreadcrumbList","@id":"https:\/\/news.canadamotorjobs.com\/fr\/725-km-dautonomie-annoncee-pour-le-cadillac-iq-2025\/#breadcrumb","itemListElement":[{"@type":"ListItem","position":1,"name":"Home","item":"https:\/\/news.canadamotorjobs.com\/fr\/blog\/"},{"@type":"ListItem","position":2,"name":"725\u00a0km d\u2019autonomie annonc\u00e9e pour le Cadillac IQ 2025"}]},{"@type":"WebSite","@id":"https:\/\/news.canadamotorjobs.com\/#website","url":"https:\/\/news.canadamotorjobs.com\/","name":"CanadaMotorJobs.com","description":"Automotive Jobs","publisher":{"@id":"https:\/\/news.canadamotorjobs.com\/#organization"},"potentialAction":[{"@type":"SearchAction","target":{"@type":"EntryPoint","urlTemplate":"https:\/\/news.canadamotorjobs.com\/?s={search_term_string}"},"query-input":"required name=search_term_string"}],"inLanguage":"fr-CA"},{"@type":"Organization","@id":"https:\/\/news.canadamotorjobs.com\/#organization","name":"Canada Motor Jobs","url":"https:\/\/news.canadamotorjobs.com\/","logo":{"@type":"ImageObject","inLanguage":"fr-CA","@id":"https:\/\/news.canadamotorjobs.com\/#\/schema\/logo\/image\/","url":"https:\/\/news.canadamotorjobs.com\/wp-content\/uploads\/2022\/10\/logo-canada-motor-jobs-1.png","contentUrl":"https:\/\/news.canadamotorjobs.com\/wp-content\/uploads\/2022\/10\/logo-canada-motor-jobs-1.png","width":800,"height":400,"caption":"Canada Motor Jobs"},"image":{"@id":"https:\/\/news.canadamotorjobs.com\/#\/schema\/logo\/image\/"},"sameAs":["https:\/\/www.facebook.com\/canadamotorjobs\/","https:\/\/x.com\/canadamotorjobs","https:\/\/www.instagram.com\/canadamotorjobs\/","https:\/\/www.linkedin.com\/company\/canadamotorjobs"]},{"@type":"Person","@id":"https:\/\/news.canadamotorjobs.com\/#\/schema\/person\/51793d1f87d44011d7bcc2ed99269a90","name":"Benoit Charette","image":{"@type":"ImageObject","inLanguage":"fr-CA","@id":"https:\/\/news.canadamotorjobs.com\/#\/schema\/person\/image\/","url":"https:\/\/secure.gravatar.com\/avatar\/45f3d2eebcccd909668d7ce7ea7267b6?s=96&d=mm&r=g","contentUrl":"https:\/\/secure.gravatar.com\/avatar\/45f3d2eebcccd909668d7ce7ea7267b6?s=96&d=mm&r=g","caption":"Benoit Charette"},"description":"Benoit Charette \/ Propri\u00e9taire et r\u00e9dacteur en chef Benoit Charette pratique le journalisme automobile depuis bient\u00f4t 30 ans. Il a fait ses classes au c\u00f4t\u00e9 de Daniel H\u00e9raud et au Carnet de route de 1992 \u00e0 2001. Il est fondateur, copropri\u00e9taire et r\u00e9dacteur en chef de L\u2019Annuel de l\u2019automobile, qu\u2019il publie depuis 2001. Il a anim\u00e9 les \u00e9missions RPM et RPM+ sur V et les L\u00e9gendes de la route sur Historia. \u00c0 la radio depuis 1986, il reprend l\u2019antenne cette ann\u00e9e sur les ondes de Cogeco et participe pour la deuxi\u00e8me ann\u00e9e \u00e0 l\u2019\u00e9mission Passion Auto sur RDS en plus de mettre en ligne le site Web officiel de L\u2019Annuel de l\u2019automobile sur annuelauto.ca.","sameAs":["https:\/\/annuelauto.ca\/"],"url":"https:\/\/news.canadamotorjobs.com\/fr\/author\/benoit-charette\/"}]}},"_links":{"self":[{"href":"https:\/\/news.canadamotorjobs.com\/fr\/wp-json\/wp\/v2\/posts\/149574"}],"collection":[{"href":"https:\/\/news.canadamotorjobs.com\/fr\/wp-json\/wp\/v2\/posts"}],"about":[{"href":"https:\/\/news.canadamotorjobs.com\/fr\/wp-json\/wp\/v2\/types\/post"}],"author":[{"embeddable":true,"href":"https:\/\/news.canadamotorjobs.com\/fr\/wp-json\/wp\/v2\/users\/8"}],"replies":[{"embeddable":true,"href":"https:\/\/news.canadamotorjobs.com\/fr\/wp-json\/wp\/v2\/comments?post=149574"}],"version-history":[{"count":2,"href":"https:\/\/news.canadamotorjobs.com\/fr\/wp-json\/wp\/v2\/posts\/149574\/revisions"}],"predecessor-version":[{"id":149578,"href":"https:\/\/news.canadamotorjobs.com\/fr\/wp-json\/wp\/v2\/posts\/149574\/revisions\/149578"}],"wp:featuredmedia":[{"embeddable":true,"href":"https:\/\/news.canadamotorjobs.com\/fr\/wp-json\/wp\/v2\/media\/149576"}],"wp:attachment":[{"href":"https:\/\/news.canadamotorjobs.com\/fr\/wp-json\/wp\/v2\/media?parent=149574"}],"wp:term":[{"taxonomy":"category","embeddable":true,"href":"https:\/\/news.canadamotorjobs.com\/fr\/wp-json\/wp\/v2\/categories?post=149574"},{"taxonomy":"post_tag","embeddable":true,"href":"https:\/\/news.canadamotorjobs.com\/fr\/wp-json\/wp\/v2\/tags?post=149574"}],"curies":[{"name":"wp","href":"https:\/\/api.w.org\/{rel}","templated":true}]}}