{"id":149551,"date":"2023-08-10T06:35:34","date_gmt":"2023-08-10T10:35:34","guid":{"rendered":"https:\/\/news.canadamotorjobs.com\/?p=149551"},"modified":"2023-08-10T06:45:38","modified_gmt":"2023-08-10T10:45:38","slug":"voici-le-nouveau-hyundai-santa-fe-2024","status":"publish","type":"post","link":"https:\/\/news.canadamotorjobs.com\/fr\/voici-le-nouveau-hyundai-santa-fe-2024\/","title":{"rendered":"Voici le nouveau Hyundai Santa Fe 2024"},"content":{"rendered":"<\/p>\n<p>Les constructeurs cor\u00e9ens sont r\u00e9put\u00e9s pour leur courage et leur inclination \u00e0 briser les conventions en mati\u00e8re de design automobile. Une illustration frappante de cette audace est le tout nouveau Hyundai Santa Fe 2024, qui abandonne compl\u00e8tement son design pr\u00e9c\u00e9dent pour pr\u00e9senter un mod\u00e8le qui se distingue de sa g\u00e9n\u00e9ration pr\u00e9c\u00e9dente. Contrairement aux marques japonaises et allemandes qui ch\u00e9rissent leur h\u00e9ritage, Hyundai et Kia osent innover, et cette d\u00e9cision porte ses fruits. Bien que le succ\u00e8s ne soit pas toujours au rendez-vous, Hyundai frappe fort avec ce VUS qui se d\u00e9marque compl\u00e8tement dans son segment.<\/p>\n<h3><strong>Nouveau Visage Robuste <\/strong><\/h3>\n<p>\nLa silhouette carr\u00e9e et distinctive est rehauss\u00e9e par un empattement allong\u00e9 et un capot \u00e9tendu. Cette refonte marque la premi\u00e8re transformation majeure du Santa Fe depuis 2018. Hyundai adopte une strat\u00e9gie de design non conventionnel pour insuffler de la vitalit\u00e9 \u00e0 un mod\u00e8le dont les ventes s&#8217;essoufflent. Cette approche audacieuse a d\u00e9j\u00e0 \u00e9t\u00e9 adopt\u00e9e par le pass\u00e9 pour les mod\u00e8les Sonata, Elantra et Tucson. L&#8217;objectif est d&#8217;attirer l&#8217;attention et la provocation s&#8217;av\u00e8re souvent une recette gagnante. Cette cinqui\u00e8me g\u00e9n\u00e9ration conserve un habitacle spacieux et accueillant, tout en privil\u00e9giant la polyvalence et la capacit\u00e9 de chargement pour r\u00e9pondre aux besoins tant urbains que d&#8217;aventure en plein air. Le design ext\u00e9rieur robuste se marie harmonieusement avec un int\u00e9rieur spacieux et modulable. Gr\u00e2ce \u00e0 un hayon \u00e9largi, les utilisateurs disposent d&#8217;un espace \u00e9voquant une terrasse, pr\u00eat \u00e0 \u00eatre utilis\u00e9 quand et o\u00f9 n\u00e9cessaire.<\/p>\n<h3><strong>Peu de changement sous le capot<\/strong><\/h3>\n<p>\nLe Hyundai Santa Fe actuel propose quatre motorisations diff\u00e9rentes, dont un moteur 4-cylindres de 2,5 litres d\u00e9veloppant 191 chevaux. Cependant, ce moteur souffre d&#8217;un manque de puissance criant et les d\u00e9passements s&#8217;av\u00e8rent h\u00e9sitants. De plus, sa capacit\u00e9 de remorquage est en de\u00e7\u00e0 des standards d&#8217;un VUS de taille moyenne. Heureusement, ce moteur ne sera pas pr\u00e9sent dans le mod\u00e8le 2024. \u00c0 la place, le premier moteur confirm\u00e9 est un 4-cylindres turbocompress\u00e9 de 2,5 litres, qui d\u00e9livre 281 chevaux et offre des acc\u00e9l\u00e9rations vives ainsi qu&#8217;une confiance accrue lors des d\u00e9passements. Hyundai vise \u00e9galement une capacit\u00e9 de remorquage de 4500 livres. Une version hybride, dot\u00e9e d&#8217;un moteur 4-cylindres turbo de 1,6 litre produisant 180 chevaux, sera \u00e9galement propos\u00e9e. De plus, une option hybride rechargeable sera ajout\u00e9e ult\u00e9rieurement en 2024.<\/p>\n<h3><strong>Un Int\u00e9rieur Raffin\u00e9 qui Allie Style et c\u00f4t\u00e9 pratique<\/strong><\/h3>\n<p>\nUne fois \u00e0 l&#8217;int\u00e9rieur, vous serez accueilli par un \u00e9cran panoramique incurv\u00e9 et un syst\u00e8me de recharge sans fil double dans la console centrale. Cet \u00e9cran incurv\u00e9 relie un groupe num\u00e9rique de 12,3 pouces et le syst\u00e8me d&#8217;infodivertissement, am\u00e9liorant ainsi la visibilit\u00e9 pour le conducteur. Les si\u00e8ges et la garniture de toit aux couleurs vives cr\u00e9ent une sensation d&#8217;espace, tandis que les garnitures en bois au toucher doux et les si\u00e8ges en cuir nappa orn\u00e9s de d\u00e9licates broderies ajoutent une touche de sophistication. Le souci de durabilit\u00e9 se manifeste \u00e9galement \u00e0 travers l&#8217;utilisation de mat\u00e9riaux respectueux de l&#8217;environnement, tels que le plastique recycl\u00e9 pour la garniture de pavillon et les tapis de sol. Le Hyundai Santa Fe 2024 propose des configurations \u00e0 six ou sept places, avec une troisi\u00e8me rang\u00e9e de si\u00e8ges fonctionnels gr\u00e2ce \u00e0 l&#8217;augmentation de l&#8217;empattement et de la longueur totale du v\u00e9hicule. La console centrale innovante s&#8217;ouvre \u00e0 l&#8217;avant et \u00e0 l&#8217;arri\u00e8re, offrant un acc\u00e8s facile aux passagers de la deuxi\u00e8me rang\u00e9e. En outre, le plancher plat et les solutions de chargement astucieuses d\u00e9montrent l&#8217;engagement de Hyundai envers la praticit\u00e9.<\/p>\n<h3><strong>Un design qui va faire \u00e9cole<\/strong><\/h3>\n<p>\nLe m\u00e9rite revient \u00e0 Hyundai pour son engagement \u00e0 offrir une identit\u00e9 distinctive \u00e0 chacun de ses mod\u00e8les. Contrairement \u00e0 d&#8217;autres fabricants qui appliquent un design uniforme \u00e0 toute leur gamme, le designer du Santa Fe a d\u00e9clar\u00e9 aux journalistes pr\u00e9sents lors du lancement du produit que le prochain Palisade serait tout aussi surprenant sur le plan stylistique. Hyundai se pr\u00e9pare donc \u00e0 secouer davantage le monde des VUS avec des mod\u00e8les innovants tels que le Santa Fe. L&#8217;arriv\u00e9e du Hyundai Santa Fe 2024 est pr\u00e9vue d&#8217;ici la fin de 2023, accompagn\u00e9e de l&#8217;annonce officielle des prix \u00e0 cette date.<\/p>\n<p>\u00a0<\/p>\n<p>Le texte <a rel=\"nofollow\" href=\"https:\/\/annuelauto.ca\/voici-le-nouveau-hyundai-santa-fe-2024\/\">Voici le nouveau Hyundai Santa Fe 2024<\/a> provient de <a rel=\"nofollow\" href=\"https:\/\/annuelauto.ca\">L&#8217;annuel de l&#8217;automobile &#8211; Actualit\u00e9 automobile<\/a><\/p>\n<p><\/p>\n","protected":false},"excerpt":{"rendered":"<p>Les constructeurs cor\u00e9ens sont r\u00e9put\u00e9s pour leur courage et leur inclination \u00e0 briser les conventions en mati\u00e8re de design automobile. Une illustration frappante de cette audace est le tout nouveau Hyundai Santa Fe 2024, qui abandonne compl\u00e8tement son design pr\u00e9c\u00e9dent pour pr\u00e9senter un mod\u00e8le qui se distingue de sa g\u00e9n\u00e9ration pr\u00e9c\u00e9dente. Contrairement aux marques japonaises [&hellip;]<\/p>\n","protected":false},"author":8,"featured_media":149553,"comment_status":"close","ping_status":"closed","sticky":false,"template":"","format":"standard","meta":{"_monsterinsights_skip_tracking":false,"_monsterinsights_sitenote_active":false,"_monsterinsights_sitenote_note":"","_monsterinsights_sitenote_category":0,"footnotes":""},"categories":[101],"tags":[],"yoast_head":"<!-- This site is optimized with the Yoast SEO plugin v23.2 - https:\/\/yoast.com\/wordpress\/plugins\/seo\/ -->\n<title>Voici le nouveau Hyundai Santa Fe 2024 - CanadaMotorJobs.com<\/title>\n<meta name=\"description\" content=\"Voici le nouveau Hyundai Santa Fe 2024 - Benoit Charette - Annuel automobile - CanadaMotorJobs.com.\" \/>\n<meta name=\"robots\" content=\"index, follow, max-snippet:-1, max-image-preview:large, max-video-preview:-1\" \/>\n<meta property=\"og:locale\" content=\"fr_CA\" \/>\n<meta property=\"og:type\" content=\"article\" \/>\n<meta property=\"og:title\" content=\"Voici le nouveau Hyundai Santa Fe 2024 - CanadaMotorJobs.com\" \/>\n<meta property=\"og:description\" content=\"Voici le nouveau Hyundai Santa Fe 2024 - Benoit Charette - Annuel automobile - CanadaMotorJobs.com.\" \/>\n<meta property=\"og:url\" content=\"https:\/\/news.canadamotorjobs.com\/fr\/voici-le-nouveau-hyundai-santa-fe-2024\/\" \/>\n<meta property=\"og:site_name\" content=\"CanadaMotorJobs.com\" \/>\n<meta property=\"article:publisher\" content=\"https:\/\/www.facebook.com\/canadamotorjobs\/\" \/>\n<meta property=\"article:published_time\" content=\"2023-08-10T10:35:34+00:00\" \/>\n<meta property=\"article:modified_time\" content=\"2023-08-10T10:45:38+00:00\" \/>\n<meta property=\"og:image\" content=\"https:\/\/news.canadamotorjobs.com\/wp-content\/uploads\/2023\/08\/IMG_6797.jpg\" \/>\n\t<meta property=\"og:image:width\" content=\"1067\" \/>\n\t<meta property=\"og:image:height\" content=\"800\" \/>\n\t<meta property=\"og:image:type\" content=\"image\/jpeg\" \/>\n<meta name=\"author\" content=\"Benoit Charette\" \/>\n<meta name=\"twitter:card\" content=\"summary_large_image\" \/>\n<meta name=\"twitter:creator\" content=\"@canadamotorjobs\" \/>\n<meta name=\"twitter:site\" content=\"@canadamotorjobs\" \/>\n<meta name=\"twitter:label1\" content=\"\u00c9crit par\" \/>\n\t<meta name=\"twitter:data1\" content=\"Benoit Charette\" \/>\n\t<meta name=\"twitter:label2\" content=\"Estimation du temps de lecture\" \/>\n\t<meta name=\"twitter:data2\" content=\"4 minutes\" \/>\n<!-- \/ Yoast SEO plugin. -->","yoast_head_json":{"title":"Voici le nouveau Hyundai Santa Fe 2024 - CanadaMotorJobs.com","description":"Voici le nouveau Hyundai Santa Fe 2024 - Benoit Charette - Annuel automobile - CanadaMotorJobs.com.","robots":{"index":"index","follow":"follow","max-snippet":"max-snippet:-1","max-image-preview":"max-image-preview:large","max-video-preview":"max-video-preview:-1"},"og_locale":"fr_CA","og_type":"article","og_title":"Voici le nouveau Hyundai Santa Fe 2024 - CanadaMotorJobs.com","og_description":"Voici le nouveau Hyundai Santa Fe 2024 - Benoit Charette - Annuel automobile - CanadaMotorJobs.com.","og_url":"https:\/\/news.canadamotorjobs.com\/fr\/voici-le-nouveau-hyundai-santa-fe-2024\/","og_site_name":"CanadaMotorJobs.com","article_publisher":"https:\/\/www.facebook.com\/canadamotorjobs\/","article_published_time":"2023-08-10T10:35:34+00:00","article_modified_time":"2023-08-10T10:45:38+00:00","og_image":[{"width":1067,"height":800,"url":"https:\/\/news.canadamotorjobs.com\/wp-content\/uploads\/2023\/08\/IMG_6797.jpg","type":"image\/jpeg"}],"author":"Benoit Charette","twitter_card":"summary_large_image","twitter_creator":"@canadamotorjobs","twitter_site":"@canadamotorjobs","twitter_misc":{"\u00c9crit par":"Benoit Charette","Estimation du temps de lecture":"4 minutes"},"schema":{"@context":"https:\/\/schema.org","@graph":[{"@type":"Article","@id":"https:\/\/news.canadamotorjobs.com\/fr\/voici-le-nouveau-hyundai-santa-fe-2024\/#article","isPartOf":{"@id":"https:\/\/news.canadamotorjobs.com\/fr\/voici-le-nouveau-hyundai-santa-fe-2024\/"},"author":{"name":"Benoit Charette","@id":"https:\/\/news.canadamotorjobs.com\/#\/schema\/person\/51793d1f87d44011d7bcc2ed99269a90"},"headline":"Voici le nouveau Hyundai Santa Fe 2024","datePublished":"2023-08-10T10:35:34+00:00","dateModified":"2023-08-10T10:45:38+00:00","mainEntityOfPage":{"@id":"https:\/\/news.canadamotorjobs.com\/fr\/voici-le-nouveau-hyundai-santa-fe-2024\/"},"wordCount":773,"publisher":{"@id":"https:\/\/news.canadamotorjobs.com\/#organization"},"image":{"@id":"https:\/\/news.canadamotorjobs.com\/fr\/voici-le-nouveau-hyundai-santa-fe-2024\/#primaryimage"},"thumbnailUrl":"https:\/\/news.canadamotorjobs.com\/wp-content\/uploads\/2023\/08\/IMG_6797.jpg","articleSection":["Annuel automobile"],"inLanguage":"fr-CA"},{"@type":"WebPage","@id":"https:\/\/news.canadamotorjobs.com\/fr\/voici-le-nouveau-hyundai-santa-fe-2024\/","url":"https:\/\/news.canadamotorjobs.com\/fr\/voici-le-nouveau-hyundai-santa-fe-2024\/","name":"Voici le nouveau Hyundai Santa Fe 2024 - CanadaMotorJobs.com","isPartOf":{"@id":"https:\/\/news.canadamotorjobs.com\/#website"},"primaryImageOfPage":{"@id":"https:\/\/news.canadamotorjobs.com\/fr\/voici-le-nouveau-hyundai-santa-fe-2024\/#primaryimage"},"image":{"@id":"https:\/\/news.canadamotorjobs.com\/fr\/voici-le-nouveau-hyundai-santa-fe-2024\/#primaryimage"},"thumbnailUrl":"https:\/\/news.canadamotorjobs.com\/wp-content\/uploads\/2023\/08\/IMG_6797.jpg","datePublished":"2023-08-10T10:35:34+00:00","dateModified":"2023-08-10T10:45:38+00:00","description":"Voici le nouveau Hyundai Santa Fe 2024 - Benoit Charette - Annuel automobile - CanadaMotorJobs.com.","breadcrumb":{"@id":"https:\/\/news.canadamotorjobs.com\/fr\/voici-le-nouveau-hyundai-santa-fe-2024\/#breadcrumb"},"inLanguage":"fr-CA","potentialAction":[{"@type":"ReadAction","target":["https:\/\/news.canadamotorjobs.com\/fr\/voici-le-nouveau-hyundai-santa-fe-2024\/"]}]},{"@type":"ImageObject","inLanguage":"fr-CA","@id":"https:\/\/news.canadamotorjobs.com\/fr\/voici-le-nouveau-hyundai-santa-fe-2024\/#primaryimage","url":"https:\/\/news.canadamotorjobs.com\/wp-content\/uploads\/2023\/08\/IMG_6797.jpg","contentUrl":"https:\/\/news.canadamotorjobs.com\/wp-content\/uploads\/2023\/08\/IMG_6797.jpg","width":1067,"height":800},{"@type":"BreadcrumbList","@id":"https:\/\/news.canadamotorjobs.com\/fr\/voici-le-nouveau-hyundai-santa-fe-2024\/#breadcrumb","itemListElement":[{"@type":"ListItem","position":1,"name":"Home","item":"https:\/\/news.canadamotorjobs.com\/fr\/blog\/"},{"@type":"ListItem","position":2,"name":"Voici le nouveau Hyundai Santa Fe 2024"}]},{"@type":"WebSite","@id":"https:\/\/news.canadamotorjobs.com\/#website","url":"https:\/\/news.canadamotorjobs.com\/","name":"CanadaMotorJobs.com","description":"Automotive Jobs","publisher":{"@id":"https:\/\/news.canadamotorjobs.com\/#organization"},"potentialAction":[{"@type":"SearchAction","target":{"@type":"EntryPoint","urlTemplate":"https:\/\/news.canadamotorjobs.com\/?s={search_term_string}"},"query-input":"required name=search_term_string"}],"inLanguage":"fr-CA"},{"@type":"Organization","@id":"https:\/\/news.canadamotorjobs.com\/#organization","name":"Canada Motor Jobs","url":"https:\/\/news.canadamotorjobs.com\/","logo":{"@type":"ImageObject","inLanguage":"fr-CA","@id":"https:\/\/news.canadamotorjobs.com\/#\/schema\/logo\/image\/","url":"https:\/\/news.canadamotorjobs.com\/wp-content\/uploads\/2022\/10\/logo-canada-motor-jobs-1.png","contentUrl":"https:\/\/news.canadamotorjobs.com\/wp-content\/uploads\/2022\/10\/logo-canada-motor-jobs-1.png","width":800,"height":400,"caption":"Canada Motor Jobs"},"image":{"@id":"https:\/\/news.canadamotorjobs.com\/#\/schema\/logo\/image\/"},"sameAs":["https:\/\/www.facebook.com\/canadamotorjobs\/","https:\/\/x.com\/canadamotorjobs","https:\/\/www.instagram.com\/canadamotorjobs\/","https:\/\/www.linkedin.com\/company\/canadamotorjobs"]},{"@type":"Person","@id":"https:\/\/news.canadamotorjobs.com\/#\/schema\/person\/51793d1f87d44011d7bcc2ed99269a90","name":"Benoit Charette","image":{"@type":"ImageObject","inLanguage":"fr-CA","@id":"https:\/\/news.canadamotorjobs.com\/#\/schema\/person\/image\/","url":"https:\/\/secure.gravatar.com\/avatar\/45f3d2eebcccd909668d7ce7ea7267b6?s=96&d=mm&r=g","contentUrl":"https:\/\/secure.gravatar.com\/avatar\/45f3d2eebcccd909668d7ce7ea7267b6?s=96&d=mm&r=g","caption":"Benoit Charette"},"description":"Benoit Charette \/ Propri\u00e9taire et r\u00e9dacteur en chef Benoit Charette pratique le journalisme automobile depuis bient\u00f4t 30 ans. Il a fait ses classes au c\u00f4t\u00e9 de Daniel H\u00e9raud et au Carnet de route de 1992 \u00e0 2001. Il est fondateur, copropri\u00e9taire et r\u00e9dacteur en chef de L\u2019Annuel de l\u2019automobile, qu\u2019il publie depuis 2001. Il a anim\u00e9 les \u00e9missions RPM et RPM+ sur V et les L\u00e9gendes de la route sur Historia. \u00c0 la radio depuis 1986, il reprend l\u2019antenne cette ann\u00e9e sur les ondes de Cogeco et participe pour la deuxi\u00e8me ann\u00e9e \u00e0 l\u2019\u00e9mission Passion Auto sur RDS en plus de mettre en ligne le site Web officiel de L\u2019Annuel de l\u2019automobile sur annuelauto.ca.","sameAs":["https:\/\/annuelauto.ca\/"],"url":"https:\/\/news.canadamotorjobs.com\/fr\/author\/benoit-charette\/"}]}},"_links":{"self":[{"href":"https:\/\/news.canadamotorjobs.com\/fr\/wp-json\/wp\/v2\/posts\/149551"}],"collection":[{"href":"https:\/\/news.canadamotorjobs.com\/fr\/wp-json\/wp\/v2\/posts"}],"about":[{"href":"https:\/\/news.canadamotorjobs.com\/fr\/wp-json\/wp\/v2\/types\/post"}],"author":[{"embeddable":true,"href":"https:\/\/news.canadamotorjobs.com\/fr\/wp-json\/wp\/v2\/users\/8"}],"replies":[{"embeddable":true,"href":"https:\/\/news.canadamotorjobs.com\/fr\/wp-json\/wp\/v2\/comments?post=149551"}],"version-history":[{"count":2,"href":"https:\/\/news.canadamotorjobs.com\/fr\/wp-json\/wp\/v2\/posts\/149551\/revisions"}],"predecessor-version":[{"id":149555,"href":"https:\/\/news.canadamotorjobs.com\/fr\/wp-json\/wp\/v2\/posts\/149551\/revisions\/149555"}],"wp:featuredmedia":[{"embeddable":true,"href":"https:\/\/news.canadamotorjobs.com\/fr\/wp-json\/wp\/v2\/media\/149553"}],"wp:attachment":[{"href":"https:\/\/news.canadamotorjobs.com\/fr\/wp-json\/wp\/v2\/media?parent=149551"}],"wp:term":[{"taxonomy":"category","embeddable":true,"href":"https:\/\/news.canadamotorjobs.com\/fr\/wp-json\/wp\/v2\/categories?post=149551"},{"taxonomy":"post_tag","embeddable":true,"href":"https:\/\/news.canadamotorjobs.com\/fr\/wp-json\/wp\/v2\/tags?post=149551"}],"curies":[{"name":"wp","href":"https:\/\/api.w.org\/{rel}","templated":true}]}}