{"id":149520,"date":"2023-08-09T14:49:39","date_gmt":"2023-08-09T18:49:39","guid":{"rendered":"https:\/\/news.canadamotorjobs.com\/?p=149520"},"modified":"2023-08-09T15:00:58","modified_gmt":"2023-08-09T19:00:58","slug":"jeep-rappelle-45-000-wagoneer-et-grand-wagoneer","status":"publish","type":"post","link":"https:\/\/news.canadamotorjobs.com\/fr\/jeep-rappelle-45-000-wagoneer-et-grand-wagoneer\/","title":{"rendered":"Jeep rappelle 45\u00a0000 Wagoneer et Grand Wagoneer"},"content":{"rendered":"<\/p>\n<p>Un probl\u00e8me d&#8217;ajustement a contraint Jeep \u00e0 rappeler chaque Wagoneer et Grand Wagoneer fabriqu\u00e9e entre le d\u00e9but de la production pour l&#8217;ann\u00e9e mod\u00e8le 2022, le 24 f\u00e9vrier 2021, et le 7 juin 2022, lorsque l&#8217;ann\u00e9e mod\u00e8le 2023 \u00e9tait en cours. La pi\u00e8ce probl\u00e9matique pourrait interf\u00e9rer avec le d\u00e9ploiement de l&#8217;airbag rideau lat\u00e9ral.<\/p>\n<h3>Mod\u00e8le 2022-2023<\/h3>\n<p>\nJeep doit rappeler un total de 44 708 exemplaires des ann\u00e9es-mod\u00e8les 2022 \u00e0 2023 au total, et estime que 15 % d&#8217;entre eux ont une pi\u00e8ce de garniture de montant B sup\u00e9rieur qui n&#8217;est pas compl\u00e8tement en place en raison d&#8217;une erreur d&#8217;assemblage. Cela pourrait compromettre le gonflage de l&#8217;airbag rideau lat\u00e9ral sur certains Wagoneer et Grand Wagoneer, ce qui constitue un probl\u00e8me de s\u00e9curit\u00e9.<\/p>\n<h3>Un probl\u00e8me connu depuis un an<\/h3>\n<p>\nLe constructeur automobile a d&#8217;abord pris connaissance du d\u00e9faut le 14 juin 2022, mais n&#8217;a pas r\u00e9v\u00e9l\u00e9 combien de rapports de terrain il a re\u00e7us concernant le probl\u00e8me. Il n&#8217;a pas non plus divulgu\u00e9 s&#8217;il avait re\u00e7u des signalements de blessures dans les documents d\u00e9pos\u00e9s aupr\u00e8s de l&#8217;Administration nationale de la s\u00e9curit\u00e9 routi\u00e8re.<\/p>\n<h3>Une premi\u00e8re enqu\u00eate<\/h3>\n<p>\nAu cours de l&#8217;ann\u00e9e qui a suivi, Jeep a enqu\u00eat\u00e9 sur les causes profondes du probl\u00e8me, examin\u00e9 les cons\u00e9quences potentielles et tent\u00e9 de d\u00e9terminer la population de v\u00e9hicules susceptibles de rencontrer le probl\u00e8me.<\/p>\n<h3>Une d\u00e9cision en juin dernier<\/h3>\n<p>\nEn juin 2023, il avait d\u00e9termin\u00e9 que la garniture de montant B sup\u00e9rieur dans le Wagoneer et le Grand Wagoneer \u00e9tait la pi\u00e8ce responsable. Il a \u00e9galement constat\u00e9 que le probl\u00e8me n&#8217;\u00e9tait pas li\u00e9 \u00e0 la conception de la pi\u00e8ce, mais plut\u00f4t \u00e0 l&#8217;assemblage du v\u00e9hicule, et a d\u00e9cid\u00e9 de lancer un rappel volontaire.<\/p>\n<h3>Un suivi en septembre<\/h3>\n<p>\nJeep pr\u00e9voit de commencer \u00e0 contacter les propri\u00e9taires des v\u00e9hicules concern\u00e9s le 22 septembre 2023 et leur demandera de ramener leur v\u00e9hicule chez un concessionnaire \u00e0 proximit\u00e9. L\u00e0-bas, la garniture de montant B sup\u00e9rieur sera inspect\u00e9e pour v\u00e9rifier si elle est correctement en place. Un technicien r\u00e9installera ou remplacera ensuite les pi\u00e8ces de garniture si n\u00e9cessaire. \u00c9tant donn\u00e9 que le probl\u00e8me est li\u00e9 \u00e0 l&#8217;installation et non \u00e0 la conception, toutes les pi\u00e8ces correctement fix\u00e9es au v\u00e9hicule n&#8217;ont pas besoin d&#8217;\u00eatre remplac\u00e9es.<\/p>\n<p>Avec des renseignements de Carscoop<\/p>\n<p>Le texte <a rel=\"nofollow\" href=\"https:\/\/annuelauto.ca\/jeep-rappelle-45-000-wagoneer-et-grand-wagoneer\/\">Jeep rappelle 45\u00a0000 Wagoneer et Grand Wagoneer<\/a> provient de <a rel=\"nofollow\" href=\"https:\/\/annuelauto.ca\">L&#8217;annuel de l&#8217;automobile &#8211; Actualit\u00e9 automobile<\/a><\/p>\n<p><\/p>\n","protected":false},"excerpt":{"rendered":"<p>Un probl\u00e8me d&#8217;ajustement a contraint Jeep \u00e0 rappeler chaque Wagoneer et Grand Wagoneer fabriqu\u00e9e entre le d\u00e9but de la production pour l&#8217;ann\u00e9e mod\u00e8le 2022, le 24 f\u00e9vrier 2021, et le 7 juin 2022, lorsque l&#8217;ann\u00e9e mod\u00e8le 2023 \u00e9tait en cours. La pi\u00e8ce probl\u00e9matique pourrait interf\u00e9rer avec le d\u00e9ploiement de l&#8217;airbag rideau lat\u00e9ral. Mod\u00e8le 2022-2023 Jeep [&hellip;]<\/p>\n","protected":false},"author":8,"featured_media":149522,"comment_status":"close","ping_status":"closed","sticky":false,"template":"","format":"standard","meta":{"_monsterinsights_skip_tracking":false,"_monsterinsights_sitenote_active":false,"_monsterinsights_sitenote_note":"","_monsterinsights_sitenote_category":0,"footnotes":""},"categories":[101],"tags":[],"yoast_head":"<!-- This site is optimized with the Yoast SEO plugin v23.2 - https:\/\/yoast.com\/wordpress\/plugins\/seo\/ -->\n<title>Jeep rappelle 45\u00a0000 Wagoneer et Grand Wagoneer - CanadaMotorJobs.com<\/title>\n<meta name=\"description\" content=\"Jeep rappelle 45\u00a0000 Wagoneer et Grand Wagoneer - Benoit Charette - Annuel automobile - CanadaMotorJobs.com.\" \/>\n<meta name=\"robots\" content=\"index, follow, max-snippet:-1, max-image-preview:large, max-video-preview:-1\" \/>\n<meta property=\"og:locale\" content=\"fr_CA\" \/>\n<meta property=\"og:type\" content=\"article\" \/>\n<meta property=\"og:title\" content=\"Jeep rappelle 45\u00a0000 Wagoneer et Grand Wagoneer - CanadaMotorJobs.com\" \/>\n<meta property=\"og:description\" content=\"Jeep rappelle 45\u00a0000 Wagoneer et Grand Wagoneer - Benoit Charette - Annuel automobile - CanadaMotorJobs.com.\" \/>\n<meta property=\"og:url\" content=\"https:\/\/news.canadamotorjobs.com\/fr\/jeep-rappelle-45-000-wagoneer-et-grand-wagoneer\/\" \/>\n<meta property=\"og:site_name\" content=\"CanadaMotorJobs.com\" \/>\n<meta property=\"article:publisher\" content=\"https:\/\/www.facebook.com\/canadamotorjobs\/\" \/>\n<meta property=\"article:published_time\" content=\"2023-08-09T18:49:39+00:00\" \/>\n<meta property=\"article:modified_time\" content=\"2023-08-09T19:00:58+00:00\" \/>\n<meta property=\"og:image\" content=\"https:\/\/news.canadamotorjobs.com\/wp-content\/uploads\/2023\/08\/ws022038gwl8bsoqilc3bo0fb9vto5e7i6kk-scaled-1.jpg\" \/>\n\t<meta property=\"og:image:width\" content=\"2560\" \/>\n\t<meta property=\"og:image:height\" content=\"1707\" \/>\n\t<meta property=\"og:image:type\" content=\"image\/jpeg\" \/>\n<meta name=\"author\" content=\"Benoit Charette\" \/>\n<meta name=\"twitter:card\" content=\"summary_large_image\" \/>\n<meta name=\"twitter:creator\" content=\"@canadamotorjobs\" \/>\n<meta name=\"twitter:site\" content=\"@canadamotorjobs\" \/>\n<meta name=\"twitter:label1\" content=\"\u00c9crit par\" \/>\n\t<meta name=\"twitter:data1\" content=\"Benoit Charette\" \/>\n\t<meta name=\"twitter:label2\" content=\"Estimation du temps de lecture\" \/>\n\t<meta name=\"twitter:data2\" content=\"2 minutes\" \/>\n<!-- \/ Yoast SEO plugin. -->","yoast_head_json":{"title":"Jeep rappelle 45\u00a0000 Wagoneer et Grand Wagoneer - CanadaMotorJobs.com","description":"Jeep rappelle 45\u00a0000 Wagoneer et Grand Wagoneer - Benoit Charette - Annuel automobile - CanadaMotorJobs.com.","robots":{"index":"index","follow":"follow","max-snippet":"max-snippet:-1","max-image-preview":"max-image-preview:large","max-video-preview":"max-video-preview:-1"},"og_locale":"fr_CA","og_type":"article","og_title":"Jeep rappelle 45\u00a0000 Wagoneer et Grand Wagoneer - CanadaMotorJobs.com","og_description":"Jeep rappelle 45\u00a0000 Wagoneer et Grand Wagoneer - Benoit Charette - Annuel automobile - CanadaMotorJobs.com.","og_url":"https:\/\/news.canadamotorjobs.com\/fr\/jeep-rappelle-45-000-wagoneer-et-grand-wagoneer\/","og_site_name":"CanadaMotorJobs.com","article_publisher":"https:\/\/www.facebook.com\/canadamotorjobs\/","article_published_time":"2023-08-09T18:49:39+00:00","article_modified_time":"2023-08-09T19:00:58+00:00","og_image":[{"width":2560,"height":1707,"url":"https:\/\/news.canadamotorjobs.com\/wp-content\/uploads\/2023\/08\/ws022038gwl8bsoqilc3bo0fb9vto5e7i6kk-scaled-1.jpg","type":"image\/jpeg"}],"author":"Benoit Charette","twitter_card":"summary_large_image","twitter_creator":"@canadamotorjobs","twitter_site":"@canadamotorjobs","twitter_misc":{"\u00c9crit par":"Benoit Charette","Estimation du temps de lecture":"2 minutes"},"schema":{"@context":"https:\/\/schema.org","@graph":[{"@type":"Article","@id":"https:\/\/news.canadamotorjobs.com\/fr\/jeep-rappelle-45-000-wagoneer-et-grand-wagoneer\/#article","isPartOf":{"@id":"https:\/\/news.canadamotorjobs.com\/fr\/jeep-rappelle-45-000-wagoneer-et-grand-wagoneer\/"},"author":{"name":"Benoit Charette","@id":"https:\/\/news.canadamotorjobs.com\/#\/schema\/person\/51793d1f87d44011d7bcc2ed99269a90"},"headline":"Jeep rappelle 45\u00a0000 Wagoneer et Grand Wagoneer","datePublished":"2023-08-09T18:49:39+00:00","dateModified":"2023-08-09T19:00:58+00:00","mainEntityOfPage":{"@id":"https:\/\/news.canadamotorjobs.com\/fr\/jeep-rappelle-45-000-wagoneer-et-grand-wagoneer\/"},"wordCount":451,"publisher":{"@id":"https:\/\/news.canadamotorjobs.com\/#organization"},"image":{"@id":"https:\/\/news.canadamotorjobs.com\/fr\/jeep-rappelle-45-000-wagoneer-et-grand-wagoneer\/#primaryimage"},"thumbnailUrl":"https:\/\/news.canadamotorjobs.com\/wp-content\/uploads\/2023\/08\/ws022038gwl8bsoqilc3bo0fb9vto5e7i6kk-scaled-1.jpg","articleSection":["Annuel automobile"],"inLanguage":"fr-CA"},{"@type":"WebPage","@id":"https:\/\/news.canadamotorjobs.com\/fr\/jeep-rappelle-45-000-wagoneer-et-grand-wagoneer\/","url":"https:\/\/news.canadamotorjobs.com\/fr\/jeep-rappelle-45-000-wagoneer-et-grand-wagoneer\/","name":"Jeep rappelle 45\u00a0000 Wagoneer et Grand Wagoneer - CanadaMotorJobs.com","isPartOf":{"@id":"https:\/\/news.canadamotorjobs.com\/#website"},"primaryImageOfPage":{"@id":"https:\/\/news.canadamotorjobs.com\/fr\/jeep-rappelle-45-000-wagoneer-et-grand-wagoneer\/#primaryimage"},"image":{"@id":"https:\/\/news.canadamotorjobs.com\/fr\/jeep-rappelle-45-000-wagoneer-et-grand-wagoneer\/#primaryimage"},"thumbnailUrl":"https:\/\/news.canadamotorjobs.com\/wp-content\/uploads\/2023\/08\/ws022038gwl8bsoqilc3bo0fb9vto5e7i6kk-scaled-1.jpg","datePublished":"2023-08-09T18:49:39+00:00","dateModified":"2023-08-09T19:00:58+00:00","description":"Jeep rappelle 45\u00a0000 Wagoneer et Grand Wagoneer - Benoit Charette - Annuel automobile - CanadaMotorJobs.com.","breadcrumb":{"@id":"https:\/\/news.canadamotorjobs.com\/fr\/jeep-rappelle-45-000-wagoneer-et-grand-wagoneer\/#breadcrumb"},"inLanguage":"fr-CA","potentialAction":[{"@type":"ReadAction","target":["https:\/\/news.canadamotorjobs.com\/fr\/jeep-rappelle-45-000-wagoneer-et-grand-wagoneer\/"]}]},{"@type":"ImageObject","inLanguage":"fr-CA","@id":"https:\/\/news.canadamotorjobs.com\/fr\/jeep-rappelle-45-000-wagoneer-et-grand-wagoneer\/#primaryimage","url":"https:\/\/news.canadamotorjobs.com\/wp-content\/uploads\/2023\/08\/ws022038gwl8bsoqilc3bo0fb9vto5e7i6kk-scaled-1.jpg","contentUrl":"https:\/\/news.canadamotorjobs.com\/wp-content\/uploads\/2023\/08\/ws022038gwl8bsoqilc3bo0fb9vto5e7i6kk-scaled-1.jpg","width":2560,"height":1707},{"@type":"BreadcrumbList","@id":"https:\/\/news.canadamotorjobs.com\/fr\/jeep-rappelle-45-000-wagoneer-et-grand-wagoneer\/#breadcrumb","itemListElement":[{"@type":"ListItem","position":1,"name":"Home","item":"https:\/\/news.canadamotorjobs.com\/fr\/blog\/"},{"@type":"ListItem","position":2,"name":"Jeep rappelle 45\u00a0000 Wagoneer et Grand Wagoneer"}]},{"@type":"WebSite","@id":"https:\/\/news.canadamotorjobs.com\/#website","url":"https:\/\/news.canadamotorjobs.com\/","name":"CanadaMotorJobs.com","description":"Automotive Jobs","publisher":{"@id":"https:\/\/news.canadamotorjobs.com\/#organization"},"potentialAction":[{"@type":"SearchAction","target":{"@type":"EntryPoint","urlTemplate":"https:\/\/news.canadamotorjobs.com\/?s={search_term_string}"},"query-input":"required name=search_term_string"}],"inLanguage":"fr-CA"},{"@type":"Organization","@id":"https:\/\/news.canadamotorjobs.com\/#organization","name":"Canada Motor Jobs","url":"https:\/\/news.canadamotorjobs.com\/","logo":{"@type":"ImageObject","inLanguage":"fr-CA","@id":"https:\/\/news.canadamotorjobs.com\/#\/schema\/logo\/image\/","url":"https:\/\/news.canadamotorjobs.com\/wp-content\/uploads\/2022\/10\/logo-canada-motor-jobs-1.png","contentUrl":"https:\/\/news.canadamotorjobs.com\/wp-content\/uploads\/2022\/10\/logo-canada-motor-jobs-1.png","width":800,"height":400,"caption":"Canada Motor Jobs"},"image":{"@id":"https:\/\/news.canadamotorjobs.com\/#\/schema\/logo\/image\/"},"sameAs":["https:\/\/www.facebook.com\/canadamotorjobs\/","https:\/\/x.com\/canadamotorjobs","https:\/\/www.instagram.com\/canadamotorjobs\/","https:\/\/www.linkedin.com\/company\/canadamotorjobs"]},{"@type":"Person","@id":"https:\/\/news.canadamotorjobs.com\/#\/schema\/person\/51793d1f87d44011d7bcc2ed99269a90","name":"Benoit Charette","image":{"@type":"ImageObject","inLanguage":"fr-CA","@id":"https:\/\/news.canadamotorjobs.com\/#\/schema\/person\/image\/","url":"https:\/\/secure.gravatar.com\/avatar\/45f3d2eebcccd909668d7ce7ea7267b6?s=96&d=mm&r=g","contentUrl":"https:\/\/secure.gravatar.com\/avatar\/45f3d2eebcccd909668d7ce7ea7267b6?s=96&d=mm&r=g","caption":"Benoit Charette"},"description":"Benoit Charette \/ Propri\u00e9taire et r\u00e9dacteur en chef Benoit Charette pratique le journalisme automobile depuis bient\u00f4t 30 ans. Il a fait ses classes au c\u00f4t\u00e9 de Daniel H\u00e9raud et au Carnet de route de 1992 \u00e0 2001. Il est fondateur, copropri\u00e9taire et r\u00e9dacteur en chef de L\u2019Annuel de l\u2019automobile, qu\u2019il publie depuis 2001. Il a anim\u00e9 les \u00e9missions RPM et RPM+ sur V et les L\u00e9gendes de la route sur Historia. \u00c0 la radio depuis 1986, il reprend l\u2019antenne cette ann\u00e9e sur les ondes de Cogeco et participe pour la deuxi\u00e8me ann\u00e9e \u00e0 l\u2019\u00e9mission Passion Auto sur RDS en plus de mettre en ligne le site Web officiel de L\u2019Annuel de l\u2019automobile sur annuelauto.ca.","sameAs":["https:\/\/annuelauto.ca\/"],"url":"https:\/\/news.canadamotorjobs.com\/fr\/author\/benoit-charette\/"}]}},"_links":{"self":[{"href":"https:\/\/news.canadamotorjobs.com\/fr\/wp-json\/wp\/v2\/posts\/149520"}],"collection":[{"href":"https:\/\/news.canadamotorjobs.com\/fr\/wp-json\/wp\/v2\/posts"}],"about":[{"href":"https:\/\/news.canadamotorjobs.com\/fr\/wp-json\/wp\/v2\/types\/post"}],"author":[{"embeddable":true,"href":"https:\/\/news.canadamotorjobs.com\/fr\/wp-json\/wp\/v2\/users\/8"}],"replies":[{"embeddable":true,"href":"https:\/\/news.canadamotorjobs.com\/fr\/wp-json\/wp\/v2\/comments?post=149520"}],"version-history":[{"count":2,"href":"https:\/\/news.canadamotorjobs.com\/fr\/wp-json\/wp\/v2\/posts\/149520\/revisions"}],"predecessor-version":[{"id":149524,"href":"https:\/\/news.canadamotorjobs.com\/fr\/wp-json\/wp\/v2\/posts\/149520\/revisions\/149524"}],"wp:featuredmedia":[{"embeddable":true,"href":"https:\/\/news.canadamotorjobs.com\/fr\/wp-json\/wp\/v2\/media\/149522"}],"wp:attachment":[{"href":"https:\/\/news.canadamotorjobs.com\/fr\/wp-json\/wp\/v2\/media?parent=149520"}],"wp:term":[{"taxonomy":"category","embeddable":true,"href":"https:\/\/news.canadamotorjobs.com\/fr\/wp-json\/wp\/v2\/categories?post=149520"},{"taxonomy":"post_tag","embeddable":true,"href":"https:\/\/news.canadamotorjobs.com\/fr\/wp-json\/wp\/v2\/tags?post=149520"}],"curies":[{"name":"wp","href":"https:\/\/api.w.org\/{rel}","templated":true}]}}