{"id":149428,"date":"2023-08-07T12:51:14","date_gmt":"2023-08-07T16:51:14","guid":{"rendered":"https:\/\/news.canadamotorjobs.com\/?p=149428"},"modified":"2023-08-07T12:59:41","modified_gmt":"2023-08-07T16:59:41","slug":"porsche-911-t-2023","status":"publish","type":"post","link":"https:\/\/news.canadamotorjobs.com\/fr\/porsche-911-t-2023\/","title":{"rendered":"Porsche 911 T 2023"},"content":{"rendered":"<\/p>\n<p>Vous le savez, l\u2019automobile est une chose de plus en plus complexe, g\u00e9r\u00e9 par des bits \u00e9lectroniques. Porsche n\u2019\u00e9chappe pas \u00e0 cette r\u00e8gle, enfin presque. Voici la plus simple et la moins intrusive des 27 versions de la 911, le mod\u00e8le T et il ne s\u2019agit pas de Ford.<\/p>\n<h3>Comme la tarte aux pommes de grand-maman<\/h3>\n<p>\nL&#8217;id\u00e9e est simple : alors que de plus en plus de voitures deviennent ordinateurs roulants, Porsche a voulu redonner \u00e0 cette 911 une sensation authentique que l\u2019on retrouvait autrefois. Cette sorte de lien entre le conducteur et sa monture. Il ne faut pas croire que cette 911 est d\u00e9pourvue de modernisme. Elle dispose de plus d&#8217;\u00e9quipements \u00e9lectroniques que l&#8217;ancienne version, notamment des amortisseurs \u00e0 r\u00e9glage \u00e9lectronique, des supports moteur et de transmission actifs, ainsi qu&#8217;un \u00e9chappement sport \u00e0 modes multiples. Mais toute cette quincaillerie op\u00e8re en habit de camouflage. Le syst\u00e8me d&#8217;infodivertissement est connect\u00e9 et peut recevoir des mises \u00e0 jour en mode sans fil, et peut \u00eatre li\u00e9 \u00e0 une application pour votre cellulaire. Il y a m\u00eame des mises \u00e0 jour OTA. Elles sont toutefois limit\u00e9es au logiciel d&#8217;infodivertissement et ne concernent pas les commandes du v\u00e9hicule. On y va au strict n\u00e9cessaire.<\/p>\n<h3>Tout sur la conduite<\/h3>\n<p>\nPorsche a voulu miser sur l\u2019exp\u00e9rience au volant avec cette version. On mise sur l\u2019\u00e9motion, la sensation. Cela d\u00e9bute avec une bo\u00eete manuelle \u00e0 sept rapports parfaitement synchronis\u00e9s, la seule bo\u00eete livrable avec la T. Une Porsche ne serait pas une Porsche sans une longue, tr\u00e8s longue liste d\u2019options et la T ne fait pas exception \u00e0 cette r\u00e8gle. Sur notre mod\u00e8le \u00e0 l\u2019essai qui se vendait \u00e0 un prix de base de 132 700\u00a0$ il y avait quelques options int\u00e9ressantes comme la direction des roues arri\u00e8re \u00e0 2 690\u00a0$, un syst\u00e8me de levage du train avant \u00e0 3 150\u00a0$, des si\u00e8ges sports avec m\u00e9moire \u00e0 3 220\u00a0$, la vision 360 degr\u00e9s \u00e0 1 640\u00a0$, les si\u00e8ges ventil\u00e9s \u00e0 960\u00a0$, le tachym\u00e8tre harmonis\u00e9 \u00e0 la couleur de la carrosserie \u00e0 480\u00a0$ et bien d\u2019autres pour amener le prix \u00e0 147 220\u00a0$. Ces options sont orient\u00e9es vers une plus grande appr\u00e9ciation de la conduite.<\/p>\n<h3>Vos cl\u00e9s et vous<\/h3>\n<p>\nAu volant, vous avez vraiment l\u2019impression de faire corps avec la voiture. Cela se passe entre votre comp\u00e9tence au volant et la voiture. Ne vous trompez pas, l\u2019\u00e9lectronique vous vient en aide, mais cela se fait subtilement, sans m\u00eame que vous en ayez conscience. Vous avez une fonction qui permet de r\u00e9trograder les rapports en gardant le r\u00e9gime moteur. Un talon-pointe \u00e9lectronique. Il y a un diff\u00e9rentiel \u00e0 glissement limit\u00e9 m\u00e9canique qui am\u00e9liore la tenue de route sans faire sentir sa pr\u00e9sence. Toute la m\u00e9canique fonctionne ensemble avec une telle harmonie que la voiture semble tout \u00e0 fait naturelle sur la route. Vous entrez imm\u00e9diatement dans un rythme, la 911T s\u2019accrochant sans effort avec assurance dans les virages. Chaque changement de direction ou de vitesse est fluide et pr\u00e9cis. Plus vos commandes sont mesur\u00e9es et pr\u00e9cises, meilleure est la voiture. Il n&#8217;y a pas de lutte avec la direction ou l&#8217;acc\u00e9l\u00e9rateur. Plus vous \u00eates zen, plus la voiture se glisse rapidement et facilement sur la route. Exactement de la m\u00eame mani\u00e8re que doit \u00eatre conduite une voiture de course.<\/p>\n<h3>Tr\u00e8s \u00e9quilibr\u00e9e<\/h3>\n<p>\nSon poids et sa puissance sont parfaitement proportionn\u00e9s, ses freins puissants et ses amortisseurs ont juste la bonne fermet\u00e9 en mode souple. M\u00eame avec la m\u00e9canique de base qui se pointe \u00e0 379 chevaux, vous avez tout ce qu\u2019il faut pour appr\u00e9cier la conduite, la connexion entre l&#8217;homme et la machine, tester vos limites et celles de la voiture, sans avoir \u00e0 vous soucier de vous mettre dans une situation d\u00e9licate, bon OK un peu quand m\u00eame. Il est toujours difficile de r\u00e9sister \u00e0 une petite acc\u00e9l\u00e9ration pour entendre chanter le six cylindres. Sachez que m\u00eame avec cette m\u00e9canique de base de la 911, vous pouvez tr\u00e8s largement d\u00e9passer les limites de vitesses en quelques secondes et le ch\u00e2ssis est capable de vous hisser facilement \u00e0 des vitesses qui vous enverront en prison.<\/p>\n<h3>Il y a tout de m\u00eame quelques petits irritants.<\/h3>\n<p>\nMalgr\u00e9 ses grandes qualit\u00e9s routi\u00e8res, l\u2019habitacle est plus bruyant que les autres\u00a0911. Porsche a install\u00e9 un vitrage arri\u00e8re plus fin et proc\u00e9der \u00e0 la suppression de mat\u00e9riaux d&#8217;insonorisation importants pour sauver du poids et cela augmente le niveau de d\u00e9cibels dans la voiture. Le probl\u00e8me n\u2019est pas assez important pour ne pas faire l\u2019achat de la voiture, mais vous avez un ronronnement constant dans la voiture. L\u2019envers de cette m\u00e9daille comprend des amortisseurs \u00e0 deux modes qui vous permettent de choisir un confort moins sportif en permanence ou plus sportif quand la route s\u2019y pr\u00eate. La 911 T demeure tout de m\u00eame agr\u00e9able \u00e0 conduire au quotidien. La bo\u00eete manuelle est un d\u00e9lice, le petit blip qui r\u00e9trograde pour vous donne de l\u2019assurance au volant et la tenue de route est superbe. \u00c0 la fin de notre semaine d\u2019essai, nous n\u2019avions que des bons mots pour la direction l\u00e9g\u00e8re et pr\u00e9cise, la p\u00e9dale de frein est ferme, r\u00e9active et communicative. Les passages de vitesses sont courts et pr\u00e9cis, les p\u00e9dales parfaitement positionn\u00e9es pour le talon-pointe. Le ch\u00e2ssis se penche dans les virages et reste imperturbable. Une conduite qui met n\u2019importe quel conducteur en confiance.<\/p>\n<h3>Conclusion<\/h3>\n<p>\nDe moins en moins de voitures vous offriront ce que la Porsche 911T de 2023 propose : la sensation de conduire une voiture sans artifices \u00e9lectroniques. On ne peut pas revenir 35 ans en arri\u00e8re, mais cette Porsche vous permet d\u2019avoir une conduite qui vous approche de cette \u00e9poque dans un enrobage moderne. Vous avez m\u00eame la possibilit\u00e9 de d\u00e9sactiver plusieurs fonctions sans alt\u00e9rer l&#8217;exp\u00e9rience de conduite. Cela d\u00e9pend votre mani\u00e8re d\u2019appr\u00e9cier la conduite. \u00cates-vous amateur de version acoustique ou non d\u2019une chanson.<\/p>\n<h3>Forces<\/h3>\n<p>\nDirection pr\u00e9cise<\/p>\n<p>Tenue de route sans faille<\/p>\n<p>Bo\u00eete manuelle pr\u00e9cise<\/p>\n<p>\u00a0<\/p>\n<h3>Faiblesses<\/h3>\n<p>\nUn peu bruyante<\/p>\n<p>Ch\u00e8re<\/p>\n<p>Presque trop facile \u00e0 conduire<\/p>\n<p>\u00a0<\/p>\n<p>\u00a0<\/p>\n<p>Le texte <a rel=\"nofollow\" href=\"https:\/\/annuelauto.ca\/porsche-911-t-2023\/\">Porsche 911 T 2023<\/a> provient de <a rel=\"nofollow\" href=\"https:\/\/annuelauto.ca\">L&#8217;annuel de l&#8217;automobile &#8211; Actualit\u00e9 automobile<\/a><\/p>\n<p><\/p>\n","protected":false},"excerpt":{"rendered":"<p>Vous le savez, l\u2019automobile est une chose de plus en plus complexe, g\u00e9r\u00e9 par des bits \u00e9lectroniques. Porsche n\u2019\u00e9chappe pas \u00e0 cette r\u00e8gle, enfin presque. Voici la plus simple et la moins intrusive des 27 versions de la 911, le mod\u00e8le T et il ne s\u2019agit pas de Ford. Comme la tarte aux pommes de [&hellip;]<\/p>\n","protected":false},"author":8,"featured_media":149430,"comment_status":"close","ping_status":"closed","sticky":false,"template":"","format":"standard","meta":{"_monsterinsights_skip_tracking":false,"_monsterinsights_sitenote_active":false,"_monsterinsights_sitenote_note":"","_monsterinsights_sitenote_category":0,"footnotes":""},"categories":[101],"tags":[],"yoast_head":"<!-- This site is optimized with the Yoast SEO plugin v23.2 - https:\/\/yoast.com\/wordpress\/plugins\/seo\/ -->\n<title>Porsche 911 T 2023 - CanadaMotorJobs.com<\/title>\n<meta name=\"description\" content=\"Porsche 911 T 2023 - Benoit Charette - Annuel automobile - CanadaMotorJobs.com.\" \/>\n<meta name=\"robots\" content=\"index, follow, max-snippet:-1, max-image-preview:large, max-video-preview:-1\" \/>\n<meta property=\"og:locale\" content=\"fr_CA\" \/>\n<meta property=\"og:type\" content=\"article\" \/>\n<meta property=\"og:title\" content=\"Porsche 911 T 2023 - CanadaMotorJobs.com\" \/>\n<meta property=\"og:description\" content=\"Porsche 911 T 2023 - Benoit Charette - Annuel automobile - CanadaMotorJobs.com.\" \/>\n<meta property=\"og:url\" content=\"https:\/\/news.canadamotorjobs.com\/fr\/porsche-911-t-2023\/\" \/>\n<meta property=\"og:site_name\" content=\"CanadaMotorJobs.com\" \/>\n<meta property=\"article:publisher\" content=\"https:\/\/www.facebook.com\/canadamotorjobs\/\" \/>\n<meta property=\"article:published_time\" content=\"2023-08-07T16:51:14+00:00\" \/>\n<meta property=\"article:modified_time\" content=\"2023-08-07T16:59:41+00:00\" \/>\n<meta property=\"og:image\" content=\"https:\/\/news.canadamotorjobs.com\/wp-content\/uploads\/2023\/08\/Porsche-911_Carrera_T-2023-1600-0a.jpg\" \/>\n\t<meta property=\"og:image:width\" content=\"1600\" \/>\n\t<meta property=\"og:image:height\" content=\"1200\" \/>\n\t<meta property=\"og:image:type\" content=\"image\/jpeg\" \/>\n<meta name=\"author\" content=\"Benoit Charette\" \/>\n<meta name=\"twitter:card\" content=\"summary_large_image\" \/>\n<meta name=\"twitter:creator\" content=\"@canadamotorjobs\" \/>\n<meta name=\"twitter:site\" content=\"@canadamotorjobs\" \/>\n<meta name=\"twitter:label1\" content=\"\u00c9crit par\" \/>\n\t<meta name=\"twitter:data1\" content=\"Benoit Charette\" \/>\n\t<meta name=\"twitter:label2\" content=\"Estimation du temps de lecture\" \/>\n\t<meta name=\"twitter:data2\" content=\"5 minutes\" \/>\n<!-- \/ Yoast SEO plugin. -->","yoast_head_json":{"title":"Porsche 911 T 2023 - CanadaMotorJobs.com","description":"Porsche 911 T 2023 - Benoit Charette - Annuel automobile - CanadaMotorJobs.com.","robots":{"index":"index","follow":"follow","max-snippet":"max-snippet:-1","max-image-preview":"max-image-preview:large","max-video-preview":"max-video-preview:-1"},"og_locale":"fr_CA","og_type":"article","og_title":"Porsche 911 T 2023 - CanadaMotorJobs.com","og_description":"Porsche 911 T 2023 - Benoit Charette - Annuel automobile - CanadaMotorJobs.com.","og_url":"https:\/\/news.canadamotorjobs.com\/fr\/porsche-911-t-2023\/","og_site_name":"CanadaMotorJobs.com","article_publisher":"https:\/\/www.facebook.com\/canadamotorjobs\/","article_published_time":"2023-08-07T16:51:14+00:00","article_modified_time":"2023-08-07T16:59:41+00:00","og_image":[{"width":1600,"height":1200,"url":"https:\/\/news.canadamotorjobs.com\/wp-content\/uploads\/2023\/08\/Porsche-911_Carrera_T-2023-1600-0a.jpg","type":"image\/jpeg"}],"author":"Benoit Charette","twitter_card":"summary_large_image","twitter_creator":"@canadamotorjobs","twitter_site":"@canadamotorjobs","twitter_misc":{"\u00c9crit par":"Benoit Charette","Estimation du temps de lecture":"5 minutes"},"schema":{"@context":"https:\/\/schema.org","@graph":[{"@type":"Article","@id":"https:\/\/news.canadamotorjobs.com\/fr\/porsche-911-t-2023\/#article","isPartOf":{"@id":"https:\/\/news.canadamotorjobs.com\/fr\/porsche-911-t-2023\/"},"author":{"name":"Benoit Charette","@id":"https:\/\/news.canadamotorjobs.com\/#\/schema\/person\/51793d1f87d44011d7bcc2ed99269a90"},"headline":"Porsche 911 T 2023","datePublished":"2023-08-07T16:51:14+00:00","dateModified":"2023-08-07T16:59:41+00:00","mainEntityOfPage":{"@id":"https:\/\/news.canadamotorjobs.com\/fr\/porsche-911-t-2023\/"},"wordCount":1081,"publisher":{"@id":"https:\/\/news.canadamotorjobs.com\/#organization"},"image":{"@id":"https:\/\/news.canadamotorjobs.com\/fr\/porsche-911-t-2023\/#primaryimage"},"thumbnailUrl":"https:\/\/news.canadamotorjobs.com\/wp-content\/uploads\/2023\/08\/Porsche-911_Carrera_T-2023-1600-0a.jpg","articleSection":["Annuel automobile"],"inLanguage":"fr-CA"},{"@type":"WebPage","@id":"https:\/\/news.canadamotorjobs.com\/fr\/porsche-911-t-2023\/","url":"https:\/\/news.canadamotorjobs.com\/fr\/porsche-911-t-2023\/","name":"Porsche 911 T 2023 - CanadaMotorJobs.com","isPartOf":{"@id":"https:\/\/news.canadamotorjobs.com\/#website"},"primaryImageOfPage":{"@id":"https:\/\/news.canadamotorjobs.com\/fr\/porsche-911-t-2023\/#primaryimage"},"image":{"@id":"https:\/\/news.canadamotorjobs.com\/fr\/porsche-911-t-2023\/#primaryimage"},"thumbnailUrl":"https:\/\/news.canadamotorjobs.com\/wp-content\/uploads\/2023\/08\/Porsche-911_Carrera_T-2023-1600-0a.jpg","datePublished":"2023-08-07T16:51:14+00:00","dateModified":"2023-08-07T16:59:41+00:00","description":"Porsche 911 T 2023 - Benoit Charette - Annuel automobile - CanadaMotorJobs.com.","breadcrumb":{"@id":"https:\/\/news.canadamotorjobs.com\/fr\/porsche-911-t-2023\/#breadcrumb"},"inLanguage":"fr-CA","potentialAction":[{"@type":"ReadAction","target":["https:\/\/news.canadamotorjobs.com\/fr\/porsche-911-t-2023\/"]}]},{"@type":"ImageObject","inLanguage":"fr-CA","@id":"https:\/\/news.canadamotorjobs.com\/fr\/porsche-911-t-2023\/#primaryimage","url":"https:\/\/news.canadamotorjobs.com\/wp-content\/uploads\/2023\/08\/Porsche-911_Carrera_T-2023-1600-0a.jpg","contentUrl":"https:\/\/news.canadamotorjobs.com\/wp-content\/uploads\/2023\/08\/Porsche-911_Carrera_T-2023-1600-0a.jpg","width":1600,"height":1200},{"@type":"BreadcrumbList","@id":"https:\/\/news.canadamotorjobs.com\/fr\/porsche-911-t-2023\/#breadcrumb","itemListElement":[{"@type":"ListItem","position":1,"name":"Home","item":"https:\/\/news.canadamotorjobs.com\/fr\/blog\/"},{"@type":"ListItem","position":2,"name":"Porsche 911 T 2023"}]},{"@type":"WebSite","@id":"https:\/\/news.canadamotorjobs.com\/#website","url":"https:\/\/news.canadamotorjobs.com\/","name":"CanadaMotorJobs.com","description":"Automotive Jobs","publisher":{"@id":"https:\/\/news.canadamotorjobs.com\/#organization"},"potentialAction":[{"@type":"SearchAction","target":{"@type":"EntryPoint","urlTemplate":"https:\/\/news.canadamotorjobs.com\/?s={search_term_string}"},"query-input":"required name=search_term_string"}],"inLanguage":"fr-CA"},{"@type":"Organization","@id":"https:\/\/news.canadamotorjobs.com\/#organization","name":"Canada Motor Jobs","url":"https:\/\/news.canadamotorjobs.com\/","logo":{"@type":"ImageObject","inLanguage":"fr-CA","@id":"https:\/\/news.canadamotorjobs.com\/#\/schema\/logo\/image\/","url":"https:\/\/news.canadamotorjobs.com\/wp-content\/uploads\/2022\/10\/logo-canada-motor-jobs-1.png","contentUrl":"https:\/\/news.canadamotorjobs.com\/wp-content\/uploads\/2022\/10\/logo-canada-motor-jobs-1.png","width":800,"height":400,"caption":"Canada Motor Jobs"},"image":{"@id":"https:\/\/news.canadamotorjobs.com\/#\/schema\/logo\/image\/"},"sameAs":["https:\/\/www.facebook.com\/canadamotorjobs\/","https:\/\/x.com\/canadamotorjobs","https:\/\/www.instagram.com\/canadamotorjobs\/","https:\/\/www.linkedin.com\/company\/canadamotorjobs"]},{"@type":"Person","@id":"https:\/\/news.canadamotorjobs.com\/#\/schema\/person\/51793d1f87d44011d7bcc2ed99269a90","name":"Benoit Charette","image":{"@type":"ImageObject","inLanguage":"fr-CA","@id":"https:\/\/news.canadamotorjobs.com\/#\/schema\/person\/image\/","url":"https:\/\/secure.gravatar.com\/avatar\/45f3d2eebcccd909668d7ce7ea7267b6?s=96&d=mm&r=g","contentUrl":"https:\/\/secure.gravatar.com\/avatar\/45f3d2eebcccd909668d7ce7ea7267b6?s=96&d=mm&r=g","caption":"Benoit Charette"},"description":"Benoit Charette \/ Propri\u00e9taire et r\u00e9dacteur en chef Benoit Charette pratique le journalisme automobile depuis bient\u00f4t 30 ans. Il a fait ses classes au c\u00f4t\u00e9 de Daniel H\u00e9raud et au Carnet de route de 1992 \u00e0 2001. Il est fondateur, copropri\u00e9taire et r\u00e9dacteur en chef de L\u2019Annuel de l\u2019automobile, qu\u2019il publie depuis 2001. Il a anim\u00e9 les \u00e9missions RPM et RPM+ sur V et les L\u00e9gendes de la route sur Historia. \u00c0 la radio depuis 1986, il reprend l\u2019antenne cette ann\u00e9e sur les ondes de Cogeco et participe pour la deuxi\u00e8me ann\u00e9e \u00e0 l\u2019\u00e9mission Passion Auto sur RDS en plus de mettre en ligne le site Web officiel de L\u2019Annuel de l\u2019automobile sur annuelauto.ca.","sameAs":["https:\/\/annuelauto.ca\/"],"url":"https:\/\/news.canadamotorjobs.com\/fr\/author\/benoit-charette\/"}]}},"_links":{"self":[{"href":"https:\/\/news.canadamotorjobs.com\/fr\/wp-json\/wp\/v2\/posts\/149428"}],"collection":[{"href":"https:\/\/news.canadamotorjobs.com\/fr\/wp-json\/wp\/v2\/posts"}],"about":[{"href":"https:\/\/news.canadamotorjobs.com\/fr\/wp-json\/wp\/v2\/types\/post"}],"author":[{"embeddable":true,"href":"https:\/\/news.canadamotorjobs.com\/fr\/wp-json\/wp\/v2\/users\/8"}],"replies":[{"embeddable":true,"href":"https:\/\/news.canadamotorjobs.com\/fr\/wp-json\/wp\/v2\/comments?post=149428"}],"version-history":[{"count":2,"href":"https:\/\/news.canadamotorjobs.com\/fr\/wp-json\/wp\/v2\/posts\/149428\/revisions"}],"predecessor-version":[{"id":149432,"href":"https:\/\/news.canadamotorjobs.com\/fr\/wp-json\/wp\/v2\/posts\/149428\/revisions\/149432"}],"wp:featuredmedia":[{"embeddable":true,"href":"https:\/\/news.canadamotorjobs.com\/fr\/wp-json\/wp\/v2\/media\/149430"}],"wp:attachment":[{"href":"https:\/\/news.canadamotorjobs.com\/fr\/wp-json\/wp\/v2\/media?parent=149428"}],"wp:term":[{"taxonomy":"category","embeddable":true,"href":"https:\/\/news.canadamotorjobs.com\/fr\/wp-json\/wp\/v2\/categories?post=149428"},{"taxonomy":"post_tag","embeddable":true,"href":"https:\/\/news.canadamotorjobs.com\/fr\/wp-json\/wp\/v2\/tags?post=149428"}],"curies":[{"name":"wp","href":"https:\/\/api.w.org\/{rel}","templated":true}]}}