{"id":149395,"date":"2023-08-06T09:20:40","date_gmt":"2023-08-06T13:20:40","guid":{"rendered":"https:\/\/news.canadamotorjobs.com\/?p=149395"},"modified":"2023-08-06T09:30:28","modified_gmt":"2023-08-06T13:30:28","slug":"la-prochaine-generation-de-toyota-gr86-est-annonce-pour-2026-avec-le-moteur-de-la-gr-corolla","status":"publish","type":"post","link":"https:\/\/news.canadamotorjobs.com\/fr\/la-prochaine-generation-de-toyota-gr86-est-annonce-pour-2026-avec-le-moteur-de-la-gr-corolla\/","title":{"rendered":"La prochaine g\u00e9n\u00e9ration de Toyota GR86 est annonc\u00e9 pour 2026 avec le moteur de la GR Corolla"},"content":{"rendered":"<\/p>\n<p>La nouvelle g\u00e9n\u00e9ration de la Toyota GR86 pourrait voir le jour bien plus t\u00f4t que pr\u00e9vu, selon les rapports du magazine Autocar. La publication britannique indique que la g\u00e9n\u00e9ration actuelle de la voiture de sport pourrait \u00eatre retir\u00e9e du march\u00e9 dans seulement deux ans en raison des normes strictes en mati\u00e8re de carburant et d&#8217;\u00e9missions que le Japon va adopter et des r\u00e9glementations en mati\u00e8re de s\u00e9curit\u00e9 des pare-brise qui arriveront en Europe l&#8217;ann\u00e9e prochaine. Cela signifie que la voiture de sport introduite en 2021 pourrait \u00eatre retir\u00e9e du march\u00e9 en 2025.<\/p>\n<h3>Une solution sportive et une ligne plus rac\u00e9e<\/h3>\n<p>\nLa solution pour Toyota consiste non seulement \u00e0 redessiner le v\u00e9hicule, mais aussi \u00e0 l&#8217;\u00e9lectrifier. Le nouveau v\u00e9hicule utilisera tr\u00e8s probablement une version hybride du trois cylindres que l&#8217;on trouve dans les GR Yaris et GR Corolla, ce qui signifie que nous pourrions avoir affaire \u00e0 une petite voiture de sport \u00e0 propulsion arri\u00e8re d\u00e9veloppant 300 chevaux, totalement diff\u00e9rente de la Supra. Il semble \u00e9galement qu&#8217;il n&#8217;y aura pas de s\u0153ur Subaru cette fois-ci, mais cela ne veut pas dire que Subaru ne peut pas pr\u00e9parer quelque chose pour elle-m\u00eame. Gr\u00e2ce \u00e0 l&#8217;\u00e9lectrification, la GR86 sera en mesure de survivre plus longtemps, ou du moins jusqu&#8217;\u00e0 ce que les ventes de v\u00e9hicules \u00e0 combustion soient rendues beaucoup plus difficiles dans de nombreuses r\u00e9gions du monde, d&#8217;ici une d\u00e9cennie.<\/p>\n<h3>Restera-t-elle abordable ?<\/h3>\n<p>\nToyota est en mesure de construire des hybrides \u00e0 un prix inf\u00e9rieur \u00e0 celui des mod\u00e8les \u00e9lectriques \u00e0 batterie, mais pas beaucoup plus qu\u2019un mod\u00e8le \u00e0 essence. La prochaine g\u00e9n\u00e9ration de GR86 pourrait utiliser la technologie de batterie \u00e0 l&#8217;\u00e9tat solide tant vant\u00e9e par Toyota, qui permettra de r\u00e9duire les co\u00fbts et peut-\u00eatre d&#8217;augmenter les performances. Le principal probl\u00e8me serait l&#8217;augmentation du poids d&#8217;un v\u00e9hicule connu pour sa l\u00e9g\u00e8ret\u00e9 et sa maniabilit\u00e9, mais comme il existe des voitures de sport enti\u00e8rement \u00e9lectriques comme la Caterham Project V qui p\u00e8sent moins que la GR86 actuelle, nous pensons que Toyota sera en mesure de mener \u00e0 bien ce projet.<\/p>\n<p>\u00a0<\/p>\n<p>Avec des renseignements de Carbuzz<\/p>\n<p>Le texte <a rel=\"nofollow\" href=\"https:\/\/annuelauto.ca\/la-prochaine-generation-de-toyota-gr86-est-annonce-pour-2026-avec-le-moteur-de-la-gr-corolla\/\">La prochaine g\u00e9n\u00e9ration de Toyota GR86 est annonc\u00e9 pour 2026 avec le moteur de la GR Corolla<\/a> provient de <a rel=\"nofollow\" href=\"https:\/\/annuelauto.ca\">L&#8217;annuel de l&#8217;automobile &#8211; Actualit\u00e9 automobile<\/a><\/p>\n<p><\/p>\n","protected":false},"excerpt":{"rendered":"<p>La nouvelle g\u00e9n\u00e9ration de la Toyota GR86 pourrait voir le jour bien plus t\u00f4t que pr\u00e9vu, selon les rapports du magazine Autocar. La publication britannique indique que la g\u00e9n\u00e9ration actuelle de la voiture de sport pourrait \u00eatre retir\u00e9e du march\u00e9 dans seulement deux ans en raison des normes strictes en mati\u00e8re de carburant et d&#8217;\u00e9missions [&hellip;]<\/p>\n","protected":false},"author":8,"featured_media":149397,"comment_status":"close","ping_status":"closed","sticky":false,"template":"","format":"standard","meta":{"_monsterinsights_skip_tracking":false,"_monsterinsights_sitenote_active":false,"_monsterinsights_sitenote_note":"","_monsterinsights_sitenote_category":0,"footnotes":""},"categories":[101],"tags":[],"yoast_head":"<!-- This site is optimized with the Yoast SEO plugin v23.2 - https:\/\/yoast.com\/wordpress\/plugins\/seo\/ -->\n<title>La prochaine g\u00e9n\u00e9ration de Toyota GR86 est annonc\u00e9 pour 2026 avec le moteur de la GR Corolla - CanadaMotorJobs.com<\/title>\n<meta name=\"description\" content=\"La prochaine g\u00e9n\u00e9ration de Toyota GR86 est annonc\u00e9 pour 2026 avec le moteur de la GR Corolla - Benoit Charette - Annuel automobile - CanadaMotorJobs.com.\" \/>\n<meta name=\"robots\" content=\"index, follow, max-snippet:-1, max-image-preview:large, max-video-preview:-1\" \/>\n<meta property=\"og:locale\" content=\"fr_CA\" \/>\n<meta property=\"og:type\" content=\"article\" \/>\n<meta property=\"og:title\" content=\"La prochaine g\u00e9n\u00e9ration de Toyota GR86 est annonc\u00e9 pour 2026 avec le moteur de la GR Corolla - CanadaMotorJobs.com\" \/>\n<meta property=\"og:description\" content=\"La prochaine g\u00e9n\u00e9ration de Toyota GR86 est annonc\u00e9 pour 2026 avec le moteur de la GR Corolla - Benoit Charette - Annuel automobile - CanadaMotorJobs.com.\" \/>\n<meta property=\"og:url\" content=\"https:\/\/news.canadamotorjobs.com\/fr\/la-prochaine-generation-de-toyota-gr86-est-annonce-pour-2026-avec-le-moteur-de-la-gr-corolla\/\" \/>\n<meta property=\"og:site_name\" content=\"CanadaMotorJobs.com\" \/>\n<meta property=\"article:publisher\" content=\"https:\/\/www.facebook.com\/canadamotorjobs\/\" \/>\n<meta property=\"article:published_time\" content=\"2023-08-06T13:20:40+00:00\" \/>\n<meta property=\"article:modified_time\" content=\"2023-08-06T13:30:28+00:00\" \/>\n<meta property=\"og:image\" content=\"https:\/\/news.canadamotorjobs.com\/wp-content\/uploads\/2023\/08\/1165864.jpg\" \/>\n\t<meta property=\"og:image:width\" content=\"1600\" \/>\n\t<meta property=\"og:image:height\" content=\"1066\" \/>\n\t<meta property=\"og:image:type\" content=\"image\/jpeg\" \/>\n<meta name=\"author\" content=\"Benoit Charette\" \/>\n<meta name=\"twitter:card\" content=\"summary_large_image\" \/>\n<meta name=\"twitter:creator\" content=\"@canadamotorjobs\" \/>\n<meta name=\"twitter:site\" content=\"@canadamotorjobs\" \/>\n<meta name=\"twitter:label1\" content=\"\u00c9crit par\" \/>\n\t<meta name=\"twitter:data1\" content=\"Benoit Charette\" \/>\n\t<meta name=\"twitter:label2\" content=\"Estimation du temps de lecture\" \/>\n\t<meta name=\"twitter:data2\" content=\"2 minutes\" \/>\n<!-- \/ Yoast SEO plugin. -->","yoast_head_json":{"title":"La prochaine g\u00e9n\u00e9ration de Toyota GR86 est annonc\u00e9 pour 2026 avec le moteur de la GR Corolla - CanadaMotorJobs.com","description":"La prochaine g\u00e9n\u00e9ration de Toyota GR86 est annonc\u00e9 pour 2026 avec le moteur de la GR Corolla - Benoit Charette - Annuel automobile - CanadaMotorJobs.com.","robots":{"index":"index","follow":"follow","max-snippet":"max-snippet:-1","max-image-preview":"max-image-preview:large","max-video-preview":"max-video-preview:-1"},"og_locale":"fr_CA","og_type":"article","og_title":"La prochaine g\u00e9n\u00e9ration de Toyota GR86 est annonc\u00e9 pour 2026 avec le moteur de la GR Corolla - CanadaMotorJobs.com","og_description":"La prochaine g\u00e9n\u00e9ration de Toyota GR86 est annonc\u00e9 pour 2026 avec le moteur de la GR Corolla - Benoit Charette - Annuel automobile - CanadaMotorJobs.com.","og_url":"https:\/\/news.canadamotorjobs.com\/fr\/la-prochaine-generation-de-toyota-gr86-est-annonce-pour-2026-avec-le-moteur-de-la-gr-corolla\/","og_site_name":"CanadaMotorJobs.com","article_publisher":"https:\/\/www.facebook.com\/canadamotorjobs\/","article_published_time":"2023-08-06T13:20:40+00:00","article_modified_time":"2023-08-06T13:30:28+00:00","og_image":[{"width":1600,"height":1066,"url":"https:\/\/news.canadamotorjobs.com\/wp-content\/uploads\/2023\/08\/1165864.jpg","type":"image\/jpeg"}],"author":"Benoit Charette","twitter_card":"summary_large_image","twitter_creator":"@canadamotorjobs","twitter_site":"@canadamotorjobs","twitter_misc":{"\u00c9crit par":"Benoit Charette","Estimation du temps de lecture":"2 minutes"},"schema":{"@context":"https:\/\/schema.org","@graph":[{"@type":"Article","@id":"https:\/\/news.canadamotorjobs.com\/fr\/la-prochaine-generation-de-toyota-gr86-est-annonce-pour-2026-avec-le-moteur-de-la-gr-corolla\/#article","isPartOf":{"@id":"https:\/\/news.canadamotorjobs.com\/fr\/la-prochaine-generation-de-toyota-gr86-est-annonce-pour-2026-avec-le-moteur-de-la-gr-corolla\/"},"author":{"name":"Benoit Charette","@id":"https:\/\/news.canadamotorjobs.com\/#\/schema\/person\/51793d1f87d44011d7bcc2ed99269a90"},"headline":"La prochaine g\u00e9n\u00e9ration de Toyota GR86 est annonc\u00e9 pour 2026 avec le moteur de la GR Corolla","datePublished":"2023-08-06T13:20:40+00:00","dateModified":"2023-08-06T13:30:28+00:00","mainEntityOfPage":{"@id":"https:\/\/news.canadamotorjobs.com\/fr\/la-prochaine-generation-de-toyota-gr86-est-annonce-pour-2026-avec-le-moteur-de-la-gr-corolla\/"},"wordCount":429,"publisher":{"@id":"https:\/\/news.canadamotorjobs.com\/#organization"},"image":{"@id":"https:\/\/news.canadamotorjobs.com\/fr\/la-prochaine-generation-de-toyota-gr86-est-annonce-pour-2026-avec-le-moteur-de-la-gr-corolla\/#primaryimage"},"thumbnailUrl":"https:\/\/news.canadamotorjobs.com\/wp-content\/uploads\/2023\/08\/1165864.jpg","articleSection":["Annuel automobile"],"inLanguage":"fr-CA"},{"@type":"WebPage","@id":"https:\/\/news.canadamotorjobs.com\/fr\/la-prochaine-generation-de-toyota-gr86-est-annonce-pour-2026-avec-le-moteur-de-la-gr-corolla\/","url":"https:\/\/news.canadamotorjobs.com\/fr\/la-prochaine-generation-de-toyota-gr86-est-annonce-pour-2026-avec-le-moteur-de-la-gr-corolla\/","name":"La prochaine g\u00e9n\u00e9ration de Toyota GR86 est annonc\u00e9 pour 2026 avec le moteur de la GR Corolla - CanadaMotorJobs.com","isPartOf":{"@id":"https:\/\/news.canadamotorjobs.com\/#website"},"primaryImageOfPage":{"@id":"https:\/\/news.canadamotorjobs.com\/fr\/la-prochaine-generation-de-toyota-gr86-est-annonce-pour-2026-avec-le-moteur-de-la-gr-corolla\/#primaryimage"},"image":{"@id":"https:\/\/news.canadamotorjobs.com\/fr\/la-prochaine-generation-de-toyota-gr86-est-annonce-pour-2026-avec-le-moteur-de-la-gr-corolla\/#primaryimage"},"thumbnailUrl":"https:\/\/news.canadamotorjobs.com\/wp-content\/uploads\/2023\/08\/1165864.jpg","datePublished":"2023-08-06T13:20:40+00:00","dateModified":"2023-08-06T13:30:28+00:00","description":"La prochaine g\u00e9n\u00e9ration de Toyota GR86 est annonc\u00e9 pour 2026 avec le moteur de la GR Corolla - Benoit Charette - Annuel automobile - CanadaMotorJobs.com.","breadcrumb":{"@id":"https:\/\/news.canadamotorjobs.com\/fr\/la-prochaine-generation-de-toyota-gr86-est-annonce-pour-2026-avec-le-moteur-de-la-gr-corolla\/#breadcrumb"},"inLanguage":"fr-CA","potentialAction":[{"@type":"ReadAction","target":["https:\/\/news.canadamotorjobs.com\/fr\/la-prochaine-generation-de-toyota-gr86-est-annonce-pour-2026-avec-le-moteur-de-la-gr-corolla\/"]}]},{"@type":"ImageObject","inLanguage":"fr-CA","@id":"https:\/\/news.canadamotorjobs.com\/fr\/la-prochaine-generation-de-toyota-gr86-est-annonce-pour-2026-avec-le-moteur-de-la-gr-corolla\/#primaryimage","url":"https:\/\/news.canadamotorjobs.com\/wp-content\/uploads\/2023\/08\/1165864.jpg","contentUrl":"https:\/\/news.canadamotorjobs.com\/wp-content\/uploads\/2023\/08\/1165864.jpg","width":1600,"height":1066},{"@type":"BreadcrumbList","@id":"https:\/\/news.canadamotorjobs.com\/fr\/la-prochaine-generation-de-toyota-gr86-est-annonce-pour-2026-avec-le-moteur-de-la-gr-corolla\/#breadcrumb","itemListElement":[{"@type":"ListItem","position":1,"name":"Home","item":"https:\/\/news.canadamotorjobs.com\/fr\/blog\/"},{"@type":"ListItem","position":2,"name":"La prochaine g\u00e9n\u00e9ration de Toyota GR86 est annonc\u00e9 pour 2026 avec le moteur de la GR Corolla"}]},{"@type":"WebSite","@id":"https:\/\/news.canadamotorjobs.com\/#website","url":"https:\/\/news.canadamotorjobs.com\/","name":"CanadaMotorJobs.com","description":"Automotive Jobs","publisher":{"@id":"https:\/\/news.canadamotorjobs.com\/#organization"},"potentialAction":[{"@type":"SearchAction","target":{"@type":"EntryPoint","urlTemplate":"https:\/\/news.canadamotorjobs.com\/?s={search_term_string}"},"query-input":"required name=search_term_string"}],"inLanguage":"fr-CA"},{"@type":"Organization","@id":"https:\/\/news.canadamotorjobs.com\/#organization","name":"Canada Motor Jobs","url":"https:\/\/news.canadamotorjobs.com\/","logo":{"@type":"ImageObject","inLanguage":"fr-CA","@id":"https:\/\/news.canadamotorjobs.com\/#\/schema\/logo\/image\/","url":"https:\/\/news.canadamotorjobs.com\/wp-content\/uploads\/2022\/10\/logo-canada-motor-jobs-1.png","contentUrl":"https:\/\/news.canadamotorjobs.com\/wp-content\/uploads\/2022\/10\/logo-canada-motor-jobs-1.png","width":800,"height":400,"caption":"Canada Motor Jobs"},"image":{"@id":"https:\/\/news.canadamotorjobs.com\/#\/schema\/logo\/image\/"},"sameAs":["https:\/\/www.facebook.com\/canadamotorjobs\/","https:\/\/x.com\/canadamotorjobs","https:\/\/www.instagram.com\/canadamotorjobs\/","https:\/\/www.linkedin.com\/company\/canadamotorjobs"]},{"@type":"Person","@id":"https:\/\/news.canadamotorjobs.com\/#\/schema\/person\/51793d1f87d44011d7bcc2ed99269a90","name":"Benoit Charette","image":{"@type":"ImageObject","inLanguage":"fr-CA","@id":"https:\/\/news.canadamotorjobs.com\/#\/schema\/person\/image\/","url":"https:\/\/secure.gravatar.com\/avatar\/45f3d2eebcccd909668d7ce7ea7267b6?s=96&d=mm&r=g","contentUrl":"https:\/\/secure.gravatar.com\/avatar\/45f3d2eebcccd909668d7ce7ea7267b6?s=96&d=mm&r=g","caption":"Benoit Charette"},"description":"Benoit Charette \/ Propri\u00e9taire et r\u00e9dacteur en chef Benoit Charette pratique le journalisme automobile depuis bient\u00f4t 30 ans. Il a fait ses classes au c\u00f4t\u00e9 de Daniel H\u00e9raud et au Carnet de route de 1992 \u00e0 2001. Il est fondateur, copropri\u00e9taire et r\u00e9dacteur en chef de L\u2019Annuel de l\u2019automobile, qu\u2019il publie depuis 2001. Il a anim\u00e9 les \u00e9missions RPM et RPM+ sur V et les L\u00e9gendes de la route sur Historia. \u00c0 la radio depuis 1986, il reprend l\u2019antenne cette ann\u00e9e sur les ondes de Cogeco et participe pour la deuxi\u00e8me ann\u00e9e \u00e0 l\u2019\u00e9mission Passion Auto sur RDS en plus de mettre en ligne le site Web officiel de L\u2019Annuel de l\u2019automobile sur annuelauto.ca.","sameAs":["https:\/\/annuelauto.ca\/"],"url":"https:\/\/news.canadamotorjobs.com\/fr\/author\/benoit-charette\/"}]}},"_links":{"self":[{"href":"https:\/\/news.canadamotorjobs.com\/fr\/wp-json\/wp\/v2\/posts\/149395"}],"collection":[{"href":"https:\/\/news.canadamotorjobs.com\/fr\/wp-json\/wp\/v2\/posts"}],"about":[{"href":"https:\/\/news.canadamotorjobs.com\/fr\/wp-json\/wp\/v2\/types\/post"}],"author":[{"embeddable":true,"href":"https:\/\/news.canadamotorjobs.com\/fr\/wp-json\/wp\/v2\/users\/8"}],"replies":[{"embeddable":true,"href":"https:\/\/news.canadamotorjobs.com\/fr\/wp-json\/wp\/v2\/comments?post=149395"}],"version-history":[{"count":2,"href":"https:\/\/news.canadamotorjobs.com\/fr\/wp-json\/wp\/v2\/posts\/149395\/revisions"}],"predecessor-version":[{"id":149399,"href":"https:\/\/news.canadamotorjobs.com\/fr\/wp-json\/wp\/v2\/posts\/149395\/revisions\/149399"}],"wp:featuredmedia":[{"embeddable":true,"href":"https:\/\/news.canadamotorjobs.com\/fr\/wp-json\/wp\/v2\/media\/149397"}],"wp:attachment":[{"href":"https:\/\/news.canadamotorjobs.com\/fr\/wp-json\/wp\/v2\/media?parent=149395"}],"wp:term":[{"taxonomy":"category","embeddable":true,"href":"https:\/\/news.canadamotorjobs.com\/fr\/wp-json\/wp\/v2\/categories?post=149395"},{"taxonomy":"post_tag","embeddable":true,"href":"https:\/\/news.canadamotorjobs.com\/fr\/wp-json\/wp\/v2\/tags?post=149395"}],"curies":[{"name":"wp","href":"https:\/\/api.w.org\/{rel}","templated":true}]}}