{"id":149353,"date":"2023-08-05T08:19:33","date_gmt":"2023-08-05T12:19:33","guid":{"rendered":"https:\/\/news.canadamotorjobs.com\/?p=149353"},"modified":"2023-08-05T08:28:54","modified_gmt":"2023-08-05T12:28:54","slug":"transport-canada-estime-que-33-des-vehicules-sur-nos-routes-font-lobjet-de-rappels-en-suspens","status":"publish","type":"post","link":"https:\/\/news.canadamotorjobs.com\/fr\/transport-canada-estime-que-33-des-vehicules-sur-nos-routes-font-lobjet-de-rappels-en-suspens\/","title":{"rendered":"Transport Canada estime que 33 % des v\u00e9hicules sur nos routes font l\u2019objet de rappels en suspens."},"content":{"rendered":"<\/p>\n<p>Quelque 6,6 millions de &#8220;v\u00e9hicules dangereux&#8221; circulent probablement sur les routes malgr\u00e9 des rappels de s\u00e9curit\u00e9 non r\u00e9solus, selon le gouvernement f\u00e9d\u00e9ral.Dans une analyse r\u00e9alis\u00e9e en juin, Transports Canada estime qu&#8217;un v\u00e9hicule sur cinq parmi les 33,3 millions de v\u00e9hicules immatricul\u00e9s en 2019 fait l&#8217;objet de rappels non r\u00e9solus, mais continue de circuler dans les rues et sur les autoroutes du pays, mettant potentiellement en danger les occupants et les autres usagers de la route.<\/p>\n<h3>Des probl\u00e8mes graves et moins graves<\/h3>\n<p>\nLes probl\u00e8mes de s\u00e9curit\u00e9 non r\u00e9solus affectant les v\u00e9hicules, les syst\u00e8mes de retenue pour les enfants et les personnes handicap\u00e9es, et les pneus peuvent entra\u00eener des dommages mat\u00e9riels, des blessures, voire des d\u00e9c\u00e8s&#8221;, indiquent l&#8217;analyse.<\/p>\n<h3>Changer les r\u00e8gles<\/h3>\n<p>\nLe minist\u00e8re a propos\u00e9 de nouvelles r\u00e8gles qui obligeraient les entreprises qui proc\u00e8dent \u00e0 un rappel de s\u00e9curit\u00e9 \u00e0 publier rapidement des informations connexes sur leur site web afin de sensibiliser le public et de corriger le d\u00e9faut. Les r\u00e8gles modifi\u00e9es obligeraient \u00e9galement les constructeurs automobiles \u00e0 fournir un outil de recherche pour les num\u00e9ros d&#8217;inspection des v\u00e9hicules sur leur site web afin de fournir des informations sur les rappels.<\/p>\n<h3>Impossible de joindre tout le monde<\/h3>\n<p>\nSeule une minorit\u00e9 de propri\u00e9taires est inform\u00e9e des rappels, surtout les rappels qui concernent des plus vieux v\u00e9hicules qui en sont \u00e0 leur 2<sup>e<\/sup> ou 3<sup>e<\/sup> propri\u00e9taire. Il y a encore des milliers de v\u00e9hicules qui ont fait l\u2019objet d\u2019un rappel pour un coussin gonflable Takata qui sont encore sur la route et bien des propri\u00e9taires ne sont pas au courant. Les constructeurs ne veulent investir dans de grandes campagnes de sensibilisation qui co\u00fbtent tr\u00e8s cher. Pourtant, dans ce cas pr\u00e9cis, il y a un r\u00e9el potentiel d\u2019accidents. Il faudrait mettre des cat\u00e9gories et y aller par dossier prioritaire. Il n\u2019est pas n\u00e9cessaire de faire une campagne de rappel massive pour une erreur d\u2019orthographe dans le manuel du propri\u00e9taire, mais dans le cas des coussins gonflables Takata, il faudrait s\u2019assurer que les voitures ne circulent plus sur nos routes.<\/p>\n<p>\u00a0<\/p>\n<p>Avec des renseignements de la Presse Canadienne<\/p>\n<p>\u00a0<\/p>\n<p>\u00a0<\/p>\n<p>\u00a0<\/p>\n<p>\u00a0<\/p>\n<p>\u00a0<\/p>\n<p>\u00a0<\/p>\n<p>Le texte <a rel=\"nofollow\" href=\"https:\/\/annuelauto.ca\/transport-canada-estime-que-33-des-vehicules-sur-nos-routes-font-de-rappels-en-suspens\/\">Transport Canada estime que 33 % des v\u00e9hicules sur nos routes font l\u2019objet de rappels en suspens.<\/a> provient de <a rel=\"nofollow\" href=\"https:\/\/annuelauto.ca\">L&#8217;annuel de l&#8217;automobile &#8211; Actualit\u00e9 automobile<\/a><\/p>\n<p><\/p>\n","protected":false},"excerpt":{"rendered":"<p>Quelque 6,6 millions de &#8220;v\u00e9hicules dangereux&#8221; circulent probablement sur les routes malgr\u00e9 des rappels de s\u00e9curit\u00e9 non r\u00e9solus, selon le gouvernement f\u00e9d\u00e9ral.Dans une analyse r\u00e9alis\u00e9e en juin, Transports Canada estime qu&#8217;un v\u00e9hicule sur cinq parmi les 33,3 millions de v\u00e9hicules immatricul\u00e9s en 2019 fait l&#8217;objet de rappels non r\u00e9solus, mais continue de circuler dans les [&hellip;]<\/p>\n","protected":false},"author":8,"featured_media":149355,"comment_status":"close","ping_status":"closed","sticky":false,"template":"","format":"standard","meta":{"_monsterinsights_skip_tracking":false,"_monsterinsights_sitenote_active":false,"_monsterinsights_sitenote_note":"","_monsterinsights_sitenote_category":0,"footnotes":""},"categories":[101],"tags":[],"yoast_head":"<!-- This site is optimized with the Yoast SEO plugin v23.2 - https:\/\/yoast.com\/wordpress\/plugins\/seo\/ -->\n<title>Transport Canada estime que 33 % des v\u00e9hicules sur nos routes font l\u2019objet de rappels en suspens. - CanadaMotorJobs.com<\/title>\n<meta name=\"description\" content=\"Transport Canada estime que 33 % des v\u00e9hicules sur nos routes font l\u2019objet de rappels en suspens. - Benoit Charette - Annuel automobile - CanadaMotorJobs.com.\" \/>\n<meta name=\"robots\" content=\"index, follow, max-snippet:-1, max-image-preview:large, max-video-preview:-1\" \/>\n<meta property=\"og:locale\" content=\"fr_CA\" \/>\n<meta property=\"og:type\" content=\"article\" \/>\n<meta property=\"og:title\" content=\"Transport Canada estime que 33 % des v\u00e9hicules sur nos routes font l\u2019objet de rappels en suspens. - CanadaMotorJobs.com\" \/>\n<meta property=\"og:description\" content=\"Transport Canada estime que 33 % des v\u00e9hicules sur nos routes font l\u2019objet de rappels en suspens. - Benoit Charette - Annuel automobile - CanadaMotorJobs.com.\" \/>\n<meta property=\"og:url\" content=\"https:\/\/news.canadamotorjobs.com\/fr\/transport-canada-estime-que-33-des-vehicules-sur-nos-routes-font-lobjet-de-rappels-en-suspens\/\" \/>\n<meta property=\"og:site_name\" content=\"CanadaMotorJobs.com\" \/>\n<meta property=\"article:publisher\" content=\"https:\/\/www.facebook.com\/canadamotorjobs\/\" \/>\n<meta property=\"article:published_time\" content=\"2023-08-05T12:19:33+00:00\" \/>\n<meta property=\"article:modified_time\" content=\"2023-08-05T12:28:54+00:00\" \/>\n<meta property=\"og:image\" content=\"https:\/\/news.canadamotorjobs.com\/wp-content\/uploads\/2023\/08\/646b565f4b295.image_.jpg\" \/>\n\t<meta property=\"og:image:width\" content=\"1200\" \/>\n\t<meta property=\"og:image:height\" content=\"800\" \/>\n\t<meta property=\"og:image:type\" content=\"image\/jpeg\" \/>\n<meta name=\"author\" content=\"Benoit Charette\" \/>\n<meta name=\"twitter:card\" content=\"summary_large_image\" \/>\n<meta name=\"twitter:creator\" content=\"@canadamotorjobs\" \/>\n<meta name=\"twitter:site\" content=\"@canadamotorjobs\" \/>\n<meta name=\"twitter:label1\" content=\"\u00c9crit par\" \/>\n\t<meta name=\"twitter:data1\" content=\"Benoit Charette\" \/>\n\t<meta name=\"twitter:label2\" content=\"Estimation du temps de lecture\" \/>\n\t<meta name=\"twitter:data2\" content=\"2 minutes\" \/>\n<!-- \/ Yoast SEO plugin. -->","yoast_head_json":{"title":"Transport Canada estime que 33 % des v\u00e9hicules sur nos routes font l\u2019objet de rappels en suspens. - CanadaMotorJobs.com","description":"Transport Canada estime que 33 % des v\u00e9hicules sur nos routes font l\u2019objet de rappels en suspens. - Benoit Charette - Annuel automobile - CanadaMotorJobs.com.","robots":{"index":"index","follow":"follow","max-snippet":"max-snippet:-1","max-image-preview":"max-image-preview:large","max-video-preview":"max-video-preview:-1"},"og_locale":"fr_CA","og_type":"article","og_title":"Transport Canada estime que 33 % des v\u00e9hicules sur nos routes font l\u2019objet de rappels en suspens. - CanadaMotorJobs.com","og_description":"Transport Canada estime que 33 % des v\u00e9hicules sur nos routes font l\u2019objet de rappels en suspens. - Benoit Charette - Annuel automobile - CanadaMotorJobs.com.","og_url":"https:\/\/news.canadamotorjobs.com\/fr\/transport-canada-estime-que-33-des-vehicules-sur-nos-routes-font-lobjet-de-rappels-en-suspens\/","og_site_name":"CanadaMotorJobs.com","article_publisher":"https:\/\/www.facebook.com\/canadamotorjobs\/","article_published_time":"2023-08-05T12:19:33+00:00","article_modified_time":"2023-08-05T12:28:54+00:00","og_image":[{"width":1200,"height":800,"url":"https:\/\/news.canadamotorjobs.com\/wp-content\/uploads\/2023\/08\/646b565f4b295.image_.jpg","type":"image\/jpeg"}],"author":"Benoit Charette","twitter_card":"summary_large_image","twitter_creator":"@canadamotorjobs","twitter_site":"@canadamotorjobs","twitter_misc":{"\u00c9crit par":"Benoit Charette","Estimation du temps de lecture":"2 minutes"},"schema":{"@context":"https:\/\/schema.org","@graph":[{"@type":"Article","@id":"https:\/\/news.canadamotorjobs.com\/fr\/transport-canada-estime-que-33-des-vehicules-sur-nos-routes-font-lobjet-de-rappels-en-suspens\/#article","isPartOf":{"@id":"https:\/\/news.canadamotorjobs.com\/fr\/transport-canada-estime-que-33-des-vehicules-sur-nos-routes-font-lobjet-de-rappels-en-suspens\/"},"author":{"name":"Benoit Charette","@id":"https:\/\/news.canadamotorjobs.com\/#\/schema\/person\/51793d1f87d44011d7bcc2ed99269a90"},"headline":"Transport Canada estime que 33 % des v\u00e9hicules sur nos routes font l\u2019objet de rappels en suspens.","datePublished":"2023-08-05T12:19:33+00:00","dateModified":"2023-08-05T12:28:54+00:00","mainEntityOfPage":{"@id":"https:\/\/news.canadamotorjobs.com\/fr\/transport-canada-estime-que-33-des-vehicules-sur-nos-routes-font-lobjet-de-rappels-en-suspens\/"},"wordCount":436,"publisher":{"@id":"https:\/\/news.canadamotorjobs.com\/#organization"},"image":{"@id":"https:\/\/news.canadamotorjobs.com\/fr\/transport-canada-estime-que-33-des-vehicules-sur-nos-routes-font-lobjet-de-rappels-en-suspens\/#primaryimage"},"thumbnailUrl":"https:\/\/news.canadamotorjobs.com\/wp-content\/uploads\/2023\/08\/646b565f4b295.image_.jpg","articleSection":["Annuel automobile"],"inLanguage":"fr-CA"},{"@type":"WebPage","@id":"https:\/\/news.canadamotorjobs.com\/fr\/transport-canada-estime-que-33-des-vehicules-sur-nos-routes-font-lobjet-de-rappels-en-suspens\/","url":"https:\/\/news.canadamotorjobs.com\/fr\/transport-canada-estime-que-33-des-vehicules-sur-nos-routes-font-lobjet-de-rappels-en-suspens\/","name":"Transport Canada estime que 33 % des v\u00e9hicules sur nos routes font l\u2019objet de rappels en suspens. - CanadaMotorJobs.com","isPartOf":{"@id":"https:\/\/news.canadamotorjobs.com\/#website"},"primaryImageOfPage":{"@id":"https:\/\/news.canadamotorjobs.com\/fr\/transport-canada-estime-que-33-des-vehicules-sur-nos-routes-font-lobjet-de-rappels-en-suspens\/#primaryimage"},"image":{"@id":"https:\/\/news.canadamotorjobs.com\/fr\/transport-canada-estime-que-33-des-vehicules-sur-nos-routes-font-lobjet-de-rappels-en-suspens\/#primaryimage"},"thumbnailUrl":"https:\/\/news.canadamotorjobs.com\/wp-content\/uploads\/2023\/08\/646b565f4b295.image_.jpg","datePublished":"2023-08-05T12:19:33+00:00","dateModified":"2023-08-05T12:28:54+00:00","description":"Transport Canada estime que 33 % des v\u00e9hicules sur nos routes font l\u2019objet de rappels en suspens. - Benoit Charette - Annuel automobile - CanadaMotorJobs.com.","breadcrumb":{"@id":"https:\/\/news.canadamotorjobs.com\/fr\/transport-canada-estime-que-33-des-vehicules-sur-nos-routes-font-lobjet-de-rappels-en-suspens\/#breadcrumb"},"inLanguage":"fr-CA","potentialAction":[{"@type":"ReadAction","target":["https:\/\/news.canadamotorjobs.com\/fr\/transport-canada-estime-que-33-des-vehicules-sur-nos-routes-font-lobjet-de-rappels-en-suspens\/"]}]},{"@type":"ImageObject","inLanguage":"fr-CA","@id":"https:\/\/news.canadamotorjobs.com\/fr\/transport-canada-estime-que-33-des-vehicules-sur-nos-routes-font-lobjet-de-rappels-en-suspens\/#primaryimage","url":"https:\/\/news.canadamotorjobs.com\/wp-content\/uploads\/2023\/08\/646b565f4b295.image_.jpg","contentUrl":"https:\/\/news.canadamotorjobs.com\/wp-content\/uploads\/2023\/08\/646b565f4b295.image_.jpg","width":1200,"height":800},{"@type":"BreadcrumbList","@id":"https:\/\/news.canadamotorjobs.com\/fr\/transport-canada-estime-que-33-des-vehicules-sur-nos-routes-font-lobjet-de-rappels-en-suspens\/#breadcrumb","itemListElement":[{"@type":"ListItem","position":1,"name":"Home","item":"https:\/\/news.canadamotorjobs.com\/fr\/blog\/"},{"@type":"ListItem","position":2,"name":"Transport Canada estime que 33 % des v\u00e9hicules sur nos routes font l\u2019objet de rappels en suspens."}]},{"@type":"WebSite","@id":"https:\/\/news.canadamotorjobs.com\/#website","url":"https:\/\/news.canadamotorjobs.com\/","name":"CanadaMotorJobs.com","description":"Automotive Jobs","publisher":{"@id":"https:\/\/news.canadamotorjobs.com\/#organization"},"potentialAction":[{"@type":"SearchAction","target":{"@type":"EntryPoint","urlTemplate":"https:\/\/news.canadamotorjobs.com\/?s={search_term_string}"},"query-input":"required name=search_term_string"}],"inLanguage":"fr-CA"},{"@type":"Organization","@id":"https:\/\/news.canadamotorjobs.com\/#organization","name":"Canada Motor Jobs","url":"https:\/\/news.canadamotorjobs.com\/","logo":{"@type":"ImageObject","inLanguage":"fr-CA","@id":"https:\/\/news.canadamotorjobs.com\/#\/schema\/logo\/image\/","url":"https:\/\/news.canadamotorjobs.com\/wp-content\/uploads\/2022\/10\/logo-canada-motor-jobs-1.png","contentUrl":"https:\/\/news.canadamotorjobs.com\/wp-content\/uploads\/2022\/10\/logo-canada-motor-jobs-1.png","width":800,"height":400,"caption":"Canada Motor Jobs"},"image":{"@id":"https:\/\/news.canadamotorjobs.com\/#\/schema\/logo\/image\/"},"sameAs":["https:\/\/www.facebook.com\/canadamotorjobs\/","https:\/\/x.com\/canadamotorjobs","https:\/\/www.instagram.com\/canadamotorjobs\/","https:\/\/www.linkedin.com\/company\/canadamotorjobs"]},{"@type":"Person","@id":"https:\/\/news.canadamotorjobs.com\/#\/schema\/person\/51793d1f87d44011d7bcc2ed99269a90","name":"Benoit Charette","image":{"@type":"ImageObject","inLanguage":"fr-CA","@id":"https:\/\/news.canadamotorjobs.com\/#\/schema\/person\/image\/","url":"https:\/\/secure.gravatar.com\/avatar\/45f3d2eebcccd909668d7ce7ea7267b6?s=96&d=mm&r=g","contentUrl":"https:\/\/secure.gravatar.com\/avatar\/45f3d2eebcccd909668d7ce7ea7267b6?s=96&d=mm&r=g","caption":"Benoit Charette"},"description":"Benoit Charette \/ Propri\u00e9taire et r\u00e9dacteur en chef Benoit Charette pratique le journalisme automobile depuis bient\u00f4t 30 ans. Il a fait ses classes au c\u00f4t\u00e9 de Daniel H\u00e9raud et au Carnet de route de 1992 \u00e0 2001. Il est fondateur, copropri\u00e9taire et r\u00e9dacteur en chef de L\u2019Annuel de l\u2019automobile, qu\u2019il publie depuis 2001. Il a anim\u00e9 les \u00e9missions RPM et RPM+ sur V et les L\u00e9gendes de la route sur Historia. \u00c0 la radio depuis 1986, il reprend l\u2019antenne cette ann\u00e9e sur les ondes de Cogeco et participe pour la deuxi\u00e8me ann\u00e9e \u00e0 l\u2019\u00e9mission Passion Auto sur RDS en plus de mettre en ligne le site Web officiel de L\u2019Annuel de l\u2019automobile sur annuelauto.ca.","sameAs":["https:\/\/annuelauto.ca\/"],"url":"https:\/\/news.canadamotorjobs.com\/fr\/author\/benoit-charette\/"}]}},"_links":{"self":[{"href":"https:\/\/news.canadamotorjobs.com\/fr\/wp-json\/wp\/v2\/posts\/149353"}],"collection":[{"href":"https:\/\/news.canadamotorjobs.com\/fr\/wp-json\/wp\/v2\/posts"}],"about":[{"href":"https:\/\/news.canadamotorjobs.com\/fr\/wp-json\/wp\/v2\/types\/post"}],"author":[{"embeddable":true,"href":"https:\/\/news.canadamotorjobs.com\/fr\/wp-json\/wp\/v2\/users\/8"}],"replies":[{"embeddable":true,"href":"https:\/\/news.canadamotorjobs.com\/fr\/wp-json\/wp\/v2\/comments?post=149353"}],"version-history":[{"count":2,"href":"https:\/\/news.canadamotorjobs.com\/fr\/wp-json\/wp\/v2\/posts\/149353\/revisions"}],"predecessor-version":[{"id":149357,"href":"https:\/\/news.canadamotorjobs.com\/fr\/wp-json\/wp\/v2\/posts\/149353\/revisions\/149357"}],"wp:featuredmedia":[{"embeddable":true,"href":"https:\/\/news.canadamotorjobs.com\/fr\/wp-json\/wp\/v2\/media\/149355"}],"wp:attachment":[{"href":"https:\/\/news.canadamotorjobs.com\/fr\/wp-json\/wp\/v2\/media?parent=149353"}],"wp:term":[{"taxonomy":"category","embeddable":true,"href":"https:\/\/news.canadamotorjobs.com\/fr\/wp-json\/wp\/v2\/categories?post=149353"},{"taxonomy":"post_tag","embeddable":true,"href":"https:\/\/news.canadamotorjobs.com\/fr\/wp-json\/wp\/v2\/tags?post=149353"}],"curies":[{"name":"wp","href":"https:\/\/api.w.org\/{rel}","templated":true}]}}