{"id":149326,"date":"2023-08-04T09:16:04","date_gmt":"2023-08-04T13:16:04","guid":{"rendered":"https:\/\/news.canadamotorjobs.com\/?p=149326"},"modified":"2023-08-04T09:30:19","modified_gmt":"2023-08-04T13:30:19","slug":"mercedes-amg-considere-le-retour-du-moteur-v8-pour-les-modeles-amg-de-classe-c-et-e","status":"publish","type":"post","link":"https:\/\/news.canadamotorjobs.com\/fr\/mercedes-amg-considere-le-retour-du-moteur-v8-pour-les-modeles-amg-de-classe-c-et-e\/","title":{"rendered":"Mercedes-AMG consid\u00e8re le retour du moteur V8 pour les mod\u00e8les AMG de Classe C et E"},"content":{"rendered":"<\/p>\n<h3>Le V8 biturbo de 4,0 litres pourrait \u00eatre associ\u00e9 \u00e0 un syst\u00e8me hybride, comme dans les mod\u00e8les AMG GT63 S E Performance et AMG S63.<\/h3>\n<p><\/p>\n<h3>Ces mod\u00e8les V8 pourraient \u00eatre disponibles d\u00e8s 2026, selon des sources.<\/h3>\n<p><\/p>\n<h3>La solution actuelle ne semble pas la bonne<\/h3>\n<p>\nLa Classe C la plus puissante, la C63, a \u00e9chang\u00e9 son V8 contre un moteur turbo hybride \u00e0 quatre cylindres, et la prochaine Classe E haut de gamme, la prochaine E63, se contentera d&#8217;un moteur six cylindres en ligne hybride enfichable. Certains estiment que cela ne suffit pas pour rivaliser avec la BMW M3, qui dispose d&#8217;un six cylindres en ligne biturbo, et la future BMW M5, qui devrait avoir un syst\u00e8me hybride avec un V8 biturbo. Les futures Audi RS5 et RS7 seront \u00e9galement propuls\u00e9es par un V6 hybride pouvant produire jusqu&#8217;\u00e0 640 chevaux.<\/p>\n<h3>Ramener la grosse cavalerie<\/h3>\n<p>\nLa seule issue \u00e0 ce dilemme serait le retour du moteur V8 M177 de 4,0 litres, qui fera son retour dans les mod\u00e8les C et E en 2026, selon deux sources ind\u00e9pendantes. Le V8 est actuellement en cours de modification pour r\u00e9pondre aux normes d&#8217;\u00e9missions Euro 7 et respecte d\u00e9j\u00e0 les normes nord-am\u00e9ricaine. Ce moteur est actuellement utilis\u00e9 dans l&#8217;AMG GT63 S E Performance de 831 chevaux et l&#8217;AMG S63 de 791 chevaux, et il est associ\u00e9 \u00e0 un syst\u00e8me hybride dans ces deux applications.<\/p>\n<h3>Difficile de battre l\u2019\u00e9motion li\u00e9 \u00e0 un V8<\/h3>\n<p>\nSelon des ing\u00e9nieurs principaux impliqu\u00e9s directement dans le processus, les mod\u00e8les C et E n&#8217;auront besoin que de l\u00e9g\u00e8res modifications de carrosserie pour accueillir le moteur biturbo, la batterie PHEV avec le moteur \u00e9lectrique et l&#8217;\u00e9quipement auxiliaire. \u00c9tant donn\u00e9 que la Classe C et la Classe E sont en cours d&#8217;\u00e9valuation pour une prolongation de leur cycle de vie au-del\u00e0 de 2028, les versions AMG les plus puissantes pourraient rester en production jusqu&#8217;\u00e0 la prochaine d\u00e9cennie.<\/p>\n<p>\u00a0<\/p>\n<p>Avec des renseignements de Car and Driver<\/p>\n<p>\u00a0<\/p>\n<p>Le texte <a rel=\"nofollow\" href=\"https:\/\/annuelauto.ca\/mercedes-amg-considere-le-retour-du-moteur-v8-pour-les-modeles-amg\/\">Mercedes-AMG consid\u00e8re le retour du moteur V8 pour les mod\u00e8les AMG de Classe C et E<\/a> provient de <a rel=\"nofollow\" href=\"https:\/\/annuelauto.ca\">L&#8217;annuel de l&#8217;automobile &#8211; Actualit\u00e9 automobile<\/a><\/p>\n<p><\/p>\n","protected":false},"excerpt":{"rendered":"<p>Le V8 biturbo de 4,0 litres pourrait \u00eatre associ\u00e9 \u00e0 un syst\u00e8me hybride, comme dans les mod\u00e8les AMG GT63 S E Performance et AMG S63. Ces mod\u00e8les V8 pourraient \u00eatre disponibles d\u00e8s 2026, selon des sources. La solution actuelle ne semble pas la bonne La Classe C la plus puissante, la C63, a \u00e9chang\u00e9 son [&hellip;]<\/p>\n","protected":false},"author":8,"featured_media":149328,"comment_status":"close","ping_status":"closed","sticky":false,"template":"","format":"standard","meta":{"_monsterinsights_skip_tracking":false,"_monsterinsights_sitenote_active":false,"_monsterinsights_sitenote_note":"","_monsterinsights_sitenote_category":0,"footnotes":""},"categories":[101],"tags":[],"yoast_head":"<!-- This site is optimized with the Yoast SEO plugin v23.2 - https:\/\/yoast.com\/wordpress\/plugins\/seo\/ -->\n<title>Mercedes-AMG consid\u00e8re le retour du moteur V8 pour les mod\u00e8les AMG de Classe C et E - CanadaMotorJobs.com<\/title>\n<meta name=\"description\" content=\"Mercedes-AMG consid\u00e8re le retour du moteur V8 pour les mod\u00e8les AMG de Classe C et E - Benoit Charette - Annuel automobile - CanadaMotorJobs.com.\" \/>\n<meta name=\"robots\" content=\"index, follow, max-snippet:-1, max-image-preview:large, max-video-preview:-1\" \/>\n<meta property=\"og:locale\" content=\"fr_CA\" \/>\n<meta property=\"og:type\" content=\"article\" \/>\n<meta property=\"og:title\" content=\"Mercedes-AMG consid\u00e8re le retour du moteur V8 pour les mod\u00e8les AMG de Classe C et E - CanadaMotorJobs.com\" \/>\n<meta property=\"og:description\" content=\"Mercedes-AMG consid\u00e8re le retour du moteur V8 pour les mod\u00e8les AMG de Classe C et E - Benoit Charette - Annuel automobile - CanadaMotorJobs.com.\" \/>\n<meta property=\"og:url\" content=\"https:\/\/news.canadamotorjobs.com\/fr\/mercedes-amg-considere-le-retour-du-moteur-v8-pour-les-modeles-amg-de-classe-c-et-e\/\" \/>\n<meta property=\"og:site_name\" content=\"CanadaMotorJobs.com\" \/>\n<meta property=\"article:publisher\" content=\"https:\/\/www.facebook.com\/canadamotorjobs\/\" \/>\n<meta property=\"article:published_time\" content=\"2023-08-04T13:16:04+00:00\" \/>\n<meta property=\"article:modified_time\" content=\"2023-08-04T13:30:19+00:00\" \/>\n<meta property=\"og:image\" content=\"https:\/\/news.canadamotorjobs.com\/wp-content\/uploads\/2023\/08\/20c0543-020-1601063307.jpg\" \/>\n\t<meta property=\"og:image:width\" content=\"2000\" \/>\n\t<meta property=\"og:image:height\" content=\"1333\" \/>\n\t<meta property=\"og:image:type\" content=\"image\/jpeg\" \/>\n<meta name=\"author\" content=\"Benoit Charette\" \/>\n<meta name=\"twitter:card\" content=\"summary_large_image\" \/>\n<meta name=\"twitter:creator\" content=\"@canadamotorjobs\" \/>\n<meta name=\"twitter:site\" content=\"@canadamotorjobs\" \/>\n<meta name=\"twitter:label1\" content=\"\u00c9crit par\" \/>\n\t<meta name=\"twitter:data1\" content=\"Benoit Charette\" \/>\n\t<meta name=\"twitter:label2\" content=\"Estimation du temps de lecture\" \/>\n\t<meta name=\"twitter:data2\" content=\"2 minutes\" \/>\n<!-- \/ Yoast SEO plugin. -->","yoast_head_json":{"title":"Mercedes-AMG consid\u00e8re le retour du moteur V8 pour les mod\u00e8les AMG de Classe C et E - CanadaMotorJobs.com","description":"Mercedes-AMG consid\u00e8re le retour du moteur V8 pour les mod\u00e8les AMG de Classe C et E - Benoit Charette - Annuel automobile - CanadaMotorJobs.com.","robots":{"index":"index","follow":"follow","max-snippet":"max-snippet:-1","max-image-preview":"max-image-preview:large","max-video-preview":"max-video-preview:-1"},"og_locale":"fr_CA","og_type":"article","og_title":"Mercedes-AMG consid\u00e8re le retour du moteur V8 pour les mod\u00e8les AMG de Classe C et E - CanadaMotorJobs.com","og_description":"Mercedes-AMG consid\u00e8re le retour du moteur V8 pour les mod\u00e8les AMG de Classe C et E - Benoit Charette - Annuel automobile - CanadaMotorJobs.com.","og_url":"https:\/\/news.canadamotorjobs.com\/fr\/mercedes-amg-considere-le-retour-du-moteur-v8-pour-les-modeles-amg-de-classe-c-et-e\/","og_site_name":"CanadaMotorJobs.com","article_publisher":"https:\/\/www.facebook.com\/canadamotorjobs\/","article_published_time":"2023-08-04T13:16:04+00:00","article_modified_time":"2023-08-04T13:30:19+00:00","og_image":[{"width":2000,"height":1333,"url":"https:\/\/news.canadamotorjobs.com\/wp-content\/uploads\/2023\/08\/20c0543-020-1601063307.jpg","type":"image\/jpeg"}],"author":"Benoit Charette","twitter_card":"summary_large_image","twitter_creator":"@canadamotorjobs","twitter_site":"@canadamotorjobs","twitter_misc":{"\u00c9crit par":"Benoit Charette","Estimation du temps de lecture":"2 minutes"},"schema":{"@context":"https:\/\/schema.org","@graph":[{"@type":"Article","@id":"https:\/\/news.canadamotorjobs.com\/fr\/mercedes-amg-considere-le-retour-du-moteur-v8-pour-les-modeles-amg-de-classe-c-et-e\/#article","isPartOf":{"@id":"https:\/\/news.canadamotorjobs.com\/fr\/mercedes-amg-considere-le-retour-du-moteur-v8-pour-les-modeles-amg-de-classe-c-et-e\/"},"author":{"name":"Benoit Charette","@id":"https:\/\/news.canadamotorjobs.com\/#\/schema\/person\/51793d1f87d44011d7bcc2ed99269a90"},"headline":"Mercedes-AMG consid\u00e8re le retour du moteur V8 pour les mod\u00e8les AMG de Classe C et E","datePublished":"2023-08-04T13:16:04+00:00","dateModified":"2023-08-04T13:30:19+00:00","mainEntityOfPage":{"@id":"https:\/\/news.canadamotorjobs.com\/fr\/mercedes-amg-considere-le-retour-du-moteur-v8-pour-les-modeles-amg-de-classe-c-et-e\/"},"wordCount":380,"publisher":{"@id":"https:\/\/news.canadamotorjobs.com\/#organization"},"image":{"@id":"https:\/\/news.canadamotorjobs.com\/fr\/mercedes-amg-considere-le-retour-du-moteur-v8-pour-les-modeles-amg-de-classe-c-et-e\/#primaryimage"},"thumbnailUrl":"https:\/\/news.canadamotorjobs.com\/wp-content\/uploads\/2023\/08\/20c0543-020-1601063307.jpg","articleSection":["Annuel automobile"],"inLanguage":"fr-CA"},{"@type":"WebPage","@id":"https:\/\/news.canadamotorjobs.com\/fr\/mercedes-amg-considere-le-retour-du-moteur-v8-pour-les-modeles-amg-de-classe-c-et-e\/","url":"https:\/\/news.canadamotorjobs.com\/fr\/mercedes-amg-considere-le-retour-du-moteur-v8-pour-les-modeles-amg-de-classe-c-et-e\/","name":"Mercedes-AMG consid\u00e8re le retour du moteur V8 pour les mod\u00e8les AMG de Classe C et E - CanadaMotorJobs.com","isPartOf":{"@id":"https:\/\/news.canadamotorjobs.com\/#website"},"primaryImageOfPage":{"@id":"https:\/\/news.canadamotorjobs.com\/fr\/mercedes-amg-considere-le-retour-du-moteur-v8-pour-les-modeles-amg-de-classe-c-et-e\/#primaryimage"},"image":{"@id":"https:\/\/news.canadamotorjobs.com\/fr\/mercedes-amg-considere-le-retour-du-moteur-v8-pour-les-modeles-amg-de-classe-c-et-e\/#primaryimage"},"thumbnailUrl":"https:\/\/news.canadamotorjobs.com\/wp-content\/uploads\/2023\/08\/20c0543-020-1601063307.jpg","datePublished":"2023-08-04T13:16:04+00:00","dateModified":"2023-08-04T13:30:19+00:00","description":"Mercedes-AMG consid\u00e8re le retour du moteur V8 pour les mod\u00e8les AMG de Classe C et E - Benoit Charette - Annuel automobile - CanadaMotorJobs.com.","breadcrumb":{"@id":"https:\/\/news.canadamotorjobs.com\/fr\/mercedes-amg-considere-le-retour-du-moteur-v8-pour-les-modeles-amg-de-classe-c-et-e\/#breadcrumb"},"inLanguage":"fr-CA","potentialAction":[{"@type":"ReadAction","target":["https:\/\/news.canadamotorjobs.com\/fr\/mercedes-amg-considere-le-retour-du-moteur-v8-pour-les-modeles-amg-de-classe-c-et-e\/"]}]},{"@type":"ImageObject","inLanguage":"fr-CA","@id":"https:\/\/news.canadamotorjobs.com\/fr\/mercedes-amg-considere-le-retour-du-moteur-v8-pour-les-modeles-amg-de-classe-c-et-e\/#primaryimage","url":"https:\/\/news.canadamotorjobs.com\/wp-content\/uploads\/2023\/08\/20c0543-020-1601063307.jpg","contentUrl":"https:\/\/news.canadamotorjobs.com\/wp-content\/uploads\/2023\/08\/20c0543-020-1601063307.jpg","width":2000,"height":1333},{"@type":"BreadcrumbList","@id":"https:\/\/news.canadamotorjobs.com\/fr\/mercedes-amg-considere-le-retour-du-moteur-v8-pour-les-modeles-amg-de-classe-c-et-e\/#breadcrumb","itemListElement":[{"@type":"ListItem","position":1,"name":"Home","item":"https:\/\/news.canadamotorjobs.com\/fr\/blog\/"},{"@type":"ListItem","position":2,"name":"Mercedes-AMG consid\u00e8re le retour du moteur V8 pour les mod\u00e8les AMG de Classe C et E"}]},{"@type":"WebSite","@id":"https:\/\/news.canadamotorjobs.com\/#website","url":"https:\/\/news.canadamotorjobs.com\/","name":"CanadaMotorJobs.com","description":"Automotive Jobs","publisher":{"@id":"https:\/\/news.canadamotorjobs.com\/#organization"},"potentialAction":[{"@type":"SearchAction","target":{"@type":"EntryPoint","urlTemplate":"https:\/\/news.canadamotorjobs.com\/?s={search_term_string}"},"query-input":"required name=search_term_string"}],"inLanguage":"fr-CA"},{"@type":"Organization","@id":"https:\/\/news.canadamotorjobs.com\/#organization","name":"Canada Motor Jobs","url":"https:\/\/news.canadamotorjobs.com\/","logo":{"@type":"ImageObject","inLanguage":"fr-CA","@id":"https:\/\/news.canadamotorjobs.com\/#\/schema\/logo\/image\/","url":"https:\/\/news.canadamotorjobs.com\/wp-content\/uploads\/2022\/10\/logo-canada-motor-jobs-1.png","contentUrl":"https:\/\/news.canadamotorjobs.com\/wp-content\/uploads\/2022\/10\/logo-canada-motor-jobs-1.png","width":800,"height":400,"caption":"Canada Motor Jobs"},"image":{"@id":"https:\/\/news.canadamotorjobs.com\/#\/schema\/logo\/image\/"},"sameAs":["https:\/\/www.facebook.com\/canadamotorjobs\/","https:\/\/x.com\/canadamotorjobs","https:\/\/www.instagram.com\/canadamotorjobs\/","https:\/\/www.linkedin.com\/company\/canadamotorjobs"]},{"@type":"Person","@id":"https:\/\/news.canadamotorjobs.com\/#\/schema\/person\/51793d1f87d44011d7bcc2ed99269a90","name":"Benoit Charette","image":{"@type":"ImageObject","inLanguage":"fr-CA","@id":"https:\/\/news.canadamotorjobs.com\/#\/schema\/person\/image\/","url":"https:\/\/secure.gravatar.com\/avatar\/45f3d2eebcccd909668d7ce7ea7267b6?s=96&d=mm&r=g","contentUrl":"https:\/\/secure.gravatar.com\/avatar\/45f3d2eebcccd909668d7ce7ea7267b6?s=96&d=mm&r=g","caption":"Benoit Charette"},"description":"Benoit Charette \/ Propri\u00e9taire et r\u00e9dacteur en chef Benoit Charette pratique le journalisme automobile depuis bient\u00f4t 30 ans. Il a fait ses classes au c\u00f4t\u00e9 de Daniel H\u00e9raud et au Carnet de route de 1992 \u00e0 2001. Il est fondateur, copropri\u00e9taire et r\u00e9dacteur en chef de L\u2019Annuel de l\u2019automobile, qu\u2019il publie depuis 2001. Il a anim\u00e9 les \u00e9missions RPM et RPM+ sur V et les L\u00e9gendes de la route sur Historia. \u00c0 la radio depuis 1986, il reprend l\u2019antenne cette ann\u00e9e sur les ondes de Cogeco et participe pour la deuxi\u00e8me ann\u00e9e \u00e0 l\u2019\u00e9mission Passion Auto sur RDS en plus de mettre en ligne le site Web officiel de L\u2019Annuel de l\u2019automobile sur annuelauto.ca.","sameAs":["https:\/\/annuelauto.ca\/"],"url":"https:\/\/news.canadamotorjobs.com\/fr\/author\/benoit-charette\/"}]}},"_links":{"self":[{"href":"https:\/\/news.canadamotorjobs.com\/fr\/wp-json\/wp\/v2\/posts\/149326"}],"collection":[{"href":"https:\/\/news.canadamotorjobs.com\/fr\/wp-json\/wp\/v2\/posts"}],"about":[{"href":"https:\/\/news.canadamotorjobs.com\/fr\/wp-json\/wp\/v2\/types\/post"}],"author":[{"embeddable":true,"href":"https:\/\/news.canadamotorjobs.com\/fr\/wp-json\/wp\/v2\/users\/8"}],"replies":[{"embeddable":true,"href":"https:\/\/news.canadamotorjobs.com\/fr\/wp-json\/wp\/v2\/comments?post=149326"}],"version-history":[{"count":2,"href":"https:\/\/news.canadamotorjobs.com\/fr\/wp-json\/wp\/v2\/posts\/149326\/revisions"}],"predecessor-version":[{"id":149330,"href":"https:\/\/news.canadamotorjobs.com\/fr\/wp-json\/wp\/v2\/posts\/149326\/revisions\/149330"}],"wp:featuredmedia":[{"embeddable":true,"href":"https:\/\/news.canadamotorjobs.com\/fr\/wp-json\/wp\/v2\/media\/149328"}],"wp:attachment":[{"href":"https:\/\/news.canadamotorjobs.com\/fr\/wp-json\/wp\/v2\/media?parent=149326"}],"wp:term":[{"taxonomy":"category","embeddable":true,"href":"https:\/\/news.canadamotorjobs.com\/fr\/wp-json\/wp\/v2\/categories?post=149326"},{"taxonomy":"post_tag","embeddable":true,"href":"https:\/\/news.canadamotorjobs.com\/fr\/wp-json\/wp\/v2\/tags?post=149326"}],"curies":[{"name":"wp","href":"https:\/\/api.w.org\/{rel}","templated":true}]}}