{"id":149272,"date":"2023-08-03T08:54:00","date_gmt":"2023-08-03T12:54:00","guid":{"rendered":"https:\/\/news.canadamotorjobs.com\/?p=149272"},"modified":"2023-08-03T08:59:24","modified_gmt":"2023-08-03T12:59:24","slug":"porsche-prepare-un-macan-electrique-de-603-chevaux-avec-une-batterie-de-100-kwh","status":"publish","type":"post","link":"https:\/\/news.canadamotorjobs.com\/fr\/porsche-prepare-un-macan-electrique-de-603-chevaux-avec-une-batterie-de-100-kwh\/","title":{"rendered":"Porsche pr\u00e9pare un Macan \u00e9lectrique de 603 chevaux avec une batterie de 100 kWh"},"content":{"rendered":"<\/p>\n<p>Le futur Porsche Macan EV, la premi\u00e8re incursion critique de la marque allemande dans le segment des VUS \u00e9lectriques, a \u00e9t\u00e9 rep\u00e9r\u00e9 sans camouflage sur les routes d\u2019Allemagne. Il sera vendu \u00e0 l\u2019an prochain c\u00f4te \u00e0 c\u00f4te avec le mod\u00e8le \u00e0 essence avant de prendre seul la rel\u00e8ve.<\/p>\n<h3>Un style un peu diff\u00e9rent pour le mod\u00e8le \u00e9lectrique<\/h3>\n<p>\nLes changements cl\u00e9s ont conduit \u00e0 une face plus angulaire, rempla\u00e7ant le design plus carr\u00e9 du Macan actuel. Cela donne \u00e9galement aux phares une forme plus nette, plus en ligne avec ceux du plus grand Porsche Cayenne, et les barres lumineuses de jour \u00e0 l&#8217;avant ont \u00e9t\u00e9 remplac\u00e9es par deux ensembles de feux circulaires jumeaux. Une relation \u00e9troite avec le Cayenne est \u00e9galement apparente \u00e0 l&#8217;arri\u00e8re, o\u00f9 le Macan EV troque le design auparavant arrondi pour une forme plus angulaire.<\/p>\n<h3>Audi aura le Q6 bas\u00e9 sur la m\u00eame plateforme PPE<\/h3>\n<p>\nLes livraisons du Macan EV, qui partagera son architecture PPE avec l&#8217;Audi Q6 E-tron de taille similaire, sont pr\u00e9vues pour 2024. \u00c0 l&#8217;origine, il \u00e9tait pr\u00e9vu pour cette ann\u00e9e, mais a \u00e9t\u00e9 retard\u00e9 en raison de difficult\u00e9s de d\u00e9veloppement chez Cariad, la division logicielle du groupe Volkswagen.<\/p>\n<h3>Une paire de moteurs \u00e9lectriques<\/h3>\n<p>\nLe Macan sera \u00e9quip\u00e9 d&#8217;une paire de moteurs \u00e9lectriques similaires \u00e0 ceux utilis\u00e9s dans la Porsche Taycan. Cependant, ceux-ci ont \u00e9t\u00e9 largement retravaill\u00e9s pour augmenter la densit\u00e9 de puissance et l&#8217;efficacit\u00e9, avec un nouvel agencement de magn\u00e9tisme en double V et un passage d&#8217;un semi-conducteur en silicium \u00e0 un semi-conducteur en carbure de silicium. Ce dernier r\u00e9duit les pertes de commutation &#8211; autrement dit, les fuites de puissance &#8211; dans les onduleurs du moteur. Ces am\u00e9liorations permettent d&#8217;atteindre des puissances allant jusqu&#8217;\u00e0 603 chevaux, avec plus de 738 lb-pi de couple, envoy\u00e9es aux quatre roues. La soci\u00e9t\u00e9 n&#8217;a pas pr\u00e9cis\u00e9 si une fonction &#8220;overboost&#8221; &#8211; telle que celle propos\u00e9e sur la Taycan Turbo S pour augmenter temporairement la puissance et le couple \u00e0 751 ch et 774 lb-pi &#8211; sera \u00e9galement disponible sur le Macan EV.<\/p>\n<h3>Priorit\u00e9 \u00e0 la conduite<\/h3>\n<p>\nLes versions les plus ch\u00e8res du Macan EV recevront \u00e9galement un diff\u00e9rentiel \u00e9lectronique \u00e0 blocage mont\u00e9 sur l&#8217;essieu arri\u00e8re, con\u00e7u pour am\u00e9liorer ses capacit\u00e9s de r\u00e9partition du couple avant-arri\u00e8re. Toutes les variantes recevront une batterie lithium-ion de 100 kWh. La soci\u00e9t\u00e9 n&#8217;a pas donn\u00e9 de pr\u00e9vision d&#8217;autonomie, mais une batterie optionnelle de 93 kWh donne \u00e0 la Taycan moins puissante une autonomie de 400 km par charge. L&#8217;architecture 800V de la plateforme PPE permet des taux de charge maximum d\u00e9passant 270 kW.<\/p>\n<h3>Apr\u00e8s le Macan<\/h3>\n<p>\nLe Macan EV est le prochain mod\u00e8le dans une s\u00e9rie d&#8217;\u00e9lectriques Porsche pr\u00e9vus au cours des prochaines ann\u00e9es, comprenant la 718 Boxster EV (2025), le Cayenne \u00e9lectrique (2025) et la Panamera EV (2026). Plus tard dans cette d\u00e9cennie, un nouveau SUV \u00e9lectrique, connu sous le nom de code K1 et pouvant accueillir sept passagers, fera son apparition. On pense que ce mod\u00e8le sera la voiture la plus ch\u00e8re de Porsche et repr\u00e9sentera une r\u00e9volution stylistique compl\u00e8te pour la marque.<\/p>\n<p>\u00a0<\/p>\n<p>Avec des renseignements d\u2019Autocar<\/p>\n<p>\u00a0<\/p>\n<p>Le texte <a rel=\"nofollow\" href=\"https:\/\/annuelauto.ca\/porsche-prepare-un-macan-electrique-de-603-chevaux-avec-une-batterie-de-100-kwh\/\">Porsche pr\u00e9pare un Macan \u00e9lectrique de 603 chevaux avec une batterie de 100 kWh<\/a> provient de <a rel=\"nofollow\" href=\"https:\/\/annuelauto.ca\">L&#8217;annuel de l&#8217;automobile &#8211; Actualit\u00e9 automobile<\/a><\/p>\n<p><\/p>\n","protected":false},"excerpt":{"rendered":"<p>Le futur Porsche Macan EV, la premi\u00e8re incursion critique de la marque allemande dans le segment des VUS \u00e9lectriques, a \u00e9t\u00e9 rep\u00e9r\u00e9 sans camouflage sur les routes d\u2019Allemagne. Il sera vendu \u00e0 l\u2019an prochain c\u00f4te \u00e0 c\u00f4te avec le mod\u00e8le \u00e0 essence avant de prendre seul la rel\u00e8ve. Un style un peu diff\u00e9rent pour le [&hellip;]<\/p>\n","protected":false},"author":8,"featured_media":149274,"comment_status":"close","ping_status":"closed","sticky":false,"template":"","format":"standard","meta":{"_monsterinsights_skip_tracking":false,"_monsterinsights_sitenote_active":false,"_monsterinsights_sitenote_note":"","_monsterinsights_sitenote_category":0,"footnotes":""},"categories":[101],"tags":[],"yoast_head":"<!-- This site is optimized with the Yoast SEO plugin v23.2 - https:\/\/yoast.com\/wordpress\/plugins\/seo\/ -->\n<title>Porsche pr\u00e9pare un Macan \u00e9lectrique de 603 chevaux avec une batterie de 100 kWh - CanadaMotorJobs.com<\/title>\n<meta name=\"description\" content=\"Porsche pr\u00e9pare un Macan \u00e9lectrique de 603 chevaux avec une batterie de 100 kWh - Benoit Charette - Annuel automobile - CanadaMotorJobs.com.\" \/>\n<meta name=\"robots\" content=\"index, follow, max-snippet:-1, max-image-preview:large, max-video-preview:-1\" \/>\n<meta property=\"og:locale\" content=\"fr_CA\" \/>\n<meta property=\"og:type\" content=\"article\" \/>\n<meta property=\"og:title\" content=\"Porsche pr\u00e9pare un Macan \u00e9lectrique de 603 chevaux avec une batterie de 100 kWh - CanadaMotorJobs.com\" \/>\n<meta property=\"og:description\" content=\"Porsche pr\u00e9pare un Macan \u00e9lectrique de 603 chevaux avec une batterie de 100 kWh - Benoit Charette - Annuel automobile - CanadaMotorJobs.com.\" \/>\n<meta property=\"og:url\" content=\"https:\/\/news.canadamotorjobs.com\/fr\/porsche-prepare-un-macan-electrique-de-603-chevaux-avec-une-batterie-de-100-kwh\/\" \/>\n<meta property=\"og:site_name\" content=\"CanadaMotorJobs.com\" \/>\n<meta property=\"article:publisher\" content=\"https:\/\/www.facebook.com\/canadamotorjobs\/\" \/>\n<meta property=\"article:published_time\" content=\"2023-08-03T12:54:00+00:00\" \/>\n<meta property=\"article:modified_time\" content=\"2023-08-03T12:59:24+00:00\" \/>\n<meta property=\"og:image\" content=\"https:\/\/news.canadamotorjobs.com\/wp-content\/uploads\/2023\/08\/porsche-e-macan-2022-copy-1551279313-scaled-1.jpg\" \/>\n\t<meta property=\"og:image:width\" content=\"2560\" \/>\n\t<meta property=\"og:image:height\" content=\"1564\" \/>\n\t<meta property=\"og:image:type\" content=\"image\/jpeg\" \/>\n<meta name=\"author\" content=\"Benoit Charette\" \/>\n<meta name=\"twitter:card\" content=\"summary_large_image\" \/>\n<meta name=\"twitter:creator\" content=\"@canadamotorjobs\" \/>\n<meta name=\"twitter:site\" content=\"@canadamotorjobs\" \/>\n<meta name=\"twitter:label1\" content=\"\u00c9crit par\" \/>\n\t<meta name=\"twitter:data1\" content=\"Benoit Charette\" \/>\n\t<meta name=\"twitter:label2\" content=\"Estimation du temps de lecture\" \/>\n\t<meta name=\"twitter:data2\" content=\"3 minutes\" \/>\n<!-- \/ Yoast SEO plugin. -->","yoast_head_json":{"title":"Porsche pr\u00e9pare un Macan \u00e9lectrique de 603 chevaux avec une batterie de 100 kWh - CanadaMotorJobs.com","description":"Porsche pr\u00e9pare un Macan \u00e9lectrique de 603 chevaux avec une batterie de 100 kWh - Benoit Charette - Annuel automobile - CanadaMotorJobs.com.","robots":{"index":"index","follow":"follow","max-snippet":"max-snippet:-1","max-image-preview":"max-image-preview:large","max-video-preview":"max-video-preview:-1"},"og_locale":"fr_CA","og_type":"article","og_title":"Porsche pr\u00e9pare un Macan \u00e9lectrique de 603 chevaux avec une batterie de 100 kWh - CanadaMotorJobs.com","og_description":"Porsche pr\u00e9pare un Macan \u00e9lectrique de 603 chevaux avec une batterie de 100 kWh - Benoit Charette - Annuel automobile - CanadaMotorJobs.com.","og_url":"https:\/\/news.canadamotorjobs.com\/fr\/porsche-prepare-un-macan-electrique-de-603-chevaux-avec-une-batterie-de-100-kwh\/","og_site_name":"CanadaMotorJobs.com","article_publisher":"https:\/\/www.facebook.com\/canadamotorjobs\/","article_published_time":"2023-08-03T12:54:00+00:00","article_modified_time":"2023-08-03T12:59:24+00:00","og_image":[{"width":2560,"height":1564,"url":"https:\/\/news.canadamotorjobs.com\/wp-content\/uploads\/2023\/08\/porsche-e-macan-2022-copy-1551279313-scaled-1.jpg","type":"image\/jpeg"}],"author":"Benoit Charette","twitter_card":"summary_large_image","twitter_creator":"@canadamotorjobs","twitter_site":"@canadamotorjobs","twitter_misc":{"\u00c9crit par":"Benoit Charette","Estimation du temps de lecture":"3 minutes"},"schema":{"@context":"https:\/\/schema.org","@graph":[{"@type":"Article","@id":"https:\/\/news.canadamotorjobs.com\/fr\/porsche-prepare-un-macan-electrique-de-603-chevaux-avec-une-batterie-de-100-kwh\/#article","isPartOf":{"@id":"https:\/\/news.canadamotorjobs.com\/fr\/porsche-prepare-un-macan-electrique-de-603-chevaux-avec-une-batterie-de-100-kwh\/"},"author":{"name":"Benoit Charette","@id":"https:\/\/news.canadamotorjobs.com\/#\/schema\/person\/51793d1f87d44011d7bcc2ed99269a90"},"headline":"Porsche pr\u00e9pare un Macan \u00e9lectrique de 603 chevaux avec une batterie de 100 kWh","datePublished":"2023-08-03T12:54:00+00:00","dateModified":"2023-08-03T12:59:24+00:00","mainEntityOfPage":{"@id":"https:\/\/news.canadamotorjobs.com\/fr\/porsche-prepare-un-macan-electrique-de-603-chevaux-avec-une-batterie-de-100-kwh\/"},"wordCount":585,"publisher":{"@id":"https:\/\/news.canadamotorjobs.com\/#organization"},"image":{"@id":"https:\/\/news.canadamotorjobs.com\/fr\/porsche-prepare-un-macan-electrique-de-603-chevaux-avec-une-batterie-de-100-kwh\/#primaryimage"},"thumbnailUrl":"https:\/\/news.canadamotorjobs.com\/wp-content\/uploads\/2023\/08\/porsche-e-macan-2022-copy-1551279313-scaled-1.jpg","articleSection":["Annuel automobile"],"inLanguage":"fr-CA"},{"@type":"WebPage","@id":"https:\/\/news.canadamotorjobs.com\/fr\/porsche-prepare-un-macan-electrique-de-603-chevaux-avec-une-batterie-de-100-kwh\/","url":"https:\/\/news.canadamotorjobs.com\/fr\/porsche-prepare-un-macan-electrique-de-603-chevaux-avec-une-batterie-de-100-kwh\/","name":"Porsche pr\u00e9pare un Macan \u00e9lectrique de 603 chevaux avec une batterie de 100 kWh - CanadaMotorJobs.com","isPartOf":{"@id":"https:\/\/news.canadamotorjobs.com\/#website"},"primaryImageOfPage":{"@id":"https:\/\/news.canadamotorjobs.com\/fr\/porsche-prepare-un-macan-electrique-de-603-chevaux-avec-une-batterie-de-100-kwh\/#primaryimage"},"image":{"@id":"https:\/\/news.canadamotorjobs.com\/fr\/porsche-prepare-un-macan-electrique-de-603-chevaux-avec-une-batterie-de-100-kwh\/#primaryimage"},"thumbnailUrl":"https:\/\/news.canadamotorjobs.com\/wp-content\/uploads\/2023\/08\/porsche-e-macan-2022-copy-1551279313-scaled-1.jpg","datePublished":"2023-08-03T12:54:00+00:00","dateModified":"2023-08-03T12:59:24+00:00","description":"Porsche pr\u00e9pare un Macan \u00e9lectrique de 603 chevaux avec une batterie de 100 kWh - Benoit Charette - Annuel automobile - CanadaMotorJobs.com.","breadcrumb":{"@id":"https:\/\/news.canadamotorjobs.com\/fr\/porsche-prepare-un-macan-electrique-de-603-chevaux-avec-une-batterie-de-100-kwh\/#breadcrumb"},"inLanguage":"fr-CA","potentialAction":[{"@type":"ReadAction","target":["https:\/\/news.canadamotorjobs.com\/fr\/porsche-prepare-un-macan-electrique-de-603-chevaux-avec-une-batterie-de-100-kwh\/"]}]},{"@type":"ImageObject","inLanguage":"fr-CA","@id":"https:\/\/news.canadamotorjobs.com\/fr\/porsche-prepare-un-macan-electrique-de-603-chevaux-avec-une-batterie-de-100-kwh\/#primaryimage","url":"https:\/\/news.canadamotorjobs.com\/wp-content\/uploads\/2023\/08\/porsche-e-macan-2022-copy-1551279313-scaled-1.jpg","contentUrl":"https:\/\/news.canadamotorjobs.com\/wp-content\/uploads\/2023\/08\/porsche-e-macan-2022-copy-1551279313-scaled-1.jpg","width":2560,"height":1564},{"@type":"BreadcrumbList","@id":"https:\/\/news.canadamotorjobs.com\/fr\/porsche-prepare-un-macan-electrique-de-603-chevaux-avec-une-batterie-de-100-kwh\/#breadcrumb","itemListElement":[{"@type":"ListItem","position":1,"name":"Home","item":"https:\/\/news.canadamotorjobs.com\/fr\/blog\/"},{"@type":"ListItem","position":2,"name":"Porsche pr\u00e9pare un Macan \u00e9lectrique de 603 chevaux avec une batterie de 100 kWh"}]},{"@type":"WebSite","@id":"https:\/\/news.canadamotorjobs.com\/#website","url":"https:\/\/news.canadamotorjobs.com\/","name":"CanadaMotorJobs.com","description":"Automotive Jobs","publisher":{"@id":"https:\/\/news.canadamotorjobs.com\/#organization"},"potentialAction":[{"@type":"SearchAction","target":{"@type":"EntryPoint","urlTemplate":"https:\/\/news.canadamotorjobs.com\/?s={search_term_string}"},"query-input":"required name=search_term_string"}],"inLanguage":"fr-CA"},{"@type":"Organization","@id":"https:\/\/news.canadamotorjobs.com\/#organization","name":"Canada Motor Jobs","url":"https:\/\/news.canadamotorjobs.com\/","logo":{"@type":"ImageObject","inLanguage":"fr-CA","@id":"https:\/\/news.canadamotorjobs.com\/#\/schema\/logo\/image\/","url":"https:\/\/news.canadamotorjobs.com\/wp-content\/uploads\/2022\/10\/logo-canada-motor-jobs-1.png","contentUrl":"https:\/\/news.canadamotorjobs.com\/wp-content\/uploads\/2022\/10\/logo-canada-motor-jobs-1.png","width":800,"height":400,"caption":"Canada Motor Jobs"},"image":{"@id":"https:\/\/news.canadamotorjobs.com\/#\/schema\/logo\/image\/"},"sameAs":["https:\/\/www.facebook.com\/canadamotorjobs\/","https:\/\/x.com\/canadamotorjobs","https:\/\/www.instagram.com\/canadamotorjobs\/","https:\/\/www.linkedin.com\/company\/canadamotorjobs"]},{"@type":"Person","@id":"https:\/\/news.canadamotorjobs.com\/#\/schema\/person\/51793d1f87d44011d7bcc2ed99269a90","name":"Benoit Charette","image":{"@type":"ImageObject","inLanguage":"fr-CA","@id":"https:\/\/news.canadamotorjobs.com\/#\/schema\/person\/image\/","url":"https:\/\/secure.gravatar.com\/avatar\/45f3d2eebcccd909668d7ce7ea7267b6?s=96&d=mm&r=g","contentUrl":"https:\/\/secure.gravatar.com\/avatar\/45f3d2eebcccd909668d7ce7ea7267b6?s=96&d=mm&r=g","caption":"Benoit Charette"},"description":"Benoit Charette \/ Propri\u00e9taire et r\u00e9dacteur en chef Benoit Charette pratique le journalisme automobile depuis bient\u00f4t 30 ans. Il a fait ses classes au c\u00f4t\u00e9 de Daniel H\u00e9raud et au Carnet de route de 1992 \u00e0 2001. Il est fondateur, copropri\u00e9taire et r\u00e9dacteur en chef de L\u2019Annuel de l\u2019automobile, qu\u2019il publie depuis 2001. Il a anim\u00e9 les \u00e9missions RPM et RPM+ sur V et les L\u00e9gendes de la route sur Historia. \u00c0 la radio depuis 1986, il reprend l\u2019antenne cette ann\u00e9e sur les ondes de Cogeco et participe pour la deuxi\u00e8me ann\u00e9e \u00e0 l\u2019\u00e9mission Passion Auto sur RDS en plus de mettre en ligne le site Web officiel de L\u2019Annuel de l\u2019automobile sur annuelauto.ca.","sameAs":["https:\/\/annuelauto.ca\/"],"url":"https:\/\/news.canadamotorjobs.com\/fr\/author\/benoit-charette\/"}]}},"_links":{"self":[{"href":"https:\/\/news.canadamotorjobs.com\/fr\/wp-json\/wp\/v2\/posts\/149272"}],"collection":[{"href":"https:\/\/news.canadamotorjobs.com\/fr\/wp-json\/wp\/v2\/posts"}],"about":[{"href":"https:\/\/news.canadamotorjobs.com\/fr\/wp-json\/wp\/v2\/types\/post"}],"author":[{"embeddable":true,"href":"https:\/\/news.canadamotorjobs.com\/fr\/wp-json\/wp\/v2\/users\/8"}],"replies":[{"embeddable":true,"href":"https:\/\/news.canadamotorjobs.com\/fr\/wp-json\/wp\/v2\/comments?post=149272"}],"version-history":[{"count":2,"href":"https:\/\/news.canadamotorjobs.com\/fr\/wp-json\/wp\/v2\/posts\/149272\/revisions"}],"predecessor-version":[{"id":149276,"href":"https:\/\/news.canadamotorjobs.com\/fr\/wp-json\/wp\/v2\/posts\/149272\/revisions\/149276"}],"wp:featuredmedia":[{"embeddable":true,"href":"https:\/\/news.canadamotorjobs.com\/fr\/wp-json\/wp\/v2\/media\/149274"}],"wp:attachment":[{"href":"https:\/\/news.canadamotorjobs.com\/fr\/wp-json\/wp\/v2\/media?parent=149272"}],"wp:term":[{"taxonomy":"category","embeddable":true,"href":"https:\/\/news.canadamotorjobs.com\/fr\/wp-json\/wp\/v2\/categories?post=149272"},{"taxonomy":"post_tag","embeddable":true,"href":"https:\/\/news.canadamotorjobs.com\/fr\/wp-json\/wp\/v2\/tags?post=149272"}],"curies":[{"name":"wp","href":"https:\/\/api.w.org\/{rel}","templated":true}]}}