{"id":149204,"date":"2023-08-02T08:21:23","date_gmt":"2023-08-02T12:21:23","guid":{"rendered":"https:\/\/news.canadamotorjobs.com\/?p=149204"},"modified":"2023-08-02T08:30:50","modified_gmt":"2023-08-02T12:30:50","slug":"les-jours-de-la-genesis-g70-seraient-comptes","status":"publish","type":"post","link":"https:\/\/news.canadamotorjobs.com\/fr\/les-jours-de-la-genesis-g70-seraient-comptes\/","title":{"rendered":"Les jours de la Genesis G70 seraient compt\u00e9s"},"content":{"rendered":"<\/p>\n<p>Le m\u00eame sort qu\u2019a subi la Kia Stinger semble attendre la G70. Selon un rapport du journal Sud-Cor\u00e9en JoongAng Daily citant une source anonyme, la Genesis G70 sera bient\u00f4t interrompue dans sa forme actuelle, sans pr\u00e9vision d&#8217;un mod\u00e8le de remplacement.<\/p>\n<p>&#8220;R\u00e9cemment, il y a eu une annonce officielle au sein de l&#8217;entreprise indiquant l&#8217;arr\u00eat officiel du d\u00e9veloppement du projet RN2, nom de code pour la prochaine G70&#8221;, a d\u00e9clar\u00e9 la source, ajoutant que les &#8220;ventes faibles&#8221; sont la principale cause de la disparition de la berline sportive.<\/p>\n<p>Ceci contredit un rapport de d\u00e9cembre de l&#8217;ann\u00e9e derni\u00e8re qui affirmait que la G70 survivrait avec un mod\u00e8le r\u00e9cemment rafra\u00eechi. \u00c0 l&#8217;\u00e9poque, on s&#8217;attendait \u00e0 ce que cela arrive en mai, mais comme nous attendons toujours, il semble que le nouveau rapport soit vrai.<\/p>\n<p>Apr\u00e8s que la Kia Stinger ait \u00e9t\u00e9 retir\u00e9e avec une \u00e9dition sp\u00e9ciale, il semblait logique que sa cousine corporative, la G70, qui partage la m\u00eame plate-forme, connaisse le m\u00eame sort. La G70 a du mal \u00e0 \u00eatre comp\u00e9titive, y compris en Europe, o\u00f9 une variante shooting brake a \u00e9t\u00e9 introduite. Le probl\u00e8me est exacerb\u00e9 par le fait que le rempla\u00e7ant de la G70 perdait son identit\u00e9 unique, selon l&#8217;informateur mentionn\u00e9 pr\u00e9c\u00e9demment.<\/p>\n<p>&#8220;Dans les premi\u00e8res \u00e9tapes du d\u00e9veloppement, la prochaine G70 allait devenir beaucoup plus grande que le mod\u00e8le actuel&#8221;, a d\u00e9clar\u00e9 la source. &#8220;Mais dans ce cas, elle ne serait pas tr\u00e8s diff\u00e9rente de la G80, c&#8217;est pourquoi Hyundai a d\u00e9cid\u00e9 d&#8217;abandonner le projet.&#8221;<\/p>\n<p>Alors, que va-t-il se passer ensuite ? On ne sait pas encore si le mod\u00e8le sera d\u00e9finitivement abandonn\u00e9 ou s&#8217;il sera temporairement mis de c\u00f4t\u00e9, mais nous savons que Genesis est toujours d\u00e9termin\u00e9e \u00e0 proposer des berlines et des coup\u00e9s, m\u00eame si les multisegments et les VUS continuent de dominer les ventes.<\/p>\n<p>Il est difficile de pr\u00e9dire ce qui pourrait se produire, mais notre meilleure estimation est que Genesis abandonnera bient\u00f4t la G70 pour le moment. Une fois que la r\u00e9volution \u00e9lectrique du constructeur automobile sera en cours &#8211; ce qui devrait donner lieu \u00e0 huit nouveaux v\u00e9hicules \u00e9lectriques &#8211; la niche des berlines de taille moyenne pourrait \u00eatre revisit\u00e9e. Esp\u00e9rons que Genesis lancera une voiture de sport haut de gamme pour maintenir l&#8217;excitation en attendant.<\/p>\n<p>Avec des renseignements de Carbuzz<\/p>\n<p>Le texte <a rel=\"nofollow\" href=\"https:\/\/annuelauto.ca\/les-jours-de-la-genesis-g70-seraient-comptes\/\">Les jours de la Genesis G70 seraient compt\u00e9s<\/a> provient de <a rel=\"nofollow\" href=\"https:\/\/annuelauto.ca\">L&#8217;annuel de l&#8217;automobile &#8211; Actualit\u00e9 automobile<\/a><\/p>\n<p><\/p>\n","protected":false},"excerpt":{"rendered":"<p>Le m\u00eame sort qu\u2019a subi la Kia Stinger semble attendre la G70. Selon un rapport du journal Sud-Cor\u00e9en JoongAng Daily citant une source anonyme, la Genesis G70 sera bient\u00f4t interrompue dans sa forme actuelle, sans pr\u00e9vision d&#8217;un mod\u00e8le de remplacement. &#8220;R\u00e9cemment, il y a eu une annonce officielle au sein de l&#8217;entreprise indiquant l&#8217;arr\u00eat officiel [&hellip;]<\/p>\n","protected":false},"author":8,"featured_media":149206,"comment_status":"close","ping_status":"closed","sticky":false,"template":"","format":"standard","meta":{"_monsterinsights_skip_tracking":false,"_monsterinsights_sitenote_active":false,"_monsterinsights_sitenote_note":"","_monsterinsights_sitenote_category":0,"footnotes":""},"categories":[101],"tags":[],"yoast_head":"<!-- This site is optimized with the Yoast SEO plugin v23.2 - https:\/\/yoast.com\/wordpress\/plugins\/seo\/ -->\n<title>Les jours de la Genesis G70 seraient compt\u00e9s - CanadaMotorJobs.com<\/title>\n<meta name=\"description\" content=\"Les jours de la Genesis G70 seraient compt\u00e9s - Benoit Charette - Annuel automobile - CanadaMotorJobs.com.\" \/>\n<meta name=\"robots\" content=\"index, follow, max-snippet:-1, max-image-preview:large, max-video-preview:-1\" \/>\n<meta property=\"og:locale\" content=\"fr_CA\" \/>\n<meta property=\"og:type\" content=\"article\" \/>\n<meta property=\"og:title\" content=\"Les jours de la Genesis G70 seraient compt\u00e9s - CanadaMotorJobs.com\" \/>\n<meta property=\"og:description\" content=\"Les jours de la Genesis G70 seraient compt\u00e9s - Benoit Charette - Annuel automobile - CanadaMotorJobs.com.\" \/>\n<meta property=\"og:url\" content=\"https:\/\/news.canadamotorjobs.com\/fr\/les-jours-de-la-genesis-g70-seraient-comptes\/\" \/>\n<meta property=\"og:site_name\" content=\"CanadaMotorJobs.com\" \/>\n<meta property=\"article:publisher\" content=\"https:\/\/www.facebook.com\/canadamotorjobs\/\" \/>\n<meta property=\"article:published_time\" content=\"2023-08-02T12:21:23+00:00\" \/>\n<meta property=\"article:modified_time\" content=\"2023-08-02T12:30:50+00:00\" \/>\n<meta property=\"og:image\" content=\"https:\/\/news.canadamotorjobs.com\/wp-content\/uploads\/2023\/08\/IMG_3979-1024x768-1.jpg\" \/>\n\t<meta property=\"og:image:width\" content=\"1024\" \/>\n\t<meta property=\"og:image:height\" content=\"768\" \/>\n\t<meta property=\"og:image:type\" content=\"image\/jpeg\" \/>\n<meta name=\"author\" content=\"Benoit Charette\" \/>\n<meta name=\"twitter:card\" content=\"summary_large_image\" \/>\n<meta name=\"twitter:creator\" content=\"@canadamotorjobs\" \/>\n<meta name=\"twitter:site\" content=\"@canadamotorjobs\" \/>\n<meta name=\"twitter:label1\" content=\"\u00c9crit par\" \/>\n\t<meta name=\"twitter:data1\" content=\"Benoit Charette\" \/>\n\t<meta name=\"twitter:label2\" content=\"Estimation du temps de lecture\" \/>\n\t<meta name=\"twitter:data2\" content=\"2 minutes\" \/>\n<!-- \/ Yoast SEO plugin. -->","yoast_head_json":{"title":"Les jours de la Genesis G70 seraient compt\u00e9s - CanadaMotorJobs.com","description":"Les jours de la Genesis G70 seraient compt\u00e9s - Benoit Charette - Annuel automobile - CanadaMotorJobs.com.","robots":{"index":"index","follow":"follow","max-snippet":"max-snippet:-1","max-image-preview":"max-image-preview:large","max-video-preview":"max-video-preview:-1"},"og_locale":"fr_CA","og_type":"article","og_title":"Les jours de la Genesis G70 seraient compt\u00e9s - CanadaMotorJobs.com","og_description":"Les jours de la Genesis G70 seraient compt\u00e9s - Benoit Charette - Annuel automobile - CanadaMotorJobs.com.","og_url":"https:\/\/news.canadamotorjobs.com\/fr\/les-jours-de-la-genesis-g70-seraient-comptes\/","og_site_name":"CanadaMotorJobs.com","article_publisher":"https:\/\/www.facebook.com\/canadamotorjobs\/","article_published_time":"2023-08-02T12:21:23+00:00","article_modified_time":"2023-08-02T12:30:50+00:00","og_image":[{"width":1024,"height":768,"url":"https:\/\/news.canadamotorjobs.com\/wp-content\/uploads\/2023\/08\/IMG_3979-1024x768-1.jpg","type":"image\/jpeg"}],"author":"Benoit Charette","twitter_card":"summary_large_image","twitter_creator":"@canadamotorjobs","twitter_site":"@canadamotorjobs","twitter_misc":{"\u00c9crit par":"Benoit Charette","Estimation du temps de lecture":"2 minutes"},"schema":{"@context":"https:\/\/schema.org","@graph":[{"@type":"Article","@id":"https:\/\/news.canadamotorjobs.com\/fr\/les-jours-de-la-genesis-g70-seraient-comptes\/#article","isPartOf":{"@id":"https:\/\/news.canadamotorjobs.com\/fr\/les-jours-de-la-genesis-g70-seraient-comptes\/"},"author":{"name":"Benoit Charette","@id":"https:\/\/news.canadamotorjobs.com\/#\/schema\/person\/51793d1f87d44011d7bcc2ed99269a90"},"headline":"Les jours de la Genesis G70 seraient compt\u00e9s","datePublished":"2023-08-02T12:21:23+00:00","dateModified":"2023-08-02T12:30:50+00:00","mainEntityOfPage":{"@id":"https:\/\/news.canadamotorjobs.com\/fr\/les-jours-de-la-genesis-g70-seraient-comptes\/"},"wordCount":456,"publisher":{"@id":"https:\/\/news.canadamotorjobs.com\/#organization"},"image":{"@id":"https:\/\/news.canadamotorjobs.com\/fr\/les-jours-de-la-genesis-g70-seraient-comptes\/#primaryimage"},"thumbnailUrl":"https:\/\/news.canadamotorjobs.com\/wp-content\/uploads\/2023\/08\/IMG_3979-1024x768-1.jpg","articleSection":["Annuel automobile"],"inLanguage":"fr-CA"},{"@type":"WebPage","@id":"https:\/\/news.canadamotorjobs.com\/fr\/les-jours-de-la-genesis-g70-seraient-comptes\/","url":"https:\/\/news.canadamotorjobs.com\/fr\/les-jours-de-la-genesis-g70-seraient-comptes\/","name":"Les jours de la Genesis G70 seraient compt\u00e9s - CanadaMotorJobs.com","isPartOf":{"@id":"https:\/\/news.canadamotorjobs.com\/#website"},"primaryImageOfPage":{"@id":"https:\/\/news.canadamotorjobs.com\/fr\/les-jours-de-la-genesis-g70-seraient-comptes\/#primaryimage"},"image":{"@id":"https:\/\/news.canadamotorjobs.com\/fr\/les-jours-de-la-genesis-g70-seraient-comptes\/#primaryimage"},"thumbnailUrl":"https:\/\/news.canadamotorjobs.com\/wp-content\/uploads\/2023\/08\/IMG_3979-1024x768-1.jpg","datePublished":"2023-08-02T12:21:23+00:00","dateModified":"2023-08-02T12:30:50+00:00","description":"Les jours de la Genesis G70 seraient compt\u00e9s - Benoit Charette - Annuel automobile - CanadaMotorJobs.com.","breadcrumb":{"@id":"https:\/\/news.canadamotorjobs.com\/fr\/les-jours-de-la-genesis-g70-seraient-comptes\/#breadcrumb"},"inLanguage":"fr-CA","potentialAction":[{"@type":"ReadAction","target":["https:\/\/news.canadamotorjobs.com\/fr\/les-jours-de-la-genesis-g70-seraient-comptes\/"]}]},{"@type":"ImageObject","inLanguage":"fr-CA","@id":"https:\/\/news.canadamotorjobs.com\/fr\/les-jours-de-la-genesis-g70-seraient-comptes\/#primaryimage","url":"https:\/\/news.canadamotorjobs.com\/wp-content\/uploads\/2023\/08\/IMG_3979-1024x768-1.jpg","contentUrl":"https:\/\/news.canadamotorjobs.com\/wp-content\/uploads\/2023\/08\/IMG_3979-1024x768-1.jpg","width":1024,"height":768},{"@type":"BreadcrumbList","@id":"https:\/\/news.canadamotorjobs.com\/fr\/les-jours-de-la-genesis-g70-seraient-comptes\/#breadcrumb","itemListElement":[{"@type":"ListItem","position":1,"name":"Home","item":"https:\/\/news.canadamotorjobs.com\/fr\/blog\/"},{"@type":"ListItem","position":2,"name":"Les jours de la Genesis G70 seraient compt\u00e9s"}]},{"@type":"WebSite","@id":"https:\/\/news.canadamotorjobs.com\/#website","url":"https:\/\/news.canadamotorjobs.com\/","name":"CanadaMotorJobs.com","description":"Automotive Jobs","publisher":{"@id":"https:\/\/news.canadamotorjobs.com\/#organization"},"potentialAction":[{"@type":"SearchAction","target":{"@type":"EntryPoint","urlTemplate":"https:\/\/news.canadamotorjobs.com\/?s={search_term_string}"},"query-input":"required name=search_term_string"}],"inLanguage":"fr-CA"},{"@type":"Organization","@id":"https:\/\/news.canadamotorjobs.com\/#organization","name":"Canada Motor Jobs","url":"https:\/\/news.canadamotorjobs.com\/","logo":{"@type":"ImageObject","inLanguage":"fr-CA","@id":"https:\/\/news.canadamotorjobs.com\/#\/schema\/logo\/image\/","url":"https:\/\/news.canadamotorjobs.com\/wp-content\/uploads\/2022\/10\/logo-canada-motor-jobs-1.png","contentUrl":"https:\/\/news.canadamotorjobs.com\/wp-content\/uploads\/2022\/10\/logo-canada-motor-jobs-1.png","width":800,"height":400,"caption":"Canada Motor Jobs"},"image":{"@id":"https:\/\/news.canadamotorjobs.com\/#\/schema\/logo\/image\/"},"sameAs":["https:\/\/www.facebook.com\/canadamotorjobs\/","https:\/\/x.com\/canadamotorjobs","https:\/\/www.instagram.com\/canadamotorjobs\/","https:\/\/www.linkedin.com\/company\/canadamotorjobs"]},{"@type":"Person","@id":"https:\/\/news.canadamotorjobs.com\/#\/schema\/person\/51793d1f87d44011d7bcc2ed99269a90","name":"Benoit Charette","image":{"@type":"ImageObject","inLanguage":"fr-CA","@id":"https:\/\/news.canadamotorjobs.com\/#\/schema\/person\/image\/","url":"https:\/\/secure.gravatar.com\/avatar\/45f3d2eebcccd909668d7ce7ea7267b6?s=96&d=mm&r=g","contentUrl":"https:\/\/secure.gravatar.com\/avatar\/45f3d2eebcccd909668d7ce7ea7267b6?s=96&d=mm&r=g","caption":"Benoit Charette"},"description":"Benoit Charette \/ Propri\u00e9taire et r\u00e9dacteur en chef Benoit Charette pratique le journalisme automobile depuis bient\u00f4t 30 ans. Il a fait ses classes au c\u00f4t\u00e9 de Daniel H\u00e9raud et au Carnet de route de 1992 \u00e0 2001. Il est fondateur, copropri\u00e9taire et r\u00e9dacteur en chef de L\u2019Annuel de l\u2019automobile, qu\u2019il publie depuis 2001. Il a anim\u00e9 les \u00e9missions RPM et RPM+ sur V et les L\u00e9gendes de la route sur Historia. \u00c0 la radio depuis 1986, il reprend l\u2019antenne cette ann\u00e9e sur les ondes de Cogeco et participe pour la deuxi\u00e8me ann\u00e9e \u00e0 l\u2019\u00e9mission Passion Auto sur RDS en plus de mettre en ligne le site Web officiel de L\u2019Annuel de l\u2019automobile sur annuelauto.ca.","sameAs":["https:\/\/annuelauto.ca\/"],"url":"https:\/\/news.canadamotorjobs.com\/fr\/author\/benoit-charette\/"}]}},"_links":{"self":[{"href":"https:\/\/news.canadamotorjobs.com\/fr\/wp-json\/wp\/v2\/posts\/149204"}],"collection":[{"href":"https:\/\/news.canadamotorjobs.com\/fr\/wp-json\/wp\/v2\/posts"}],"about":[{"href":"https:\/\/news.canadamotorjobs.com\/fr\/wp-json\/wp\/v2\/types\/post"}],"author":[{"embeddable":true,"href":"https:\/\/news.canadamotorjobs.com\/fr\/wp-json\/wp\/v2\/users\/8"}],"replies":[{"embeddable":true,"href":"https:\/\/news.canadamotorjobs.com\/fr\/wp-json\/wp\/v2\/comments?post=149204"}],"version-history":[{"count":2,"href":"https:\/\/news.canadamotorjobs.com\/fr\/wp-json\/wp\/v2\/posts\/149204\/revisions"}],"predecessor-version":[{"id":149208,"href":"https:\/\/news.canadamotorjobs.com\/fr\/wp-json\/wp\/v2\/posts\/149204\/revisions\/149208"}],"wp:featuredmedia":[{"embeddable":true,"href":"https:\/\/news.canadamotorjobs.com\/fr\/wp-json\/wp\/v2\/media\/149206"}],"wp:attachment":[{"href":"https:\/\/news.canadamotorjobs.com\/fr\/wp-json\/wp\/v2\/media?parent=149204"}],"wp:term":[{"taxonomy":"category","embeddable":true,"href":"https:\/\/news.canadamotorjobs.com\/fr\/wp-json\/wp\/v2\/categories?post=149204"},{"taxonomy":"post_tag","embeddable":true,"href":"https:\/\/news.canadamotorjobs.com\/fr\/wp-json\/wp\/v2\/tags?post=149204"}],"curies":[{"name":"wp","href":"https:\/\/api.w.org\/{rel}","templated":true}]}}