{"id":149181,"date":"2023-08-02T07:35:03","date_gmt":"2023-08-02T11:35:03","guid":{"rendered":"https:\/\/news.canadamotorjobs.com\/?p=149181"},"modified":"2023-08-02T07:44:56","modified_gmt":"2023-08-02T11:44:56","slug":"kia-suspend-les-reservations-pour-lev9-au-canada-la-demande-etant-superieure-a-loffre","status":"publish","type":"post","link":"https:\/\/news.canadamotorjobs.com\/fr\/kia-suspend-les-reservations-pour-lev9-au-canada-la-demande-etant-superieure-a-loffre\/","title":{"rendered":"Kia suspend les r\u00e9servations pour l\u2019EV9 au Canada, la demande \u00e9tant sup\u00e9rieure \u00e0 l\u2019offre"},"content":{"rendered":"<\/p>\n<p>Kia, a r\u00e9cemment ouvert lundi ses r\u00e9servations en ligne pour son tout nouveau VUS \u00e9lectrique, l&#8217;EV9, au Canada. Et le succ\u00e8s est au rendez-vous ! Malgr\u00e9 un nombre initial limit\u00e9 d&#8217;environ 500 mod\u00e8les disponibles, les r\u00e9servations ont explos\u00e9 et d\u00e9pass\u00e9 toutes les attentes de la marque.<\/p>\n<p>L&#8217;EV9, le premier VUS \u00e9lectrique \u00e0 trois rang\u00e9es de Kia, est un symbole de la nouvelle \u00e8re \u00e9lectrique dans laquelle le constructeur s&#8217;engage. Lanc\u00e9 officiellement en mars dernier, il est con\u00e7u pour offrir un espace int\u00e9rieur g\u00e9n\u00e9reux, une capacit\u00e9 de remorquage allant jusqu&#8217;\u00e0 5 000 livres, une dynamique de v\u00e9hicule am\u00e9lior\u00e9e et des caract\u00e9ristiques de pointe en mati\u00e8re de technologie et de logiciel.<\/p>\n<p>Il \u00e9lectrique repose sur la plateforme 800V E-GMP du Hyundai Motor Group, d\u00e9j\u00e0 pr\u00e9sente dans les mod\u00e8les IONIQ 5 et Kia EV6, et b\u00e9n\u00e9ficie d&#8217;une technologie de batterie de quatri\u00e8me g\u00e9n\u00e9ration offrant une recharge rapide de 10 % \u00e0 80 % en moins de 25 minutes.<\/p>\n<p>\u00c0 l&#8217;int\u00e9rieur, il est dot\u00e9 du syst\u00e8me d&#8217;exploitation ultramoderne Connected Car Navigation Cockpit (ccNC) de Kia, de si\u00e8ges ex\u00e9cutifs pour tous les passagers, et d&#8217;une myriade de fonctionnalit\u00e9s avanc\u00e9es, telles qu&#8217;un r\u00e9troviseur num\u00e9rique en option, un syst\u00e8me audio Meridian Premium \u00e0 14 haut-parleurs et des commutateurs haptiques.<\/p>\n<p>Le succ\u00e8s est au rendez-vous pour Kia, qui a enregistr\u00e9 plus de 13 000 pr\u00e9commandes de l&#8217;EV9 en seulement huit jours sur le march\u00e9 national sud-cor\u00e9en. Les ventes ont \u00e9galement \u00e9t\u00e9 remarquables au Canada, o\u00f9 les r\u00e9servations ont \u00e9t\u00e9 tellement \u00e9lev\u00e9es que le site web de Kia a temporairement d\u00fb suspendre les r\u00e9servations pour traiter la demande.<\/p>\n<p>Le constructeur automobile pr\u00e9voit de relancer le programme de r\u00e9servation, et les futurs clients devront rester \u00e0 l&#8217;aff\u00fbt pour obtenir plus d&#8217;informations. Pour ceux aux \u00c9tats-Unis, la bonne nouvelle est que l&#8217;EV9 devrait \u00eatre lanc\u00e9 d&#8217;ici la fin de l&#8217;ann\u00e9e, avec deux options de groupes motopropulseurs disponibles.<\/p>\n<p>Bien que les prix n&#8217;aient pas encore \u00e9t\u00e9 annonc\u00e9s officiellement, on estime que l&#8217;EV9 pourrait d\u00e9marrer aux alentours de 60 000 dollars pour la version avec batterie standard, et d\u00e9passer les 70 000 dollars pour la version avec la batterie plus puissante. Ce prix refl\u00e8te la qualit\u00e9 et les caract\u00e9ristiques exceptionnelles de ce SUV \u00e9lectrique r\u00e9volutionnaire.<\/p>\n<p>Dans une \u00e8re o\u00f9 la demande pour les v\u00e9hicules \u00e9lectriques augmente rapidement, Kia fait un grand pas en avant avec l&#8217;EV9, offrant aux consommateurs une exp\u00e9rience de conduite \u00e9lectrique de pointe et un aper\u00e7u prometteur de l&#8217;avenir des voitures \u00e9lectriques sur les routes canadiennes et mondiales.<\/p>\n<p>Avec des renseignements d\u2019Electrek<\/p>\n<p>Le texte <a rel=\"nofollow\" href=\"https:\/\/annuelauto.ca\/kia-suspend-les-reservations-pour-lev9-au-canada-la-demande-etant-superieure-a-loffre\/\">Kia suspend les r\u00e9servations pour l\u2019EV9 au Canada, la demande \u00e9tant sup\u00e9rieure \u00e0 l\u2019offre<\/a> provient de <a rel=\"nofollow\" href=\"https:\/\/annuelauto.ca\">L&#8217;annuel de l&#8217;automobile &#8211; Actualit\u00e9 automobile<\/a><\/p>\n<p><\/p>\n","protected":false},"excerpt":{"rendered":"<p>Kia, a r\u00e9cemment ouvert lundi ses r\u00e9servations en ligne pour son tout nouveau VUS \u00e9lectrique, l&#8217;EV9, au Canada. Et le succ\u00e8s est au rendez-vous ! Malgr\u00e9 un nombre initial limit\u00e9 d&#8217;environ 500 mod\u00e8les disponibles, les r\u00e9servations ont explos\u00e9 et d\u00e9pass\u00e9 toutes les attentes de la marque. L&#8217;EV9, le premier VUS \u00e9lectrique \u00e0 trois rang\u00e9es de [&hellip;]<\/p>\n","protected":false},"author":8,"featured_media":149183,"comment_status":"close","ping_status":"closed","sticky":false,"template":"","format":"standard","meta":{"_monsterinsights_skip_tracking":false,"_monsterinsights_sitenote_active":false,"_monsterinsights_sitenote_note":"","_monsterinsights_sitenote_category":0,"footnotes":""},"categories":[101],"tags":[],"yoast_head":"<!-- This site is optimized with the Yoast SEO plugin v23.2 - https:\/\/yoast.com\/wordpress\/plugins\/seo\/ -->\n<title>Kia suspend les r\u00e9servations pour l\u2019EV9 au Canada, la demande \u00e9tant sup\u00e9rieure \u00e0 l\u2019offre - CanadaMotorJobs.com<\/title>\n<meta name=\"description\" content=\"Kia suspend les r\u00e9servations pour l\u2019EV9 au Canada, la demande \u00e9tant sup\u00e9rieure \u00e0 l\u2019offre - Benoit Charette - Annuel automobile - CanadaMotorJobs.com.\" \/>\n<meta name=\"robots\" content=\"index, follow, max-snippet:-1, max-image-preview:large, max-video-preview:-1\" \/>\n<meta property=\"og:locale\" content=\"fr_CA\" \/>\n<meta property=\"og:type\" content=\"article\" \/>\n<meta property=\"og:title\" content=\"Kia suspend les r\u00e9servations pour l\u2019EV9 au Canada, la demande \u00e9tant sup\u00e9rieure \u00e0 l\u2019offre - CanadaMotorJobs.com\" \/>\n<meta property=\"og:description\" content=\"Kia suspend les r\u00e9servations pour l\u2019EV9 au Canada, la demande \u00e9tant sup\u00e9rieure \u00e0 l\u2019offre - Benoit Charette - Annuel automobile - CanadaMotorJobs.com.\" \/>\n<meta property=\"og:url\" content=\"https:\/\/news.canadamotorjobs.com\/fr\/kia-suspend-les-reservations-pour-lev9-au-canada-la-demande-etant-superieure-a-loffre\/\" \/>\n<meta property=\"og:site_name\" content=\"CanadaMotorJobs.com\" \/>\n<meta property=\"article:publisher\" content=\"https:\/\/www.facebook.com\/canadamotorjobs\/\" \/>\n<meta property=\"article:published_time\" content=\"2023-08-02T11:35:03+00:00\" \/>\n<meta property=\"article:modified_time\" content=\"2023-08-02T11:44:56+00:00\" \/>\n<meta property=\"og:image\" content=\"https:\/\/news.canadamotorjobs.com\/wp-content\/uploads\/2023\/08\/EV9-news.jpg\" \/>\n\t<meta property=\"og:image:width\" content=\"1200\" \/>\n\t<meta property=\"og:image:height\" content=\"600\" \/>\n\t<meta property=\"og:image:type\" content=\"image\/jpeg\" \/>\n<meta name=\"author\" content=\"Benoit Charette\" \/>\n<meta name=\"twitter:card\" content=\"summary_large_image\" \/>\n<meta name=\"twitter:creator\" content=\"@canadamotorjobs\" \/>\n<meta name=\"twitter:site\" content=\"@canadamotorjobs\" \/>\n<meta name=\"twitter:label1\" content=\"\u00c9crit par\" \/>\n\t<meta name=\"twitter:data1\" content=\"Benoit Charette\" \/>\n\t<meta name=\"twitter:label2\" content=\"Estimation du temps de lecture\" \/>\n\t<meta name=\"twitter:data2\" content=\"2 minutes\" \/>\n<!-- \/ Yoast SEO plugin. -->","yoast_head_json":{"title":"Kia suspend les r\u00e9servations pour l\u2019EV9 au Canada, la demande \u00e9tant sup\u00e9rieure \u00e0 l\u2019offre - CanadaMotorJobs.com","description":"Kia suspend les r\u00e9servations pour l\u2019EV9 au Canada, la demande \u00e9tant sup\u00e9rieure \u00e0 l\u2019offre - Benoit Charette - Annuel automobile - CanadaMotorJobs.com.","robots":{"index":"index","follow":"follow","max-snippet":"max-snippet:-1","max-image-preview":"max-image-preview:large","max-video-preview":"max-video-preview:-1"},"og_locale":"fr_CA","og_type":"article","og_title":"Kia suspend les r\u00e9servations pour l\u2019EV9 au Canada, la demande \u00e9tant sup\u00e9rieure \u00e0 l\u2019offre - CanadaMotorJobs.com","og_description":"Kia suspend les r\u00e9servations pour l\u2019EV9 au Canada, la demande \u00e9tant sup\u00e9rieure \u00e0 l\u2019offre - Benoit Charette - Annuel automobile - CanadaMotorJobs.com.","og_url":"https:\/\/news.canadamotorjobs.com\/fr\/kia-suspend-les-reservations-pour-lev9-au-canada-la-demande-etant-superieure-a-loffre\/","og_site_name":"CanadaMotorJobs.com","article_publisher":"https:\/\/www.facebook.com\/canadamotorjobs\/","article_published_time":"2023-08-02T11:35:03+00:00","article_modified_time":"2023-08-02T11:44:56+00:00","og_image":[{"width":1200,"height":600,"url":"https:\/\/news.canadamotorjobs.com\/wp-content\/uploads\/2023\/08\/EV9-news.jpg","type":"image\/jpeg"}],"author":"Benoit Charette","twitter_card":"summary_large_image","twitter_creator":"@canadamotorjobs","twitter_site":"@canadamotorjobs","twitter_misc":{"\u00c9crit par":"Benoit Charette","Estimation du temps de lecture":"2 minutes"},"schema":{"@context":"https:\/\/schema.org","@graph":[{"@type":"Article","@id":"https:\/\/news.canadamotorjobs.com\/fr\/kia-suspend-les-reservations-pour-lev9-au-canada-la-demande-etant-superieure-a-loffre\/#article","isPartOf":{"@id":"https:\/\/news.canadamotorjobs.com\/fr\/kia-suspend-les-reservations-pour-lev9-au-canada-la-demande-etant-superieure-a-loffre\/"},"author":{"name":"Benoit Charette","@id":"https:\/\/news.canadamotorjobs.com\/#\/schema\/person\/51793d1f87d44011d7bcc2ed99269a90"},"headline":"Kia suspend les r\u00e9servations pour l\u2019EV9 au Canada, la demande \u00e9tant sup\u00e9rieure \u00e0 l\u2019offre","datePublished":"2023-08-02T11:35:03+00:00","dateModified":"2023-08-02T11:44:56+00:00","mainEntityOfPage":{"@id":"https:\/\/news.canadamotorjobs.com\/fr\/kia-suspend-les-reservations-pour-lev9-au-canada-la-demande-etant-superieure-a-loffre\/"},"wordCount":507,"publisher":{"@id":"https:\/\/news.canadamotorjobs.com\/#organization"},"image":{"@id":"https:\/\/news.canadamotorjobs.com\/fr\/kia-suspend-les-reservations-pour-lev9-au-canada-la-demande-etant-superieure-a-loffre\/#primaryimage"},"thumbnailUrl":"https:\/\/news.canadamotorjobs.com\/wp-content\/uploads\/2023\/08\/EV9-news.jpg","articleSection":["Annuel automobile"],"inLanguage":"fr-CA"},{"@type":"WebPage","@id":"https:\/\/news.canadamotorjobs.com\/fr\/kia-suspend-les-reservations-pour-lev9-au-canada-la-demande-etant-superieure-a-loffre\/","url":"https:\/\/news.canadamotorjobs.com\/fr\/kia-suspend-les-reservations-pour-lev9-au-canada-la-demande-etant-superieure-a-loffre\/","name":"Kia suspend les r\u00e9servations pour l\u2019EV9 au Canada, la demande \u00e9tant sup\u00e9rieure \u00e0 l\u2019offre - CanadaMotorJobs.com","isPartOf":{"@id":"https:\/\/news.canadamotorjobs.com\/#website"},"primaryImageOfPage":{"@id":"https:\/\/news.canadamotorjobs.com\/fr\/kia-suspend-les-reservations-pour-lev9-au-canada-la-demande-etant-superieure-a-loffre\/#primaryimage"},"image":{"@id":"https:\/\/news.canadamotorjobs.com\/fr\/kia-suspend-les-reservations-pour-lev9-au-canada-la-demande-etant-superieure-a-loffre\/#primaryimage"},"thumbnailUrl":"https:\/\/news.canadamotorjobs.com\/wp-content\/uploads\/2023\/08\/EV9-news.jpg","datePublished":"2023-08-02T11:35:03+00:00","dateModified":"2023-08-02T11:44:56+00:00","description":"Kia suspend les r\u00e9servations pour l\u2019EV9 au Canada, la demande \u00e9tant sup\u00e9rieure \u00e0 l\u2019offre - Benoit Charette - Annuel automobile - CanadaMotorJobs.com.","breadcrumb":{"@id":"https:\/\/news.canadamotorjobs.com\/fr\/kia-suspend-les-reservations-pour-lev9-au-canada-la-demande-etant-superieure-a-loffre\/#breadcrumb"},"inLanguage":"fr-CA","potentialAction":[{"@type":"ReadAction","target":["https:\/\/news.canadamotorjobs.com\/fr\/kia-suspend-les-reservations-pour-lev9-au-canada-la-demande-etant-superieure-a-loffre\/"]}]},{"@type":"ImageObject","inLanguage":"fr-CA","@id":"https:\/\/news.canadamotorjobs.com\/fr\/kia-suspend-les-reservations-pour-lev9-au-canada-la-demande-etant-superieure-a-loffre\/#primaryimage","url":"https:\/\/news.canadamotorjobs.com\/wp-content\/uploads\/2023\/08\/EV9-news.jpg","contentUrl":"https:\/\/news.canadamotorjobs.com\/wp-content\/uploads\/2023\/08\/EV9-news.jpg","width":1200,"height":600},{"@type":"BreadcrumbList","@id":"https:\/\/news.canadamotorjobs.com\/fr\/kia-suspend-les-reservations-pour-lev9-au-canada-la-demande-etant-superieure-a-loffre\/#breadcrumb","itemListElement":[{"@type":"ListItem","position":1,"name":"Home","item":"https:\/\/news.canadamotorjobs.com\/fr\/blog\/"},{"@type":"ListItem","position":2,"name":"Kia suspend les r\u00e9servations pour l\u2019EV9 au Canada, la demande \u00e9tant sup\u00e9rieure \u00e0 l\u2019offre"}]},{"@type":"WebSite","@id":"https:\/\/news.canadamotorjobs.com\/#website","url":"https:\/\/news.canadamotorjobs.com\/","name":"CanadaMotorJobs.com","description":"Automotive Jobs","publisher":{"@id":"https:\/\/news.canadamotorjobs.com\/#organization"},"potentialAction":[{"@type":"SearchAction","target":{"@type":"EntryPoint","urlTemplate":"https:\/\/news.canadamotorjobs.com\/?s={search_term_string}"},"query-input":"required name=search_term_string"}],"inLanguage":"fr-CA"},{"@type":"Organization","@id":"https:\/\/news.canadamotorjobs.com\/#organization","name":"Canada Motor Jobs","url":"https:\/\/news.canadamotorjobs.com\/","logo":{"@type":"ImageObject","inLanguage":"fr-CA","@id":"https:\/\/news.canadamotorjobs.com\/#\/schema\/logo\/image\/","url":"https:\/\/news.canadamotorjobs.com\/wp-content\/uploads\/2022\/10\/logo-canada-motor-jobs-1.png","contentUrl":"https:\/\/news.canadamotorjobs.com\/wp-content\/uploads\/2022\/10\/logo-canada-motor-jobs-1.png","width":800,"height":400,"caption":"Canada Motor Jobs"},"image":{"@id":"https:\/\/news.canadamotorjobs.com\/#\/schema\/logo\/image\/"},"sameAs":["https:\/\/www.facebook.com\/canadamotorjobs\/","https:\/\/x.com\/canadamotorjobs","https:\/\/www.instagram.com\/canadamotorjobs\/","https:\/\/www.linkedin.com\/company\/canadamotorjobs"]},{"@type":"Person","@id":"https:\/\/news.canadamotorjobs.com\/#\/schema\/person\/51793d1f87d44011d7bcc2ed99269a90","name":"Benoit Charette","image":{"@type":"ImageObject","inLanguage":"fr-CA","@id":"https:\/\/news.canadamotorjobs.com\/#\/schema\/person\/image\/","url":"https:\/\/secure.gravatar.com\/avatar\/45f3d2eebcccd909668d7ce7ea7267b6?s=96&d=mm&r=g","contentUrl":"https:\/\/secure.gravatar.com\/avatar\/45f3d2eebcccd909668d7ce7ea7267b6?s=96&d=mm&r=g","caption":"Benoit Charette"},"description":"Benoit Charette \/ Propri\u00e9taire et r\u00e9dacteur en chef Benoit Charette pratique le journalisme automobile depuis bient\u00f4t 30 ans. Il a fait ses classes au c\u00f4t\u00e9 de Daniel H\u00e9raud et au Carnet de route de 1992 \u00e0 2001. Il est fondateur, copropri\u00e9taire et r\u00e9dacteur en chef de L\u2019Annuel de l\u2019automobile, qu\u2019il publie depuis 2001. Il a anim\u00e9 les \u00e9missions RPM et RPM+ sur V et les L\u00e9gendes de la route sur Historia. \u00c0 la radio depuis 1986, il reprend l\u2019antenne cette ann\u00e9e sur les ondes de Cogeco et participe pour la deuxi\u00e8me ann\u00e9e \u00e0 l\u2019\u00e9mission Passion Auto sur RDS en plus de mettre en ligne le site Web officiel de L\u2019Annuel de l\u2019automobile sur annuelauto.ca.","sameAs":["https:\/\/annuelauto.ca\/"],"url":"https:\/\/news.canadamotorjobs.com\/fr\/author\/benoit-charette\/"}]}},"_links":{"self":[{"href":"https:\/\/news.canadamotorjobs.com\/fr\/wp-json\/wp\/v2\/posts\/149181"}],"collection":[{"href":"https:\/\/news.canadamotorjobs.com\/fr\/wp-json\/wp\/v2\/posts"}],"about":[{"href":"https:\/\/news.canadamotorjobs.com\/fr\/wp-json\/wp\/v2\/types\/post"}],"author":[{"embeddable":true,"href":"https:\/\/news.canadamotorjobs.com\/fr\/wp-json\/wp\/v2\/users\/8"}],"replies":[{"embeddable":true,"href":"https:\/\/news.canadamotorjobs.com\/fr\/wp-json\/wp\/v2\/comments?post=149181"}],"version-history":[{"count":2,"href":"https:\/\/news.canadamotorjobs.com\/fr\/wp-json\/wp\/v2\/posts\/149181\/revisions"}],"predecessor-version":[{"id":149185,"href":"https:\/\/news.canadamotorjobs.com\/fr\/wp-json\/wp\/v2\/posts\/149181\/revisions\/149185"}],"wp:featuredmedia":[{"embeddable":true,"href":"https:\/\/news.canadamotorjobs.com\/fr\/wp-json\/wp\/v2\/media\/149183"}],"wp:attachment":[{"href":"https:\/\/news.canadamotorjobs.com\/fr\/wp-json\/wp\/v2\/media?parent=149181"}],"wp:term":[{"taxonomy":"category","embeddable":true,"href":"https:\/\/news.canadamotorjobs.com\/fr\/wp-json\/wp\/v2\/categories?post=149181"},{"taxonomy":"post_tag","embeddable":true,"href":"https:\/\/news.canadamotorjobs.com\/fr\/wp-json\/wp\/v2\/tags?post=149181"}],"curies":[{"name":"wp","href":"https:\/\/api.w.org\/{rel}","templated":true}]}}