{"id":149135,"date":"2023-07-31T12:05:52","date_gmt":"2023-07-31T16:05:52","guid":{"rendered":"https:\/\/news.canadamotorjobs.com\/?p=149135"},"modified":"2023-07-31T12:16:50","modified_gmt":"2023-07-31T16:16:50","slug":"bmw-m3-cs-2023","status":"publish","type":"post","link":"https:\/\/news.canadamotorjobs.com\/fr\/bmw-m3-cs-2023\/","title":{"rendered":"BMW M3 CS 2023"},"content":{"rendered":"<\/p>\n<p>Area 27, Colombie Britannique. C\u2019est dans la magnifique r\u00e9gion viticole de Osoyoos que s\u2019est install\u00e9 il y a environ cinq le circuit Area 27. Le num\u00e9ro 27 est pour la voiture de Gilles Villeneuve car c\u2019est en parti son fils Jacques qui a dessin\u00e9 ce circuit technique avec beaucoup de d\u00e9nivel\u00e9s. BMW nous a invit\u00e9 pour mettre \u00e0 l\u2019essai ce qui se rapproche beaucoup d\u2019une voiture de course, l\u00e9gale pour la route. La plus puissante de la famille M3, la CS.<\/p>\n<h3>Quelques chiffres pour vous mettre en bouche<\/h3>\n<p>\nBMW annonce les 100 km\/h en 3,4 secondes. Sur le long droit du circuit nous avons d\u00e9pass\u00e9 les 200 km\/h en 10 secondes. Le six cylindres de 3,0 litres fait 543 chevaux, C\u2019est 40 chevaux de plus que la version M3 Comp\u00e9tition. L&#8217;ing\u00e9nierie derri\u00e8re cette voiture est presque aussi impressionnante que la vitesse \u00e0 laquelle elle peut voyager, tout en offrant \u00e9galement du confort. Le prix est le seul facteur qui va vous faire reculer et c\u2019est normal d\u2019y r\u00e9fl\u00e9chir \u00e0 pr\u00e8s de 150\u00a0000 $.<\/p>\n<h3>Un traitement sp\u00e9cial sur toutes la ligne<\/h3>\n<p>\n\u00c0 ce prix par contre la CS a droit \u00e0 toutes les attentions. Outre l\u2019augmentation de puissance face \u00e0 la M3 Competition, on note de nombreuses modifications du ch\u00e2ssis, un programme rigoureux d&#8217;\u00e9conomie de poids et une transmission int\u00e9grale, le tout con\u00e7u pour la rendre plus ax\u00e9e sur la performance. La CS est \u00e9galement \u00e9quip\u00e9e de pneus diff\u00e9rents (Pirelli P Zero), d&#8217;une configuration de ch\u00e2ssis plus rigide, ainsi que d&#8217;une r\u00e9ponse du moteur et d&#8217;une puissance moteur plus faciles \u00e0 exploiter, avec de meilleures performances en mati\u00e8re d&#8217;acc\u00e9l\u00e9ration lat\u00e9rale, de temps au tour, etc. C&#8217;est donc l&#8217;ensemble complet, mais toujours utilisable sur les routes publiques.<\/p>\n<h3>Toujours facile \u00e0 conduire<\/h3>\n<p>\nCe qui est le plus surprenant, peut-\u00eatre, c&#8217;est qu&#8217;elle est plus confortable que beaucoup d&#8217;autres berlines ultra sportives qui l&#8217;ont pr\u00e9c\u00e9d\u00e9e et qui sont encore disponibles aujourd&#8217;hui. Parmi les innombrables r\u00e9glages que vous pouvez choisir, opter pour le mode Route plut\u00f4t que Sport ou Circuit, et r\u00e9gler tous les autres param\u00e8tres sur Confort, la M3 CS ne nous a pas secou\u00e9s dans ses si\u00e8ges baquets en fibre de carbone. Elle se montre agr\u00e9able \u00e0 conduire. Chaque \u00e9l\u00e9ment dynamique de la voiture a \u00e9t\u00e9 perfectionn\u00e9 avec des mat\u00e9riaux l\u00e9gers, ce qui a permis de r\u00e9duire de 20 kg le poids de la M3 Competition. Cela inclut un toit et un capot en fibre de carbone, ce dernier portant discr\u00e8tement le logo M sur sa face inf\u00e9rieure, tandis que l&#8217;utilisation du titane dans l&#8217;\u00e9chappement permet de gagner quatre kilos suppl\u00e9mentaires.<\/p>\n<h3>Un moteur qui montre des dents<\/h3>\n<p>\nNous avons ador\u00e9 le son de l&#8217;\u00e9chappement \u00e9galement &#8211; am\u00e9lior\u00e9 lorsque vous passez aux r\u00e9glages les plus extr\u00eames &#8211; il est divertissant quand vous le souhaitez et plus discret lorsque vous ne le voulez pas. Enfoncer l&#8217;acc\u00e9l\u00e9rateur pour atteindre rapidement 100 km\/h en passant les vitesses \u00e0 l&#8217;aide des palettes derri\u00e8re le volant (il n\u2019y a pas de versions manuelles), procure une sensation de puret\u00e9 que l&#8217;on ne retrouve pas dans la M3 Competition. Les turbos revisit\u00e9s fix\u00e9s au moteur six cylindres en ligne de 3,0 litres r\u00e9duisent d&#8217;une demi-seconde le temps de 0 \u00e0 100 km\/h (en 3,4 secondes), tandis que le volant en Alcantara M offre des r\u00e9actions dignes d\u2019une voiture de course &#8211; vif et ultra-rapide \u00e0 r\u00e9agir, mais pas trop nerveux &#8211; et comporte des &#8220;boutons rapides&#8221; M pour activer rapidement vos propres r\u00e9glages personnalis\u00e9s. Vous pouvez laisser la bo\u00eete automatique \u00e0 huit rapports faire son travail, mais prendre davantage le contr\u00f4le est l&#8217;essence m\u00eame de cette voiture. L\u00e0 encore, diff\u00e9rents r\u00e9glages acc\u00e9l\u00e8rent les changements, tandis que la combinaison de la transmission int\u00e9grale M xDrive, du diff\u00e9rentiel actif M et des pneus Pirelli P-Zero adh\u00e9rents nous a donn\u00e9 une \u00e9norme confiance dans les virages. Les acc\u00e9l\u00e9rations sont si rapides sur le circuits qui nous avons laiss\u00e9 la transmission faire le travail en pla\u00e7ant tout en mode Sport+. La tenue de route est surr\u00e9aliste et les si\u00e8ges en fibre de carbone de notre mod\u00e8le \u00e0 l\u2019essai nous gardait bien en place. Pas convaincu que pour une conduite quotidienne sur la route que cela constitue une bonne solution.<\/p>\n<h3>Conclusion<\/h3>\n<p>\nIl existe peu de voitures qui ont pour mandat de vous donner le grand frisson sur un circuit routier et \u00eatre capable de vous garder heureux sur la route. La M3 CS qui sera produite \u00e0 seulement 72 unit\u00e9s pour le Canada fait partie de cette courte liste avec la Porsche Cayman GT4. Les deux offrent plus de 500 chevaux et vous colleront un sourire permanent sur le visage. Si vous n\u2019avez pas l\u2019intention d\u2019\u00eatre membre d\u2019un circuit routier la M3 fera amplement le travail.<\/p>\n<h3>Forces<\/h3>\n<p>\nV\u00e9ritable voiture de piste<\/p>\n<p>Puissance \u00e0 revendre<\/p>\n<p>Ch\u00e2ssis d\u2019une grande rigidit\u00e9<\/p>\n<h3>Faiblesses<\/h3>\n<p>\nUn peu trop de configurations de conduite<\/p>\n<p>Rigidit\u00e9 qui rend la conduite au quotidien difficile<\/p>\n<p>\u00a0<\/p>\n<p>\u00a0<\/p>\n<p>\u00a0<\/p>\n<p>Le texte <a rel=\"nofollow\" href=\"https:\/\/annuelauto.ca\/bmw-m3-cs-2023\/\">BMW M3 CS 2023<\/a> provient de <a rel=\"nofollow\" href=\"https:\/\/annuelauto.ca\">L&#8217;annuel de l&#8217;automobile &#8211; Actualit\u00e9 automobile<\/a><\/p>\n<p><\/p>\n","protected":false},"excerpt":{"rendered":"<p>Area 27, Colombie Britannique. C\u2019est dans la magnifique r\u00e9gion viticole de Osoyoos que s\u2019est install\u00e9 il y a environ cinq le circuit Area 27. Le num\u00e9ro 27 est pour la voiture de Gilles Villeneuve car c\u2019est en parti son fils Jacques qui a dessin\u00e9 ce circuit technique avec beaucoup de d\u00e9nivel\u00e9s. BMW nous a invit\u00e9 [&hellip;]<\/p>\n","protected":false},"author":8,"featured_media":149137,"comment_status":"close","ping_status":"closed","sticky":false,"template":"","format":"standard","meta":{"_monsterinsights_skip_tracking":false,"_monsterinsights_sitenote_active":false,"_monsterinsights_sitenote_note":"","_monsterinsights_sitenote_category":0,"footnotes":""},"categories":[101],"tags":[],"yoast_head":"<!-- This site is optimized with the Yoast SEO plugin v23.2 - https:\/\/yoast.com\/wordpress\/plugins\/seo\/ -->\n<title>BMW M3 CS 2023 - CanadaMotorJobs.com<\/title>\n<meta name=\"description\" content=\"BMW M3 CS 2023 - Benoit Charette - Annuel automobile - CanadaMotorJobs.com.\" \/>\n<meta name=\"robots\" content=\"index, follow, max-snippet:-1, max-image-preview:large, max-video-preview:-1\" \/>\n<meta property=\"og:locale\" content=\"fr_CA\" \/>\n<meta property=\"og:type\" content=\"article\" \/>\n<meta property=\"og:title\" content=\"BMW M3 CS 2023 - CanadaMotorJobs.com\" \/>\n<meta property=\"og:description\" content=\"BMW M3 CS 2023 - Benoit Charette - Annuel automobile - CanadaMotorJobs.com.\" \/>\n<meta property=\"og:url\" content=\"https:\/\/news.canadamotorjobs.com\/fr\/bmw-m3-cs-2023\/\" \/>\n<meta property=\"og:site_name\" content=\"CanadaMotorJobs.com\" \/>\n<meta property=\"article:publisher\" content=\"https:\/\/www.facebook.com\/canadamotorjobs\/\" \/>\n<meta property=\"article:published_time\" content=\"2023-07-31T16:05:52+00:00\" \/>\n<meta property=\"article:modified_time\" content=\"2023-07-31T16:16:50+00:00\" \/>\n<meta property=\"og:image\" content=\"https:\/\/news.canadamotorjobs.com\/wp-content\/uploads\/2023\/07\/BMW.Power_.Of_.M-14.jpg\" \/>\n\t<meta property=\"og:image:width\" content=\"1200\" \/>\n\t<meta property=\"og:image:height\" content=\"800\" \/>\n\t<meta property=\"og:image:type\" content=\"image\/jpeg\" \/>\n<meta name=\"author\" content=\"Benoit Charette\" \/>\n<meta name=\"twitter:card\" content=\"summary_large_image\" \/>\n<meta name=\"twitter:creator\" content=\"@canadamotorjobs\" \/>\n<meta name=\"twitter:site\" content=\"@canadamotorjobs\" \/>\n<meta name=\"twitter:label1\" content=\"\u00c9crit par\" \/>\n\t<meta name=\"twitter:data1\" content=\"Benoit Charette\" \/>\n\t<meta name=\"twitter:label2\" content=\"Estimation du temps de lecture\" \/>\n\t<meta name=\"twitter:data2\" content=\"4 minutes\" \/>\n<!-- \/ Yoast SEO plugin. -->","yoast_head_json":{"title":"BMW M3 CS 2023 - CanadaMotorJobs.com","description":"BMW M3 CS 2023 - Benoit Charette - Annuel automobile - CanadaMotorJobs.com.","robots":{"index":"index","follow":"follow","max-snippet":"max-snippet:-1","max-image-preview":"max-image-preview:large","max-video-preview":"max-video-preview:-1"},"og_locale":"fr_CA","og_type":"article","og_title":"BMW M3 CS 2023 - CanadaMotorJobs.com","og_description":"BMW M3 CS 2023 - Benoit Charette - Annuel automobile - CanadaMotorJobs.com.","og_url":"https:\/\/news.canadamotorjobs.com\/fr\/bmw-m3-cs-2023\/","og_site_name":"CanadaMotorJobs.com","article_publisher":"https:\/\/www.facebook.com\/canadamotorjobs\/","article_published_time":"2023-07-31T16:05:52+00:00","article_modified_time":"2023-07-31T16:16:50+00:00","og_image":[{"width":1200,"height":800,"url":"https:\/\/news.canadamotorjobs.com\/wp-content\/uploads\/2023\/07\/BMW.Power_.Of_.M-14.jpg","type":"image\/jpeg"}],"author":"Benoit Charette","twitter_card":"summary_large_image","twitter_creator":"@canadamotorjobs","twitter_site":"@canadamotorjobs","twitter_misc":{"\u00c9crit par":"Benoit Charette","Estimation du temps de lecture":"4 minutes"},"schema":{"@context":"https:\/\/schema.org","@graph":[{"@type":"Article","@id":"https:\/\/news.canadamotorjobs.com\/fr\/bmw-m3-cs-2023\/#article","isPartOf":{"@id":"https:\/\/news.canadamotorjobs.com\/fr\/bmw-m3-cs-2023\/"},"author":{"name":"Benoit Charette","@id":"https:\/\/news.canadamotorjobs.com\/#\/schema\/person\/51793d1f87d44011d7bcc2ed99269a90"},"headline":"BMW M3 CS 2023","datePublished":"2023-07-31T16:05:52+00:00","dateModified":"2023-07-31T16:16:50+00:00","mainEntityOfPage":{"@id":"https:\/\/news.canadamotorjobs.com\/fr\/bmw-m3-cs-2023\/"},"wordCount":906,"publisher":{"@id":"https:\/\/news.canadamotorjobs.com\/#organization"},"image":{"@id":"https:\/\/news.canadamotorjobs.com\/fr\/bmw-m3-cs-2023\/#primaryimage"},"thumbnailUrl":"https:\/\/news.canadamotorjobs.com\/wp-content\/uploads\/2023\/07\/BMW.Power_.Of_.M-14.jpg","articleSection":["Annuel automobile"],"inLanguage":"fr-CA"},{"@type":"WebPage","@id":"https:\/\/news.canadamotorjobs.com\/fr\/bmw-m3-cs-2023\/","url":"https:\/\/news.canadamotorjobs.com\/fr\/bmw-m3-cs-2023\/","name":"BMW M3 CS 2023 - CanadaMotorJobs.com","isPartOf":{"@id":"https:\/\/news.canadamotorjobs.com\/#website"},"primaryImageOfPage":{"@id":"https:\/\/news.canadamotorjobs.com\/fr\/bmw-m3-cs-2023\/#primaryimage"},"image":{"@id":"https:\/\/news.canadamotorjobs.com\/fr\/bmw-m3-cs-2023\/#primaryimage"},"thumbnailUrl":"https:\/\/news.canadamotorjobs.com\/wp-content\/uploads\/2023\/07\/BMW.Power_.Of_.M-14.jpg","datePublished":"2023-07-31T16:05:52+00:00","dateModified":"2023-07-31T16:16:50+00:00","description":"BMW M3 CS 2023 - Benoit Charette - Annuel automobile - CanadaMotorJobs.com.","breadcrumb":{"@id":"https:\/\/news.canadamotorjobs.com\/fr\/bmw-m3-cs-2023\/#breadcrumb"},"inLanguage":"fr-CA","potentialAction":[{"@type":"ReadAction","target":["https:\/\/news.canadamotorjobs.com\/fr\/bmw-m3-cs-2023\/"]}]},{"@type":"ImageObject","inLanguage":"fr-CA","@id":"https:\/\/news.canadamotorjobs.com\/fr\/bmw-m3-cs-2023\/#primaryimage","url":"https:\/\/news.canadamotorjobs.com\/wp-content\/uploads\/2023\/07\/BMW.Power_.Of_.M-14.jpg","contentUrl":"https:\/\/news.canadamotorjobs.com\/wp-content\/uploads\/2023\/07\/BMW.Power_.Of_.M-14.jpg","width":1200,"height":800},{"@type":"BreadcrumbList","@id":"https:\/\/news.canadamotorjobs.com\/fr\/bmw-m3-cs-2023\/#breadcrumb","itemListElement":[{"@type":"ListItem","position":1,"name":"Home","item":"https:\/\/news.canadamotorjobs.com\/fr\/blog\/"},{"@type":"ListItem","position":2,"name":"BMW M3 CS 2023"}]},{"@type":"WebSite","@id":"https:\/\/news.canadamotorjobs.com\/#website","url":"https:\/\/news.canadamotorjobs.com\/","name":"CanadaMotorJobs.com","description":"Automotive Jobs","publisher":{"@id":"https:\/\/news.canadamotorjobs.com\/#organization"},"potentialAction":[{"@type":"SearchAction","target":{"@type":"EntryPoint","urlTemplate":"https:\/\/news.canadamotorjobs.com\/?s={search_term_string}"},"query-input":"required name=search_term_string"}],"inLanguage":"fr-CA"},{"@type":"Organization","@id":"https:\/\/news.canadamotorjobs.com\/#organization","name":"Canada Motor Jobs","url":"https:\/\/news.canadamotorjobs.com\/","logo":{"@type":"ImageObject","inLanguage":"fr-CA","@id":"https:\/\/news.canadamotorjobs.com\/#\/schema\/logo\/image\/","url":"https:\/\/news.canadamotorjobs.com\/wp-content\/uploads\/2022\/10\/logo-canada-motor-jobs-1.png","contentUrl":"https:\/\/news.canadamotorjobs.com\/wp-content\/uploads\/2022\/10\/logo-canada-motor-jobs-1.png","width":800,"height":400,"caption":"Canada Motor Jobs"},"image":{"@id":"https:\/\/news.canadamotorjobs.com\/#\/schema\/logo\/image\/"},"sameAs":["https:\/\/www.facebook.com\/canadamotorjobs\/","https:\/\/x.com\/canadamotorjobs","https:\/\/www.instagram.com\/canadamotorjobs\/","https:\/\/www.linkedin.com\/company\/canadamotorjobs"]},{"@type":"Person","@id":"https:\/\/news.canadamotorjobs.com\/#\/schema\/person\/51793d1f87d44011d7bcc2ed99269a90","name":"Benoit Charette","image":{"@type":"ImageObject","inLanguage":"fr-CA","@id":"https:\/\/news.canadamotorjobs.com\/#\/schema\/person\/image\/","url":"https:\/\/secure.gravatar.com\/avatar\/45f3d2eebcccd909668d7ce7ea7267b6?s=96&d=mm&r=g","contentUrl":"https:\/\/secure.gravatar.com\/avatar\/45f3d2eebcccd909668d7ce7ea7267b6?s=96&d=mm&r=g","caption":"Benoit Charette"},"description":"Benoit Charette \/ Propri\u00e9taire et r\u00e9dacteur en chef Benoit Charette pratique le journalisme automobile depuis bient\u00f4t 30 ans. Il a fait ses classes au c\u00f4t\u00e9 de Daniel H\u00e9raud et au Carnet de route de 1992 \u00e0 2001. Il est fondateur, copropri\u00e9taire et r\u00e9dacteur en chef de L\u2019Annuel de l\u2019automobile, qu\u2019il publie depuis 2001. Il a anim\u00e9 les \u00e9missions RPM et RPM+ sur V et les L\u00e9gendes de la route sur Historia. \u00c0 la radio depuis 1986, il reprend l\u2019antenne cette ann\u00e9e sur les ondes de Cogeco et participe pour la deuxi\u00e8me ann\u00e9e \u00e0 l\u2019\u00e9mission Passion Auto sur RDS en plus de mettre en ligne le site Web officiel de L\u2019Annuel de l\u2019automobile sur annuelauto.ca.","sameAs":["https:\/\/annuelauto.ca\/"],"url":"https:\/\/news.canadamotorjobs.com\/fr\/author\/benoit-charette\/"}]}},"_links":{"self":[{"href":"https:\/\/news.canadamotorjobs.com\/fr\/wp-json\/wp\/v2\/posts\/149135"}],"collection":[{"href":"https:\/\/news.canadamotorjobs.com\/fr\/wp-json\/wp\/v2\/posts"}],"about":[{"href":"https:\/\/news.canadamotorjobs.com\/fr\/wp-json\/wp\/v2\/types\/post"}],"author":[{"embeddable":true,"href":"https:\/\/news.canadamotorjobs.com\/fr\/wp-json\/wp\/v2\/users\/8"}],"replies":[{"embeddable":true,"href":"https:\/\/news.canadamotorjobs.com\/fr\/wp-json\/wp\/v2\/comments?post=149135"}],"version-history":[{"count":2,"href":"https:\/\/news.canadamotorjobs.com\/fr\/wp-json\/wp\/v2\/posts\/149135\/revisions"}],"predecessor-version":[{"id":149139,"href":"https:\/\/news.canadamotorjobs.com\/fr\/wp-json\/wp\/v2\/posts\/149135\/revisions\/149139"}],"wp:featuredmedia":[{"embeddable":true,"href":"https:\/\/news.canadamotorjobs.com\/fr\/wp-json\/wp\/v2\/media\/149137"}],"wp:attachment":[{"href":"https:\/\/news.canadamotorjobs.com\/fr\/wp-json\/wp\/v2\/media?parent=149135"}],"wp:term":[{"taxonomy":"category","embeddable":true,"href":"https:\/\/news.canadamotorjobs.com\/fr\/wp-json\/wp\/v2\/categories?post=149135"},{"taxonomy":"post_tag","embeddable":true,"href":"https:\/\/news.canadamotorjobs.com\/fr\/wp-json\/wp\/v2\/tags?post=149135"}],"curies":[{"name":"wp","href":"https:\/\/api.w.org\/{rel}","templated":true}]}}