{"id":149112,"date":"2023-07-29T13:03:07","date_gmt":"2023-07-29T17:03:07","guid":{"rendered":"https:\/\/news.canadamotorjobs.com\/?p=149112"},"modified":"2023-07-29T13:14:49","modified_gmt":"2023-07-29T17:14:49","slug":"mazda-arrete-de-vendre-son-mx-30","status":"publish","type":"post","link":"https:\/\/news.canadamotorjobs.com\/fr\/mazda-arrete-de-vendre-son-mx-30\/","title":{"rendered":"Mazda arr\u00eate de vendre son MX-30"},"content":{"rendered":"<\/p>\n<p>Mazda a annonc\u00e9 que la MX-30 EV a \u00e9t\u00e9 arr\u00eat\u00e9e en Am\u00e9rique du Nord. Par cons\u00e9quent, le constructeur japonais n&#8217;a plus de mod\u00e8le sur le march\u00e9 des v\u00e9hicules \u00e9lectriques. D\u00e8s le d\u00e9but, la MX-30 EV n&#8217;a pas eu un impact significatif dans son segment respectif. Une des raisons probables \u00e9tait son autonomie relativement faible, seulement 160 kilom\u00e8tres.<\/p>\n<h3>Un prolongateur d\u2019autonomie qui aurait pu \u00eatre salutaire<\/h3>\n<p>\nL&#8217;id\u00e9e d&#8217;un prolongateur d&#8217;autonomie rotatif pour la version am\u00e9ricaine de la MX-30 EV avait \u00e9t\u00e9 \u00e9voqu\u00e9e, mais il semble que cela ne se produira pas de sit\u00f4t. La Chevrolet Bolt EV, l&#8217;un des v\u00e9hicules \u00e9lectriques les plus abordables en Am\u00e9rique du Nord et qui recevra bient\u00f4t une toute nouvelle version, peut parcourir 417 kilom\u00e8tres et co\u00fbte moins cher que le MX-30.<\/p>\n<h3>Tout le monde est loin devant<\/h3>\n<p>\nLa plupart des autres v\u00e9hicules \u00e9lectriques offrent \u00e9galement une autonomie sup\u00e9rieure \u00e0 350 km, ce qui rend la MX-30 difficile \u00e0 vendre. Cependant, le programme d&#8217;\u00e9lectrification de Mazda aux \u00c9tats-Unis ne s&#8217;arr\u00eate pas l\u00e0. Le constructeur japonais continuera d&#8217;offrir le CX-90 PHEV, et le CX-70 PHEV rejoindra bient\u00f4t la gamme. Le premier est \u00e9quip\u00e9 d&#8217;un moteur e-Skyactiv turbo compress\u00e9 de 3,3 litres d\u00e9veloppant 280 chevaux et 332 lb-pi de couple. Mazda pr\u00e9voit \u00e9galement de lancer le CX-50 Hybrid sur le march\u00e9 am\u00e9ricain. L&#8217;arr\u00eat de la production de la MX-30 fait suite \u00e0 l&#8217;annonce que Mazda ne commencera pas \u00e0 produire localement des v\u00e9hicules \u00e9lectriques en Am\u00e9rique du Nord avant 2028,<\/p>\n<p>\u00a0<\/p>\n<p>Avec des renseignements de Carbuzz<\/p>\n<p>\u00a0<\/p>\n<p>Le texte <a rel=\"nofollow\" href=\"https:\/\/annuelauto.ca\/mazda-arrete-de-vendre-son-mx-30\/\">Mazda arr\u00eate de vendre son MX-30<\/a> provient de <a rel=\"nofollow\" href=\"https:\/\/annuelauto.ca\">L&#8217;annuel de l&#8217;automobile &#8211; Actualit\u00e9 automobile<\/a><\/p>\n<p><\/p>\n","protected":false},"excerpt":{"rendered":"<p>Mazda a annonc\u00e9 que la MX-30 EV a \u00e9t\u00e9 arr\u00eat\u00e9e en Am\u00e9rique du Nord. Par cons\u00e9quent, le constructeur japonais n&#8217;a plus de mod\u00e8le sur le march\u00e9 des v\u00e9hicules \u00e9lectriques. D\u00e8s le d\u00e9but, la MX-30 EV n&#8217;a pas eu un impact significatif dans son segment respectif. Une des raisons probables \u00e9tait son autonomie relativement faible, seulement [&hellip;]<\/p>\n","protected":false},"author":8,"featured_media":149114,"comment_status":"close","ping_status":"closed","sticky":false,"template":"","format":"standard","meta":{"_monsterinsights_skip_tracking":false,"_monsterinsights_sitenote_active":false,"_monsterinsights_sitenote_note":"","_monsterinsights_sitenote_category":0,"footnotes":""},"categories":[101],"tags":[],"yoast_head":"<!-- This site is optimized with the Yoast SEO plugin v23.2 - https:\/\/yoast.com\/wordpress\/plugins\/seo\/ -->\n<title>Mazda arr\u00eate de vendre son MX-30 - CanadaMotorJobs.com<\/title>\n<meta name=\"description\" content=\"Mazda arr\u00eate de vendre son MX-30 - Benoit Charette - Annuel automobile - CanadaMotorJobs.com.\" \/>\n<meta name=\"robots\" content=\"index, follow, max-snippet:-1, max-image-preview:large, max-video-preview:-1\" \/>\n<meta property=\"og:locale\" content=\"fr_CA\" \/>\n<meta property=\"og:type\" content=\"article\" \/>\n<meta property=\"og:title\" content=\"Mazda arr\u00eate de vendre son MX-30 - CanadaMotorJobs.com\" \/>\n<meta property=\"og:description\" content=\"Mazda arr\u00eate de vendre son MX-30 - Benoit Charette - Annuel automobile - CanadaMotorJobs.com.\" \/>\n<meta property=\"og:url\" content=\"https:\/\/news.canadamotorjobs.com\/fr\/mazda-arrete-de-vendre-son-mx-30\/\" \/>\n<meta property=\"og:site_name\" content=\"CanadaMotorJobs.com\" \/>\n<meta property=\"article:publisher\" content=\"https:\/\/www.facebook.com\/canadamotorjobs\/\" \/>\n<meta property=\"article:published_time\" content=\"2023-07-29T17:03:07+00:00\" \/>\n<meta property=\"article:modified_time\" content=\"2023-07-29T17:14:49+00:00\" \/>\n<meta property=\"og:image\" content=\"https:\/\/news.canadamotorjobs.com\/wp-content\/uploads\/2023\/07\/IMG_4660.jpg\" \/>\n\t<meta property=\"og:image:width\" content=\"1333\" \/>\n\t<meta property=\"og:image:height\" content=\"1000\" \/>\n\t<meta property=\"og:image:type\" content=\"image\/jpeg\" \/>\n<meta name=\"author\" content=\"Benoit Charette\" \/>\n<meta name=\"twitter:card\" content=\"summary_large_image\" \/>\n<meta name=\"twitter:creator\" content=\"@canadamotorjobs\" \/>\n<meta name=\"twitter:site\" content=\"@canadamotorjobs\" \/>\n<meta name=\"twitter:label1\" content=\"\u00c9crit par\" \/>\n\t<meta name=\"twitter:data1\" content=\"Benoit Charette\" \/>\n\t<meta name=\"twitter:label2\" content=\"Estimation du temps de lecture\" \/>\n\t<meta name=\"twitter:data2\" content=\"1 minute\" \/>\n<!-- \/ Yoast SEO plugin. -->","yoast_head_json":{"title":"Mazda arr\u00eate de vendre son MX-30 - CanadaMotorJobs.com","description":"Mazda arr\u00eate de vendre son MX-30 - Benoit Charette - Annuel automobile - CanadaMotorJobs.com.","robots":{"index":"index","follow":"follow","max-snippet":"max-snippet:-1","max-image-preview":"max-image-preview:large","max-video-preview":"max-video-preview:-1"},"og_locale":"fr_CA","og_type":"article","og_title":"Mazda arr\u00eate de vendre son MX-30 - CanadaMotorJobs.com","og_description":"Mazda arr\u00eate de vendre son MX-30 - Benoit Charette - Annuel automobile - CanadaMotorJobs.com.","og_url":"https:\/\/news.canadamotorjobs.com\/fr\/mazda-arrete-de-vendre-son-mx-30\/","og_site_name":"CanadaMotorJobs.com","article_publisher":"https:\/\/www.facebook.com\/canadamotorjobs\/","article_published_time":"2023-07-29T17:03:07+00:00","article_modified_time":"2023-07-29T17:14:49+00:00","og_image":[{"width":1333,"height":1000,"url":"https:\/\/news.canadamotorjobs.com\/wp-content\/uploads\/2023\/07\/IMG_4660.jpg","type":"image\/jpeg"}],"author":"Benoit Charette","twitter_card":"summary_large_image","twitter_creator":"@canadamotorjobs","twitter_site":"@canadamotorjobs","twitter_misc":{"\u00c9crit par":"Benoit Charette","Estimation du temps de lecture":"1 minute"},"schema":{"@context":"https:\/\/schema.org","@graph":[{"@type":"Article","@id":"https:\/\/news.canadamotorjobs.com\/fr\/mazda-arrete-de-vendre-son-mx-30\/#article","isPartOf":{"@id":"https:\/\/news.canadamotorjobs.com\/fr\/mazda-arrete-de-vendre-son-mx-30\/"},"author":{"name":"Benoit Charette","@id":"https:\/\/news.canadamotorjobs.com\/#\/schema\/person\/51793d1f87d44011d7bcc2ed99269a90"},"headline":"Mazda arr\u00eate de vendre son MX-30","datePublished":"2023-07-29T17:03:07+00:00","dateModified":"2023-07-29T17:14:49+00:00","mainEntityOfPage":{"@id":"https:\/\/news.canadamotorjobs.com\/fr\/mazda-arrete-de-vendre-son-mx-30\/"},"wordCount":303,"publisher":{"@id":"https:\/\/news.canadamotorjobs.com\/#organization"},"image":{"@id":"https:\/\/news.canadamotorjobs.com\/fr\/mazda-arrete-de-vendre-son-mx-30\/#primaryimage"},"thumbnailUrl":"https:\/\/news.canadamotorjobs.com\/wp-content\/uploads\/2023\/07\/IMG_4660.jpg","articleSection":["Annuel automobile"],"inLanguage":"fr-CA"},{"@type":"WebPage","@id":"https:\/\/news.canadamotorjobs.com\/fr\/mazda-arrete-de-vendre-son-mx-30\/","url":"https:\/\/news.canadamotorjobs.com\/fr\/mazda-arrete-de-vendre-son-mx-30\/","name":"Mazda arr\u00eate de vendre son MX-30 - CanadaMotorJobs.com","isPartOf":{"@id":"https:\/\/news.canadamotorjobs.com\/#website"},"primaryImageOfPage":{"@id":"https:\/\/news.canadamotorjobs.com\/fr\/mazda-arrete-de-vendre-son-mx-30\/#primaryimage"},"image":{"@id":"https:\/\/news.canadamotorjobs.com\/fr\/mazda-arrete-de-vendre-son-mx-30\/#primaryimage"},"thumbnailUrl":"https:\/\/news.canadamotorjobs.com\/wp-content\/uploads\/2023\/07\/IMG_4660.jpg","datePublished":"2023-07-29T17:03:07+00:00","dateModified":"2023-07-29T17:14:49+00:00","description":"Mazda arr\u00eate de vendre son MX-30 - Benoit Charette - Annuel automobile - CanadaMotorJobs.com.","breadcrumb":{"@id":"https:\/\/news.canadamotorjobs.com\/fr\/mazda-arrete-de-vendre-son-mx-30\/#breadcrumb"},"inLanguage":"fr-CA","potentialAction":[{"@type":"ReadAction","target":["https:\/\/news.canadamotorjobs.com\/fr\/mazda-arrete-de-vendre-son-mx-30\/"]}]},{"@type":"ImageObject","inLanguage":"fr-CA","@id":"https:\/\/news.canadamotorjobs.com\/fr\/mazda-arrete-de-vendre-son-mx-30\/#primaryimage","url":"https:\/\/news.canadamotorjobs.com\/wp-content\/uploads\/2023\/07\/IMG_4660.jpg","contentUrl":"https:\/\/news.canadamotorjobs.com\/wp-content\/uploads\/2023\/07\/IMG_4660.jpg","width":1333,"height":1000},{"@type":"BreadcrumbList","@id":"https:\/\/news.canadamotorjobs.com\/fr\/mazda-arrete-de-vendre-son-mx-30\/#breadcrumb","itemListElement":[{"@type":"ListItem","position":1,"name":"Home","item":"https:\/\/news.canadamotorjobs.com\/fr\/blog\/"},{"@type":"ListItem","position":2,"name":"Mazda arr\u00eate de vendre son MX-30"}]},{"@type":"WebSite","@id":"https:\/\/news.canadamotorjobs.com\/#website","url":"https:\/\/news.canadamotorjobs.com\/","name":"CanadaMotorJobs.com","description":"Automotive Jobs","publisher":{"@id":"https:\/\/news.canadamotorjobs.com\/#organization"},"potentialAction":[{"@type":"SearchAction","target":{"@type":"EntryPoint","urlTemplate":"https:\/\/news.canadamotorjobs.com\/?s={search_term_string}"},"query-input":"required name=search_term_string"}],"inLanguage":"fr-CA"},{"@type":"Organization","@id":"https:\/\/news.canadamotorjobs.com\/#organization","name":"Canada Motor Jobs","url":"https:\/\/news.canadamotorjobs.com\/","logo":{"@type":"ImageObject","inLanguage":"fr-CA","@id":"https:\/\/news.canadamotorjobs.com\/#\/schema\/logo\/image\/","url":"https:\/\/news.canadamotorjobs.com\/wp-content\/uploads\/2022\/10\/logo-canada-motor-jobs-1.png","contentUrl":"https:\/\/news.canadamotorjobs.com\/wp-content\/uploads\/2022\/10\/logo-canada-motor-jobs-1.png","width":800,"height":400,"caption":"Canada Motor Jobs"},"image":{"@id":"https:\/\/news.canadamotorjobs.com\/#\/schema\/logo\/image\/"},"sameAs":["https:\/\/www.facebook.com\/canadamotorjobs\/","https:\/\/x.com\/canadamotorjobs","https:\/\/www.instagram.com\/canadamotorjobs\/","https:\/\/www.linkedin.com\/company\/canadamotorjobs"]},{"@type":"Person","@id":"https:\/\/news.canadamotorjobs.com\/#\/schema\/person\/51793d1f87d44011d7bcc2ed99269a90","name":"Benoit Charette","image":{"@type":"ImageObject","inLanguage":"fr-CA","@id":"https:\/\/news.canadamotorjobs.com\/#\/schema\/person\/image\/","url":"https:\/\/secure.gravatar.com\/avatar\/45f3d2eebcccd909668d7ce7ea7267b6?s=96&d=mm&r=g","contentUrl":"https:\/\/secure.gravatar.com\/avatar\/45f3d2eebcccd909668d7ce7ea7267b6?s=96&d=mm&r=g","caption":"Benoit Charette"},"description":"Benoit Charette \/ Propri\u00e9taire et r\u00e9dacteur en chef Benoit Charette pratique le journalisme automobile depuis bient\u00f4t 30 ans. Il a fait ses classes au c\u00f4t\u00e9 de Daniel H\u00e9raud et au Carnet de route de 1992 \u00e0 2001. Il est fondateur, copropri\u00e9taire et r\u00e9dacteur en chef de L\u2019Annuel de l\u2019automobile, qu\u2019il publie depuis 2001. Il a anim\u00e9 les \u00e9missions RPM et RPM+ sur V et les L\u00e9gendes de la route sur Historia. \u00c0 la radio depuis 1986, il reprend l\u2019antenne cette ann\u00e9e sur les ondes de Cogeco et participe pour la deuxi\u00e8me ann\u00e9e \u00e0 l\u2019\u00e9mission Passion Auto sur RDS en plus de mettre en ligne le site Web officiel de L\u2019Annuel de l\u2019automobile sur annuelauto.ca.","sameAs":["https:\/\/annuelauto.ca\/"],"url":"https:\/\/news.canadamotorjobs.com\/fr\/author\/benoit-charette\/"}]}},"_links":{"self":[{"href":"https:\/\/news.canadamotorjobs.com\/fr\/wp-json\/wp\/v2\/posts\/149112"}],"collection":[{"href":"https:\/\/news.canadamotorjobs.com\/fr\/wp-json\/wp\/v2\/posts"}],"about":[{"href":"https:\/\/news.canadamotorjobs.com\/fr\/wp-json\/wp\/v2\/types\/post"}],"author":[{"embeddable":true,"href":"https:\/\/news.canadamotorjobs.com\/fr\/wp-json\/wp\/v2\/users\/8"}],"replies":[{"embeddable":true,"href":"https:\/\/news.canadamotorjobs.com\/fr\/wp-json\/wp\/v2\/comments?post=149112"}],"version-history":[{"count":2,"href":"https:\/\/news.canadamotorjobs.com\/fr\/wp-json\/wp\/v2\/posts\/149112\/revisions"}],"predecessor-version":[{"id":149116,"href":"https:\/\/news.canadamotorjobs.com\/fr\/wp-json\/wp\/v2\/posts\/149112\/revisions\/149116"}],"wp:featuredmedia":[{"embeddable":true,"href":"https:\/\/news.canadamotorjobs.com\/fr\/wp-json\/wp\/v2\/media\/149114"}],"wp:attachment":[{"href":"https:\/\/news.canadamotorjobs.com\/fr\/wp-json\/wp\/v2\/media?parent=149112"}],"wp:term":[{"taxonomy":"category","embeddable":true,"href":"https:\/\/news.canadamotorjobs.com\/fr\/wp-json\/wp\/v2\/categories?post=149112"},{"taxonomy":"post_tag","embeddable":true,"href":"https:\/\/news.canadamotorjobs.com\/fr\/wp-json\/wp\/v2\/tags?post=149112"}],"curies":[{"name":"wp","href":"https:\/\/api.w.org\/{rel}","templated":true}]}}