{"id":149054,"date":"2023-07-28T13:12:55","date_gmt":"2023-07-28T17:12:55","guid":{"rendered":"https:\/\/news.canadamotorjobs.com\/?p=149054"},"modified":"2023-07-28T13:14:55","modified_gmt":"2023-07-28T17:14:55","slug":"ford-rappelle-870-000-f-150","status":"publish","type":"post","link":"https:\/\/news.canadamotorjobs.com\/fr\/ford-rappelle-870-000-f-150\/","title":{"rendered":"Ford rappelle 870\u00a0000 F-150"},"content":{"rendered":"<\/p>\n<p>Ford Motor Co. rappelle plus de 870 000 camionnettes F-150 aux \u00c9tats-Unis et au Canada en raison d&#8217;un probl\u00e8me qui pourrait entra\u00eener l&#8217;activation inattendue du frein de stationnement \u00e9lectrique pendant la conduite. Ce rappel concerne les camionnettes F-150 des ann\u00e9es-mod\u00e8les 2021 \u00e0 2023 \u00e9quip\u00e9es d&#8217;un syst\u00e8me d&#8217;\u00e9chappement unique.<\/p>\n<p>Les v\u00e9hicules touch\u00e9s pourraient conna\u00eetre une activation du frein de stationnement si le c\u00e2blage est endommag\u00e9.<\/p>\n<p>&#8221; Dans certaines circonstances, le faisceau de c\u00e2blage de l&#8217;essieu arri\u00e8re peut entrer en contact avec le carter de l&#8217;essieu arri\u00e8re. Avec le temps, ce contact peut entra\u00eener une usure de la bande r\u00e9sistante \u00e0 l&#8217;abrasion et de l&#8217;isolation du circuit du faisceau de c\u00e2blage, exposant ainsi les c\u00e2bles &#8220;, selon un rapport de rappel soumis la semaine derni\u00e8re \u00e0 la NHTSA.<\/p>\n<p>Si le probl\u00e8me survient, les conducteurs pourraient voir un t\u00e9moin d&#8217;avertissement du frein de stationnement et un message sur le groupe d&#8217;instruments du tableau de bord.<\/p>\n<h3>Plus de 900 r\u00e9clamations<\/h3>\n<p>\nFord a d\u00e9clar\u00e9 \u00e0 la NHTSA qu&#8217;il \u00e9tait au courant de 918 r\u00e9clamations au titre de la garantie et de trois rapports de terrain pour le probl\u00e8me d&#8217;usure des c\u00e2bles en Am\u00e9rique du Nord d&#8217;ao\u00fbt 2021 au 11 juillet 2023. Sur ces rapports, 299 indiquaient que le frein de stationnement s&#8217;\u00e9tait activ\u00e9 de mani\u00e8re inattendue &#8211; 19 cas auraient pr\u00e9tendument eu lieu pendant que la camionnette \u00e9tait en mouvement.<\/p>\n<p>Ford a affirm\u00e9 ne pas \u00eatre au courant de rapports d&#8217;accidents ou de blessures li\u00e9s \u00e0 ce probl\u00e8me.<\/p>\n<p>Les concessionnaires inspecteront le faisceau de c\u00e2blage de l&#8217;essieu arri\u00e8re et la bande r\u00e9sistante \u00e0 l&#8217;abrasion pour d\u00e9tecter toute usure et les remplaceront si n\u00e9cessaire. Si la bande r\u00e9sistante \u00e0 l&#8217;abrasion ne montre pas de signes d&#8217;usure, ils installeront une sangle de fixation protectrice.<\/p>\n<p>Les concessionnaires devraient \u00eatre inform\u00e9s le 11 septembre. Les propri\u00e9taires de v\u00e9hicules devraient \u00eatre inform\u00e9s d&#8217;ici le 15 septembre.<\/p>\n<p>\u00a0<\/p>\n<p>Le texte <a rel=\"nofollow\" href=\"https:\/\/annuelauto.ca\/ford-rappelle-870-000-f-150\/\">Ford rappelle 870\u00a0000 F-150<\/a> provient de <a rel=\"nofollow\" href=\"https:\/\/annuelauto.ca\">L&#8217;annuel de l&#8217;automobile &#8211; Actualit\u00e9 automobile<\/a><\/p>\n<p><\/p>\n","protected":false},"excerpt":{"rendered":"<p>Ford Motor Co. rappelle plus de 870 000 camionnettes F-150 aux \u00c9tats-Unis et au Canada en raison d&#8217;un probl\u00e8me qui pourrait entra\u00eener l&#8217;activation inattendue du frein de stationnement \u00e9lectrique pendant la conduite. Ce rappel concerne les camionnettes F-150 des ann\u00e9es-mod\u00e8les 2021 \u00e0 2023 \u00e9quip\u00e9es d&#8217;un syst\u00e8me d&#8217;\u00e9chappement unique. Les v\u00e9hicules touch\u00e9s pourraient conna\u00eetre une activation [&hellip;]<\/p>\n","protected":false},"author":8,"featured_media":149056,"comment_status":"close","ping_status":"closed","sticky":false,"template":"","format":"standard","meta":{"_monsterinsights_skip_tracking":false,"_monsterinsights_sitenote_active":false,"_monsterinsights_sitenote_note":"","_monsterinsights_sitenote_category":0,"footnotes":""},"categories":[101],"tags":[],"yoast_head":"<!-- This site is optimized with the Yoast SEO plugin v23.2 - https:\/\/yoast.com\/wordpress\/plugins\/seo\/ -->\n<title>Ford rappelle 870\u00a0000 F-150 - CanadaMotorJobs.com<\/title>\n<meta name=\"description\" content=\"Ford rappelle 870\u00a0000 F-150 - Benoit Charette - Annuel automobile - CanadaMotorJobs.com.\" \/>\n<meta name=\"robots\" content=\"index, follow, max-snippet:-1, max-image-preview:large, max-video-preview:-1\" \/>\n<meta property=\"og:locale\" content=\"fr_CA\" \/>\n<meta property=\"og:type\" content=\"article\" \/>\n<meta property=\"og:title\" content=\"Ford rappelle 870\u00a0000 F-150 - CanadaMotorJobs.com\" \/>\n<meta property=\"og:description\" content=\"Ford rappelle 870\u00a0000 F-150 - Benoit Charette - Annuel automobile - CanadaMotorJobs.com.\" \/>\n<meta property=\"og:url\" content=\"https:\/\/news.canadamotorjobs.com\/fr\/ford-rappelle-870-000-f-150\/\" \/>\n<meta property=\"og:site_name\" content=\"CanadaMotorJobs.com\" \/>\n<meta property=\"article:publisher\" content=\"https:\/\/www.facebook.com\/canadamotorjobs\/\" \/>\n<meta property=\"article:published_time\" content=\"2023-07-28T17:12:55+00:00\" \/>\n<meta property=\"article:modified_time\" content=\"2023-07-28T17:14:55+00:00\" \/>\n<meta property=\"og:image\" content=\"https:\/\/news.canadamotorjobs.com\/wp-content\/uploads\/2023\/07\/principale-2-scaled-1.jpg\" \/>\n\t<meta property=\"og:image:width\" content=\"2560\" \/>\n\t<meta property=\"og:image:height\" content=\"1706\" \/>\n\t<meta property=\"og:image:type\" content=\"image\/jpeg\" \/>\n<meta name=\"author\" content=\"Benoit Charette\" \/>\n<meta name=\"twitter:card\" content=\"summary_large_image\" \/>\n<meta name=\"twitter:creator\" content=\"@canadamotorjobs\" \/>\n<meta name=\"twitter:site\" content=\"@canadamotorjobs\" \/>\n<meta name=\"twitter:label1\" content=\"\u00c9crit par\" \/>\n\t<meta name=\"twitter:data1\" content=\"Benoit Charette\" \/>\n\t<meta name=\"twitter:label2\" content=\"Estimation du temps de lecture\" \/>\n\t<meta name=\"twitter:data2\" content=\"2 minutes\" \/>\n<!-- \/ Yoast SEO plugin. -->","yoast_head_json":{"title":"Ford rappelle 870\u00a0000 F-150 - CanadaMotorJobs.com","description":"Ford rappelle 870\u00a0000 F-150 - Benoit Charette - Annuel automobile - CanadaMotorJobs.com.","robots":{"index":"index","follow":"follow","max-snippet":"max-snippet:-1","max-image-preview":"max-image-preview:large","max-video-preview":"max-video-preview:-1"},"og_locale":"fr_CA","og_type":"article","og_title":"Ford rappelle 870\u00a0000 F-150 - CanadaMotorJobs.com","og_description":"Ford rappelle 870\u00a0000 F-150 - Benoit Charette - Annuel automobile - CanadaMotorJobs.com.","og_url":"https:\/\/news.canadamotorjobs.com\/fr\/ford-rappelle-870-000-f-150\/","og_site_name":"CanadaMotorJobs.com","article_publisher":"https:\/\/www.facebook.com\/canadamotorjobs\/","article_published_time":"2023-07-28T17:12:55+00:00","article_modified_time":"2023-07-28T17:14:55+00:00","og_image":[{"width":2560,"height":1706,"url":"https:\/\/news.canadamotorjobs.com\/wp-content\/uploads\/2023\/07\/principale-2-scaled-1.jpg","type":"image\/jpeg"}],"author":"Benoit Charette","twitter_card":"summary_large_image","twitter_creator":"@canadamotorjobs","twitter_site":"@canadamotorjobs","twitter_misc":{"\u00c9crit par":"Benoit Charette","Estimation du temps de lecture":"2 minutes"},"schema":{"@context":"https:\/\/schema.org","@graph":[{"@type":"Article","@id":"https:\/\/news.canadamotorjobs.com\/fr\/ford-rappelle-870-000-f-150\/#article","isPartOf":{"@id":"https:\/\/news.canadamotorjobs.com\/fr\/ford-rappelle-870-000-f-150\/"},"author":{"name":"Benoit Charette","@id":"https:\/\/news.canadamotorjobs.com\/#\/schema\/person\/51793d1f87d44011d7bcc2ed99269a90"},"headline":"Ford rappelle 870\u00a0000 F-150","datePublished":"2023-07-28T17:12:55+00:00","dateModified":"2023-07-28T17:14:55+00:00","mainEntityOfPage":{"@id":"https:\/\/news.canadamotorjobs.com\/fr\/ford-rappelle-870-000-f-150\/"},"wordCount":363,"publisher":{"@id":"https:\/\/news.canadamotorjobs.com\/#organization"},"image":{"@id":"https:\/\/news.canadamotorjobs.com\/fr\/ford-rappelle-870-000-f-150\/#primaryimage"},"thumbnailUrl":"https:\/\/news.canadamotorjobs.com\/wp-content\/uploads\/2023\/07\/principale-2-scaled-1.jpg","articleSection":["Annuel automobile"],"inLanguage":"fr-CA"},{"@type":"WebPage","@id":"https:\/\/news.canadamotorjobs.com\/fr\/ford-rappelle-870-000-f-150\/","url":"https:\/\/news.canadamotorjobs.com\/fr\/ford-rappelle-870-000-f-150\/","name":"Ford rappelle 870\u00a0000 F-150 - CanadaMotorJobs.com","isPartOf":{"@id":"https:\/\/news.canadamotorjobs.com\/#website"},"primaryImageOfPage":{"@id":"https:\/\/news.canadamotorjobs.com\/fr\/ford-rappelle-870-000-f-150\/#primaryimage"},"image":{"@id":"https:\/\/news.canadamotorjobs.com\/fr\/ford-rappelle-870-000-f-150\/#primaryimage"},"thumbnailUrl":"https:\/\/news.canadamotorjobs.com\/wp-content\/uploads\/2023\/07\/principale-2-scaled-1.jpg","datePublished":"2023-07-28T17:12:55+00:00","dateModified":"2023-07-28T17:14:55+00:00","description":"Ford rappelle 870\u00a0000 F-150 - Benoit Charette - Annuel automobile - CanadaMotorJobs.com.","breadcrumb":{"@id":"https:\/\/news.canadamotorjobs.com\/fr\/ford-rappelle-870-000-f-150\/#breadcrumb"},"inLanguage":"fr-CA","potentialAction":[{"@type":"ReadAction","target":["https:\/\/news.canadamotorjobs.com\/fr\/ford-rappelle-870-000-f-150\/"]}]},{"@type":"ImageObject","inLanguage":"fr-CA","@id":"https:\/\/news.canadamotorjobs.com\/fr\/ford-rappelle-870-000-f-150\/#primaryimage","url":"https:\/\/news.canadamotorjobs.com\/wp-content\/uploads\/2023\/07\/principale-2-scaled-1.jpg","contentUrl":"https:\/\/news.canadamotorjobs.com\/wp-content\/uploads\/2023\/07\/principale-2-scaled-1.jpg","width":2560,"height":1706},{"@type":"BreadcrumbList","@id":"https:\/\/news.canadamotorjobs.com\/fr\/ford-rappelle-870-000-f-150\/#breadcrumb","itemListElement":[{"@type":"ListItem","position":1,"name":"Home","item":"https:\/\/news.canadamotorjobs.com\/fr\/blog\/"},{"@type":"ListItem","position":2,"name":"Ford rappelle 870\u00a0000 F-150"}]},{"@type":"WebSite","@id":"https:\/\/news.canadamotorjobs.com\/#website","url":"https:\/\/news.canadamotorjobs.com\/","name":"CanadaMotorJobs.com","description":"Automotive Jobs","publisher":{"@id":"https:\/\/news.canadamotorjobs.com\/#organization"},"potentialAction":[{"@type":"SearchAction","target":{"@type":"EntryPoint","urlTemplate":"https:\/\/news.canadamotorjobs.com\/?s={search_term_string}"},"query-input":"required name=search_term_string"}],"inLanguage":"fr-CA"},{"@type":"Organization","@id":"https:\/\/news.canadamotorjobs.com\/#organization","name":"Canada Motor Jobs","url":"https:\/\/news.canadamotorjobs.com\/","logo":{"@type":"ImageObject","inLanguage":"fr-CA","@id":"https:\/\/news.canadamotorjobs.com\/#\/schema\/logo\/image\/","url":"https:\/\/news.canadamotorjobs.com\/wp-content\/uploads\/2022\/10\/logo-canada-motor-jobs-1.png","contentUrl":"https:\/\/news.canadamotorjobs.com\/wp-content\/uploads\/2022\/10\/logo-canada-motor-jobs-1.png","width":800,"height":400,"caption":"Canada Motor Jobs"},"image":{"@id":"https:\/\/news.canadamotorjobs.com\/#\/schema\/logo\/image\/"},"sameAs":["https:\/\/www.facebook.com\/canadamotorjobs\/","https:\/\/x.com\/canadamotorjobs","https:\/\/www.instagram.com\/canadamotorjobs\/","https:\/\/www.linkedin.com\/company\/canadamotorjobs"]},{"@type":"Person","@id":"https:\/\/news.canadamotorjobs.com\/#\/schema\/person\/51793d1f87d44011d7bcc2ed99269a90","name":"Benoit Charette","image":{"@type":"ImageObject","inLanguage":"fr-CA","@id":"https:\/\/news.canadamotorjobs.com\/#\/schema\/person\/image\/","url":"https:\/\/secure.gravatar.com\/avatar\/45f3d2eebcccd909668d7ce7ea7267b6?s=96&d=mm&r=g","contentUrl":"https:\/\/secure.gravatar.com\/avatar\/45f3d2eebcccd909668d7ce7ea7267b6?s=96&d=mm&r=g","caption":"Benoit Charette"},"description":"Benoit Charette \/ Propri\u00e9taire et r\u00e9dacteur en chef Benoit Charette pratique le journalisme automobile depuis bient\u00f4t 30 ans. Il a fait ses classes au c\u00f4t\u00e9 de Daniel H\u00e9raud et au Carnet de route de 1992 \u00e0 2001. Il est fondateur, copropri\u00e9taire et r\u00e9dacteur en chef de L\u2019Annuel de l\u2019automobile, qu\u2019il publie depuis 2001. Il a anim\u00e9 les \u00e9missions RPM et RPM+ sur V et les L\u00e9gendes de la route sur Historia. \u00c0 la radio depuis 1986, il reprend l\u2019antenne cette ann\u00e9e sur les ondes de Cogeco et participe pour la deuxi\u00e8me ann\u00e9e \u00e0 l\u2019\u00e9mission Passion Auto sur RDS en plus de mettre en ligne le site Web officiel de L\u2019Annuel de l\u2019automobile sur annuelauto.ca.","sameAs":["https:\/\/annuelauto.ca\/"],"url":"https:\/\/news.canadamotorjobs.com\/fr\/author\/benoit-charette\/"}]}},"_links":{"self":[{"href":"https:\/\/news.canadamotorjobs.com\/fr\/wp-json\/wp\/v2\/posts\/149054"}],"collection":[{"href":"https:\/\/news.canadamotorjobs.com\/fr\/wp-json\/wp\/v2\/posts"}],"about":[{"href":"https:\/\/news.canadamotorjobs.com\/fr\/wp-json\/wp\/v2\/types\/post"}],"author":[{"embeddable":true,"href":"https:\/\/news.canadamotorjobs.com\/fr\/wp-json\/wp\/v2\/users\/8"}],"replies":[{"embeddable":true,"href":"https:\/\/news.canadamotorjobs.com\/fr\/wp-json\/wp\/v2\/comments?post=149054"}],"version-history":[{"count":2,"href":"https:\/\/news.canadamotorjobs.com\/fr\/wp-json\/wp\/v2\/posts\/149054\/revisions"}],"predecessor-version":[{"id":149058,"href":"https:\/\/news.canadamotorjobs.com\/fr\/wp-json\/wp\/v2\/posts\/149054\/revisions\/149058"}],"wp:featuredmedia":[{"embeddable":true,"href":"https:\/\/news.canadamotorjobs.com\/fr\/wp-json\/wp\/v2\/media\/149056"}],"wp:attachment":[{"href":"https:\/\/news.canadamotorjobs.com\/fr\/wp-json\/wp\/v2\/media?parent=149054"}],"wp:term":[{"taxonomy":"category","embeddable":true,"href":"https:\/\/news.canadamotorjobs.com\/fr\/wp-json\/wp\/v2\/categories?post=149054"},{"taxonomy":"post_tag","embeddable":true,"href":"https:\/\/news.canadamotorjobs.com\/fr\/wp-json\/wp\/v2\/tags?post=149054"}],"curies":[{"name":"wp","href":"https:\/\/api.w.org\/{rel}","templated":true}]}}