{"id":149008,"date":"2023-07-26T14:04:59","date_gmt":"2023-07-26T18:04:59","guid":{"rendered":"https:\/\/news.canadamotorjobs.com\/?p=149008"},"modified":"2023-07-26T14:14:41","modified_gmt":"2023-07-26T18:14:41","slug":"sept-grands-constructeurs-automobiles-sunissent-pour-creer-un-nouveau-reseau-de-recharge-pour-ve-en-amerique-du-nord","status":"publish","type":"post","link":"https:\/\/news.canadamotorjobs.com\/fr\/sept-grands-constructeurs-automobiles-sunissent-pour-creer-un-nouveau-reseau-de-recharge-pour-ve-en-amerique-du-nord\/","title":{"rendered":"Sept grands constructeurs automobiles s\u2019unissent pour cr\u00e9er un nouveau r\u00e9seau de recharge pour VE en Am\u00e9rique du Nord."},"content":{"rendered":"<\/p>\n<p>L&#8217;entreprise commune, dont le nom n&#8217;a pas encore \u00e9t\u00e9 d\u00e9voil\u00e9, est fond\u00e9e par le groupe BMW, General Motors, Honda, Hyundai, Kia, le groupe Mercedes-Benz et Stellantis. Les entreprises cherchent \u00e0 rendre la recharge des VES plus pratique, plus accessible et plus fiable pour leurs v\u00e9hicules \u00e9lectrifi\u00e9s.<\/p>\n<h3>Des prises CCS et NACS<\/h3>\n<p>\nLes premi\u00e8res stations de recharge devraient \u00eatre op\u00e9rationnelles aux \u00c9tats-Unis \u00e0 l&#8217;\u00e9t\u00e9 2024. La premi\u00e8re station canadienne arrivera \u00e0 une date ult\u00e9rieure. La nouvelle entreprise commune a pour objectif de cr\u00e9er un r\u00e9seau qui comprendra au moins 30\u00a0000 chargeurs aux \u00c9tats-Unis et au Canada. \u00c0 cette fin, les emplacements offriront des commodit\u00e9s telles que des toilettes, de la nourriture et des commerces, ou seront situ\u00e9s \u00e0 proximit\u00e9 de zones o\u00f9 ces commodit\u00e9s sont d\u00e9j\u00e0 disponibles. Une poign\u00e9e d&#8217;emplacements se concentreront sur la fourniture d&#8217;une &#8220;exp\u00e9rience de premier ordre&#8221; et seront con\u00e7us pour &#8220;pr\u00e9senter l&#8217;avenir de la recharge&#8221;. Les stations offriront une recharge rapide en courant continu et seront \u00e9quip\u00e9es de prises CCS et NACS, ce qui permettra \u00e0 tous les v\u00e9hicules \u00e9lectrifi\u00e9s de s&#8217;y recharger.<\/p>\n<h3>Des mod\u00e8les construits pour le r\u00e9seau<\/h3>\n<p>\nParall\u00e8lement, les v\u00e9hicules des constructeurs automobiles participant \u00e0 la coentreprise seront con\u00e7us pour se connecter en toute transparence aux stations. Une application int\u00e9gr\u00e9e permettra aux conducteurs de profiter d&#8217;une exp\u00e9rience simple de &#8220;branchement et de recharge&#8221;. Dans un premier temps, les stations de recharge seront d\u00e9ploy\u00e9es dans les zones m\u00e9tropolitaines et le long des grands axes routiers. L&#8217;entreprise commune ciblera \u00e9galement les corridors de liaison et les routes de vacances populaires afin de desservir le plus grand nombre de conducteurs de VE. Il faut ajouter \u00e0 cela tout le r\u00e9seau Tesla qui sera aussi rendu disponible aux autres marques avec pr\u00e8s de 12\u00a0000 points de recharge.<\/p>\n<p>Avec des renseignements de carscoops<\/p>\n<p>Le texte <a rel=\"nofollow\" href=\"https:\/\/annuelauto.ca\/sept-grands-constructeurs-automobiles-sunissent-pour-creer-un-nouveau-reseau-de-recharge-pour-ve-en-amerique-du-nord\/\">Sept grands constructeurs automobiles s\u2019unissent pour cr\u00e9er un nouveau r\u00e9seau de recharge pour VE en Am\u00e9rique du Nord.<\/a> provient de <a rel=\"nofollow\" href=\"https:\/\/annuelauto.ca\">L&#8217;annuel de l&#8217;automobile &#8211; Actualit\u00e9 automobile<\/a><\/p>\n<p><\/p>\n","protected":false},"excerpt":{"rendered":"<p>L&#8217;entreprise commune, dont le nom n&#8217;a pas encore \u00e9t\u00e9 d\u00e9voil\u00e9, est fond\u00e9e par le groupe BMW, General Motors, Honda, Hyundai, Kia, le groupe Mercedes-Benz et Stellantis. Les entreprises cherchent \u00e0 rendre la recharge des VES plus pratique, plus accessible et plus fiable pour leurs v\u00e9hicules \u00e9lectrifi\u00e9s. Des prises CCS et NACS Les premi\u00e8res stations de [&hellip;]<\/p>\n","protected":false},"author":8,"featured_media":149010,"comment_status":"close","ping_status":"closed","sticky":false,"template":"","format":"standard","meta":{"_monsterinsights_skip_tracking":false,"_monsterinsights_sitenote_active":false,"_monsterinsights_sitenote_note":"","_monsterinsights_sitenote_category":0,"footnotes":""},"categories":[101],"tags":[],"yoast_head":"<!-- This site is optimized with the Yoast SEO plugin v23.2 - https:\/\/yoast.com\/wordpress\/plugins\/seo\/ -->\n<title>Sept grands constructeurs automobiles s\u2019unissent pour cr\u00e9er un nouveau r\u00e9seau de recharge pour VE en Am\u00e9rique du Nord. - CanadaMotorJobs.com<\/title>\n<meta name=\"description\" content=\"Sept grands constructeurs automobiles s\u2019unissent pour cr\u00e9er un nouveau r\u00e9seau de recharge pour VE en Am\u00e9rique du Nord. - Benoit Charette - Annuel automobile - CanadaMotorJobs.com.\" \/>\n<meta name=\"robots\" content=\"index, follow, max-snippet:-1, max-image-preview:large, max-video-preview:-1\" \/>\n<meta property=\"og:locale\" content=\"fr_CA\" \/>\n<meta property=\"og:type\" content=\"article\" \/>\n<meta property=\"og:title\" content=\"Sept grands constructeurs automobiles s\u2019unissent pour cr\u00e9er un nouveau r\u00e9seau de recharge pour VE en Am\u00e9rique du Nord. - CanadaMotorJobs.com\" \/>\n<meta property=\"og:description\" content=\"Sept grands constructeurs automobiles s\u2019unissent pour cr\u00e9er un nouveau r\u00e9seau de recharge pour VE en Am\u00e9rique du Nord. - Benoit Charette - Annuel automobile - CanadaMotorJobs.com.\" \/>\n<meta property=\"og:url\" content=\"https:\/\/news.canadamotorjobs.com\/fr\/sept-grands-constructeurs-automobiles-sunissent-pour-creer-un-nouveau-reseau-de-recharge-pour-ve-en-amerique-du-nord\/\" \/>\n<meta property=\"og:site_name\" content=\"CanadaMotorJobs.com\" \/>\n<meta property=\"article:publisher\" content=\"https:\/\/www.facebook.com\/canadamotorjobs\/\" \/>\n<meta property=\"article:published_time\" content=\"2023-07-26T18:04:59+00:00\" \/>\n<meta property=\"article:modified_time\" content=\"2023-07-26T18:14:41+00:00\" \/>\n<meta property=\"og:image\" content=\"https:\/\/news.canadamotorjobs.com\/wp-content\/uploads\/2023\/07\/4xe-charge-2gal5j3vgr7an5b1dtvlsg9q8eg-1616779433-1.jpg\" \/>\n\t<meta property=\"og:image:width\" content=\"1200\" \/>\n\t<meta property=\"og:image:height\" content=\"800\" \/>\n\t<meta property=\"og:image:type\" content=\"image\/jpeg\" \/>\n<meta name=\"author\" content=\"Benoit Charette\" \/>\n<meta name=\"twitter:card\" content=\"summary_large_image\" \/>\n<meta name=\"twitter:creator\" content=\"@canadamotorjobs\" \/>\n<meta name=\"twitter:site\" content=\"@canadamotorjobs\" \/>\n<meta name=\"twitter:label1\" content=\"\u00c9crit par\" \/>\n\t<meta name=\"twitter:data1\" content=\"Benoit Charette\" \/>\n\t<meta name=\"twitter:label2\" content=\"Estimation du temps de lecture\" \/>\n\t<meta name=\"twitter:data2\" content=\"2 minutes\" \/>\n<!-- \/ Yoast SEO plugin. -->","yoast_head_json":{"title":"Sept grands constructeurs automobiles s\u2019unissent pour cr\u00e9er un nouveau r\u00e9seau de recharge pour VE en Am\u00e9rique du Nord. - CanadaMotorJobs.com","description":"Sept grands constructeurs automobiles s\u2019unissent pour cr\u00e9er un nouveau r\u00e9seau de recharge pour VE en Am\u00e9rique du Nord. - Benoit Charette - Annuel automobile - CanadaMotorJobs.com.","robots":{"index":"index","follow":"follow","max-snippet":"max-snippet:-1","max-image-preview":"max-image-preview:large","max-video-preview":"max-video-preview:-1"},"og_locale":"fr_CA","og_type":"article","og_title":"Sept grands constructeurs automobiles s\u2019unissent pour cr\u00e9er un nouveau r\u00e9seau de recharge pour VE en Am\u00e9rique du Nord. - CanadaMotorJobs.com","og_description":"Sept grands constructeurs automobiles s\u2019unissent pour cr\u00e9er un nouveau r\u00e9seau de recharge pour VE en Am\u00e9rique du Nord. - Benoit Charette - Annuel automobile - CanadaMotorJobs.com.","og_url":"https:\/\/news.canadamotorjobs.com\/fr\/sept-grands-constructeurs-automobiles-sunissent-pour-creer-un-nouveau-reseau-de-recharge-pour-ve-en-amerique-du-nord\/","og_site_name":"CanadaMotorJobs.com","article_publisher":"https:\/\/www.facebook.com\/canadamotorjobs\/","article_published_time":"2023-07-26T18:04:59+00:00","article_modified_time":"2023-07-26T18:14:41+00:00","og_image":[{"width":1200,"height":800,"url":"https:\/\/news.canadamotorjobs.com\/wp-content\/uploads\/2023\/07\/4xe-charge-2gal5j3vgr7an5b1dtvlsg9q8eg-1616779433-1.jpg","type":"image\/jpeg"}],"author":"Benoit Charette","twitter_card":"summary_large_image","twitter_creator":"@canadamotorjobs","twitter_site":"@canadamotorjobs","twitter_misc":{"\u00c9crit par":"Benoit Charette","Estimation du temps de lecture":"2 minutes"},"schema":{"@context":"https:\/\/schema.org","@graph":[{"@type":"Article","@id":"https:\/\/news.canadamotorjobs.com\/fr\/sept-grands-constructeurs-automobiles-sunissent-pour-creer-un-nouveau-reseau-de-recharge-pour-ve-en-amerique-du-nord\/#article","isPartOf":{"@id":"https:\/\/news.canadamotorjobs.com\/fr\/sept-grands-constructeurs-automobiles-sunissent-pour-creer-un-nouveau-reseau-de-recharge-pour-ve-en-amerique-du-nord\/"},"author":{"name":"Benoit Charette","@id":"https:\/\/news.canadamotorjobs.com\/#\/schema\/person\/51793d1f87d44011d7bcc2ed99269a90"},"headline":"Sept grands constructeurs automobiles s\u2019unissent pour cr\u00e9er un nouveau r\u00e9seau de recharge pour VE en Am\u00e9rique du Nord.","datePublished":"2023-07-26T18:04:59+00:00","dateModified":"2023-07-26T18:14:41+00:00","mainEntityOfPage":{"@id":"https:\/\/news.canadamotorjobs.com\/fr\/sept-grands-constructeurs-automobiles-sunissent-pour-creer-un-nouveau-reseau-de-recharge-pour-ve-en-amerique-du-nord\/"},"wordCount":380,"publisher":{"@id":"https:\/\/news.canadamotorjobs.com\/#organization"},"image":{"@id":"https:\/\/news.canadamotorjobs.com\/fr\/sept-grands-constructeurs-automobiles-sunissent-pour-creer-un-nouveau-reseau-de-recharge-pour-ve-en-amerique-du-nord\/#primaryimage"},"thumbnailUrl":"https:\/\/news.canadamotorjobs.com\/wp-content\/uploads\/2023\/07\/4xe-charge-2gal5j3vgr7an5b1dtvlsg9q8eg-1616779433-1.jpg","articleSection":["Annuel automobile"],"inLanguage":"fr-CA"},{"@type":"WebPage","@id":"https:\/\/news.canadamotorjobs.com\/fr\/sept-grands-constructeurs-automobiles-sunissent-pour-creer-un-nouveau-reseau-de-recharge-pour-ve-en-amerique-du-nord\/","url":"https:\/\/news.canadamotorjobs.com\/fr\/sept-grands-constructeurs-automobiles-sunissent-pour-creer-un-nouveau-reseau-de-recharge-pour-ve-en-amerique-du-nord\/","name":"Sept grands constructeurs automobiles s\u2019unissent pour cr\u00e9er un nouveau r\u00e9seau de recharge pour VE en Am\u00e9rique du Nord. - CanadaMotorJobs.com","isPartOf":{"@id":"https:\/\/news.canadamotorjobs.com\/#website"},"primaryImageOfPage":{"@id":"https:\/\/news.canadamotorjobs.com\/fr\/sept-grands-constructeurs-automobiles-sunissent-pour-creer-un-nouveau-reseau-de-recharge-pour-ve-en-amerique-du-nord\/#primaryimage"},"image":{"@id":"https:\/\/news.canadamotorjobs.com\/fr\/sept-grands-constructeurs-automobiles-sunissent-pour-creer-un-nouveau-reseau-de-recharge-pour-ve-en-amerique-du-nord\/#primaryimage"},"thumbnailUrl":"https:\/\/news.canadamotorjobs.com\/wp-content\/uploads\/2023\/07\/4xe-charge-2gal5j3vgr7an5b1dtvlsg9q8eg-1616779433-1.jpg","datePublished":"2023-07-26T18:04:59+00:00","dateModified":"2023-07-26T18:14:41+00:00","description":"Sept grands constructeurs automobiles s\u2019unissent pour cr\u00e9er un nouveau r\u00e9seau de recharge pour VE en Am\u00e9rique du Nord. - Benoit Charette - Annuel automobile - CanadaMotorJobs.com.","breadcrumb":{"@id":"https:\/\/news.canadamotorjobs.com\/fr\/sept-grands-constructeurs-automobiles-sunissent-pour-creer-un-nouveau-reseau-de-recharge-pour-ve-en-amerique-du-nord\/#breadcrumb"},"inLanguage":"fr-CA","potentialAction":[{"@type":"ReadAction","target":["https:\/\/news.canadamotorjobs.com\/fr\/sept-grands-constructeurs-automobiles-sunissent-pour-creer-un-nouveau-reseau-de-recharge-pour-ve-en-amerique-du-nord\/"]}]},{"@type":"ImageObject","inLanguage":"fr-CA","@id":"https:\/\/news.canadamotorjobs.com\/fr\/sept-grands-constructeurs-automobiles-sunissent-pour-creer-un-nouveau-reseau-de-recharge-pour-ve-en-amerique-du-nord\/#primaryimage","url":"https:\/\/news.canadamotorjobs.com\/wp-content\/uploads\/2023\/07\/4xe-charge-2gal5j3vgr7an5b1dtvlsg9q8eg-1616779433-1.jpg","contentUrl":"https:\/\/news.canadamotorjobs.com\/wp-content\/uploads\/2023\/07\/4xe-charge-2gal5j3vgr7an5b1dtvlsg9q8eg-1616779433-1.jpg","width":1200,"height":800},{"@type":"BreadcrumbList","@id":"https:\/\/news.canadamotorjobs.com\/fr\/sept-grands-constructeurs-automobiles-sunissent-pour-creer-un-nouveau-reseau-de-recharge-pour-ve-en-amerique-du-nord\/#breadcrumb","itemListElement":[{"@type":"ListItem","position":1,"name":"Home","item":"https:\/\/news.canadamotorjobs.com\/fr\/blog\/"},{"@type":"ListItem","position":2,"name":"Sept grands constructeurs automobiles s\u2019unissent pour cr\u00e9er un nouveau r\u00e9seau de recharge pour VE en Am\u00e9rique du Nord."}]},{"@type":"WebSite","@id":"https:\/\/news.canadamotorjobs.com\/#website","url":"https:\/\/news.canadamotorjobs.com\/","name":"CanadaMotorJobs.com","description":"Automotive Jobs","publisher":{"@id":"https:\/\/news.canadamotorjobs.com\/#organization"},"potentialAction":[{"@type":"SearchAction","target":{"@type":"EntryPoint","urlTemplate":"https:\/\/news.canadamotorjobs.com\/?s={search_term_string}"},"query-input":"required name=search_term_string"}],"inLanguage":"fr-CA"},{"@type":"Organization","@id":"https:\/\/news.canadamotorjobs.com\/#organization","name":"Canada Motor Jobs","url":"https:\/\/news.canadamotorjobs.com\/","logo":{"@type":"ImageObject","inLanguage":"fr-CA","@id":"https:\/\/news.canadamotorjobs.com\/#\/schema\/logo\/image\/","url":"https:\/\/news.canadamotorjobs.com\/wp-content\/uploads\/2022\/10\/logo-canada-motor-jobs-1.png","contentUrl":"https:\/\/news.canadamotorjobs.com\/wp-content\/uploads\/2022\/10\/logo-canada-motor-jobs-1.png","width":800,"height":400,"caption":"Canada Motor Jobs"},"image":{"@id":"https:\/\/news.canadamotorjobs.com\/#\/schema\/logo\/image\/"},"sameAs":["https:\/\/www.facebook.com\/canadamotorjobs\/","https:\/\/x.com\/canadamotorjobs","https:\/\/www.instagram.com\/canadamotorjobs\/","https:\/\/www.linkedin.com\/company\/canadamotorjobs"]},{"@type":"Person","@id":"https:\/\/news.canadamotorjobs.com\/#\/schema\/person\/51793d1f87d44011d7bcc2ed99269a90","name":"Benoit Charette","image":{"@type":"ImageObject","inLanguage":"fr-CA","@id":"https:\/\/news.canadamotorjobs.com\/#\/schema\/person\/image\/","url":"https:\/\/secure.gravatar.com\/avatar\/45f3d2eebcccd909668d7ce7ea7267b6?s=96&d=mm&r=g","contentUrl":"https:\/\/secure.gravatar.com\/avatar\/45f3d2eebcccd909668d7ce7ea7267b6?s=96&d=mm&r=g","caption":"Benoit Charette"},"description":"Benoit Charette \/ Propri\u00e9taire et r\u00e9dacteur en chef Benoit Charette pratique le journalisme automobile depuis bient\u00f4t 30 ans. Il a fait ses classes au c\u00f4t\u00e9 de Daniel H\u00e9raud et au Carnet de route de 1992 \u00e0 2001. Il est fondateur, copropri\u00e9taire et r\u00e9dacteur en chef de L\u2019Annuel de l\u2019automobile, qu\u2019il publie depuis 2001. Il a anim\u00e9 les \u00e9missions RPM et RPM+ sur V et les L\u00e9gendes de la route sur Historia. \u00c0 la radio depuis 1986, il reprend l\u2019antenne cette ann\u00e9e sur les ondes de Cogeco et participe pour la deuxi\u00e8me ann\u00e9e \u00e0 l\u2019\u00e9mission Passion Auto sur RDS en plus de mettre en ligne le site Web officiel de L\u2019Annuel de l\u2019automobile sur annuelauto.ca.","sameAs":["https:\/\/annuelauto.ca\/"],"url":"https:\/\/news.canadamotorjobs.com\/fr\/author\/benoit-charette\/"}]}},"_links":{"self":[{"href":"https:\/\/news.canadamotorjobs.com\/fr\/wp-json\/wp\/v2\/posts\/149008"}],"collection":[{"href":"https:\/\/news.canadamotorjobs.com\/fr\/wp-json\/wp\/v2\/posts"}],"about":[{"href":"https:\/\/news.canadamotorjobs.com\/fr\/wp-json\/wp\/v2\/types\/post"}],"author":[{"embeddable":true,"href":"https:\/\/news.canadamotorjobs.com\/fr\/wp-json\/wp\/v2\/users\/8"}],"replies":[{"embeddable":true,"href":"https:\/\/news.canadamotorjobs.com\/fr\/wp-json\/wp\/v2\/comments?post=149008"}],"version-history":[{"count":2,"href":"https:\/\/news.canadamotorjobs.com\/fr\/wp-json\/wp\/v2\/posts\/149008\/revisions"}],"predecessor-version":[{"id":149012,"href":"https:\/\/news.canadamotorjobs.com\/fr\/wp-json\/wp\/v2\/posts\/149008\/revisions\/149012"}],"wp:featuredmedia":[{"embeddable":true,"href":"https:\/\/news.canadamotorjobs.com\/fr\/wp-json\/wp\/v2\/media\/149010"}],"wp:attachment":[{"href":"https:\/\/news.canadamotorjobs.com\/fr\/wp-json\/wp\/v2\/media?parent=149008"}],"wp:term":[{"taxonomy":"category","embeddable":true,"href":"https:\/\/news.canadamotorjobs.com\/fr\/wp-json\/wp\/v2\/categories?post=149008"},{"taxonomy":"post_tag","embeddable":true,"href":"https:\/\/news.canadamotorjobs.com\/fr\/wp-json\/wp\/v2\/tags?post=149008"}],"curies":[{"name":"wp","href":"https:\/\/api.w.org\/{rel}","templated":true}]}}