{"id":148962,"date":"2023-07-25T09:26:44","date_gmt":"2023-07-25T13:26:44","guid":{"rendered":"https:\/\/news.canadamotorjobs.com\/?p=148962"},"modified":"2023-07-25T09:30:18","modified_gmt":"2023-07-25T13:30:18","slug":"la-pdg-de-gm-confirme-le-retour-de-la-bolt","status":"publish","type":"post","link":"https:\/\/news.canadamotorjobs.com\/fr\/la-pdg-de-gm-confirme-le-retour-de-la-bolt\/","title":{"rendered":"La PDG de GM confirme le retour de la Bolt"},"content":{"rendered":"<\/p>\n<h3>La Bolt EV et Bolt \u00a0EUV actuels supprim\u00e9s plus t\u00f4t cette ann\u00e9e<\/h3>\n<p><\/p>\n<h3>Chevrolet vient d&#8217;annoncer qu&#8217;il y aura une nouvelle g\u00e9n\u00e9ration de la Bolt EV.<\/h3>\n<p>\n\u00a0<\/p>\n<p>La PDG de GM a \u00a0fait cette annonce lors d&#8217;une annonce de r\u00e9sultats financiers, affirmant que le Bolt de deuxi\u00e8me g\u00e9n\u00e9ration continuerait d&#8217;offrir un prix abordable et une bonne autonomie.<\/p>\n<h3>Un d\u00e9part surprise<\/h3>\n<p>\nLorsque Chevrolet a annonc\u00e9 la mort des Bolt EV et EUV plus t\u00f4t cette ann\u00e9e, cela a \u00e9t\u00e9 une surprise. Les ventes du v\u00e9hicule \u00e9lectrique \u00e0 bas prix ont augment\u00e9 de 300% cette ann\u00e9e et l&#8217;annonce est venue sans nouvelles d&#8217;un remplacement. La PDG de GM, Mary Barra, a reconnu la popularit\u00e9 du mod\u00e8le actuel lors de l\u2019annonce d&#8217;aujourd&#8217;hui, d\u00e9clarant que &#8220;nos clients adorent la Bolt d&#8217;aujourd&#8217;hui.<\/p>\n<h3>Continuer sur sa lanc\u00e9e<\/h3>\n<p>\nElle a ajout\u00e9 que &#8220;c&#8217;est aussi une source importante de ventes de conqu\u00eate pour l&#8217;entreprise et pour Chevrolet&#8221;. &#8220;Nous maintiendrons l&#8217;\u00e9lan en livrant un nouveau Bolt&#8221;, a d\u00e9clar\u00e9 Barra. &#8220;Et nous l&#8217;ex\u00e9cuterons plus rapidement par rapport \u00e0 un tout nouveau programme avec des d\u00e9penses d&#8217;ing\u00e9nierie et des investissements en capital nettement inf\u00e9rieurs en mettant \u00e0 jour le v\u00e9hicule avec les technologies Ultium et Ultifi et en appliquant notre discipline&#8221; gagner avec simplicit\u00e9 &#8220;.&#8221; L&#8217;utilisation de la plate-forme Ultium de GM, qui est d\u00e9j\u00e0 sous le GMC Hummer EV, Cadillac Lyriq et le futur Chevrolet Equinox EV, offre un potentiel de longue autonomie et de flexibilit\u00e9, en plus de mettre la voiture sur le march\u00e9 plus rapidement.<\/p>\n<h3>Pas encore de date<\/h3>\n<p>\nBarra et Chevrolet n&#8217;ont pas annonc\u00e9 combien de temps &#8220;plus rapidement&#8221; signifiait, mais l&#8217;annonce a indiqu\u00e9 que nous pouvons nous attendre \u00e0 plus d&#8217;informations. GM appelle la Chevrolet Bolt EV, lanc\u00e9e en 2017, \u00ab\u00a0la premi\u00e8re voiture \u00e9lectrique longue port\u00e9e produite en s\u00e9rie et disponible pour les clients \u00e0 un prix vraiment abordable\u00a0\u00bb. 80 % des acheteurs de Bolt restent dans la marque Chevrolet et pr\u00e8s de 70 % provenaient d&#8217;un produit non GM. La soci\u00e9t\u00e9 cherche \u00e0 poursuivre cet h\u00e9ritage avec le nouveau mod\u00e8le.<\/p>\n<p>\u00a0<\/p>\n<p>Avec des renseignements de Motor Illustrated<\/p>\n<p>\u00a0<\/p>\n<p>\u00a0<\/p>\n<p>Le texte <a rel=\"nofollow\" href=\"https:\/\/annuelauto.ca\/la-pdg-de-gm-confirme-le-retour-de-la-bolt\/\">La PDG de GM confirme le retour de la Bolt<\/a> provient de <a rel=\"nofollow\" href=\"https:\/\/annuelauto.ca\">L&#8217;annuel de l&#8217;automobile &#8211; Actualit\u00e9 automobile<\/a><\/p>\n<p><\/p>\n","protected":false},"excerpt":{"rendered":"<p>La Bolt EV et Bolt \u00a0EUV actuels supprim\u00e9s plus t\u00f4t cette ann\u00e9e Chevrolet vient d&#8217;annoncer qu&#8217;il y aura une nouvelle g\u00e9n\u00e9ration de la Bolt EV. \u00a0 La PDG de GM a \u00a0fait cette annonce lors d&#8217;une annonce de r\u00e9sultats financiers, affirmant que le Bolt de deuxi\u00e8me g\u00e9n\u00e9ration continuerait d&#8217;offrir un prix abordable et une bonne [&hellip;]<\/p>\n","protected":false},"author":8,"featured_media":148964,"comment_status":"close","ping_status":"closed","sticky":false,"template":"","format":"standard","meta":{"_monsterinsights_skip_tracking":false,"_monsterinsights_sitenote_active":false,"_monsterinsights_sitenote_note":"","_monsterinsights_sitenote_category":0,"footnotes":""},"categories":[101],"tags":[],"yoast_head":"<!-- This site is optimized with the Yoast SEO plugin v23.2 - https:\/\/yoast.com\/wordpress\/plugins\/seo\/ -->\n<title>La PDG de GM confirme le retour de la Bolt - CanadaMotorJobs.com<\/title>\n<meta name=\"description\" content=\"La PDG de GM confirme le retour de la Bolt - Benoit Charette - Annuel automobile - CanadaMotorJobs.com.\" \/>\n<meta name=\"robots\" content=\"index, follow, max-snippet:-1, max-image-preview:large, max-video-preview:-1\" \/>\n<meta property=\"og:locale\" content=\"fr_CA\" \/>\n<meta property=\"og:type\" content=\"article\" \/>\n<meta property=\"og:title\" content=\"La PDG de GM confirme le retour de la Bolt - CanadaMotorJobs.com\" \/>\n<meta property=\"og:description\" content=\"La PDG de GM confirme le retour de la Bolt - Benoit Charette - Annuel automobile - CanadaMotorJobs.com.\" \/>\n<meta property=\"og:url\" content=\"https:\/\/news.canadamotorjobs.com\/fr\/la-pdg-de-gm-confirme-le-retour-de-la-bolt\/\" \/>\n<meta property=\"og:site_name\" content=\"CanadaMotorJobs.com\" \/>\n<meta property=\"article:publisher\" content=\"https:\/\/www.facebook.com\/canadamotorjobs\/\" \/>\n<meta property=\"article:published_time\" content=\"2023-07-25T13:26:44+00:00\" \/>\n<meta property=\"article:modified_time\" content=\"2023-07-25T13:30:18+00:00\" \/>\n<meta property=\"og:image\" content=\"https:\/\/news.canadamotorjobs.com\/wp-content\/uploads\/2023\/07\/Bolt-EV-and-EUV.jpg\" \/>\n\t<meta property=\"og:image:width\" content=\"1600\" \/>\n\t<meta property=\"og:image:height\" content=\"520\" \/>\n\t<meta property=\"og:image:type\" content=\"image\/jpeg\" \/>\n<meta name=\"author\" content=\"Benoit Charette\" \/>\n<meta name=\"twitter:card\" content=\"summary_large_image\" \/>\n<meta name=\"twitter:creator\" content=\"@canadamotorjobs\" \/>\n<meta name=\"twitter:site\" content=\"@canadamotorjobs\" \/>\n<meta name=\"twitter:label1\" content=\"\u00c9crit par\" \/>\n\t<meta name=\"twitter:data1\" content=\"Benoit Charette\" \/>\n\t<meta name=\"twitter:label2\" content=\"Estimation du temps de lecture\" \/>\n\t<meta name=\"twitter:data2\" content=\"2 minutes\" \/>\n<!-- \/ Yoast SEO plugin. -->","yoast_head_json":{"title":"La PDG de GM confirme le retour de la Bolt - CanadaMotorJobs.com","description":"La PDG de GM confirme le retour de la Bolt - Benoit Charette - Annuel automobile - CanadaMotorJobs.com.","robots":{"index":"index","follow":"follow","max-snippet":"max-snippet:-1","max-image-preview":"max-image-preview:large","max-video-preview":"max-video-preview:-1"},"og_locale":"fr_CA","og_type":"article","og_title":"La PDG de GM confirme le retour de la Bolt - CanadaMotorJobs.com","og_description":"La PDG de GM confirme le retour de la Bolt - Benoit Charette - Annuel automobile - CanadaMotorJobs.com.","og_url":"https:\/\/news.canadamotorjobs.com\/fr\/la-pdg-de-gm-confirme-le-retour-de-la-bolt\/","og_site_name":"CanadaMotorJobs.com","article_publisher":"https:\/\/www.facebook.com\/canadamotorjobs\/","article_published_time":"2023-07-25T13:26:44+00:00","article_modified_time":"2023-07-25T13:30:18+00:00","og_image":[{"width":1600,"height":520,"url":"https:\/\/news.canadamotorjobs.com\/wp-content\/uploads\/2023\/07\/Bolt-EV-and-EUV.jpg","type":"image\/jpeg"}],"author":"Benoit Charette","twitter_card":"summary_large_image","twitter_creator":"@canadamotorjobs","twitter_site":"@canadamotorjobs","twitter_misc":{"\u00c9crit par":"Benoit Charette","Estimation du temps de lecture":"2 minutes"},"schema":{"@context":"https:\/\/schema.org","@graph":[{"@type":"Article","@id":"https:\/\/news.canadamotorjobs.com\/fr\/la-pdg-de-gm-confirme-le-retour-de-la-bolt\/#article","isPartOf":{"@id":"https:\/\/news.canadamotorjobs.com\/fr\/la-pdg-de-gm-confirme-le-retour-de-la-bolt\/"},"author":{"name":"Benoit Charette","@id":"https:\/\/news.canadamotorjobs.com\/#\/schema\/person\/51793d1f87d44011d7bcc2ed99269a90"},"headline":"La PDG de GM confirme le retour de la Bolt","datePublished":"2023-07-25T13:26:44+00:00","dateModified":"2023-07-25T13:30:18+00:00","mainEntityOfPage":{"@id":"https:\/\/news.canadamotorjobs.com\/fr\/la-pdg-de-gm-confirme-le-retour-de-la-bolt\/"},"wordCount":412,"publisher":{"@id":"https:\/\/news.canadamotorjobs.com\/#organization"},"image":{"@id":"https:\/\/news.canadamotorjobs.com\/fr\/la-pdg-de-gm-confirme-le-retour-de-la-bolt\/#primaryimage"},"thumbnailUrl":"https:\/\/news.canadamotorjobs.com\/wp-content\/uploads\/2023\/07\/Bolt-EV-and-EUV.jpg","articleSection":["Annuel automobile"],"inLanguage":"fr-CA"},{"@type":"WebPage","@id":"https:\/\/news.canadamotorjobs.com\/fr\/la-pdg-de-gm-confirme-le-retour-de-la-bolt\/","url":"https:\/\/news.canadamotorjobs.com\/fr\/la-pdg-de-gm-confirme-le-retour-de-la-bolt\/","name":"La PDG de GM confirme le retour de la Bolt - CanadaMotorJobs.com","isPartOf":{"@id":"https:\/\/news.canadamotorjobs.com\/#website"},"primaryImageOfPage":{"@id":"https:\/\/news.canadamotorjobs.com\/fr\/la-pdg-de-gm-confirme-le-retour-de-la-bolt\/#primaryimage"},"image":{"@id":"https:\/\/news.canadamotorjobs.com\/fr\/la-pdg-de-gm-confirme-le-retour-de-la-bolt\/#primaryimage"},"thumbnailUrl":"https:\/\/news.canadamotorjobs.com\/wp-content\/uploads\/2023\/07\/Bolt-EV-and-EUV.jpg","datePublished":"2023-07-25T13:26:44+00:00","dateModified":"2023-07-25T13:30:18+00:00","description":"La PDG de GM confirme le retour de la Bolt - Benoit Charette - Annuel automobile - CanadaMotorJobs.com.","breadcrumb":{"@id":"https:\/\/news.canadamotorjobs.com\/fr\/la-pdg-de-gm-confirme-le-retour-de-la-bolt\/#breadcrumb"},"inLanguage":"fr-CA","potentialAction":[{"@type":"ReadAction","target":["https:\/\/news.canadamotorjobs.com\/fr\/la-pdg-de-gm-confirme-le-retour-de-la-bolt\/"]}]},{"@type":"ImageObject","inLanguage":"fr-CA","@id":"https:\/\/news.canadamotorjobs.com\/fr\/la-pdg-de-gm-confirme-le-retour-de-la-bolt\/#primaryimage","url":"https:\/\/news.canadamotorjobs.com\/wp-content\/uploads\/2023\/07\/Bolt-EV-and-EUV.jpg","contentUrl":"https:\/\/news.canadamotorjobs.com\/wp-content\/uploads\/2023\/07\/Bolt-EV-and-EUV.jpg","width":1600,"height":520},{"@type":"BreadcrumbList","@id":"https:\/\/news.canadamotorjobs.com\/fr\/la-pdg-de-gm-confirme-le-retour-de-la-bolt\/#breadcrumb","itemListElement":[{"@type":"ListItem","position":1,"name":"Home","item":"https:\/\/news.canadamotorjobs.com\/fr\/blog\/"},{"@type":"ListItem","position":2,"name":"La PDG de GM confirme le retour de la Bolt"}]},{"@type":"WebSite","@id":"https:\/\/news.canadamotorjobs.com\/#website","url":"https:\/\/news.canadamotorjobs.com\/","name":"CanadaMotorJobs.com","description":"Automotive Jobs","publisher":{"@id":"https:\/\/news.canadamotorjobs.com\/#organization"},"potentialAction":[{"@type":"SearchAction","target":{"@type":"EntryPoint","urlTemplate":"https:\/\/news.canadamotorjobs.com\/?s={search_term_string}"},"query-input":"required name=search_term_string"}],"inLanguage":"fr-CA"},{"@type":"Organization","@id":"https:\/\/news.canadamotorjobs.com\/#organization","name":"Canada Motor Jobs","url":"https:\/\/news.canadamotorjobs.com\/","logo":{"@type":"ImageObject","inLanguage":"fr-CA","@id":"https:\/\/news.canadamotorjobs.com\/#\/schema\/logo\/image\/","url":"https:\/\/news.canadamotorjobs.com\/wp-content\/uploads\/2022\/10\/logo-canada-motor-jobs-1.png","contentUrl":"https:\/\/news.canadamotorjobs.com\/wp-content\/uploads\/2022\/10\/logo-canada-motor-jobs-1.png","width":800,"height":400,"caption":"Canada Motor Jobs"},"image":{"@id":"https:\/\/news.canadamotorjobs.com\/#\/schema\/logo\/image\/"},"sameAs":["https:\/\/www.facebook.com\/canadamotorjobs\/","https:\/\/x.com\/canadamotorjobs","https:\/\/www.instagram.com\/canadamotorjobs\/","https:\/\/www.linkedin.com\/company\/canadamotorjobs"]},{"@type":"Person","@id":"https:\/\/news.canadamotorjobs.com\/#\/schema\/person\/51793d1f87d44011d7bcc2ed99269a90","name":"Benoit Charette","image":{"@type":"ImageObject","inLanguage":"fr-CA","@id":"https:\/\/news.canadamotorjobs.com\/#\/schema\/person\/image\/","url":"https:\/\/secure.gravatar.com\/avatar\/45f3d2eebcccd909668d7ce7ea7267b6?s=96&d=mm&r=g","contentUrl":"https:\/\/secure.gravatar.com\/avatar\/45f3d2eebcccd909668d7ce7ea7267b6?s=96&d=mm&r=g","caption":"Benoit Charette"},"description":"Benoit Charette \/ Propri\u00e9taire et r\u00e9dacteur en chef Benoit Charette pratique le journalisme automobile depuis bient\u00f4t 30 ans. Il a fait ses classes au c\u00f4t\u00e9 de Daniel H\u00e9raud et au Carnet de route de 1992 \u00e0 2001. Il est fondateur, copropri\u00e9taire et r\u00e9dacteur en chef de L\u2019Annuel de l\u2019automobile, qu\u2019il publie depuis 2001. Il a anim\u00e9 les \u00e9missions RPM et RPM+ sur V et les L\u00e9gendes de la route sur Historia. \u00c0 la radio depuis 1986, il reprend l\u2019antenne cette ann\u00e9e sur les ondes de Cogeco et participe pour la deuxi\u00e8me ann\u00e9e \u00e0 l\u2019\u00e9mission Passion Auto sur RDS en plus de mettre en ligne le site Web officiel de L\u2019Annuel de l\u2019automobile sur annuelauto.ca.","sameAs":["https:\/\/annuelauto.ca\/"],"url":"https:\/\/news.canadamotorjobs.com\/fr\/author\/benoit-charette\/"}]}},"_links":{"self":[{"href":"https:\/\/news.canadamotorjobs.com\/fr\/wp-json\/wp\/v2\/posts\/148962"}],"collection":[{"href":"https:\/\/news.canadamotorjobs.com\/fr\/wp-json\/wp\/v2\/posts"}],"about":[{"href":"https:\/\/news.canadamotorjobs.com\/fr\/wp-json\/wp\/v2\/types\/post"}],"author":[{"embeddable":true,"href":"https:\/\/news.canadamotorjobs.com\/fr\/wp-json\/wp\/v2\/users\/8"}],"replies":[{"embeddable":true,"href":"https:\/\/news.canadamotorjobs.com\/fr\/wp-json\/wp\/v2\/comments?post=148962"}],"version-history":[{"count":2,"href":"https:\/\/news.canadamotorjobs.com\/fr\/wp-json\/wp\/v2\/posts\/148962\/revisions"}],"predecessor-version":[{"id":148966,"href":"https:\/\/news.canadamotorjobs.com\/fr\/wp-json\/wp\/v2\/posts\/148962\/revisions\/148966"}],"wp:featuredmedia":[{"embeddable":true,"href":"https:\/\/news.canadamotorjobs.com\/fr\/wp-json\/wp\/v2\/media\/148964"}],"wp:attachment":[{"href":"https:\/\/news.canadamotorjobs.com\/fr\/wp-json\/wp\/v2\/media?parent=148962"}],"wp:term":[{"taxonomy":"category","embeddable":true,"href":"https:\/\/news.canadamotorjobs.com\/fr\/wp-json\/wp\/v2\/categories?post=148962"},{"taxonomy":"post_tag","embeddable":true,"href":"https:\/\/news.canadamotorjobs.com\/fr\/wp-json\/wp\/v2\/tags?post=148962"}],"curies":[{"name":"wp","href":"https:\/\/api.w.org\/{rel}","templated":true}]}}