{"id":148934,"date":"2023-07-24T07:42:42","date_gmt":"2023-07-24T11:42:42","guid":{"rendered":"https:\/\/news.canadamotorjobs.com\/?p=148934"},"modified":"2023-07-24T07:47:26","modified_gmt":"2023-07-24T11:47:26","slug":"les-ventes-de-vehicules-electriques-depassent-celles-des-diesel-en-europe","status":"publish","type":"post","link":"https:\/\/news.canadamotorjobs.com\/fr\/les-ventes-de-vehicules-electriques-depassent-celles-des-diesel-en-europe\/","title":{"rendered":"Les ventes de v\u00e9hicules \u00e9lectriques d\u00e9passent celles des Diesel en Europe"},"content":{"rendered":"<\/p>\n<h3>&#8211; Pour la premi\u00e8re fois en Europe, les ventes de V\u00c9S d\u00e9passent celles des mod\u00e8les diesel, les batteries \u00e9lectriques d\u00e9tenant une part de march\u00e9 de 15,1\u00a0% contre 13,4\u00a0% pour les diesels.<br \/>\n&#8211; Les mod\u00e8les \u00e0 essence conservent encore plus de 36 % du march\u00e9<br \/>\n&#8211; La Tesla Model Y a \u00e9t\u00e9 le mod\u00e8le le plus vendu en Europe, toutes cat\u00e9gories de v\u00e9hicules confondues, au cours des six premiers mois de l&#8217;ann\u00e9e 2023.<\/h3>\n<p><\/p>\n<h3>L\u2019apr\u00e8s-Dieselgate<\/h3>\n<p>\nL\u2019Europe automobile a bien chang\u00e9 depuis septembre 2015 lorsque Volkswagen s\u2019est fait prendre \u00e0 tricher la main dans le sac. De plus, les r\u00e9glementations de plus en plus strictes en mati\u00e8re d&#8217;\u00e9missions rendent les moteurs \u00e0 p\u00e9trole encore plus vuln\u00e9rables \u00e0 l&#8217;extinction, ce qui explique pourquoi de nombreux constructeurs automobiles ont d\u00e9j\u00e0 cess\u00e9 de proposer des moteurs diesel sur les petites voitures. Les chiffres de vente de juin publi\u00e9s par l&#8217;Association des constructeurs europ\u00e9ens d&#8217;automobiles ne mentent pas\u00a0: la demande de voitures diesel est en baisse.<\/p>\n<h3>Un plus pour l\u2019environnement<\/h3>\n<p>\nDans les pays de l&#8217;Union europ\u00e9enne, la part de march\u00e9 des v\u00e9hicules Diesel n&#8217;\u00e9tait plus que de 13,4\u00a0% le mois dernier, ce qui est nettement inf\u00e9rieur aux 17,4\u00a0% atteints en juin 2022. La baisse de la demande a permis aux v\u00e9hicules purement \u00e9lectriques de d\u00e9passer les diesels pour la premi\u00e8re fois. En effet, les voitures \u00e0 z\u00e9ro \u00e9mission ont repr\u00e9sent\u00e9 15,1\u00a0% de la part totale, contre 10,7\u00a0% en juin 2022. Les hybrides ont \u00e9galement \u00e9t\u00e9 plus populaires que les diesels gr\u00e2ce \u00e0 une part de march\u00e9 de 24,3\u00a0%, tandis que les PHEV ont repr\u00e9sent\u00e9 7,9\u00a0% de la demande totale, soit une baisse par rapport aux 8,2\u00a0% de juin 2022. L&#8217;\u00e9tude de l&#8217;ACEA montre que l&#8217;essence reste reine pour le moment, avec plus d&#8217;un tiers de toutes les ventes, soit 36,3\u00a0%. Cela repr\u00e9sente 379 067 voitures, soit 11\u00a0% de plus qu&#8217;en juin 2022. M\u00eame si les ventes sont en hausse, la part de march\u00e9 a en fait baiss\u00e9 de 38,5\u00a0% \u00e0 36,3\u00a0% en raison de l&#8217;essor des v\u00e9hicules \u00e9lectriques.<\/p>\n<h3>Encore quelques amateurs de Diesel<\/h3>\n<p>\nM\u00eame si les diesels perdent progressivement leur popularit\u00e9 dans l&#8217;Union europ\u00e9enne, l&#8217;ACEA note une augmentation significative des ventes de 10,3\u00a0% en Allemagne ainsi que sur les march\u00e9s d&#8217;Europe centrale. La Roumanie a connu la plus forte croissance (en pourcentage) en juin 2023 par rapport au m\u00eame mois de l&#8217;ann\u00e9e pr\u00e9c\u00e9dente, les ventes de voitures diesel neuves ayant augment\u00e9 de 22,4\u00a0%. Dans l&#8217;ensemble, les ventes de voitures neuves (tous types de motorisations confondus) ont bondi dans l&#8217;UE au cours des six premiers mois de 2023 de 17,9\u00a0% pour atteindre 5,4 millions de v\u00e9hicules, mais ce chiffre reste inf\u00e9rieur de 21\u00a0% \u00e0 celui du premier semestre\u00a02019, avant la pand\u00e9mie. L&#8217;ACEA souligne que les goulets d&#8217;\u00e9tranglement de la cha\u00eene d&#8217;approvisionnement sont de moins en moins un probl\u00e8me, bien que les gens doivent encore attendre longtemps pour certains mod\u00e8les, comme chez nous<\/p>\n<h3>Des normes encore plus s\u00e9v\u00e8res \u00e0 venir<\/h3>\n<p>\nAvec l&#8217;entr\u00e9e en vigueur de la norme Euro 7 en 2025, nous nous attendons \u00e0 ce que les constructeurs automobiles acc\u00e9l\u00e8rent la transition vers les V\u00c9S. En d&#8217;autres termes, il y aura moins de voitures \u00e0 moteur \u00e0 combustion interne en vente. Le groupe VW a pr\u00e9venu que les voitures du segment B \u00e9taient menac\u00e9es, car l&#8217;adaptation de leurs moteurs pour se conformer \u00e0 la l\u00e9gislation plus stricte pourrait rendre ces mod\u00e8les trop co\u00fbteux. \u00c0 partir de 2035, les constructeurs automobiles actifs dans l&#8217;UE ne pourront plus vendre de nouvelles voitures produisant des \u00e9missions nocives.<\/p>\n<p>Avec des renseignements de Motor1<\/p>\n<p>Le texte <a rel=\"nofollow\" href=\"https:\/\/annuelauto.ca\/les-ventes-de-vehicules-electriques-depassent-celles-des-diesel-en-europe\/\">Les ventes de v\u00e9hicules \u00e9lectriques d\u00e9passent celles des Diesel en Europe<\/a> provient de <a rel=\"nofollow\" href=\"https:\/\/annuelauto.ca\">L&#8217;annuel de l&#8217;automobile &#8211; Actualit\u00e9 automobile<\/a><\/p>\n<p><\/p>\n","protected":false},"excerpt":{"rendered":"<p>&#8211; Pour la premi\u00e8re fois en Europe, les ventes de V\u00c9S d\u00e9passent celles des mod\u00e8les diesel, les batteries \u00e9lectriques d\u00e9tenant une part de march\u00e9 de 15,1\u00a0% contre 13,4\u00a0% pour les diesels. &#8211; Les mod\u00e8les \u00e0 essence conservent encore plus de 36 % du march\u00e9 &#8211; La Tesla Model Y a \u00e9t\u00e9 le mod\u00e8le le plus [&hellip;]<\/p>\n","protected":false},"author":8,"featured_media":148936,"comment_status":"close","ping_status":"closed","sticky":false,"template":"","format":"standard","meta":{"_monsterinsights_skip_tracking":false,"_monsterinsights_sitenote_active":false,"_monsterinsights_sitenote_note":"","_monsterinsights_sitenote_category":0,"footnotes":""},"categories":[101],"tags":[],"yoast_head":"<!-- This site is optimized with the Yoast SEO plugin v23.2 - https:\/\/yoast.com\/wordpress\/plugins\/seo\/ -->\n<title>Les ventes de v\u00e9hicules \u00e9lectriques d\u00e9passent celles des Diesel en Europe - CanadaMotorJobs.com<\/title>\n<meta name=\"description\" content=\"Les ventes de v\u00e9hicules \u00e9lectriques d\u00e9passent celles des Diesel en Europe - Benoit Charette - Annuel automobile - CanadaMotorJobs.com.\" \/>\n<meta name=\"robots\" content=\"index, follow, max-snippet:-1, max-image-preview:large, max-video-preview:-1\" \/>\n<meta property=\"og:locale\" content=\"fr_CA\" \/>\n<meta property=\"og:type\" content=\"article\" \/>\n<meta property=\"og:title\" content=\"Les ventes de v\u00e9hicules \u00e9lectriques d\u00e9passent celles des Diesel en Europe - CanadaMotorJobs.com\" \/>\n<meta property=\"og:description\" content=\"Les ventes de v\u00e9hicules \u00e9lectriques d\u00e9passent celles des Diesel en Europe - Benoit Charette - Annuel automobile - CanadaMotorJobs.com.\" \/>\n<meta property=\"og:url\" content=\"https:\/\/news.canadamotorjobs.com\/fr\/les-ventes-de-vehicules-electriques-depassent-celles-des-diesel-en-europe\/\" \/>\n<meta property=\"og:site_name\" content=\"CanadaMotorJobs.com\" \/>\n<meta property=\"article:publisher\" content=\"https:\/\/www.facebook.com\/canadamotorjobs\/\" \/>\n<meta property=\"article:published_time\" content=\"2023-07-24T11:42:42+00:00\" \/>\n<meta property=\"article:modified_time\" content=\"2023-07-24T11:47:26+00:00\" \/>\n<meta property=\"og:image\" content=\"https:\/\/news.canadamotorjobs.com\/wp-content\/uploads\/2023\/07\/model-y-fleet-giga-berlin-1-e1647432942196.jpeg\" \/>\n\t<meta property=\"og:image:width\" content=\"1838\" \/>\n\t<meta property=\"og:image:height\" content=\"972\" \/>\n\t<meta property=\"og:image:type\" content=\"image\/jpeg\" \/>\n<meta name=\"author\" content=\"Benoit Charette\" \/>\n<meta name=\"twitter:card\" content=\"summary_large_image\" \/>\n<meta name=\"twitter:creator\" content=\"@canadamotorjobs\" \/>\n<meta name=\"twitter:site\" content=\"@canadamotorjobs\" \/>\n<meta name=\"twitter:label1\" content=\"\u00c9crit par\" \/>\n\t<meta name=\"twitter:data1\" content=\"Benoit Charette\" \/>\n\t<meta name=\"twitter:label2\" content=\"Estimation du temps de lecture\" \/>\n\t<meta name=\"twitter:data2\" content=\"3 minutes\" \/>\n<!-- \/ Yoast SEO plugin. -->","yoast_head_json":{"title":"Les ventes de v\u00e9hicules \u00e9lectriques d\u00e9passent celles des Diesel en Europe - CanadaMotorJobs.com","description":"Les ventes de v\u00e9hicules \u00e9lectriques d\u00e9passent celles des Diesel en Europe - Benoit Charette - Annuel automobile - CanadaMotorJobs.com.","robots":{"index":"index","follow":"follow","max-snippet":"max-snippet:-1","max-image-preview":"max-image-preview:large","max-video-preview":"max-video-preview:-1"},"og_locale":"fr_CA","og_type":"article","og_title":"Les ventes de v\u00e9hicules \u00e9lectriques d\u00e9passent celles des Diesel en Europe - CanadaMotorJobs.com","og_description":"Les ventes de v\u00e9hicules \u00e9lectriques d\u00e9passent celles des Diesel en Europe - Benoit Charette - Annuel automobile - CanadaMotorJobs.com.","og_url":"https:\/\/news.canadamotorjobs.com\/fr\/les-ventes-de-vehicules-electriques-depassent-celles-des-diesel-en-europe\/","og_site_name":"CanadaMotorJobs.com","article_publisher":"https:\/\/www.facebook.com\/canadamotorjobs\/","article_published_time":"2023-07-24T11:42:42+00:00","article_modified_time":"2023-07-24T11:47:26+00:00","og_image":[{"width":1838,"height":972,"url":"https:\/\/news.canadamotorjobs.com\/wp-content\/uploads\/2023\/07\/model-y-fleet-giga-berlin-1-e1647432942196.jpeg","type":"image\/jpeg"}],"author":"Benoit Charette","twitter_card":"summary_large_image","twitter_creator":"@canadamotorjobs","twitter_site":"@canadamotorjobs","twitter_misc":{"\u00c9crit par":"Benoit Charette","Estimation du temps de lecture":"3 minutes"},"schema":{"@context":"https:\/\/schema.org","@graph":[{"@type":"Article","@id":"https:\/\/news.canadamotorjobs.com\/fr\/les-ventes-de-vehicules-electriques-depassent-celles-des-diesel-en-europe\/#article","isPartOf":{"@id":"https:\/\/news.canadamotorjobs.com\/fr\/les-ventes-de-vehicules-electriques-depassent-celles-des-diesel-en-europe\/"},"author":{"name":"Benoit Charette","@id":"https:\/\/news.canadamotorjobs.com\/#\/schema\/person\/51793d1f87d44011d7bcc2ed99269a90"},"headline":"Les ventes de v\u00e9hicules \u00e9lectriques d\u00e9passent celles des Diesel en Europe","datePublished":"2023-07-24T11:42:42+00:00","dateModified":"2023-07-24T11:47:26+00:00","mainEntityOfPage":{"@id":"https:\/\/news.canadamotorjobs.com\/fr\/les-ventes-de-vehicules-electriques-depassent-celles-des-diesel-en-europe\/"},"wordCount":657,"publisher":{"@id":"https:\/\/news.canadamotorjobs.com\/#organization"},"image":{"@id":"https:\/\/news.canadamotorjobs.com\/fr\/les-ventes-de-vehicules-electriques-depassent-celles-des-diesel-en-europe\/#primaryimage"},"thumbnailUrl":"https:\/\/news.canadamotorjobs.com\/wp-content\/uploads\/2023\/07\/model-y-fleet-giga-berlin-1-e1647432942196.jpeg","articleSection":["Annuel automobile"],"inLanguage":"fr-CA"},{"@type":"WebPage","@id":"https:\/\/news.canadamotorjobs.com\/fr\/les-ventes-de-vehicules-electriques-depassent-celles-des-diesel-en-europe\/","url":"https:\/\/news.canadamotorjobs.com\/fr\/les-ventes-de-vehicules-electriques-depassent-celles-des-diesel-en-europe\/","name":"Les ventes de v\u00e9hicules \u00e9lectriques d\u00e9passent celles des Diesel en Europe - CanadaMotorJobs.com","isPartOf":{"@id":"https:\/\/news.canadamotorjobs.com\/#website"},"primaryImageOfPage":{"@id":"https:\/\/news.canadamotorjobs.com\/fr\/les-ventes-de-vehicules-electriques-depassent-celles-des-diesel-en-europe\/#primaryimage"},"image":{"@id":"https:\/\/news.canadamotorjobs.com\/fr\/les-ventes-de-vehicules-electriques-depassent-celles-des-diesel-en-europe\/#primaryimage"},"thumbnailUrl":"https:\/\/news.canadamotorjobs.com\/wp-content\/uploads\/2023\/07\/model-y-fleet-giga-berlin-1-e1647432942196.jpeg","datePublished":"2023-07-24T11:42:42+00:00","dateModified":"2023-07-24T11:47:26+00:00","description":"Les ventes de v\u00e9hicules \u00e9lectriques d\u00e9passent celles des Diesel en Europe - Benoit Charette - Annuel automobile - CanadaMotorJobs.com.","breadcrumb":{"@id":"https:\/\/news.canadamotorjobs.com\/fr\/les-ventes-de-vehicules-electriques-depassent-celles-des-diesel-en-europe\/#breadcrumb"},"inLanguage":"fr-CA","potentialAction":[{"@type":"ReadAction","target":["https:\/\/news.canadamotorjobs.com\/fr\/les-ventes-de-vehicules-electriques-depassent-celles-des-diesel-en-europe\/"]}]},{"@type":"ImageObject","inLanguage":"fr-CA","@id":"https:\/\/news.canadamotorjobs.com\/fr\/les-ventes-de-vehicules-electriques-depassent-celles-des-diesel-en-europe\/#primaryimage","url":"https:\/\/news.canadamotorjobs.com\/wp-content\/uploads\/2023\/07\/model-y-fleet-giga-berlin-1-e1647432942196.jpeg","contentUrl":"https:\/\/news.canadamotorjobs.com\/wp-content\/uploads\/2023\/07\/model-y-fleet-giga-berlin-1-e1647432942196.jpeg","width":1838,"height":972},{"@type":"BreadcrumbList","@id":"https:\/\/news.canadamotorjobs.com\/fr\/les-ventes-de-vehicules-electriques-depassent-celles-des-diesel-en-europe\/#breadcrumb","itemListElement":[{"@type":"ListItem","position":1,"name":"Home","item":"https:\/\/news.canadamotorjobs.com\/fr\/blog\/"},{"@type":"ListItem","position":2,"name":"Les ventes de v\u00e9hicules \u00e9lectriques d\u00e9passent celles des Diesel en Europe"}]},{"@type":"WebSite","@id":"https:\/\/news.canadamotorjobs.com\/#website","url":"https:\/\/news.canadamotorjobs.com\/","name":"CanadaMotorJobs.com","description":"Automotive Jobs","publisher":{"@id":"https:\/\/news.canadamotorjobs.com\/#organization"},"potentialAction":[{"@type":"SearchAction","target":{"@type":"EntryPoint","urlTemplate":"https:\/\/news.canadamotorjobs.com\/?s={search_term_string}"},"query-input":"required name=search_term_string"}],"inLanguage":"fr-CA"},{"@type":"Organization","@id":"https:\/\/news.canadamotorjobs.com\/#organization","name":"Canada Motor Jobs","url":"https:\/\/news.canadamotorjobs.com\/","logo":{"@type":"ImageObject","inLanguage":"fr-CA","@id":"https:\/\/news.canadamotorjobs.com\/#\/schema\/logo\/image\/","url":"https:\/\/news.canadamotorjobs.com\/wp-content\/uploads\/2022\/10\/logo-canada-motor-jobs-1.png","contentUrl":"https:\/\/news.canadamotorjobs.com\/wp-content\/uploads\/2022\/10\/logo-canada-motor-jobs-1.png","width":800,"height":400,"caption":"Canada Motor Jobs"},"image":{"@id":"https:\/\/news.canadamotorjobs.com\/#\/schema\/logo\/image\/"},"sameAs":["https:\/\/www.facebook.com\/canadamotorjobs\/","https:\/\/x.com\/canadamotorjobs","https:\/\/www.instagram.com\/canadamotorjobs\/","https:\/\/www.linkedin.com\/company\/canadamotorjobs"]},{"@type":"Person","@id":"https:\/\/news.canadamotorjobs.com\/#\/schema\/person\/51793d1f87d44011d7bcc2ed99269a90","name":"Benoit Charette","image":{"@type":"ImageObject","inLanguage":"fr-CA","@id":"https:\/\/news.canadamotorjobs.com\/#\/schema\/person\/image\/","url":"https:\/\/secure.gravatar.com\/avatar\/45f3d2eebcccd909668d7ce7ea7267b6?s=96&d=mm&r=g","contentUrl":"https:\/\/secure.gravatar.com\/avatar\/45f3d2eebcccd909668d7ce7ea7267b6?s=96&d=mm&r=g","caption":"Benoit Charette"},"description":"Benoit Charette \/ Propri\u00e9taire et r\u00e9dacteur en chef Benoit Charette pratique le journalisme automobile depuis bient\u00f4t 30 ans. Il a fait ses classes au c\u00f4t\u00e9 de Daniel H\u00e9raud et au Carnet de route de 1992 \u00e0 2001. Il est fondateur, copropri\u00e9taire et r\u00e9dacteur en chef de L\u2019Annuel de l\u2019automobile, qu\u2019il publie depuis 2001. Il a anim\u00e9 les \u00e9missions RPM et RPM+ sur V et les L\u00e9gendes de la route sur Historia. \u00c0 la radio depuis 1986, il reprend l\u2019antenne cette ann\u00e9e sur les ondes de Cogeco et participe pour la deuxi\u00e8me ann\u00e9e \u00e0 l\u2019\u00e9mission Passion Auto sur RDS en plus de mettre en ligne le site Web officiel de L\u2019Annuel de l\u2019automobile sur annuelauto.ca.","sameAs":["https:\/\/annuelauto.ca\/"],"url":"https:\/\/news.canadamotorjobs.com\/fr\/author\/benoit-charette\/"}]}},"_links":{"self":[{"href":"https:\/\/news.canadamotorjobs.com\/fr\/wp-json\/wp\/v2\/posts\/148934"}],"collection":[{"href":"https:\/\/news.canadamotorjobs.com\/fr\/wp-json\/wp\/v2\/posts"}],"about":[{"href":"https:\/\/news.canadamotorjobs.com\/fr\/wp-json\/wp\/v2\/types\/post"}],"author":[{"embeddable":true,"href":"https:\/\/news.canadamotorjobs.com\/fr\/wp-json\/wp\/v2\/users\/8"}],"replies":[{"embeddable":true,"href":"https:\/\/news.canadamotorjobs.com\/fr\/wp-json\/wp\/v2\/comments?post=148934"}],"version-history":[{"count":2,"href":"https:\/\/news.canadamotorjobs.com\/fr\/wp-json\/wp\/v2\/posts\/148934\/revisions"}],"predecessor-version":[{"id":148938,"href":"https:\/\/news.canadamotorjobs.com\/fr\/wp-json\/wp\/v2\/posts\/148934\/revisions\/148938"}],"wp:featuredmedia":[{"embeddable":true,"href":"https:\/\/news.canadamotorjobs.com\/fr\/wp-json\/wp\/v2\/media\/148936"}],"wp:attachment":[{"href":"https:\/\/news.canadamotorjobs.com\/fr\/wp-json\/wp\/v2\/media?parent=148934"}],"wp:term":[{"taxonomy":"category","embeddable":true,"href":"https:\/\/news.canadamotorjobs.com\/fr\/wp-json\/wp\/v2\/categories?post=148934"},{"taxonomy":"post_tag","embeddable":true,"href":"https:\/\/news.canadamotorjobs.com\/fr\/wp-json\/wp\/v2\/tags?post=148934"}],"curies":[{"name":"wp","href":"https:\/\/api.w.org\/{rel}","templated":true}]}}