{"id":148869,"date":"2023-07-21T09:10:15","date_gmt":"2023-07-21T13:10:15","guid":{"rendered":"https:\/\/news.canadamotorjobs.com\/?p=148869"},"modified":"2023-07-21T09:14:10","modified_gmt":"2023-07-21T13:14:10","slug":"le-patron-de-bmw-m-veut-que-les-prochaines-m3-et-m4-soient-purement-electriques","status":"publish","type":"post","link":"https:\/\/news.canadamotorjobs.com\/fr\/le-patron-de-bmw-m-veut-que-les-prochaines-m3-et-m4-soient-purement-electriques\/","title":{"rendered":"Le patron de BMW M veut que les prochaines M3 et M4 soient purement \u00e9lectriques"},"content":{"rendered":"<\/p>\n<p>Voici une nouvelle qui fait mal au c\u0153ur. Nous vous rassurons, une d\u00e9cision finale n\u2019a pas encore \u00e9t\u00e9 prise, mais le patron mondial de la division M, Frank van Meel a signifi\u00e9 que les prochaines M seront soit \u00e0 essence, soit enti\u00e8rement \u00e9lectriques, mais pas les deux \u00e0 la fois.<\/p>\n<h3>Un avenir incertain<\/h3>\n<p>\nPr\u00e9vues pour 2027 ou 2028, les prochaines M3 et M4 pourraient rester aliment\u00e9es \u00e0 l&#8217;essence ou devenir enti\u00e8rement \u00e9lectriques.\u00a0 D\u00e8s 2022, Frank Weber, responsable du d\u00e9veloppement chez BMW, a laiss\u00e9 entendre que la prochaine M3 pourrait passer \u00e0 l&#8217;\u00e9lectrique. Cependant, dans une r\u00e9cente interview accord\u00e9e \u00e0 Drive, le patron mondial de la division M, Frank van Meel, a clarifi\u00e9 la position du constructeur. Il a indiqu\u00e9 que des versions de la M3 et de la M4 fonctionnant uniquement \u00e0 l&#8217;\u00e9lectricit\u00e9 \u00e9taient envisageables, mais seulement si elles s&#8217;av\u00e9raient nettement meilleures que la g\u00e9n\u00e9ration pr\u00e9c\u00e9dente. Si BMW peut atteindre ses objectifs de performance pour les nouveaux v\u00e9hicules M en utilisant un groupe motopropulseur \u00e9lectrique, alors les prochaines M3 et M4 seront \u00e9lectriques.<\/p>\n<h3>Pas d\u2019hybridation<\/h3>\n<p>\nInterrog\u00e9 sur les options de motorisations multiples, M. van Meel s&#8217;est empress\u00e9 de rejeter toute suggestion selon laquelle BMW proposerait \u00e0 la fois des versions \u00e0 essence et des versions \u00e9lectriques, avec la possibilit\u00e9 d&#8217;un v\u00e9hicule \u00e9lectrique hybride. Il a estim\u00e9 que ces trois options n&#8217;\u00e9taient pas r\u00e9alistes et a indiqu\u00e9 que BMW pr\u00e9f\u00e9rerait n&#8217;utiliser qu&#8217;un seul groupe motopropulseur. Nous avons la chance de rouler la semaine derni\u00e8re une version M3 CS et son six cylindres de 503 chevaux et franchement, nous ne voyons pas comment \u00e0 court ou moyen terme un v\u00e9hicule \u00e9lectrique M peut approcher cette sensation au volant. Un v\u00e9hicule \u00e9lectrique est pour le moment trop lourd et le son du six cylindres est une symphonie qu\u2019aucun v\u00e9hicule \u00e9lectrique ne pourra remplacer.<\/p>\n<p>\u00a0<\/p>\n<p>Avec des renseignements de Inside EV\u2019s<\/p>\n<p>\u00a0<\/p>\n<p>Le texte <a rel=\"nofollow\" href=\"https:\/\/annuelauto.ca\/le-patron-de-bmw-m-veut-que-les-prochaines-m3-et-m4-soient-purement-electriques\/\">Le patron de BMW M veut que les prochaines M3 et M4 soient purement \u00e9lectriques<\/a> provient de <a rel=\"nofollow\" href=\"https:\/\/annuelauto.ca\">L&#8217;annuel de l&#8217;automobile &#8211; Actualit\u00e9 automobile<\/a><\/p>\n<p><\/p>\n","protected":false},"excerpt":{"rendered":"<p>Voici une nouvelle qui fait mal au c\u0153ur. Nous vous rassurons, une d\u00e9cision finale n\u2019a pas encore \u00e9t\u00e9 prise, mais le patron mondial de la division M, Frank van Meel a signifi\u00e9 que les prochaines M seront soit \u00e0 essence, soit enti\u00e8rement \u00e9lectriques, mais pas les deux \u00e0 la fois. Un avenir incertain Pr\u00e9vues pour [&hellip;]<\/p>\n","protected":false},"author":8,"featured_media":148871,"comment_status":"close","ping_status":"closed","sticky":false,"template":"","format":"standard","meta":{"_monsterinsights_skip_tracking":false,"_monsterinsights_sitenote_active":false,"_monsterinsights_sitenote_note":"","_monsterinsights_sitenote_category":0,"footnotes":""},"categories":[101],"tags":[],"yoast_head":"<!-- This site is optimized with the Yoast SEO plugin v23.2 - https:\/\/yoast.com\/wordpress\/plugins\/seo\/ -->\n<title>Le patron de BMW M veut que les prochaines M3 et M4 soient purement \u00e9lectriques - CanadaMotorJobs.com<\/title>\n<meta name=\"description\" content=\"Le patron de BMW M veut que les prochaines M3 et M4 soient purement \u00e9lectriques - Benoit Charette - Annuel automobile - CanadaMotorJobs.com.\" \/>\n<meta name=\"robots\" content=\"index, follow, max-snippet:-1, max-image-preview:large, max-video-preview:-1\" \/>\n<meta property=\"og:locale\" content=\"fr_CA\" \/>\n<meta property=\"og:type\" content=\"article\" \/>\n<meta property=\"og:title\" content=\"Le patron de BMW M veut que les prochaines M3 et M4 soient purement \u00e9lectriques - CanadaMotorJobs.com\" \/>\n<meta property=\"og:description\" content=\"Le patron de BMW M veut que les prochaines M3 et M4 soient purement \u00e9lectriques - Benoit Charette - Annuel automobile - CanadaMotorJobs.com.\" \/>\n<meta property=\"og:url\" content=\"https:\/\/news.canadamotorjobs.com\/fr\/le-patron-de-bmw-m-veut-que-les-prochaines-m3-et-m4-soient-purement-electriques\/\" \/>\n<meta property=\"og:site_name\" content=\"CanadaMotorJobs.com\" \/>\n<meta property=\"article:publisher\" content=\"https:\/\/www.facebook.com\/canadamotorjobs\/\" \/>\n<meta property=\"article:published_time\" content=\"2023-07-21T13:10:15+00:00\" \/>\n<meta property=\"article:modified_time\" content=\"2023-07-21T13:14:10+00:00\" \/>\n<meta property=\"og:image\" content=\"https:\/\/news.canadamotorjobs.com\/wp-content\/uploads\/2023\/07\/BMW.Power_.Of_.M-12.jpg\" \/>\n\t<meta property=\"og:image:width\" content=\"1200\" \/>\n\t<meta property=\"og:image:height\" content=\"800\" \/>\n\t<meta property=\"og:image:type\" content=\"image\/jpeg\" \/>\n<meta name=\"author\" content=\"Benoit Charette\" \/>\n<meta name=\"twitter:card\" content=\"summary_large_image\" \/>\n<meta name=\"twitter:creator\" content=\"@canadamotorjobs\" \/>\n<meta name=\"twitter:site\" content=\"@canadamotorjobs\" \/>\n<meta name=\"twitter:label1\" content=\"\u00c9crit par\" \/>\n\t<meta name=\"twitter:data1\" content=\"Benoit Charette\" \/>\n\t<meta name=\"twitter:label2\" content=\"Estimation du temps de lecture\" \/>\n\t<meta name=\"twitter:data2\" content=\"2 minutes\" \/>\n<!-- \/ Yoast SEO plugin. -->","yoast_head_json":{"title":"Le patron de BMW M veut que les prochaines M3 et M4 soient purement \u00e9lectriques - CanadaMotorJobs.com","description":"Le patron de BMW M veut que les prochaines M3 et M4 soient purement \u00e9lectriques - Benoit Charette - Annuel automobile - CanadaMotorJobs.com.","robots":{"index":"index","follow":"follow","max-snippet":"max-snippet:-1","max-image-preview":"max-image-preview:large","max-video-preview":"max-video-preview:-1"},"og_locale":"fr_CA","og_type":"article","og_title":"Le patron de BMW M veut que les prochaines M3 et M4 soient purement \u00e9lectriques - CanadaMotorJobs.com","og_description":"Le patron de BMW M veut que les prochaines M3 et M4 soient purement \u00e9lectriques - Benoit Charette - Annuel automobile - CanadaMotorJobs.com.","og_url":"https:\/\/news.canadamotorjobs.com\/fr\/le-patron-de-bmw-m-veut-que-les-prochaines-m3-et-m4-soient-purement-electriques\/","og_site_name":"CanadaMotorJobs.com","article_publisher":"https:\/\/www.facebook.com\/canadamotorjobs\/","article_published_time":"2023-07-21T13:10:15+00:00","article_modified_time":"2023-07-21T13:14:10+00:00","og_image":[{"width":1200,"height":800,"url":"https:\/\/news.canadamotorjobs.com\/wp-content\/uploads\/2023\/07\/BMW.Power_.Of_.M-12.jpg","type":"image\/jpeg"}],"author":"Benoit Charette","twitter_card":"summary_large_image","twitter_creator":"@canadamotorjobs","twitter_site":"@canadamotorjobs","twitter_misc":{"\u00c9crit par":"Benoit Charette","Estimation du temps de lecture":"2 minutes"},"schema":{"@context":"https:\/\/schema.org","@graph":[{"@type":"Article","@id":"https:\/\/news.canadamotorjobs.com\/fr\/le-patron-de-bmw-m-veut-que-les-prochaines-m3-et-m4-soient-purement-electriques\/#article","isPartOf":{"@id":"https:\/\/news.canadamotorjobs.com\/fr\/le-patron-de-bmw-m-veut-que-les-prochaines-m3-et-m4-soient-purement-electriques\/"},"author":{"name":"Benoit Charette","@id":"https:\/\/news.canadamotorjobs.com\/#\/schema\/person\/51793d1f87d44011d7bcc2ed99269a90"},"headline":"Le patron de BMW M veut que les prochaines M3 et M4 soient purement \u00e9lectriques","datePublished":"2023-07-21T13:10:15+00:00","dateModified":"2023-07-21T13:14:10+00:00","mainEntityOfPage":{"@id":"https:\/\/news.canadamotorjobs.com\/fr\/le-patron-de-bmw-m-veut-que-les-prochaines-m3-et-m4-soient-purement-electriques\/"},"wordCount":372,"publisher":{"@id":"https:\/\/news.canadamotorjobs.com\/#organization"},"image":{"@id":"https:\/\/news.canadamotorjobs.com\/fr\/le-patron-de-bmw-m-veut-que-les-prochaines-m3-et-m4-soient-purement-electriques\/#primaryimage"},"thumbnailUrl":"https:\/\/news.canadamotorjobs.com\/wp-content\/uploads\/2023\/07\/BMW.Power_.Of_.M-12.jpg","articleSection":["Annuel automobile"],"inLanguage":"fr-CA"},{"@type":"WebPage","@id":"https:\/\/news.canadamotorjobs.com\/fr\/le-patron-de-bmw-m-veut-que-les-prochaines-m3-et-m4-soient-purement-electriques\/","url":"https:\/\/news.canadamotorjobs.com\/fr\/le-patron-de-bmw-m-veut-que-les-prochaines-m3-et-m4-soient-purement-electriques\/","name":"Le patron de BMW M veut que les prochaines M3 et M4 soient purement \u00e9lectriques - CanadaMotorJobs.com","isPartOf":{"@id":"https:\/\/news.canadamotorjobs.com\/#website"},"primaryImageOfPage":{"@id":"https:\/\/news.canadamotorjobs.com\/fr\/le-patron-de-bmw-m-veut-que-les-prochaines-m3-et-m4-soient-purement-electriques\/#primaryimage"},"image":{"@id":"https:\/\/news.canadamotorjobs.com\/fr\/le-patron-de-bmw-m-veut-que-les-prochaines-m3-et-m4-soient-purement-electriques\/#primaryimage"},"thumbnailUrl":"https:\/\/news.canadamotorjobs.com\/wp-content\/uploads\/2023\/07\/BMW.Power_.Of_.M-12.jpg","datePublished":"2023-07-21T13:10:15+00:00","dateModified":"2023-07-21T13:14:10+00:00","description":"Le patron de BMW M veut que les prochaines M3 et M4 soient purement \u00e9lectriques - Benoit Charette - Annuel automobile - CanadaMotorJobs.com.","breadcrumb":{"@id":"https:\/\/news.canadamotorjobs.com\/fr\/le-patron-de-bmw-m-veut-que-les-prochaines-m3-et-m4-soient-purement-electriques\/#breadcrumb"},"inLanguage":"fr-CA","potentialAction":[{"@type":"ReadAction","target":["https:\/\/news.canadamotorjobs.com\/fr\/le-patron-de-bmw-m-veut-que-les-prochaines-m3-et-m4-soient-purement-electriques\/"]}]},{"@type":"ImageObject","inLanguage":"fr-CA","@id":"https:\/\/news.canadamotorjobs.com\/fr\/le-patron-de-bmw-m-veut-que-les-prochaines-m3-et-m4-soient-purement-electriques\/#primaryimage","url":"https:\/\/news.canadamotorjobs.com\/wp-content\/uploads\/2023\/07\/BMW.Power_.Of_.M-12.jpg","contentUrl":"https:\/\/news.canadamotorjobs.com\/wp-content\/uploads\/2023\/07\/BMW.Power_.Of_.M-12.jpg","width":1200,"height":800},{"@type":"BreadcrumbList","@id":"https:\/\/news.canadamotorjobs.com\/fr\/le-patron-de-bmw-m-veut-que-les-prochaines-m3-et-m4-soient-purement-electriques\/#breadcrumb","itemListElement":[{"@type":"ListItem","position":1,"name":"Home","item":"https:\/\/news.canadamotorjobs.com\/fr\/blog\/"},{"@type":"ListItem","position":2,"name":"Le patron de BMW M veut que les prochaines M3 et M4 soient purement \u00e9lectriques"}]},{"@type":"WebSite","@id":"https:\/\/news.canadamotorjobs.com\/#website","url":"https:\/\/news.canadamotorjobs.com\/","name":"CanadaMotorJobs.com","description":"Automotive Jobs","publisher":{"@id":"https:\/\/news.canadamotorjobs.com\/#organization"},"potentialAction":[{"@type":"SearchAction","target":{"@type":"EntryPoint","urlTemplate":"https:\/\/news.canadamotorjobs.com\/?s={search_term_string}"},"query-input":"required name=search_term_string"}],"inLanguage":"fr-CA"},{"@type":"Organization","@id":"https:\/\/news.canadamotorjobs.com\/#organization","name":"Canada Motor Jobs","url":"https:\/\/news.canadamotorjobs.com\/","logo":{"@type":"ImageObject","inLanguage":"fr-CA","@id":"https:\/\/news.canadamotorjobs.com\/#\/schema\/logo\/image\/","url":"https:\/\/news.canadamotorjobs.com\/wp-content\/uploads\/2022\/10\/logo-canada-motor-jobs-1.png","contentUrl":"https:\/\/news.canadamotorjobs.com\/wp-content\/uploads\/2022\/10\/logo-canada-motor-jobs-1.png","width":800,"height":400,"caption":"Canada Motor Jobs"},"image":{"@id":"https:\/\/news.canadamotorjobs.com\/#\/schema\/logo\/image\/"},"sameAs":["https:\/\/www.facebook.com\/canadamotorjobs\/","https:\/\/x.com\/canadamotorjobs","https:\/\/www.instagram.com\/canadamotorjobs\/","https:\/\/www.linkedin.com\/company\/canadamotorjobs"]},{"@type":"Person","@id":"https:\/\/news.canadamotorjobs.com\/#\/schema\/person\/51793d1f87d44011d7bcc2ed99269a90","name":"Benoit Charette","image":{"@type":"ImageObject","inLanguage":"fr-CA","@id":"https:\/\/news.canadamotorjobs.com\/#\/schema\/person\/image\/","url":"https:\/\/secure.gravatar.com\/avatar\/45f3d2eebcccd909668d7ce7ea7267b6?s=96&d=mm&r=g","contentUrl":"https:\/\/secure.gravatar.com\/avatar\/45f3d2eebcccd909668d7ce7ea7267b6?s=96&d=mm&r=g","caption":"Benoit Charette"},"description":"Benoit Charette \/ Propri\u00e9taire et r\u00e9dacteur en chef Benoit Charette pratique le journalisme automobile depuis bient\u00f4t 30 ans. Il a fait ses classes au c\u00f4t\u00e9 de Daniel H\u00e9raud et au Carnet de route de 1992 \u00e0 2001. Il est fondateur, copropri\u00e9taire et r\u00e9dacteur en chef de L\u2019Annuel de l\u2019automobile, qu\u2019il publie depuis 2001. Il a anim\u00e9 les \u00e9missions RPM et RPM+ sur V et les L\u00e9gendes de la route sur Historia. \u00c0 la radio depuis 1986, il reprend l\u2019antenne cette ann\u00e9e sur les ondes de Cogeco et participe pour la deuxi\u00e8me ann\u00e9e \u00e0 l\u2019\u00e9mission Passion Auto sur RDS en plus de mettre en ligne le site Web officiel de L\u2019Annuel de l\u2019automobile sur annuelauto.ca.","sameAs":["https:\/\/annuelauto.ca\/"],"url":"https:\/\/news.canadamotorjobs.com\/fr\/author\/benoit-charette\/"}]}},"_links":{"self":[{"href":"https:\/\/news.canadamotorjobs.com\/fr\/wp-json\/wp\/v2\/posts\/148869"}],"collection":[{"href":"https:\/\/news.canadamotorjobs.com\/fr\/wp-json\/wp\/v2\/posts"}],"about":[{"href":"https:\/\/news.canadamotorjobs.com\/fr\/wp-json\/wp\/v2\/types\/post"}],"author":[{"embeddable":true,"href":"https:\/\/news.canadamotorjobs.com\/fr\/wp-json\/wp\/v2\/users\/8"}],"replies":[{"embeddable":true,"href":"https:\/\/news.canadamotorjobs.com\/fr\/wp-json\/wp\/v2\/comments?post=148869"}],"version-history":[{"count":2,"href":"https:\/\/news.canadamotorjobs.com\/fr\/wp-json\/wp\/v2\/posts\/148869\/revisions"}],"predecessor-version":[{"id":148873,"href":"https:\/\/news.canadamotorjobs.com\/fr\/wp-json\/wp\/v2\/posts\/148869\/revisions\/148873"}],"wp:featuredmedia":[{"embeddable":true,"href":"https:\/\/news.canadamotorjobs.com\/fr\/wp-json\/wp\/v2\/media\/148871"}],"wp:attachment":[{"href":"https:\/\/news.canadamotorjobs.com\/fr\/wp-json\/wp\/v2\/media?parent=148869"}],"wp:term":[{"taxonomy":"category","embeddable":true,"href":"https:\/\/news.canadamotorjobs.com\/fr\/wp-json\/wp\/v2\/categories?post=148869"},{"taxonomy":"post_tag","embeddable":true,"href":"https:\/\/news.canadamotorjobs.com\/fr\/wp-json\/wp\/v2\/tags?post=148869"}],"curies":[{"name":"wp","href":"https:\/\/api.w.org\/{rel}","templated":true}]}}