{"id":148840,"date":"2023-07-21T08:30:10","date_gmt":"2023-07-21T12:30:10","guid":{"rendered":"https:\/\/news.canadamotorjobs.com\/?p=148840"},"modified":"2023-07-21T08:38:03","modified_gmt":"2023-07-21T12:38:03","slug":"stellantis-plaide-coupable-dans-laffaire-dieselgate","status":"publish","type":"post","link":"https:\/\/news.canadamotorjobs.com\/fr\/stellantis-plaide-coupable-dans-laffaire-dieselgate\/","title":{"rendered":"Stellantis plaide coupable dans l\u2019affaire \u00ab Dieselgate\u00bb"},"content":{"rendered":"<\/p>\n<p>Un ing\u00e9nieur automobile de Fiat Chrysler, accus\u00e9 d&#8217;avoir fait de fausses d\u00e9clarations aux r\u00e9gulateurs am\u00e9ricains sur les syst\u00e8mes de contr\u00f4le des \u00e9missions des moteurs diesel, a plaid\u00e9 coupable, a d\u00e9clar\u00e9 jeudi le minist\u00e8re am\u00e9ricain de la Justice. Le minist\u00e8re de la Justice a d\u00e9clar\u00e9 que la r\u00e9ponse \u00e0 l\u2019accusation d&#8217;Emanuele Palma accompagne la condamnation ant\u00e9rieure de Fiat Chrysler, qui fait maintenant partie de Stellantis, pour avoir fraud\u00e9 l&#8217;EPA et les clients.<\/p>\n<h3>M\u00eame strat\u00e9gie que Volkswagen<\/h3>\n<p>\nPalma, qui a \u00e9t\u00e9 inculp\u00e9 en 2019, a plaid\u00e9 coupable mercredi de conspiration en vue de violer la loi sur la qualit\u00e9 de l&#8217;air. La d\u00e9termination de la peine est pr\u00e9vue pour le 17 octobre. En vertu d&#8217;un accord de plaidoyer, Palma, qui est en train de d\u00e9m\u00e9nager du Michigan en Italie, ne devrait pas passer de temps en d\u00e9tention. &#8220;De hauts responsables de FCA U.S., dont M. Palma, ont conspir\u00e9 pour contourner les normes de pollution et obtenir des certifications de l&#8217;EPA pour des centaines de milliers de VUS et de camionnettes sous de faux pr\u00e9textes&#8221;, a d\u00e9clar\u00e9 dans un communiqu\u00e9 le procureur g\u00e9n\u00e9ral adjoint Todd Kim, de la division Environnement et Ressources naturelles du minist\u00e8re de la Justice.<\/p>\n<h3>Surtout les camions Ram<\/h3>\n<p>\nEn juin 2022, FCA U.S. LLC a accept\u00e9 de payer environ 300 millions de dollars de sanctions p\u00e9nales suite \u00e0 ses efforts pour contourner les exigences en mati\u00e8re d&#8217;\u00e9missions pour plus de 100\u00a0000 anciens pick-up Ram et v\u00e9hicules utilitaires sport Jeep de sa gamme am\u00e9ricaine. FCA U.S. a d\u00e9j\u00e0 pay\u00e9 une amende civile de 311 millions de dollars et plus de 183 millions de dollars d&#8217;indemnit\u00e9s \u00e0 plus de 63\u00a0000 personnes dans le cadre d&#8217;un recours collectif sur les moteurs diesel.<\/p>\n<p>Avec des renseignements de Reuters<\/p>\n<p>Le texte <a rel=\"nofollow\" href=\"https:\/\/annuelauto.ca\/stellantis-plaide-coupable-dans-laffaire-dieselgate\/\">Stellantis plaide coupable dans l\u2019affaire \u00ab Dieselgate\u00bb<\/a> provient de <a rel=\"nofollow\" href=\"https:\/\/annuelauto.ca\">L&#8217;annuel de l&#8217;automobile &#8211; Actualit\u00e9 automobile<\/a><\/p>\n<p><\/p>\n","protected":false},"excerpt":{"rendered":"<p>Un ing\u00e9nieur automobile de Fiat Chrysler, accus\u00e9 d&#8217;avoir fait de fausses d\u00e9clarations aux r\u00e9gulateurs am\u00e9ricains sur les syst\u00e8mes de contr\u00f4le des \u00e9missions des moteurs diesel, a plaid\u00e9 coupable, a d\u00e9clar\u00e9 jeudi le minist\u00e8re am\u00e9ricain de la Justice. Le minist\u00e8re de la Justice a d\u00e9clar\u00e9 que la r\u00e9ponse \u00e0 l\u2019accusation d&#8217;Emanuele Palma accompagne la condamnation ant\u00e9rieure [&hellip;]<\/p>\n","protected":false},"author":8,"featured_media":148842,"comment_status":"close","ping_status":"closed","sticky":false,"template":"","format":"standard","meta":{"_monsterinsights_skip_tracking":false,"_monsterinsights_sitenote_active":false,"_monsterinsights_sitenote_note":"","_monsterinsights_sitenote_category":0,"footnotes":""},"categories":[101],"tags":[],"yoast_head":"<!-- This site is optimized with the Yoast SEO plugin v23.2 - https:\/\/yoast.com\/wordpress\/plugins\/seo\/ -->\n<title>Stellantis plaide coupable dans l\u2019affaire \u00ab Dieselgate\u00bb - CanadaMotorJobs.com<\/title>\n<meta name=\"description\" content=\"Stellantis plaide coupable dans l\u2019affaire \u00ab Dieselgate\u00bb - Benoit Charette - Annuel automobile - CanadaMotorJobs.com.\" \/>\n<meta name=\"robots\" content=\"index, follow, max-snippet:-1, max-image-preview:large, max-video-preview:-1\" \/>\n<meta property=\"og:locale\" content=\"fr_CA\" \/>\n<meta property=\"og:type\" content=\"article\" \/>\n<meta property=\"og:title\" content=\"Stellantis plaide coupable dans l\u2019affaire \u00ab Dieselgate\u00bb - CanadaMotorJobs.com\" \/>\n<meta property=\"og:description\" content=\"Stellantis plaide coupable dans l\u2019affaire \u00ab Dieselgate\u00bb - Benoit Charette - Annuel automobile - CanadaMotorJobs.com.\" \/>\n<meta property=\"og:url\" content=\"https:\/\/news.canadamotorjobs.com\/fr\/stellantis-plaide-coupable-dans-laffaire-dieselgate\/\" \/>\n<meta property=\"og:site_name\" content=\"CanadaMotorJobs.com\" \/>\n<meta property=\"article:publisher\" content=\"https:\/\/www.facebook.com\/canadamotorjobs\/\" \/>\n<meta property=\"article:published_time\" content=\"2023-07-21T12:30:10+00:00\" \/>\n<meta property=\"article:modified_time\" content=\"2023-07-21T12:38:03+00:00\" \/>\n<meta property=\"og:image\" content=\"https:\/\/news.canadamotorjobs.com\/wp-content\/uploads\/2023\/07\/ram-1500-2012.jpg\" \/>\n\t<meta property=\"og:image:width\" content=\"1700\" \/>\n\t<meta property=\"og:image:height\" content=\"940\" \/>\n\t<meta property=\"og:image:type\" content=\"image\/jpeg\" \/>\n<meta name=\"author\" content=\"Benoit Charette\" \/>\n<meta name=\"twitter:card\" content=\"summary_large_image\" \/>\n<meta name=\"twitter:creator\" content=\"@canadamotorjobs\" \/>\n<meta name=\"twitter:site\" content=\"@canadamotorjobs\" \/>\n<meta name=\"twitter:label1\" content=\"\u00c9crit par\" \/>\n\t<meta name=\"twitter:data1\" content=\"Benoit Charette\" \/>\n\t<meta name=\"twitter:label2\" content=\"Estimation du temps de lecture\" \/>\n\t<meta name=\"twitter:data2\" content=\"2 minutes\" \/>\n<!-- \/ Yoast SEO plugin. -->","yoast_head_json":{"title":"Stellantis plaide coupable dans l\u2019affaire \u00ab Dieselgate\u00bb - CanadaMotorJobs.com","description":"Stellantis plaide coupable dans l\u2019affaire \u00ab Dieselgate\u00bb - Benoit Charette - Annuel automobile - CanadaMotorJobs.com.","robots":{"index":"index","follow":"follow","max-snippet":"max-snippet:-1","max-image-preview":"max-image-preview:large","max-video-preview":"max-video-preview:-1"},"og_locale":"fr_CA","og_type":"article","og_title":"Stellantis plaide coupable dans l\u2019affaire \u00ab Dieselgate\u00bb - CanadaMotorJobs.com","og_description":"Stellantis plaide coupable dans l\u2019affaire \u00ab Dieselgate\u00bb - Benoit Charette - Annuel automobile - CanadaMotorJobs.com.","og_url":"https:\/\/news.canadamotorjobs.com\/fr\/stellantis-plaide-coupable-dans-laffaire-dieselgate\/","og_site_name":"CanadaMotorJobs.com","article_publisher":"https:\/\/www.facebook.com\/canadamotorjobs\/","article_published_time":"2023-07-21T12:30:10+00:00","article_modified_time":"2023-07-21T12:38:03+00:00","og_image":[{"width":1700,"height":940,"url":"https:\/\/news.canadamotorjobs.com\/wp-content\/uploads\/2023\/07\/ram-1500-2012.jpg","type":"image\/jpeg"}],"author":"Benoit Charette","twitter_card":"summary_large_image","twitter_creator":"@canadamotorjobs","twitter_site":"@canadamotorjobs","twitter_misc":{"\u00c9crit par":"Benoit Charette","Estimation du temps de lecture":"2 minutes"},"schema":{"@context":"https:\/\/schema.org","@graph":[{"@type":"Article","@id":"https:\/\/news.canadamotorjobs.com\/fr\/stellantis-plaide-coupable-dans-laffaire-dieselgate\/#article","isPartOf":{"@id":"https:\/\/news.canadamotorjobs.com\/fr\/stellantis-plaide-coupable-dans-laffaire-dieselgate\/"},"author":{"name":"Benoit Charette","@id":"https:\/\/news.canadamotorjobs.com\/#\/schema\/person\/51793d1f87d44011d7bcc2ed99269a90"},"headline":"Stellantis plaide coupable dans l\u2019affaire \u00ab Dieselgate\u00bb","datePublished":"2023-07-21T12:30:10+00:00","dateModified":"2023-07-21T12:38:03+00:00","mainEntityOfPage":{"@id":"https:\/\/news.canadamotorjobs.com\/fr\/stellantis-plaide-coupable-dans-laffaire-dieselgate\/"},"wordCount":343,"publisher":{"@id":"https:\/\/news.canadamotorjobs.com\/#organization"},"image":{"@id":"https:\/\/news.canadamotorjobs.com\/fr\/stellantis-plaide-coupable-dans-laffaire-dieselgate\/#primaryimage"},"thumbnailUrl":"https:\/\/news.canadamotorjobs.com\/wp-content\/uploads\/2023\/07\/ram-1500-2012.jpg","articleSection":["Annuel automobile"],"inLanguage":"fr-CA"},{"@type":"WebPage","@id":"https:\/\/news.canadamotorjobs.com\/fr\/stellantis-plaide-coupable-dans-laffaire-dieselgate\/","url":"https:\/\/news.canadamotorjobs.com\/fr\/stellantis-plaide-coupable-dans-laffaire-dieselgate\/","name":"Stellantis plaide coupable dans l\u2019affaire \u00ab Dieselgate\u00bb - CanadaMotorJobs.com","isPartOf":{"@id":"https:\/\/news.canadamotorjobs.com\/#website"},"primaryImageOfPage":{"@id":"https:\/\/news.canadamotorjobs.com\/fr\/stellantis-plaide-coupable-dans-laffaire-dieselgate\/#primaryimage"},"image":{"@id":"https:\/\/news.canadamotorjobs.com\/fr\/stellantis-plaide-coupable-dans-laffaire-dieselgate\/#primaryimage"},"thumbnailUrl":"https:\/\/news.canadamotorjobs.com\/wp-content\/uploads\/2023\/07\/ram-1500-2012.jpg","datePublished":"2023-07-21T12:30:10+00:00","dateModified":"2023-07-21T12:38:03+00:00","description":"Stellantis plaide coupable dans l\u2019affaire \u00ab Dieselgate\u00bb - Benoit Charette - Annuel automobile - CanadaMotorJobs.com.","breadcrumb":{"@id":"https:\/\/news.canadamotorjobs.com\/fr\/stellantis-plaide-coupable-dans-laffaire-dieselgate\/#breadcrumb"},"inLanguage":"fr-CA","potentialAction":[{"@type":"ReadAction","target":["https:\/\/news.canadamotorjobs.com\/fr\/stellantis-plaide-coupable-dans-laffaire-dieselgate\/"]}]},{"@type":"ImageObject","inLanguage":"fr-CA","@id":"https:\/\/news.canadamotorjobs.com\/fr\/stellantis-plaide-coupable-dans-laffaire-dieselgate\/#primaryimage","url":"https:\/\/news.canadamotorjobs.com\/wp-content\/uploads\/2023\/07\/ram-1500-2012.jpg","contentUrl":"https:\/\/news.canadamotorjobs.com\/wp-content\/uploads\/2023\/07\/ram-1500-2012.jpg","width":1700,"height":940},{"@type":"BreadcrumbList","@id":"https:\/\/news.canadamotorjobs.com\/fr\/stellantis-plaide-coupable-dans-laffaire-dieselgate\/#breadcrumb","itemListElement":[{"@type":"ListItem","position":1,"name":"Home","item":"https:\/\/news.canadamotorjobs.com\/fr\/blog\/"},{"@type":"ListItem","position":2,"name":"Stellantis plaide coupable dans l\u2019affaire \u00ab Dieselgate\u00bb"}]},{"@type":"WebSite","@id":"https:\/\/news.canadamotorjobs.com\/#website","url":"https:\/\/news.canadamotorjobs.com\/","name":"CanadaMotorJobs.com","description":"Automotive Jobs","publisher":{"@id":"https:\/\/news.canadamotorjobs.com\/#organization"},"potentialAction":[{"@type":"SearchAction","target":{"@type":"EntryPoint","urlTemplate":"https:\/\/news.canadamotorjobs.com\/?s={search_term_string}"},"query-input":"required name=search_term_string"}],"inLanguage":"fr-CA"},{"@type":"Organization","@id":"https:\/\/news.canadamotorjobs.com\/#organization","name":"Canada Motor Jobs","url":"https:\/\/news.canadamotorjobs.com\/","logo":{"@type":"ImageObject","inLanguage":"fr-CA","@id":"https:\/\/news.canadamotorjobs.com\/#\/schema\/logo\/image\/","url":"https:\/\/news.canadamotorjobs.com\/wp-content\/uploads\/2022\/10\/logo-canada-motor-jobs-1.png","contentUrl":"https:\/\/news.canadamotorjobs.com\/wp-content\/uploads\/2022\/10\/logo-canada-motor-jobs-1.png","width":800,"height":400,"caption":"Canada Motor Jobs"},"image":{"@id":"https:\/\/news.canadamotorjobs.com\/#\/schema\/logo\/image\/"},"sameAs":["https:\/\/www.facebook.com\/canadamotorjobs\/","https:\/\/x.com\/canadamotorjobs","https:\/\/www.instagram.com\/canadamotorjobs\/","https:\/\/www.linkedin.com\/company\/canadamotorjobs"]},{"@type":"Person","@id":"https:\/\/news.canadamotorjobs.com\/#\/schema\/person\/51793d1f87d44011d7bcc2ed99269a90","name":"Benoit Charette","image":{"@type":"ImageObject","inLanguage":"fr-CA","@id":"https:\/\/news.canadamotorjobs.com\/#\/schema\/person\/image\/","url":"https:\/\/secure.gravatar.com\/avatar\/45f3d2eebcccd909668d7ce7ea7267b6?s=96&d=mm&r=g","contentUrl":"https:\/\/secure.gravatar.com\/avatar\/45f3d2eebcccd909668d7ce7ea7267b6?s=96&d=mm&r=g","caption":"Benoit Charette"},"description":"Benoit Charette \/ Propri\u00e9taire et r\u00e9dacteur en chef Benoit Charette pratique le journalisme automobile depuis bient\u00f4t 30 ans. Il a fait ses classes au c\u00f4t\u00e9 de Daniel H\u00e9raud et au Carnet de route de 1992 \u00e0 2001. Il est fondateur, copropri\u00e9taire et r\u00e9dacteur en chef de L\u2019Annuel de l\u2019automobile, qu\u2019il publie depuis 2001. Il a anim\u00e9 les \u00e9missions RPM et RPM+ sur V et les L\u00e9gendes de la route sur Historia. \u00c0 la radio depuis 1986, il reprend l\u2019antenne cette ann\u00e9e sur les ondes de Cogeco et participe pour la deuxi\u00e8me ann\u00e9e \u00e0 l\u2019\u00e9mission Passion Auto sur RDS en plus de mettre en ligne le site Web officiel de L\u2019Annuel de l\u2019automobile sur annuelauto.ca.","sameAs":["https:\/\/annuelauto.ca\/"],"url":"https:\/\/news.canadamotorjobs.com\/fr\/author\/benoit-charette\/"}]}},"_links":{"self":[{"href":"https:\/\/news.canadamotorjobs.com\/fr\/wp-json\/wp\/v2\/posts\/148840"}],"collection":[{"href":"https:\/\/news.canadamotorjobs.com\/fr\/wp-json\/wp\/v2\/posts"}],"about":[{"href":"https:\/\/news.canadamotorjobs.com\/fr\/wp-json\/wp\/v2\/types\/post"}],"author":[{"embeddable":true,"href":"https:\/\/news.canadamotorjobs.com\/fr\/wp-json\/wp\/v2\/users\/8"}],"replies":[{"embeddable":true,"href":"https:\/\/news.canadamotorjobs.com\/fr\/wp-json\/wp\/v2\/comments?post=148840"}],"version-history":[{"count":2,"href":"https:\/\/news.canadamotorjobs.com\/fr\/wp-json\/wp\/v2\/posts\/148840\/revisions"}],"predecessor-version":[{"id":148844,"href":"https:\/\/news.canadamotorjobs.com\/fr\/wp-json\/wp\/v2\/posts\/148840\/revisions\/148844"}],"wp:featuredmedia":[{"embeddable":true,"href":"https:\/\/news.canadamotorjobs.com\/fr\/wp-json\/wp\/v2\/media\/148842"}],"wp:attachment":[{"href":"https:\/\/news.canadamotorjobs.com\/fr\/wp-json\/wp\/v2\/media?parent=148840"}],"wp:term":[{"taxonomy":"category","embeddable":true,"href":"https:\/\/news.canadamotorjobs.com\/fr\/wp-json\/wp\/v2\/categories?post=148840"},{"taxonomy":"post_tag","embeddable":true,"href":"https:\/\/news.canadamotorjobs.com\/fr\/wp-json\/wp\/v2\/tags?post=148840"}],"curies":[{"name":"wp","href":"https:\/\/api.w.org\/{rel}","templated":true}]}}