{"id":148769,"date":"2023-07-19T09:11:22","date_gmt":"2023-07-19T13:11:22","guid":{"rendered":"https:\/\/news.canadamotorjobs.com\/?p=148769"},"modified":"2023-07-19T09:14:12","modified_gmt":"2023-07-19T13:14:12","slug":"nissan-adopte-la-norme-de-recharge-tesla","status":"publish","type":"post","link":"https:\/\/news.canadamotorjobs.com\/fr\/nissan-adopte-la-norme-de-recharge-tesla\/","title":{"rendered":"Nissan adopte la norme de recharge Tesla"},"content":{"rendered":"<\/p>\n<p>Nissan a conclu un accord avec Tesla pour adopter la norme de charge nord-am\u00e9ricaine (NACS) \u00e0 partir de 2025. Nissan est le premier constructeur automobile japonais \u00e0 annoncer un support de ses produit futur pour NACS.<\/p>\n<h3>L\u2019Ariya l\u2019an prochain<\/h3>\n<p>\n\u00c0 partir de 2024, Nissan mettra \u00e0 disposition un adaptateur de charge NACS pour les mod\u00e8les Ariya qui sont actuellement \u00e9quip\u00e9s du Combined Charging System 1 (CCS1) pour la charge rapide DC. Cela permettra aux clients de connecter le port de charge de leur v\u00e9hicule aux prises NACS des chargeurs compatibles.<\/p>\n<h3>Chargeur NACS en production \u00e0 partir de 2025<\/h3>\n<p>\n\u00c0 partir de 2025, Nissan commencera \u00e0 proposer des v\u00e9hicules \u00e9lectriques pour les march\u00e9s am\u00e9ricain et canadien avec un port NACS. Cela rendra la recharge sur le r\u00e9seau Tesla Supercharger plus pratique pour les conducteurs, augmentant consid\u00e9rablement le nombre de points de recharge rapide publics o\u00f9 les v\u00e9hicules \u00e9lectriques Nissan peuvent \u00eatre recharg\u00e9s.<\/p>\n<p>\u00a0<\/p>\n<p>Le texte <a rel=\"nofollow\" href=\"https:\/\/annuelauto.ca\/nissan-adopte-la-norme-de-recharge-tesla\/\">Nissan adopte la norme de recharge Tesla<\/a> provient de <a rel=\"nofollow\" href=\"https:\/\/annuelauto.ca\">L&#8217;annuel de l&#8217;automobile &#8211; Actualit\u00e9 automobile<\/a><\/p>\n<p><\/p>\n","protected":false},"excerpt":{"rendered":"<p>Nissan a conclu un accord avec Tesla pour adopter la norme de charge nord-am\u00e9ricaine (NACS) \u00e0 partir de 2025. Nissan est le premier constructeur automobile japonais \u00e0 annoncer un support de ses produit futur pour NACS. L\u2019Ariya l\u2019an prochain \u00c0 partir de 2024, Nissan mettra \u00e0 disposition un adaptateur de charge NACS pour les mod\u00e8les [&hellip;]<\/p>\n","protected":false},"author":8,"featured_media":148771,"comment_status":"close","ping_status":"closed","sticky":false,"template":"","format":"standard","meta":{"_monsterinsights_skip_tracking":false,"_monsterinsights_sitenote_active":false,"_monsterinsights_sitenote_note":"","_monsterinsights_sitenote_category":0,"footnotes":""},"categories":[101],"tags":[],"yoast_head":"<!-- This site is optimized with the Yoast SEO plugin v23.2 - https:\/\/yoast.com\/wordpress\/plugins\/seo\/ -->\n<title>Nissan adopte la norme de recharge Tesla - CanadaMotorJobs.com<\/title>\n<meta name=\"description\" content=\"Nissan adopte la norme de recharge Tesla - Benoit Charette - Annuel automobile - CanadaMotorJobs.com.\" \/>\n<meta name=\"robots\" content=\"index, follow, max-snippet:-1, max-image-preview:large, max-video-preview:-1\" \/>\n<meta property=\"og:locale\" content=\"fr_CA\" \/>\n<meta property=\"og:type\" content=\"article\" \/>\n<meta property=\"og:title\" content=\"Nissan adopte la norme de recharge Tesla - CanadaMotorJobs.com\" \/>\n<meta property=\"og:description\" content=\"Nissan adopte la norme de recharge Tesla - Benoit Charette - Annuel automobile - CanadaMotorJobs.com.\" \/>\n<meta property=\"og:url\" content=\"https:\/\/news.canadamotorjobs.com\/fr\/nissan-adopte-la-norme-de-recharge-tesla\/\" \/>\n<meta property=\"og:site_name\" content=\"CanadaMotorJobs.com\" \/>\n<meta property=\"article:publisher\" content=\"https:\/\/www.facebook.com\/canadamotorjobs\/\" \/>\n<meta property=\"article:published_time\" content=\"2023-07-19T13:11:22+00:00\" \/>\n<meta property=\"article:modified_time\" content=\"2023-07-19T13:14:12+00:00\" \/>\n<meta property=\"og:image\" content=\"https:\/\/news.canadamotorjobs.com\/wp-content\/uploads\/2023\/07\/Nissan-Ariya-2023-10.jpg\" \/>\n\t<meta property=\"og:image:width\" content=\"1400\" \/>\n\t<meta property=\"og:image:height\" content=\"913\" \/>\n\t<meta property=\"og:image:type\" content=\"image\/jpeg\" \/>\n<meta name=\"author\" content=\"Benoit Charette\" \/>\n<meta name=\"twitter:card\" content=\"summary_large_image\" \/>\n<meta name=\"twitter:creator\" content=\"@canadamotorjobs\" \/>\n<meta name=\"twitter:site\" content=\"@canadamotorjobs\" \/>\n<meta name=\"twitter:label1\" content=\"\u00c9crit par\" \/>\n\t<meta name=\"twitter:data1\" content=\"Benoit Charette\" \/>\n\t<meta name=\"twitter:label2\" content=\"Estimation du temps de lecture\" \/>\n\t<meta name=\"twitter:data2\" content=\"1 minute\" \/>\n<!-- \/ Yoast SEO plugin. -->","yoast_head_json":{"title":"Nissan adopte la norme de recharge Tesla - CanadaMotorJobs.com","description":"Nissan adopte la norme de recharge Tesla - Benoit Charette - Annuel automobile - CanadaMotorJobs.com.","robots":{"index":"index","follow":"follow","max-snippet":"max-snippet:-1","max-image-preview":"max-image-preview:large","max-video-preview":"max-video-preview:-1"},"og_locale":"fr_CA","og_type":"article","og_title":"Nissan adopte la norme de recharge Tesla - CanadaMotorJobs.com","og_description":"Nissan adopte la norme de recharge Tesla - Benoit Charette - Annuel automobile - CanadaMotorJobs.com.","og_url":"https:\/\/news.canadamotorjobs.com\/fr\/nissan-adopte-la-norme-de-recharge-tesla\/","og_site_name":"CanadaMotorJobs.com","article_publisher":"https:\/\/www.facebook.com\/canadamotorjobs\/","article_published_time":"2023-07-19T13:11:22+00:00","article_modified_time":"2023-07-19T13:14:12+00:00","og_image":[{"width":1400,"height":913,"url":"https:\/\/news.canadamotorjobs.com\/wp-content\/uploads\/2023\/07\/Nissan-Ariya-2023-10.jpg","type":"image\/jpeg"}],"author":"Benoit Charette","twitter_card":"summary_large_image","twitter_creator":"@canadamotorjobs","twitter_site":"@canadamotorjobs","twitter_misc":{"\u00c9crit par":"Benoit Charette","Estimation du temps de lecture":"1 minute"},"schema":{"@context":"https:\/\/schema.org","@graph":[{"@type":"Article","@id":"https:\/\/news.canadamotorjobs.com\/fr\/nissan-adopte-la-norme-de-recharge-tesla\/#article","isPartOf":{"@id":"https:\/\/news.canadamotorjobs.com\/fr\/nissan-adopte-la-norme-de-recharge-tesla\/"},"author":{"name":"Benoit Charette","@id":"https:\/\/news.canadamotorjobs.com\/#\/schema\/person\/51793d1f87d44011d7bcc2ed99269a90"},"headline":"Nissan adopte la norme de recharge Tesla","datePublished":"2023-07-19T13:11:22+00:00","dateModified":"2023-07-19T13:14:12+00:00","mainEntityOfPage":{"@id":"https:\/\/news.canadamotorjobs.com\/fr\/nissan-adopte-la-norme-de-recharge-tesla\/"},"wordCount":178,"publisher":{"@id":"https:\/\/news.canadamotorjobs.com\/#organization"},"image":{"@id":"https:\/\/news.canadamotorjobs.com\/fr\/nissan-adopte-la-norme-de-recharge-tesla\/#primaryimage"},"thumbnailUrl":"https:\/\/news.canadamotorjobs.com\/wp-content\/uploads\/2023\/07\/Nissan-Ariya-2023-10.jpg","articleSection":["Annuel automobile"],"inLanguage":"fr-CA"},{"@type":"WebPage","@id":"https:\/\/news.canadamotorjobs.com\/fr\/nissan-adopte-la-norme-de-recharge-tesla\/","url":"https:\/\/news.canadamotorjobs.com\/fr\/nissan-adopte-la-norme-de-recharge-tesla\/","name":"Nissan adopte la norme de recharge Tesla - CanadaMotorJobs.com","isPartOf":{"@id":"https:\/\/news.canadamotorjobs.com\/#website"},"primaryImageOfPage":{"@id":"https:\/\/news.canadamotorjobs.com\/fr\/nissan-adopte-la-norme-de-recharge-tesla\/#primaryimage"},"image":{"@id":"https:\/\/news.canadamotorjobs.com\/fr\/nissan-adopte-la-norme-de-recharge-tesla\/#primaryimage"},"thumbnailUrl":"https:\/\/news.canadamotorjobs.com\/wp-content\/uploads\/2023\/07\/Nissan-Ariya-2023-10.jpg","datePublished":"2023-07-19T13:11:22+00:00","dateModified":"2023-07-19T13:14:12+00:00","description":"Nissan adopte la norme de recharge Tesla - Benoit Charette - Annuel automobile - CanadaMotorJobs.com.","breadcrumb":{"@id":"https:\/\/news.canadamotorjobs.com\/fr\/nissan-adopte-la-norme-de-recharge-tesla\/#breadcrumb"},"inLanguage":"fr-CA","potentialAction":[{"@type":"ReadAction","target":["https:\/\/news.canadamotorjobs.com\/fr\/nissan-adopte-la-norme-de-recharge-tesla\/"]}]},{"@type":"ImageObject","inLanguage":"fr-CA","@id":"https:\/\/news.canadamotorjobs.com\/fr\/nissan-adopte-la-norme-de-recharge-tesla\/#primaryimage","url":"https:\/\/news.canadamotorjobs.com\/wp-content\/uploads\/2023\/07\/Nissan-Ariya-2023-10.jpg","contentUrl":"https:\/\/news.canadamotorjobs.com\/wp-content\/uploads\/2023\/07\/Nissan-Ariya-2023-10.jpg","width":1400,"height":913},{"@type":"BreadcrumbList","@id":"https:\/\/news.canadamotorjobs.com\/fr\/nissan-adopte-la-norme-de-recharge-tesla\/#breadcrumb","itemListElement":[{"@type":"ListItem","position":1,"name":"Home","item":"https:\/\/news.canadamotorjobs.com\/fr\/blog\/"},{"@type":"ListItem","position":2,"name":"Nissan adopte la norme de recharge Tesla"}]},{"@type":"WebSite","@id":"https:\/\/news.canadamotorjobs.com\/#website","url":"https:\/\/news.canadamotorjobs.com\/","name":"CanadaMotorJobs.com","description":"Automotive Jobs","publisher":{"@id":"https:\/\/news.canadamotorjobs.com\/#organization"},"potentialAction":[{"@type":"SearchAction","target":{"@type":"EntryPoint","urlTemplate":"https:\/\/news.canadamotorjobs.com\/?s={search_term_string}"},"query-input":"required name=search_term_string"}],"inLanguage":"fr-CA"},{"@type":"Organization","@id":"https:\/\/news.canadamotorjobs.com\/#organization","name":"Canada Motor Jobs","url":"https:\/\/news.canadamotorjobs.com\/","logo":{"@type":"ImageObject","inLanguage":"fr-CA","@id":"https:\/\/news.canadamotorjobs.com\/#\/schema\/logo\/image\/","url":"https:\/\/news.canadamotorjobs.com\/wp-content\/uploads\/2022\/10\/logo-canada-motor-jobs-1.png","contentUrl":"https:\/\/news.canadamotorjobs.com\/wp-content\/uploads\/2022\/10\/logo-canada-motor-jobs-1.png","width":800,"height":400,"caption":"Canada Motor Jobs"},"image":{"@id":"https:\/\/news.canadamotorjobs.com\/#\/schema\/logo\/image\/"},"sameAs":["https:\/\/www.facebook.com\/canadamotorjobs\/","https:\/\/x.com\/canadamotorjobs","https:\/\/www.instagram.com\/canadamotorjobs\/","https:\/\/www.linkedin.com\/company\/canadamotorjobs"]},{"@type":"Person","@id":"https:\/\/news.canadamotorjobs.com\/#\/schema\/person\/51793d1f87d44011d7bcc2ed99269a90","name":"Benoit Charette","image":{"@type":"ImageObject","inLanguage":"fr-CA","@id":"https:\/\/news.canadamotorjobs.com\/#\/schema\/person\/image\/","url":"https:\/\/secure.gravatar.com\/avatar\/45f3d2eebcccd909668d7ce7ea7267b6?s=96&d=mm&r=g","contentUrl":"https:\/\/secure.gravatar.com\/avatar\/45f3d2eebcccd909668d7ce7ea7267b6?s=96&d=mm&r=g","caption":"Benoit Charette"},"description":"Benoit Charette \/ Propri\u00e9taire et r\u00e9dacteur en chef Benoit Charette pratique le journalisme automobile depuis bient\u00f4t 30 ans. Il a fait ses classes au c\u00f4t\u00e9 de Daniel H\u00e9raud et au Carnet de route de 1992 \u00e0 2001. Il est fondateur, copropri\u00e9taire et r\u00e9dacteur en chef de L\u2019Annuel de l\u2019automobile, qu\u2019il publie depuis 2001. Il a anim\u00e9 les \u00e9missions RPM et RPM+ sur V et les L\u00e9gendes de la route sur Historia. \u00c0 la radio depuis 1986, il reprend l\u2019antenne cette ann\u00e9e sur les ondes de Cogeco et participe pour la deuxi\u00e8me ann\u00e9e \u00e0 l\u2019\u00e9mission Passion Auto sur RDS en plus de mettre en ligne le site Web officiel de L\u2019Annuel de l\u2019automobile sur annuelauto.ca.","sameAs":["https:\/\/annuelauto.ca\/"],"url":"https:\/\/news.canadamotorjobs.com\/fr\/author\/benoit-charette\/"}]}},"_links":{"self":[{"href":"https:\/\/news.canadamotorjobs.com\/fr\/wp-json\/wp\/v2\/posts\/148769"}],"collection":[{"href":"https:\/\/news.canadamotorjobs.com\/fr\/wp-json\/wp\/v2\/posts"}],"about":[{"href":"https:\/\/news.canadamotorjobs.com\/fr\/wp-json\/wp\/v2\/types\/post"}],"author":[{"embeddable":true,"href":"https:\/\/news.canadamotorjobs.com\/fr\/wp-json\/wp\/v2\/users\/8"}],"replies":[{"embeddable":true,"href":"https:\/\/news.canadamotorjobs.com\/fr\/wp-json\/wp\/v2\/comments?post=148769"}],"version-history":[{"count":2,"href":"https:\/\/news.canadamotorjobs.com\/fr\/wp-json\/wp\/v2\/posts\/148769\/revisions"}],"predecessor-version":[{"id":148773,"href":"https:\/\/news.canadamotorjobs.com\/fr\/wp-json\/wp\/v2\/posts\/148769\/revisions\/148773"}],"wp:featuredmedia":[{"embeddable":true,"href":"https:\/\/news.canadamotorjobs.com\/fr\/wp-json\/wp\/v2\/media\/148771"}],"wp:attachment":[{"href":"https:\/\/news.canadamotorjobs.com\/fr\/wp-json\/wp\/v2\/media?parent=148769"}],"wp:term":[{"taxonomy":"category","embeddable":true,"href":"https:\/\/news.canadamotorjobs.com\/fr\/wp-json\/wp\/v2\/categories?post=148769"},{"taxonomy":"post_tag","embeddable":true,"href":"https:\/\/news.canadamotorjobs.com\/fr\/wp-json\/wp\/v2\/tags?post=148769"}],"curies":[{"name":"wp","href":"https:\/\/api.w.org\/{rel}","templated":true}]}}