{"id":148727,"date":"2023-07-18T09:19:35","date_gmt":"2023-07-18T13:19:35","guid":{"rendered":"https:\/\/news.canadamotorjobs.com\/?p=148727"},"modified":"2023-07-18T09:31:21","modified_gmt":"2023-07-18T13:31:21","slug":"gm-ferme-lusine-cami-ev-en-raison-de-la-penurie-de-batteries-ultium","status":"publish","type":"post","link":"https:\/\/news.canadamotorjobs.com\/fr\/gm-ferme-lusine-cami-ev-en-raison-de-la-penurie-de-batteries-ultium\/","title":{"rendered":"GM ferme l\u2019usine CAMI EV en raison de la p\u00e9nurie de batteries Ultium"},"content":{"rendered":"<\/p>\n<p>L&#8217;usine de v\u00e9hicules \u00e9lectriques CAMI qui appartient \u00e0 GM et est situ\u00e9e \u00e0 Ingersoll, en Ontario, aurait ferm\u00e9 ses portes pour un mois et mis ses effectifs au ralenti de mani\u00e8re inattendue. Selon le London Free Press (via Electrek), citant le syndicat Unifor repr\u00e9sentant les travailleurs, la raison de la fermeture est une p\u00e9nurie de batteries. L&#8217;usine assemble les camionnettes de livraison \u00e9lectriques BrightDrop Zevo 600 et Zevo 400, qui sont aliment\u00e9es par la batterie Ultium de GM.<\/p>\n<h3>Les ventes vont bien, mais pas l\u2019approvisionnement en batteries<\/h3>\n<p>\nLe syndicat invoque un manque de mati\u00e8re premi\u00e8re pour fabriquer les piles. Le carnet de commandes de l\u2019usine est plein pour les quatre prochaines ann\u00e9es. General Motors emploie environ 1 500 personnes sur le site d&#8217;Ingersoll. Avant la fermeture, les travailleurs travaillaient par roulement, deux semaines de travail et quatre semaines de repos, afin de pr\u00e9server l&#8217;emploi de tous. Les travailleurs tiraient 60 % de leur salaire des prestations de l&#8217;assurance-emploi et d&#8217;un compl\u00e9ment lorsqu&#8217;ils n&#8217;\u00e9taient pas au travail. La d\u00e9cision de GM de fermer l&#8217;usine pour le reste du mois n&#8217;a pas \u00e9t\u00e9 bien accueillie par le personnel.<\/p>\n<h3>Un seul endroit pour les piles<\/h3>\n<p>\nGM fabrique actuellement des batteries Ultium uniquement dans l&#8217;usine Ultium Cells de Lordstown, dans l&#8217;Ohio, mais pr\u00e9voit d&#8217;en ouvrir une deuxi\u00e8me dans le Tennessee en 2024 et une troisi\u00e8me dans le Michigan en 2025. Cependant, des sources proches de CAMI Assembly ont indiqu\u00e9 que GM Canada construisait une annexe de 400\u00a0000 pieds carr\u00e9s (37\u00a0200 m\u00e8tres carr\u00e9s) \u00e0 l&#8217;usine d&#8217;Ingersoll o\u00f9 le constructeur automobile assemblera ses propres batteries pour les fourgonnettes BrightDrop. Selon les analystes du secteur, GM est en passe de vendre plus de 70\u00a0000 v\u00e9hicules \u00e9lectriques cette ann\u00e9e, principalement la Bolt EV et l&#8217;EUV, qui ne sont pas \u00e9quip\u00e9es de batteries Ultium. Les batteries des v\u00e9hicules \u00e9lectriques utilisent des m\u00e9taux tels que le lithium, le cobalt et le nickel. La plupart de ces m\u00e9taux proviennent de l&#8217;\u00e9tranger, la Chine \u00e9tant l&#8217;un des principaux producteurs. Des menaces de p\u00e9nurie de nickel, de lithium, de graphite et de cobalt p\u00e8sent sur le monde entier.<\/p>\n<p>\u00a0<\/p>\n<p>Avec des renseignements de Inside EV\u2019s<\/p>\n<p>\u00a0<\/p>\n<p>Le texte <a rel=\"nofollow\" href=\"https:\/\/annuelauto.ca\/gm-ferme-lusine-cami-ev-en-raison-de-la-penurie-de-batteries-ultium\/\">GM ferme l\u2019usine CAMI EV en raison de la p\u00e9nurie de batteries Ultium<\/a> provient de <a rel=\"nofollow\" href=\"https:\/\/annuelauto.ca\">L&#8217;annuel de l&#8217;automobile &#8211; Actualit\u00e9 automobile<\/a><\/p>\n<p><\/p>\n","protected":false},"excerpt":{"rendered":"<p>L&#8217;usine de v\u00e9hicules \u00e9lectriques CAMI qui appartient \u00e0 GM et est situ\u00e9e \u00e0 Ingersoll, en Ontario, aurait ferm\u00e9 ses portes pour un mois et mis ses effectifs au ralenti de mani\u00e8re inattendue. Selon le London Free Press (via Electrek), citant le syndicat Unifor repr\u00e9sentant les travailleurs, la raison de la fermeture est une p\u00e9nurie de [&hellip;]<\/p>\n","protected":false},"author":8,"featured_media":148729,"comment_status":"close","ping_status":"closed","sticky":false,"template":"","format":"standard","meta":{"_monsterinsights_skip_tracking":false,"_monsterinsights_sitenote_active":false,"_monsterinsights_sitenote_note":"","_monsterinsights_sitenote_category":0,"footnotes":""},"categories":[101],"tags":[],"yoast_head":"<!-- This site is optimized with the Yoast SEO plugin v23.2 - https:\/\/yoast.com\/wordpress\/plugins\/seo\/ -->\n<title>GM ferme l\u2019usine CAMI EV en raison de la p\u00e9nurie de batteries Ultium - CanadaMotorJobs.com<\/title>\n<meta name=\"description\" content=\"GM ferme l\u2019usine CAMI EV en raison de la p\u00e9nurie de batteries Ultium - Benoit Charette - Annuel automobile - CanadaMotorJobs.com.\" \/>\n<meta name=\"robots\" content=\"index, follow, max-snippet:-1, max-image-preview:large, max-video-preview:-1\" \/>\n<meta property=\"og:locale\" content=\"fr_CA\" \/>\n<meta property=\"og:type\" content=\"article\" \/>\n<meta property=\"og:title\" content=\"GM ferme l\u2019usine CAMI EV en raison de la p\u00e9nurie de batteries Ultium - CanadaMotorJobs.com\" \/>\n<meta property=\"og:description\" content=\"GM ferme l\u2019usine CAMI EV en raison de la p\u00e9nurie de batteries Ultium - Benoit Charette - Annuel automobile - CanadaMotorJobs.com.\" \/>\n<meta property=\"og:url\" content=\"https:\/\/news.canadamotorjobs.com\/fr\/gm-ferme-lusine-cami-ev-en-raison-de-la-penurie-de-batteries-ultium\/\" \/>\n<meta property=\"og:site_name\" content=\"CanadaMotorJobs.com\" \/>\n<meta property=\"article:publisher\" content=\"https:\/\/www.facebook.com\/canadamotorjobs\/\" \/>\n<meta property=\"article:published_time\" content=\"2023-07-18T13:19:35+00:00\" \/>\n<meta property=\"article:modified_time\" content=\"2023-07-18T13:31:21+00:00\" \/>\n<meta property=\"og:image\" content=\"https:\/\/news.canadamotorjobs.com\/wp-content\/uploads\/2023\/07\/cami-ingersoll-1-3967619-1630689579375.jpg\" \/>\n\t<meta property=\"og:image:width\" content=\"1020\" \/>\n\t<meta property=\"og:image:height\" content=\"574\" \/>\n\t<meta property=\"og:image:type\" content=\"image\/jpeg\" \/>\n<meta name=\"author\" content=\"Benoit Charette\" \/>\n<meta name=\"twitter:card\" content=\"summary_large_image\" \/>\n<meta name=\"twitter:creator\" content=\"@canadamotorjobs\" \/>\n<meta name=\"twitter:site\" content=\"@canadamotorjobs\" \/>\n<meta name=\"twitter:label1\" content=\"\u00c9crit par\" \/>\n\t<meta name=\"twitter:data1\" content=\"Benoit Charette\" \/>\n\t<meta name=\"twitter:label2\" content=\"Estimation du temps de lecture\" \/>\n\t<meta name=\"twitter:data2\" content=\"2 minutes\" \/>\n<!-- \/ Yoast SEO plugin. -->","yoast_head_json":{"title":"GM ferme l\u2019usine CAMI EV en raison de la p\u00e9nurie de batteries Ultium - CanadaMotorJobs.com","description":"GM ferme l\u2019usine CAMI EV en raison de la p\u00e9nurie de batteries Ultium - Benoit Charette - Annuel automobile - CanadaMotorJobs.com.","robots":{"index":"index","follow":"follow","max-snippet":"max-snippet:-1","max-image-preview":"max-image-preview:large","max-video-preview":"max-video-preview:-1"},"og_locale":"fr_CA","og_type":"article","og_title":"GM ferme l\u2019usine CAMI EV en raison de la p\u00e9nurie de batteries Ultium - CanadaMotorJobs.com","og_description":"GM ferme l\u2019usine CAMI EV en raison de la p\u00e9nurie de batteries Ultium - Benoit Charette - Annuel automobile - CanadaMotorJobs.com.","og_url":"https:\/\/news.canadamotorjobs.com\/fr\/gm-ferme-lusine-cami-ev-en-raison-de-la-penurie-de-batteries-ultium\/","og_site_name":"CanadaMotorJobs.com","article_publisher":"https:\/\/www.facebook.com\/canadamotorjobs\/","article_published_time":"2023-07-18T13:19:35+00:00","article_modified_time":"2023-07-18T13:31:21+00:00","og_image":[{"width":1020,"height":574,"url":"https:\/\/news.canadamotorjobs.com\/wp-content\/uploads\/2023\/07\/cami-ingersoll-1-3967619-1630689579375.jpg","type":"image\/jpeg"}],"author":"Benoit Charette","twitter_card":"summary_large_image","twitter_creator":"@canadamotorjobs","twitter_site":"@canadamotorjobs","twitter_misc":{"\u00c9crit par":"Benoit Charette","Estimation du temps de lecture":"2 minutes"},"schema":{"@context":"https:\/\/schema.org","@graph":[{"@type":"Article","@id":"https:\/\/news.canadamotorjobs.com\/fr\/gm-ferme-lusine-cami-ev-en-raison-de-la-penurie-de-batteries-ultium\/#article","isPartOf":{"@id":"https:\/\/news.canadamotorjobs.com\/fr\/gm-ferme-lusine-cami-ev-en-raison-de-la-penurie-de-batteries-ultium\/"},"author":{"name":"Benoit Charette","@id":"https:\/\/news.canadamotorjobs.com\/#\/schema\/person\/51793d1f87d44011d7bcc2ed99269a90"},"headline":"GM ferme l\u2019usine CAMI EV en raison de la p\u00e9nurie de batteries Ultium","datePublished":"2023-07-18T13:19:35+00:00","dateModified":"2023-07-18T13:31:21+00:00","mainEntityOfPage":{"@id":"https:\/\/news.canadamotorjobs.com\/fr\/gm-ferme-lusine-cami-ev-en-raison-de-la-penurie-de-batteries-ultium\/"},"wordCount":426,"publisher":{"@id":"https:\/\/news.canadamotorjobs.com\/#organization"},"image":{"@id":"https:\/\/news.canadamotorjobs.com\/fr\/gm-ferme-lusine-cami-ev-en-raison-de-la-penurie-de-batteries-ultium\/#primaryimage"},"thumbnailUrl":"https:\/\/news.canadamotorjobs.com\/wp-content\/uploads\/2023\/07\/cami-ingersoll-1-3967619-1630689579375.jpg","articleSection":["Annuel automobile"],"inLanguage":"fr-CA"},{"@type":"WebPage","@id":"https:\/\/news.canadamotorjobs.com\/fr\/gm-ferme-lusine-cami-ev-en-raison-de-la-penurie-de-batteries-ultium\/","url":"https:\/\/news.canadamotorjobs.com\/fr\/gm-ferme-lusine-cami-ev-en-raison-de-la-penurie-de-batteries-ultium\/","name":"GM ferme l\u2019usine CAMI EV en raison de la p\u00e9nurie de batteries Ultium - CanadaMotorJobs.com","isPartOf":{"@id":"https:\/\/news.canadamotorjobs.com\/#website"},"primaryImageOfPage":{"@id":"https:\/\/news.canadamotorjobs.com\/fr\/gm-ferme-lusine-cami-ev-en-raison-de-la-penurie-de-batteries-ultium\/#primaryimage"},"image":{"@id":"https:\/\/news.canadamotorjobs.com\/fr\/gm-ferme-lusine-cami-ev-en-raison-de-la-penurie-de-batteries-ultium\/#primaryimage"},"thumbnailUrl":"https:\/\/news.canadamotorjobs.com\/wp-content\/uploads\/2023\/07\/cami-ingersoll-1-3967619-1630689579375.jpg","datePublished":"2023-07-18T13:19:35+00:00","dateModified":"2023-07-18T13:31:21+00:00","description":"GM ferme l\u2019usine CAMI EV en raison de la p\u00e9nurie de batteries Ultium - Benoit Charette - Annuel automobile - CanadaMotorJobs.com.","breadcrumb":{"@id":"https:\/\/news.canadamotorjobs.com\/fr\/gm-ferme-lusine-cami-ev-en-raison-de-la-penurie-de-batteries-ultium\/#breadcrumb"},"inLanguage":"fr-CA","potentialAction":[{"@type":"ReadAction","target":["https:\/\/news.canadamotorjobs.com\/fr\/gm-ferme-lusine-cami-ev-en-raison-de-la-penurie-de-batteries-ultium\/"]}]},{"@type":"ImageObject","inLanguage":"fr-CA","@id":"https:\/\/news.canadamotorjobs.com\/fr\/gm-ferme-lusine-cami-ev-en-raison-de-la-penurie-de-batteries-ultium\/#primaryimage","url":"https:\/\/news.canadamotorjobs.com\/wp-content\/uploads\/2023\/07\/cami-ingersoll-1-3967619-1630689579375.jpg","contentUrl":"https:\/\/news.canadamotorjobs.com\/wp-content\/uploads\/2023\/07\/cami-ingersoll-1-3967619-1630689579375.jpg","width":1020,"height":574},{"@type":"BreadcrumbList","@id":"https:\/\/news.canadamotorjobs.com\/fr\/gm-ferme-lusine-cami-ev-en-raison-de-la-penurie-de-batteries-ultium\/#breadcrumb","itemListElement":[{"@type":"ListItem","position":1,"name":"Home","item":"https:\/\/news.canadamotorjobs.com\/fr\/blog\/"},{"@type":"ListItem","position":2,"name":"GM ferme l\u2019usine CAMI EV en raison de la p\u00e9nurie de batteries Ultium"}]},{"@type":"WebSite","@id":"https:\/\/news.canadamotorjobs.com\/#website","url":"https:\/\/news.canadamotorjobs.com\/","name":"CanadaMotorJobs.com","description":"Automotive Jobs","publisher":{"@id":"https:\/\/news.canadamotorjobs.com\/#organization"},"potentialAction":[{"@type":"SearchAction","target":{"@type":"EntryPoint","urlTemplate":"https:\/\/news.canadamotorjobs.com\/?s={search_term_string}"},"query-input":"required name=search_term_string"}],"inLanguage":"fr-CA"},{"@type":"Organization","@id":"https:\/\/news.canadamotorjobs.com\/#organization","name":"Canada Motor Jobs","url":"https:\/\/news.canadamotorjobs.com\/","logo":{"@type":"ImageObject","inLanguage":"fr-CA","@id":"https:\/\/news.canadamotorjobs.com\/#\/schema\/logo\/image\/","url":"https:\/\/news.canadamotorjobs.com\/wp-content\/uploads\/2022\/10\/logo-canada-motor-jobs-1.png","contentUrl":"https:\/\/news.canadamotorjobs.com\/wp-content\/uploads\/2022\/10\/logo-canada-motor-jobs-1.png","width":800,"height":400,"caption":"Canada Motor Jobs"},"image":{"@id":"https:\/\/news.canadamotorjobs.com\/#\/schema\/logo\/image\/"},"sameAs":["https:\/\/www.facebook.com\/canadamotorjobs\/","https:\/\/x.com\/canadamotorjobs","https:\/\/www.instagram.com\/canadamotorjobs\/","https:\/\/www.linkedin.com\/company\/canadamotorjobs"]},{"@type":"Person","@id":"https:\/\/news.canadamotorjobs.com\/#\/schema\/person\/51793d1f87d44011d7bcc2ed99269a90","name":"Benoit Charette","image":{"@type":"ImageObject","inLanguage":"fr-CA","@id":"https:\/\/news.canadamotorjobs.com\/#\/schema\/person\/image\/","url":"https:\/\/secure.gravatar.com\/avatar\/45f3d2eebcccd909668d7ce7ea7267b6?s=96&d=mm&r=g","contentUrl":"https:\/\/secure.gravatar.com\/avatar\/45f3d2eebcccd909668d7ce7ea7267b6?s=96&d=mm&r=g","caption":"Benoit Charette"},"description":"Benoit Charette \/ Propri\u00e9taire et r\u00e9dacteur en chef Benoit Charette pratique le journalisme automobile depuis bient\u00f4t 30 ans. Il a fait ses classes au c\u00f4t\u00e9 de Daniel H\u00e9raud et au Carnet de route de 1992 \u00e0 2001. Il est fondateur, copropri\u00e9taire et r\u00e9dacteur en chef de L\u2019Annuel de l\u2019automobile, qu\u2019il publie depuis 2001. Il a anim\u00e9 les \u00e9missions RPM et RPM+ sur V et les L\u00e9gendes de la route sur Historia. \u00c0 la radio depuis 1986, il reprend l\u2019antenne cette ann\u00e9e sur les ondes de Cogeco et participe pour la deuxi\u00e8me ann\u00e9e \u00e0 l\u2019\u00e9mission Passion Auto sur RDS en plus de mettre en ligne le site Web officiel de L\u2019Annuel de l\u2019automobile sur annuelauto.ca.","sameAs":["https:\/\/annuelauto.ca\/"],"url":"https:\/\/news.canadamotorjobs.com\/fr\/author\/benoit-charette\/"}]}},"_links":{"self":[{"href":"https:\/\/news.canadamotorjobs.com\/fr\/wp-json\/wp\/v2\/posts\/148727"}],"collection":[{"href":"https:\/\/news.canadamotorjobs.com\/fr\/wp-json\/wp\/v2\/posts"}],"about":[{"href":"https:\/\/news.canadamotorjobs.com\/fr\/wp-json\/wp\/v2\/types\/post"}],"author":[{"embeddable":true,"href":"https:\/\/news.canadamotorjobs.com\/fr\/wp-json\/wp\/v2\/users\/8"}],"replies":[{"embeddable":true,"href":"https:\/\/news.canadamotorjobs.com\/fr\/wp-json\/wp\/v2\/comments?post=148727"}],"version-history":[{"count":2,"href":"https:\/\/news.canadamotorjobs.com\/fr\/wp-json\/wp\/v2\/posts\/148727\/revisions"}],"predecessor-version":[{"id":148731,"href":"https:\/\/news.canadamotorjobs.com\/fr\/wp-json\/wp\/v2\/posts\/148727\/revisions\/148731"}],"wp:featuredmedia":[{"embeddable":true,"href":"https:\/\/news.canadamotorjobs.com\/fr\/wp-json\/wp\/v2\/media\/148729"}],"wp:attachment":[{"href":"https:\/\/news.canadamotorjobs.com\/fr\/wp-json\/wp\/v2\/media?parent=148727"}],"wp:term":[{"taxonomy":"category","embeddable":true,"href":"https:\/\/news.canadamotorjobs.com\/fr\/wp-json\/wp\/v2\/categories?post=148727"},{"taxonomy":"post_tag","embeddable":true,"href":"https:\/\/news.canadamotorjobs.com\/fr\/wp-json\/wp\/v2\/tags?post=148727"}],"curies":[{"name":"wp","href":"https:\/\/api.w.org\/{rel}","templated":true}]}}