{"id":148704,"date":"2023-07-18T08:19:03","date_gmt":"2023-07-18T12:19:03","guid":{"rendered":"https:\/\/news.canadamotorjobs.com\/?p=148704"},"modified":"2023-07-18T08:37:19","modified_gmt":"2023-07-18T12:37:19","slug":"un-4-cylindres-de-671-chevaux-pour-le-mercedes-glc-amg-63","status":"publish","type":"post","link":"https:\/\/news.canadamotorjobs.com\/fr\/un-4-cylindres-de-671-chevaux-pour-le-mercedes-glc-amg-63\/","title":{"rendered":"Un 4 cylindres de 671 chevaux pour le Mercedes GLC AMG 63"},"content":{"rendered":"<\/p>\n<h3>&#8211; La Mercedes-AMG GLC63 2025 abandonne le moteur V8 biturbo au profit de la configuration hybride de la berline C63.<\/h3>\n<p><\/p>\n<h3>&#8211; Le quatre cylindres turbocompress\u00e9 de 2,0 litres et le moteur \u00e9lectrique unissent leurs forces pour produire une puissance consid\u00e9rable de 671 chevaux et un couple de 752 livres-pieds.<\/h3>\n<p><\/p>\n<h3>&#8211; Le GLC63 est \u00e9galement un hybride rechargeable, avec une batterie de 6,1 kWh qui peut envoyer de la puissance aux quatre roues.<\/h3>\n<p><\/p>\n<h3>Sans oublier le mod\u00e8le AMG 43<\/h3>\n<p>\nLe GLC\u00a0 de 2<sup>e<\/sup> g\u00e9n\u00e9ration est arriv\u00e9 en 2023, Mercedes a d\u00e9j\u00e0 annonc\u00e9 ses couleurs pour 2025 avec deux versions AMG. Dans le GLC 43, le moteur AMG\u00a0 2,0 litres avec turbo \u00e9lectrique \u00e0 gaz d&#8217;\u00e9chappement d\u00e9veloppe 416 chevaux et dispose d&#8217;une puissance suppl\u00e9mentaire de 13 chevaux via le g\u00e9n\u00e9rateur-d\u00e9marreur \u00e0 entra\u00eenement par courroie \u00e0 bas r\u00e9gime. La direction \u00e0 essieu arri\u00e8re de s\u00e9rie, la transmission int\u00e9grale permanente AMG Performance 4MATIC avec r\u00e9partition du couple \u00e0 l&#8217;arri\u00e8re, la bo\u00eete de vitesses AMG SPEEDSHIFT\u00ae MCT 9G avec embrayage de d\u00e9marrage humide et la suspension AMG RIDE CONTROL avec syst\u00e8me d&#8217;amortissement adaptatif contribuent \u00e9galement \u00e0 l&#8217;exp\u00e9rience de conduite dynamique. Le GLC 43 4MATIC+ 2024 sera disponible au Canada au premier trimestre 2024, et le Mercedes-AMG GLC 63 S E PERFORMANCE suivra en tant que MY2025 au troisi\u00e8me trimestre 2024.<\/p>\n<h3>Le tout puissant AMG 63<\/h3>\n<p>\nSous le capot, la Mercedes-AMG GLC63 2025 embarque le m\u00eame groupe motopropulseur que la derni\u00e8re berline sportive AMG C63. Le quatre cylindres en ligne turbo de 469 chevaux est associ\u00e9 \u00e0 une bo\u00eete de vitesses \u00e0 embrayage humide \u00e0 neuf rapports ainsi qu&#8217;\u00e0 un moteur \u00e9lectrique de 201 chevaux mont\u00e9 \u00e0 l&#8217;arri\u00e8re, qui fonctionne gr\u00e2ce \u00e0 une bo\u00eete de vitesses \u00e0 deux rapports et \u00e0 un diff\u00e9rentiel \u00e0 glissement limit\u00e9 contr\u00f4l\u00e9 \u00e9lectroniquement afin d&#8217;envoyer la puissance aux roues arri\u00e8re.<\/p>\n<h3>Un quatre cylindres qui a du mordant<\/h3>\n<p>\nAu total, le syst\u00e8me produit une puissance combin\u00e9e de 671 chevaux et un couple de 752 livres-pieds, ce qui repr\u00e9sente une am\u00e9lioration notable par rapport aux 469 chevaux et 479 livres-pieds de l&#8217;ancien V8. Mercedes estime \u00e0 3,7 secondes le temps de passage \u00e0 100 km\/h et une vitesse de pointe de 275 km\/h. Le turbo du moteur M139 est \u00e9quip\u00e9 d&#8217;un moteur \u00e9lectrique sur l&#8217;arbre reliant les roues du compresseur et de la turbine, qui peut faire tourner le turbo avant l&#8217;arriv\u00e9e des gaz d&#8217;\u00e9chappement, ce qui \u00e9limine pratiquement le d\u00e9calage du turbo. Le turbo du GLC63 est nettement plus grand que celui du GLC43 et le moteur \u00e9lectrique int\u00e9gr\u00e9 fonctionne sur une architecture \u00e9lectrique de 400 volts.<\/p>\n<h3>Une certaine autonomie \u00e9lectrique<\/h3>\n<p>\nBien que Mercedes n&#8217;ait pas r\u00e9v\u00e9l\u00e9 d&#8217;autonomie, le GLC63 \u00e0 transmission int\u00e9grale peut fonctionner exclusivement \u00e0 l&#8217;\u00e9lectricit\u00e9, en puisant dans une batterie lithium-ion de 6,1 kWh d\u00e9velopp\u00e9e par AMG et situ\u00e9e juste au-dessus de l&#8217;essieu arri\u00e8re. Le moteur \u00e9lectrique peut \u00e9galement alimenter les roues avant si plus de traction est n\u00e9cessaire, et la deuxi\u00e8me vitesse du moteur \u00e9lectrique s&#8217;enclenche jusqu&#8217;\u00e0 140 km\/h. La batterie est recharg\u00e9e par un chargeur AC embarqu\u00e9 de 3,7 kW. Le GLC63 est \u00e9galement \u00e9quip\u00e9 d&#8217;un syst\u00e8me de stabilisation active du roulis qui fonctionne \u00e0 partir d&#8217;un syst\u00e8me \u00e9lectrique de 48 volts pour aider \u00e0 r\u00e9duire le roulis de la carrosserie. Les roues arri\u00e8re directrices devraient aider le GLC63 \u00e0 \u00eatre plus agile et les freins ont \u00e9t\u00e9 am\u00e9lior\u00e9s, avec des disques de 14,7 pouces \u00e0 l&#8217;avant et des rotors de 14,2 pouces \u00e0 l&#8217;arri\u00e8re.<\/p>\n<h3>Des traits de caract\u00e8re sp\u00e9cifiques<\/h3>\n<p>\nVisuellement, le Mercedes-AMG GLC63 se distingue des GLC standard par une calandre sp\u00e9cifique AMG et un pare-chocs r\u00e9vis\u00e9.L&#8217;arri\u00e8re est dot\u00e9 d&#8217;un diffuseur de grande taille, de quatre embouts d&#8217;\u00e9chappement trap\u00e9zo\u00efdaux et d&#8217;un becquet mont\u00e9 sur le toit. \u00c0 l&#8217;int\u00e9rieur, le volant AMG est en cuir Nappa, tandis que les si\u00e8ges sont envelopp\u00e9s de similicuir MB-Tex de Mercedes. Des si\u00e8ges sport et des si\u00e8ges avant en cuir Nappa avec un logo AMG emboss\u00e9 dans les appuis-t\u00eate sont tous deux disponibles en option. Le GLC est \u00e9galement \u00e9quip\u00e9 de tapis de sol, de seuils de porte et de p\u00e9dales arborant fi\u00e8rement les logos AMG. Aucun n\u2019a encore \u00e9t\u00e9 annonc\u00e9 pour les mod\u00e8les 43 et 63 AMG.<\/p>\n<p>\u00a0<\/p>\n<p>Source\u00a0: Mercedes-Benz<\/p>\n<p>Le texte <a rel=\"nofollow\" href=\"https:\/\/annuelauto.ca\/un-4-cylindres-de-671-chevaux-pour-le-mercedes-glc-amg-63\/\">Un 4 cylindres de 671 chevaux pour le Mercedes GLC AMG 63<\/a> provient de <a rel=\"nofollow\" href=\"https:\/\/annuelauto.ca\">L&#8217;annuel de l&#8217;automobile &#8211; Actualit\u00e9 automobile<\/a><\/p>\n<p><\/p>\n","protected":false},"excerpt":{"rendered":"<p>&#8211; La Mercedes-AMG GLC63 2025 abandonne le moteur V8 biturbo au profit de la configuration hybride de la berline C63. &#8211; Le quatre cylindres turbocompress\u00e9 de 2,0 litres et le moteur \u00e9lectrique unissent leurs forces pour produire une puissance consid\u00e9rable de 671 chevaux et un couple de 752 livres-pieds. &#8211; Le GLC63 est \u00e9galement un [&hellip;]<\/p>\n","protected":false},"author":8,"featured_media":148706,"comment_status":"close","ping_status":"closed","sticky":false,"template":"","format":"standard","meta":{"_monsterinsights_skip_tracking":false,"_monsterinsights_sitenote_active":false,"_monsterinsights_sitenote_note":"","_monsterinsights_sitenote_category":0,"footnotes":""},"categories":[101],"tags":[],"yoast_head":"<!-- This site is optimized with the Yoast SEO plugin v23.2 - https:\/\/yoast.com\/wordpress\/plugins\/seo\/ -->\n<title>Un 4 cylindres de 671 chevaux pour le Mercedes GLC AMG 63 - CanadaMotorJobs.com<\/title>\n<meta name=\"description\" content=\"Un 4 cylindres de 671 chevaux pour le Mercedes GLC AMG 63 - Benoit Charette - Annuel automobile - CanadaMotorJobs.com.\" \/>\n<meta name=\"robots\" content=\"index, follow, max-snippet:-1, max-image-preview:large, max-video-preview:-1\" \/>\n<meta property=\"og:locale\" content=\"fr_CA\" \/>\n<meta property=\"og:type\" content=\"article\" \/>\n<meta property=\"og:title\" content=\"Un 4 cylindres de 671 chevaux pour le Mercedes GLC AMG 63 - CanadaMotorJobs.com\" \/>\n<meta property=\"og:description\" content=\"Un 4 cylindres de 671 chevaux pour le Mercedes GLC AMG 63 - Benoit Charette - Annuel automobile - CanadaMotorJobs.com.\" \/>\n<meta property=\"og:url\" content=\"https:\/\/news.canadamotorjobs.com\/fr\/un-4-cylindres-de-671-chevaux-pour-le-mercedes-glc-amg-63\/\" \/>\n<meta property=\"og:site_name\" content=\"CanadaMotorJobs.com\" \/>\n<meta property=\"article:publisher\" content=\"https:\/\/www.facebook.com\/canadamotorjobs\/\" \/>\n<meta property=\"article:published_time\" content=\"2023-07-18T12:19:03+00:00\" \/>\n<meta property=\"article:modified_time\" content=\"2023-07-18T12:37:19+00:00\" \/>\n<meta property=\"og:image\" content=\"https:\/\/news.canadamotorjobs.com\/wp-content\/uploads\/2023\/07\/23C0231_013.jpg\" \/>\n\t<meta property=\"og:image:width\" content=\"1280\" \/>\n\t<meta property=\"og:image:height\" content=\"835\" \/>\n\t<meta property=\"og:image:type\" content=\"image\/jpeg\" \/>\n<meta name=\"author\" content=\"Benoit Charette\" \/>\n<meta name=\"twitter:card\" content=\"summary_large_image\" \/>\n<meta name=\"twitter:creator\" content=\"@canadamotorjobs\" \/>\n<meta name=\"twitter:site\" content=\"@canadamotorjobs\" \/>\n<meta name=\"twitter:label1\" content=\"\u00c9crit par\" \/>\n\t<meta name=\"twitter:data1\" content=\"Benoit Charette\" \/>\n\t<meta name=\"twitter:label2\" content=\"Estimation du temps de lecture\" \/>\n\t<meta name=\"twitter:data2\" content=\"4 minutes\" \/>\n<!-- \/ Yoast SEO plugin. -->","yoast_head_json":{"title":"Un 4 cylindres de 671 chevaux pour le Mercedes GLC AMG 63 - CanadaMotorJobs.com","description":"Un 4 cylindres de 671 chevaux pour le Mercedes GLC AMG 63 - Benoit Charette - Annuel automobile - CanadaMotorJobs.com.","robots":{"index":"index","follow":"follow","max-snippet":"max-snippet:-1","max-image-preview":"max-image-preview:large","max-video-preview":"max-video-preview:-1"},"og_locale":"fr_CA","og_type":"article","og_title":"Un 4 cylindres de 671 chevaux pour le Mercedes GLC AMG 63 - CanadaMotorJobs.com","og_description":"Un 4 cylindres de 671 chevaux pour le Mercedes GLC AMG 63 - Benoit Charette - Annuel automobile - CanadaMotorJobs.com.","og_url":"https:\/\/news.canadamotorjobs.com\/fr\/un-4-cylindres-de-671-chevaux-pour-le-mercedes-glc-amg-63\/","og_site_name":"CanadaMotorJobs.com","article_publisher":"https:\/\/www.facebook.com\/canadamotorjobs\/","article_published_time":"2023-07-18T12:19:03+00:00","article_modified_time":"2023-07-18T12:37:19+00:00","og_image":[{"width":1280,"height":835,"url":"https:\/\/news.canadamotorjobs.com\/wp-content\/uploads\/2023\/07\/23C0231_013.jpg","type":"image\/jpeg"}],"author":"Benoit Charette","twitter_card":"summary_large_image","twitter_creator":"@canadamotorjobs","twitter_site":"@canadamotorjobs","twitter_misc":{"\u00c9crit par":"Benoit Charette","Estimation du temps de lecture":"4 minutes"},"schema":{"@context":"https:\/\/schema.org","@graph":[{"@type":"Article","@id":"https:\/\/news.canadamotorjobs.com\/fr\/un-4-cylindres-de-671-chevaux-pour-le-mercedes-glc-amg-63\/#article","isPartOf":{"@id":"https:\/\/news.canadamotorjobs.com\/fr\/un-4-cylindres-de-671-chevaux-pour-le-mercedes-glc-amg-63\/"},"author":{"name":"Benoit Charette","@id":"https:\/\/news.canadamotorjobs.com\/#\/schema\/person\/51793d1f87d44011d7bcc2ed99269a90"},"headline":"Un 4 cylindres de 671 chevaux pour le Mercedes GLC AMG 63","datePublished":"2023-07-18T12:19:03+00:00","dateModified":"2023-07-18T12:37:19+00:00","mainEntityOfPage":{"@id":"https:\/\/news.canadamotorjobs.com\/fr\/un-4-cylindres-de-671-chevaux-pour-le-mercedes-glc-amg-63\/"},"wordCount":759,"publisher":{"@id":"https:\/\/news.canadamotorjobs.com\/#organization"},"image":{"@id":"https:\/\/news.canadamotorjobs.com\/fr\/un-4-cylindres-de-671-chevaux-pour-le-mercedes-glc-amg-63\/#primaryimage"},"thumbnailUrl":"https:\/\/news.canadamotorjobs.com\/wp-content\/uploads\/2023\/07\/23C0231_013.jpg","articleSection":["Annuel automobile"],"inLanguage":"fr-CA"},{"@type":"WebPage","@id":"https:\/\/news.canadamotorjobs.com\/fr\/un-4-cylindres-de-671-chevaux-pour-le-mercedes-glc-amg-63\/","url":"https:\/\/news.canadamotorjobs.com\/fr\/un-4-cylindres-de-671-chevaux-pour-le-mercedes-glc-amg-63\/","name":"Un 4 cylindres de 671 chevaux pour le Mercedes GLC AMG 63 - CanadaMotorJobs.com","isPartOf":{"@id":"https:\/\/news.canadamotorjobs.com\/#website"},"primaryImageOfPage":{"@id":"https:\/\/news.canadamotorjobs.com\/fr\/un-4-cylindres-de-671-chevaux-pour-le-mercedes-glc-amg-63\/#primaryimage"},"image":{"@id":"https:\/\/news.canadamotorjobs.com\/fr\/un-4-cylindres-de-671-chevaux-pour-le-mercedes-glc-amg-63\/#primaryimage"},"thumbnailUrl":"https:\/\/news.canadamotorjobs.com\/wp-content\/uploads\/2023\/07\/23C0231_013.jpg","datePublished":"2023-07-18T12:19:03+00:00","dateModified":"2023-07-18T12:37:19+00:00","description":"Un 4 cylindres de 671 chevaux pour le Mercedes GLC AMG 63 - Benoit Charette - Annuel automobile - CanadaMotorJobs.com.","breadcrumb":{"@id":"https:\/\/news.canadamotorjobs.com\/fr\/un-4-cylindres-de-671-chevaux-pour-le-mercedes-glc-amg-63\/#breadcrumb"},"inLanguage":"fr-CA","potentialAction":[{"@type":"ReadAction","target":["https:\/\/news.canadamotorjobs.com\/fr\/un-4-cylindres-de-671-chevaux-pour-le-mercedes-glc-amg-63\/"]}]},{"@type":"ImageObject","inLanguage":"fr-CA","@id":"https:\/\/news.canadamotorjobs.com\/fr\/un-4-cylindres-de-671-chevaux-pour-le-mercedes-glc-amg-63\/#primaryimage","url":"https:\/\/news.canadamotorjobs.com\/wp-content\/uploads\/2023\/07\/23C0231_013.jpg","contentUrl":"https:\/\/news.canadamotorjobs.com\/wp-content\/uploads\/2023\/07\/23C0231_013.jpg","width":1280,"height":835},{"@type":"BreadcrumbList","@id":"https:\/\/news.canadamotorjobs.com\/fr\/un-4-cylindres-de-671-chevaux-pour-le-mercedes-glc-amg-63\/#breadcrumb","itemListElement":[{"@type":"ListItem","position":1,"name":"Home","item":"https:\/\/news.canadamotorjobs.com\/fr\/blog\/"},{"@type":"ListItem","position":2,"name":"Un 4 cylindres de 671 chevaux pour le Mercedes GLC AMG 63"}]},{"@type":"WebSite","@id":"https:\/\/news.canadamotorjobs.com\/#website","url":"https:\/\/news.canadamotorjobs.com\/","name":"CanadaMotorJobs.com","description":"Automotive Jobs","publisher":{"@id":"https:\/\/news.canadamotorjobs.com\/#organization"},"potentialAction":[{"@type":"SearchAction","target":{"@type":"EntryPoint","urlTemplate":"https:\/\/news.canadamotorjobs.com\/?s={search_term_string}"},"query-input":"required name=search_term_string"}],"inLanguage":"fr-CA"},{"@type":"Organization","@id":"https:\/\/news.canadamotorjobs.com\/#organization","name":"Canada Motor Jobs","url":"https:\/\/news.canadamotorjobs.com\/","logo":{"@type":"ImageObject","inLanguage":"fr-CA","@id":"https:\/\/news.canadamotorjobs.com\/#\/schema\/logo\/image\/","url":"https:\/\/news.canadamotorjobs.com\/wp-content\/uploads\/2022\/10\/logo-canada-motor-jobs-1.png","contentUrl":"https:\/\/news.canadamotorjobs.com\/wp-content\/uploads\/2022\/10\/logo-canada-motor-jobs-1.png","width":800,"height":400,"caption":"Canada Motor Jobs"},"image":{"@id":"https:\/\/news.canadamotorjobs.com\/#\/schema\/logo\/image\/"},"sameAs":["https:\/\/www.facebook.com\/canadamotorjobs\/","https:\/\/x.com\/canadamotorjobs","https:\/\/www.instagram.com\/canadamotorjobs\/","https:\/\/www.linkedin.com\/company\/canadamotorjobs"]},{"@type":"Person","@id":"https:\/\/news.canadamotorjobs.com\/#\/schema\/person\/51793d1f87d44011d7bcc2ed99269a90","name":"Benoit Charette","image":{"@type":"ImageObject","inLanguage":"fr-CA","@id":"https:\/\/news.canadamotorjobs.com\/#\/schema\/person\/image\/","url":"https:\/\/secure.gravatar.com\/avatar\/45f3d2eebcccd909668d7ce7ea7267b6?s=96&d=mm&r=g","contentUrl":"https:\/\/secure.gravatar.com\/avatar\/45f3d2eebcccd909668d7ce7ea7267b6?s=96&d=mm&r=g","caption":"Benoit Charette"},"description":"Benoit Charette \/ Propri\u00e9taire et r\u00e9dacteur en chef Benoit Charette pratique le journalisme automobile depuis bient\u00f4t 30 ans. Il a fait ses classes au c\u00f4t\u00e9 de Daniel H\u00e9raud et au Carnet de route de 1992 \u00e0 2001. Il est fondateur, copropri\u00e9taire et r\u00e9dacteur en chef de L\u2019Annuel de l\u2019automobile, qu\u2019il publie depuis 2001. Il a anim\u00e9 les \u00e9missions RPM et RPM+ sur V et les L\u00e9gendes de la route sur Historia. \u00c0 la radio depuis 1986, il reprend l\u2019antenne cette ann\u00e9e sur les ondes de Cogeco et participe pour la deuxi\u00e8me ann\u00e9e \u00e0 l\u2019\u00e9mission Passion Auto sur RDS en plus de mettre en ligne le site Web officiel de L\u2019Annuel de l\u2019automobile sur annuelauto.ca.","sameAs":["https:\/\/annuelauto.ca\/"],"url":"https:\/\/news.canadamotorjobs.com\/fr\/author\/benoit-charette\/"}]}},"_links":{"self":[{"href":"https:\/\/news.canadamotorjobs.com\/fr\/wp-json\/wp\/v2\/posts\/148704"}],"collection":[{"href":"https:\/\/news.canadamotorjobs.com\/fr\/wp-json\/wp\/v2\/posts"}],"about":[{"href":"https:\/\/news.canadamotorjobs.com\/fr\/wp-json\/wp\/v2\/types\/post"}],"author":[{"embeddable":true,"href":"https:\/\/news.canadamotorjobs.com\/fr\/wp-json\/wp\/v2\/users\/8"}],"replies":[{"embeddable":true,"href":"https:\/\/news.canadamotorjobs.com\/fr\/wp-json\/wp\/v2\/comments?post=148704"}],"version-history":[{"count":2,"href":"https:\/\/news.canadamotorjobs.com\/fr\/wp-json\/wp\/v2\/posts\/148704\/revisions"}],"predecessor-version":[{"id":148708,"href":"https:\/\/news.canadamotorjobs.com\/fr\/wp-json\/wp\/v2\/posts\/148704\/revisions\/148708"}],"wp:featuredmedia":[{"embeddable":true,"href":"https:\/\/news.canadamotorjobs.com\/fr\/wp-json\/wp\/v2\/media\/148706"}],"wp:attachment":[{"href":"https:\/\/news.canadamotorjobs.com\/fr\/wp-json\/wp\/v2\/media?parent=148704"}],"wp:term":[{"taxonomy":"category","embeddable":true,"href":"https:\/\/news.canadamotorjobs.com\/fr\/wp-json\/wp\/v2\/categories?post=148704"},{"taxonomy":"post_tag","embeddable":true,"href":"https:\/\/news.canadamotorjobs.com\/fr\/wp-json\/wp\/v2\/tags?post=148704"}],"curies":[{"name":"wp","href":"https:\/\/api.w.org\/{rel}","templated":true}]}}