{"id":148676,"date":"2023-07-17T13:52:19","date_gmt":"2023-07-17T17:52:19","guid":{"rendered":"https:\/\/news.canadamotorjobs.com\/?p=148676"},"modified":"2023-07-17T14:01:09","modified_gmt":"2023-07-17T18:01:09","slug":"voici-le-hyundai-santa-fe-2024","status":"publish","type":"post","link":"https:\/\/news.canadamotorjobs.com\/fr\/voici-le-hyundai-santa-fe-2024\/","title":{"rendered":"Voici le Hyundai Santa Fe 2024"},"content":{"rendered":"<\/p>\n<p>Hyundai a d\u00e9voil\u00e9 un nouveau Santa Fe pour 2024. Pour le premier changement de mod\u00e8le complet du Santa Fe depuis 2018, Hyundai a adopt\u00e9 une approche non conventionnelle. En cons\u00e9quence, le nouveau mod\u00e8le puissant affiche un design ext\u00e9rieur robuste mais d\u00e9licatement d\u00e9taill\u00e9 et un int\u00e9rieur spacieux et polyvalent qui d\u00e9coule de l&#8217;ouverture de son hayon \u00e9largi, offrant aux utilisateurs un espace semblable \u00e0 une terrasse quand et o\u00f9 ils en ont besoin.<\/p>\n<h3>Un gros cube<\/h3>\n<p>\nLa forme carr\u00e9e et la silhouette distinctive du nouveau Santa Fe d\u00e9coulent de son long empattement et de son large hayon. L&#8217;avant du v\u00e9hicule donne une impression de grandeur avec son capot haut, ses phares en forme de H et ses ailes audacieuses et tranchantes. Les phares en forme de H s&#8217;harmonisent avec le motif en H de la partie inf\u00e9rieure de l&#8217;avant, ce qui renforce l&#8217;impression de pl\u00e9nitude visuelle. Les \u00e9l\u00e9ments de design en forme de H r\u00e9interpr\u00e8tent l&#8217;embl\u00e8me &#8220;H&#8221; de Hyundai.\u00a0 Vu de c\u00f4t\u00e9, l&#8217;empattement allong\u00e9 accueille une ligne de toit audacieuse, un volume puissant autour des ailes, des passages de roue nettement d\u00e9finis, un porte-\u00e0-faux avant raccourci et des jantes de 21 pouces, qui conf\u00e8rent \u00e0 ce SUV une allure robuste et aventureuse.<\/p>\n<h3>Int\u00e9rieur plus raffin\u00e9<\/h3>\n<p>\nLe raffinement int\u00e9rieur du tout nouveau Santa Fe est illustr\u00e9 par une vari\u00e9t\u00e9 de caract\u00e9ristiques de haute technologie, y compris un \u00e9cran panoramique incurv\u00e9 et un double chargement sans fil. L&#8217;\u00e9cran incurv\u00e9 relie le groupe num\u00e9rique de 12,3 pouces et le syst\u00e8me d&#8217;infodivertissement et am\u00e9liore la visibilit\u00e9 du conducteur tout en donnant une impression de luxe. En outre, les si\u00e8ges et la garniture de toit aux couleurs vives donnent une impression d&#8217;espace, tandis que les garnitures en bois au toucher doux et les si\u00e8ges en cuir Nappa aux broderies d\u00e9licates ajoutent un style sophistiqu\u00e9. Le Santa va de nouveau offrir trois rang\u00e9es de si\u00e8ges. La garniture de pavillon en daim, les tapis de sol et les dossiers des si\u00e8ges des deuxi\u00e8me et troisi\u00e8me rang\u00e9es sont fabriqu\u00e9s \u00e0 partir de plastique recycl\u00e9, tandis que le rebords de portes et les garnitures de portes sont en similicuir \u00e9cologique.<\/p>\n<h3>Pr\u00e9sentation officielle en ao\u00fbt<\/h3>\n<p>\nLes couleurs int\u00e9rieures et ext\u00e9rieures, inspir\u00e9es par la lumi\u00e8re naturelle, soulignent le style unique du tout nouveau Santa Fe, apportant inspiration et vitalit\u00e9 \u00e0 la vie quotidienne et \u00e0 l&#8217;aventure en ville et en plein air. Aucun d\u00e9tail m\u00e9caniques pour le moment. Le tout nouveau Santa Fe sera pr\u00e9sent\u00e9 en premi\u00e8re mondiale en ao\u00fbt sur la cha\u00eene YouTube de Hyundai.<\/p>\n<p>Le texte <a rel=\"nofollow\" href=\"https:\/\/annuelauto.ca\/voici-le-hyundai-santa-fe-2024\/\">Voici le Hyundai Santa Fe 2024<\/a> provient de <a rel=\"nofollow\" href=\"https:\/\/annuelauto.ca\">L&#8217;annuel de l&#8217;automobile &#8211; Actualit\u00e9 automobile<\/a><\/p>\n<p><\/p>\n","protected":false},"excerpt":{"rendered":"<p>Hyundai a d\u00e9voil\u00e9 un nouveau Santa Fe pour 2024. Pour le premier changement de mod\u00e8le complet du Santa Fe depuis 2018, Hyundai a adopt\u00e9 une approche non conventionnelle. En cons\u00e9quence, le nouveau mod\u00e8le puissant affiche un design ext\u00e9rieur robuste mais d\u00e9licatement d\u00e9taill\u00e9 et un int\u00e9rieur spacieux et polyvalent qui d\u00e9coule de l&#8217;ouverture de son hayon [&hellip;]<\/p>\n","protected":false},"author":8,"featured_media":148678,"comment_status":"close","ping_status":"closed","sticky":false,"template":"","format":"standard","meta":{"_monsterinsights_skip_tracking":false,"_monsterinsights_sitenote_active":false,"_monsterinsights_sitenote_note":"","_monsterinsights_sitenote_category":0,"footnotes":""},"categories":[101],"tags":[],"yoast_head":"<!-- This site is optimized with the Yoast SEO plugin v23.2 - https:\/\/yoast.com\/wordpress\/plugins\/seo\/ -->\n<title>Voici le Hyundai Santa Fe 2024 - CanadaMotorJobs.com<\/title>\n<meta name=\"description\" content=\"Voici le Hyundai Santa Fe 2024 - Benoit Charette - Annuel automobile - CanadaMotorJobs.com.\" \/>\n<meta name=\"robots\" content=\"index, follow, max-snippet:-1, max-image-preview:large, max-video-preview:-1\" \/>\n<meta property=\"og:locale\" content=\"fr_CA\" \/>\n<meta property=\"og:type\" content=\"article\" \/>\n<meta property=\"og:title\" content=\"Voici le Hyundai Santa Fe 2024 - CanadaMotorJobs.com\" \/>\n<meta property=\"og:description\" content=\"Voici le Hyundai Santa Fe 2024 - Benoit Charette - Annuel automobile - CanadaMotorJobs.com.\" \/>\n<meta property=\"og:url\" content=\"https:\/\/news.canadamotorjobs.com\/fr\/voici-le-hyundai-santa-fe-2024\/\" \/>\n<meta property=\"og:site_name\" content=\"CanadaMotorJobs.com\" \/>\n<meta property=\"article:publisher\" content=\"https:\/\/www.facebook.com\/canadamotorjobs\/\" \/>\n<meta property=\"article:published_time\" content=\"2023-07-17T17:52:19+00:00\" \/>\n<meta property=\"article:modified_time\" content=\"2023-07-17T18:01:09+00:00\" \/>\n<meta property=\"og:image\" content=\"https:\/\/news.canadamotorjobs.com\/wp-content\/uploads\/2023\/07\/Large-53579-HyundaisAll-NewSantaFeBoastsBoldNewDesignOptimizedforEffortlessOutdoorLifestyles1.png\" \/>\n\t<meta property=\"og:image:width\" content=\"1600\" \/>\n\t<meta property=\"og:image:height\" content=\"800\" \/>\n\t<meta property=\"og:image:type\" content=\"image\/png\" \/>\n<meta name=\"author\" content=\"Benoit Charette\" \/>\n<meta name=\"twitter:card\" content=\"summary_large_image\" \/>\n<meta name=\"twitter:creator\" content=\"@canadamotorjobs\" \/>\n<meta name=\"twitter:site\" content=\"@canadamotorjobs\" \/>\n<meta name=\"twitter:label1\" content=\"\u00c9crit par\" \/>\n\t<meta name=\"twitter:data1\" content=\"Benoit Charette\" \/>\n\t<meta name=\"twitter:label2\" content=\"Estimation du temps de lecture\" \/>\n\t<meta name=\"twitter:data2\" content=\"2 minutes\" \/>\n<!-- \/ Yoast SEO plugin. -->","yoast_head_json":{"title":"Voici le Hyundai Santa Fe 2024 - CanadaMotorJobs.com","description":"Voici le Hyundai Santa Fe 2024 - Benoit Charette - Annuel automobile - CanadaMotorJobs.com.","robots":{"index":"index","follow":"follow","max-snippet":"max-snippet:-1","max-image-preview":"max-image-preview:large","max-video-preview":"max-video-preview:-1"},"og_locale":"fr_CA","og_type":"article","og_title":"Voici le Hyundai Santa Fe 2024 - CanadaMotorJobs.com","og_description":"Voici le Hyundai Santa Fe 2024 - Benoit Charette - Annuel automobile - CanadaMotorJobs.com.","og_url":"https:\/\/news.canadamotorjobs.com\/fr\/voici-le-hyundai-santa-fe-2024\/","og_site_name":"CanadaMotorJobs.com","article_publisher":"https:\/\/www.facebook.com\/canadamotorjobs\/","article_published_time":"2023-07-17T17:52:19+00:00","article_modified_time":"2023-07-17T18:01:09+00:00","og_image":[{"width":1600,"height":800,"url":"https:\/\/news.canadamotorjobs.com\/wp-content\/uploads\/2023\/07\/Large-53579-HyundaisAll-NewSantaFeBoastsBoldNewDesignOptimizedforEffortlessOutdoorLifestyles1.png","type":"image\/png"}],"author":"Benoit Charette","twitter_card":"summary_large_image","twitter_creator":"@canadamotorjobs","twitter_site":"@canadamotorjobs","twitter_misc":{"\u00c9crit par":"Benoit Charette","Estimation du temps de lecture":"2 minutes"},"schema":{"@context":"https:\/\/schema.org","@graph":[{"@type":"Article","@id":"https:\/\/news.canadamotorjobs.com\/fr\/voici-le-hyundai-santa-fe-2024\/#article","isPartOf":{"@id":"https:\/\/news.canadamotorjobs.com\/fr\/voici-le-hyundai-santa-fe-2024\/"},"author":{"name":"Benoit Charette","@id":"https:\/\/news.canadamotorjobs.com\/#\/schema\/person\/51793d1f87d44011d7bcc2ed99269a90"},"headline":"Voici le Hyundai Santa Fe 2024","datePublished":"2023-07-17T17:52:19+00:00","dateModified":"2023-07-17T18:01:09+00:00","mainEntityOfPage":{"@id":"https:\/\/news.canadamotorjobs.com\/fr\/voici-le-hyundai-santa-fe-2024\/"},"wordCount":489,"publisher":{"@id":"https:\/\/news.canadamotorjobs.com\/#organization"},"image":{"@id":"https:\/\/news.canadamotorjobs.com\/fr\/voici-le-hyundai-santa-fe-2024\/#primaryimage"},"thumbnailUrl":"https:\/\/news.canadamotorjobs.com\/wp-content\/uploads\/2023\/07\/Large-53579-HyundaisAll-NewSantaFeBoastsBoldNewDesignOptimizedforEffortlessOutdoorLifestyles1.png","articleSection":["Annuel automobile"],"inLanguage":"fr-CA"},{"@type":"WebPage","@id":"https:\/\/news.canadamotorjobs.com\/fr\/voici-le-hyundai-santa-fe-2024\/","url":"https:\/\/news.canadamotorjobs.com\/fr\/voici-le-hyundai-santa-fe-2024\/","name":"Voici le Hyundai Santa Fe 2024 - CanadaMotorJobs.com","isPartOf":{"@id":"https:\/\/news.canadamotorjobs.com\/#website"},"primaryImageOfPage":{"@id":"https:\/\/news.canadamotorjobs.com\/fr\/voici-le-hyundai-santa-fe-2024\/#primaryimage"},"image":{"@id":"https:\/\/news.canadamotorjobs.com\/fr\/voici-le-hyundai-santa-fe-2024\/#primaryimage"},"thumbnailUrl":"https:\/\/news.canadamotorjobs.com\/wp-content\/uploads\/2023\/07\/Large-53579-HyundaisAll-NewSantaFeBoastsBoldNewDesignOptimizedforEffortlessOutdoorLifestyles1.png","datePublished":"2023-07-17T17:52:19+00:00","dateModified":"2023-07-17T18:01:09+00:00","description":"Voici le Hyundai Santa Fe 2024 - Benoit Charette - Annuel automobile - CanadaMotorJobs.com.","breadcrumb":{"@id":"https:\/\/news.canadamotorjobs.com\/fr\/voici-le-hyundai-santa-fe-2024\/#breadcrumb"},"inLanguage":"fr-CA","potentialAction":[{"@type":"ReadAction","target":["https:\/\/news.canadamotorjobs.com\/fr\/voici-le-hyundai-santa-fe-2024\/"]}]},{"@type":"ImageObject","inLanguage":"fr-CA","@id":"https:\/\/news.canadamotorjobs.com\/fr\/voici-le-hyundai-santa-fe-2024\/#primaryimage","url":"https:\/\/news.canadamotorjobs.com\/wp-content\/uploads\/2023\/07\/Large-53579-HyundaisAll-NewSantaFeBoastsBoldNewDesignOptimizedforEffortlessOutdoorLifestyles1.png","contentUrl":"https:\/\/news.canadamotorjobs.com\/wp-content\/uploads\/2023\/07\/Large-53579-HyundaisAll-NewSantaFeBoastsBoldNewDesignOptimizedforEffortlessOutdoorLifestyles1.png","width":1600,"height":800},{"@type":"BreadcrumbList","@id":"https:\/\/news.canadamotorjobs.com\/fr\/voici-le-hyundai-santa-fe-2024\/#breadcrumb","itemListElement":[{"@type":"ListItem","position":1,"name":"Home","item":"https:\/\/news.canadamotorjobs.com\/fr\/blog\/"},{"@type":"ListItem","position":2,"name":"Voici le Hyundai Santa Fe 2024"}]},{"@type":"WebSite","@id":"https:\/\/news.canadamotorjobs.com\/#website","url":"https:\/\/news.canadamotorjobs.com\/","name":"CanadaMotorJobs.com","description":"Automotive Jobs","publisher":{"@id":"https:\/\/news.canadamotorjobs.com\/#organization"},"potentialAction":[{"@type":"SearchAction","target":{"@type":"EntryPoint","urlTemplate":"https:\/\/news.canadamotorjobs.com\/?s={search_term_string}"},"query-input":"required name=search_term_string"}],"inLanguage":"fr-CA"},{"@type":"Organization","@id":"https:\/\/news.canadamotorjobs.com\/#organization","name":"Canada Motor Jobs","url":"https:\/\/news.canadamotorjobs.com\/","logo":{"@type":"ImageObject","inLanguage":"fr-CA","@id":"https:\/\/news.canadamotorjobs.com\/#\/schema\/logo\/image\/","url":"https:\/\/news.canadamotorjobs.com\/wp-content\/uploads\/2022\/10\/logo-canada-motor-jobs-1.png","contentUrl":"https:\/\/news.canadamotorjobs.com\/wp-content\/uploads\/2022\/10\/logo-canada-motor-jobs-1.png","width":800,"height":400,"caption":"Canada Motor Jobs"},"image":{"@id":"https:\/\/news.canadamotorjobs.com\/#\/schema\/logo\/image\/"},"sameAs":["https:\/\/www.facebook.com\/canadamotorjobs\/","https:\/\/x.com\/canadamotorjobs","https:\/\/www.instagram.com\/canadamotorjobs\/","https:\/\/www.linkedin.com\/company\/canadamotorjobs"]},{"@type":"Person","@id":"https:\/\/news.canadamotorjobs.com\/#\/schema\/person\/51793d1f87d44011d7bcc2ed99269a90","name":"Benoit Charette","image":{"@type":"ImageObject","inLanguage":"fr-CA","@id":"https:\/\/news.canadamotorjobs.com\/#\/schema\/person\/image\/","url":"https:\/\/secure.gravatar.com\/avatar\/45f3d2eebcccd909668d7ce7ea7267b6?s=96&d=mm&r=g","contentUrl":"https:\/\/secure.gravatar.com\/avatar\/45f3d2eebcccd909668d7ce7ea7267b6?s=96&d=mm&r=g","caption":"Benoit Charette"},"description":"Benoit Charette \/ Propri\u00e9taire et r\u00e9dacteur en chef Benoit Charette pratique le journalisme automobile depuis bient\u00f4t 30 ans. Il a fait ses classes au c\u00f4t\u00e9 de Daniel H\u00e9raud et au Carnet de route de 1992 \u00e0 2001. Il est fondateur, copropri\u00e9taire et r\u00e9dacteur en chef de L\u2019Annuel de l\u2019automobile, qu\u2019il publie depuis 2001. Il a anim\u00e9 les \u00e9missions RPM et RPM+ sur V et les L\u00e9gendes de la route sur Historia. \u00c0 la radio depuis 1986, il reprend l\u2019antenne cette ann\u00e9e sur les ondes de Cogeco et participe pour la deuxi\u00e8me ann\u00e9e \u00e0 l\u2019\u00e9mission Passion Auto sur RDS en plus de mettre en ligne le site Web officiel de L\u2019Annuel de l\u2019automobile sur annuelauto.ca.","sameAs":["https:\/\/annuelauto.ca\/"],"url":"https:\/\/news.canadamotorjobs.com\/fr\/author\/benoit-charette\/"}]}},"_links":{"self":[{"href":"https:\/\/news.canadamotorjobs.com\/fr\/wp-json\/wp\/v2\/posts\/148676"}],"collection":[{"href":"https:\/\/news.canadamotorjobs.com\/fr\/wp-json\/wp\/v2\/posts"}],"about":[{"href":"https:\/\/news.canadamotorjobs.com\/fr\/wp-json\/wp\/v2\/types\/post"}],"author":[{"embeddable":true,"href":"https:\/\/news.canadamotorjobs.com\/fr\/wp-json\/wp\/v2\/users\/8"}],"replies":[{"embeddable":true,"href":"https:\/\/news.canadamotorjobs.com\/fr\/wp-json\/wp\/v2\/comments?post=148676"}],"version-history":[{"count":2,"href":"https:\/\/news.canadamotorjobs.com\/fr\/wp-json\/wp\/v2\/posts\/148676\/revisions"}],"predecessor-version":[{"id":148680,"href":"https:\/\/news.canadamotorjobs.com\/fr\/wp-json\/wp\/v2\/posts\/148676\/revisions\/148680"}],"wp:featuredmedia":[{"embeddable":true,"href":"https:\/\/news.canadamotorjobs.com\/fr\/wp-json\/wp\/v2\/media\/148678"}],"wp:attachment":[{"href":"https:\/\/news.canadamotorjobs.com\/fr\/wp-json\/wp\/v2\/media?parent=148676"}],"wp:term":[{"taxonomy":"category","embeddable":true,"href":"https:\/\/news.canadamotorjobs.com\/fr\/wp-json\/wp\/v2\/categories?post=148676"},{"taxonomy":"post_tag","embeddable":true,"href":"https:\/\/news.canadamotorjobs.com\/fr\/wp-json\/wp\/v2\/tags?post=148676"}],"curies":[{"name":"wp","href":"https:\/\/api.w.org\/{rel}","templated":true}]}}