{"id":148622,"date":"2023-07-16T08:10:52","date_gmt":"2023-07-16T12:10:52","guid":{"rendered":"https:\/\/news.canadamotorjobs.com\/?p=148622"},"modified":"2023-07-16T08:13:49","modified_gmt":"2023-07-16T12:13:49","slug":"tesla-annonce-avoir-fabrique-son-premier-cybertruck","status":"publish","type":"post","link":"https:\/\/news.canadamotorjobs.com\/fr\/tesla-annonce-avoir-fabrique-son-premier-cybertruck\/","title":{"rendered":"Tesla annonce avoir fabriqu\u00e9 son premier Cybertruck"},"content":{"rendered":"<\/p>\n<p>C\u2019est en marge du Salon de l\u2019auto de Los Angeles en 2019 qu\u2019Elon Musk avait annonc\u00e9 au monde qu\u2019il allait fabriquer un pick-up \u00e9lectrique hors norme. Presque quatre ans plus tard, Tesla a annonc\u00e9 hier que le premier camion avait \u00e9t\u00e9 fabriqu\u00e9 sur le cha\u00eene de montage de son usine au Texas, avec deux ans de retard.<\/p>\n<h3>Images sur Twitter<\/h3>\n<p>\nLa soci\u00e9t\u00e9 am\u00e9ricaine a montr\u00e9 une image de travailleurs portant des casques de s\u00e9curit\u00e9 entourant le Cybertruck \u00e9l\u00e9gant, qui, selon elle, a \u00e9t\u00e9 construit dans sa Gigafactory pr\u00e8s d&#8217;Austin, au Texas.\u00a0 Tesla a r\u00e9v\u00e9l\u00e9 le prototype du Cybertruck futuriste en 2019, affirmant que la production commencerait \u00e0 la fin de 2021. Le prototype frappant ressemblait \u00e0 un grand trap\u00e8ze m\u00e9tallique sur roues, ses ext\u00e9rieurs \u00e9tant fabriqu\u00e9s \u00e0 partir d&#8217;un alliage d&#8217;acier inoxydable. Cependant, une d\u00e9monstration des fen\u00eatres pr\u00e9tendument incassables du camion en 2019 s&#8217;est retourn\u00e9e contre lui lorsqu&#8217;une bille de m\u00e9tal lanc\u00e9e sur les fen\u00eatres les a en fait bris\u00e9es.<\/p>\n<h3>Beaucoup de d\u00e9lais en raison de la complexit\u00e9 de la t\u00e2che \u00e0 accomplir<\/h3>\n<p>\nTesla est rest\u00e9 le plus souvent silencieux sur les projets concernant le v\u00e9hicule tr\u00e8s attendu, mais a annonc\u00e9 en 2021 l&#8217;arriv\u00e9e d&#8217;une version mise \u00e0 jour. Le PDG de Tesla, Elon Musk, a d\u00e9clar\u00e9 que l&#8217;entreprise ne pouvait pas encore lancer de nouveaux v\u00e9hicules promis depuis longtemps, tels que le pick-up Cybertruck, en raison de probl\u00e8mes de cha\u00eene d&#8217;approvisionnement.<\/p>\n<h3>Une forte concurrence<\/h3>\n<p>\nCependant, en janvier, Tesla a annonc\u00e9 qu&#8217;elle commencerait la production du Cybertruck plus tard dans l&#8217;ann\u00e9e. L&#8217;entreprise avait pr\u00e9c\u00e9demment d\u00e9clar\u00e9 que la production en s\u00e9rie du v\u00e9hicule \u00e9tait pr\u00e9vue pour 2024.\u00a0 Le Cybertruck permet \u00e0 Tesla d&#8217;\u00eatre comp\u00e9titif sur le march\u00e9 lucratif des pick-up \u00e9lectriques, qui comprend le R1T de Rivian, le Ford F-150 Lightning et le pick-up GMC Hummer EV.<\/p>\n<p>\u00a0<\/p>\n<p>Avec des renseignements de CNN<\/p>\n<p>Le texte <a rel=\"nofollow\" href=\"https:\/\/annuelauto.ca\/tesla-annonce-avoir-fabrique-son-premier-cybertruck\/\">Tesla annonce avoir fabriqu\u00e9 son premier Cybertruck<\/a> provient de <a rel=\"nofollow\" href=\"https:\/\/annuelauto.ca\">L&#8217;annuel de l&#8217;automobile &#8211; Actualit\u00e9 automobile<\/a><\/p>\n<p><\/p>\n","protected":false},"excerpt":{"rendered":"<p>C\u2019est en marge du Salon de l\u2019auto de Los Angeles en 2019 qu\u2019Elon Musk avait annonc\u00e9 au monde qu\u2019il allait fabriquer un pick-up \u00e9lectrique hors norme. Presque quatre ans plus tard, Tesla a annonc\u00e9 hier que le premier camion avait \u00e9t\u00e9 fabriqu\u00e9 sur le cha\u00eene de montage de son usine au Texas, avec deux ans [&hellip;]<\/p>\n","protected":false},"author":8,"featured_media":148624,"comment_status":"close","ping_status":"closed","sticky":false,"template":"","format":"standard","meta":{"_monsterinsights_skip_tracking":false,"_monsterinsights_sitenote_active":false,"_monsterinsights_sitenote_note":"","_monsterinsights_sitenote_category":0,"footnotes":""},"categories":[101],"tags":[],"yoast_head":"<!-- This site is optimized with the Yoast SEO plugin v23.2 - https:\/\/yoast.com\/wordpress\/plugins\/seo\/ -->\n<title>Tesla annonce avoir fabriqu\u00e9 son premier Cybertruck - CanadaMotorJobs.com<\/title>\n<meta name=\"description\" content=\"Tesla annonce avoir fabriqu\u00e9 son premier Cybertruck - Benoit Charette - Annuel automobile - CanadaMotorJobs.com.\" \/>\n<meta name=\"robots\" content=\"index, follow, max-snippet:-1, max-image-preview:large, max-video-preview:-1\" \/>\n<meta property=\"og:locale\" content=\"fr_CA\" \/>\n<meta property=\"og:type\" content=\"article\" \/>\n<meta property=\"og:title\" content=\"Tesla annonce avoir fabriqu\u00e9 son premier Cybertruck - CanadaMotorJobs.com\" \/>\n<meta property=\"og:description\" content=\"Tesla annonce avoir fabriqu\u00e9 son premier Cybertruck - Benoit Charette - Annuel automobile - CanadaMotorJobs.com.\" \/>\n<meta property=\"og:url\" content=\"https:\/\/news.canadamotorjobs.com\/fr\/tesla-annonce-avoir-fabrique-son-premier-cybertruck\/\" \/>\n<meta property=\"og:site_name\" content=\"CanadaMotorJobs.com\" \/>\n<meta property=\"article:publisher\" content=\"https:\/\/www.facebook.com\/canadamotorjobs\/\" \/>\n<meta property=\"article:published_time\" content=\"2023-07-16T12:10:52+00:00\" \/>\n<meta property=\"article:modified_time\" content=\"2023-07-16T12:13:49+00:00\" \/>\n<meta property=\"og:image\" content=\"https:\/\/news.canadamotorjobs.com\/wp-content\/uploads\/2023\/07\/first-tesla-cybertruck-built-at-giga-texas.jpg\" \/>\n\t<meta property=\"og:image:width\" content=\"1920\" \/>\n\t<meta property=\"og:image:height\" content=\"1080\" \/>\n\t<meta property=\"og:image:type\" content=\"image\/jpeg\" \/>\n<meta name=\"author\" content=\"Benoit Charette\" \/>\n<meta name=\"twitter:card\" content=\"summary_large_image\" \/>\n<meta name=\"twitter:creator\" content=\"@canadamotorjobs\" \/>\n<meta name=\"twitter:site\" content=\"@canadamotorjobs\" \/>\n<meta name=\"twitter:label1\" content=\"\u00c9crit par\" \/>\n\t<meta name=\"twitter:data1\" content=\"Benoit Charette\" \/>\n\t<meta name=\"twitter:label2\" content=\"Estimation du temps de lecture\" \/>\n\t<meta name=\"twitter:data2\" content=\"2 minutes\" \/>\n<!-- \/ Yoast SEO plugin. -->","yoast_head_json":{"title":"Tesla annonce avoir fabriqu\u00e9 son premier Cybertruck - CanadaMotorJobs.com","description":"Tesla annonce avoir fabriqu\u00e9 son premier Cybertruck - Benoit Charette - Annuel automobile - CanadaMotorJobs.com.","robots":{"index":"index","follow":"follow","max-snippet":"max-snippet:-1","max-image-preview":"max-image-preview:large","max-video-preview":"max-video-preview:-1"},"og_locale":"fr_CA","og_type":"article","og_title":"Tesla annonce avoir fabriqu\u00e9 son premier Cybertruck - CanadaMotorJobs.com","og_description":"Tesla annonce avoir fabriqu\u00e9 son premier Cybertruck - Benoit Charette - Annuel automobile - CanadaMotorJobs.com.","og_url":"https:\/\/news.canadamotorjobs.com\/fr\/tesla-annonce-avoir-fabrique-son-premier-cybertruck\/","og_site_name":"CanadaMotorJobs.com","article_publisher":"https:\/\/www.facebook.com\/canadamotorjobs\/","article_published_time":"2023-07-16T12:10:52+00:00","article_modified_time":"2023-07-16T12:13:49+00:00","og_image":[{"width":1920,"height":1080,"url":"https:\/\/news.canadamotorjobs.com\/wp-content\/uploads\/2023\/07\/first-tesla-cybertruck-built-at-giga-texas.jpg","type":"image\/jpeg"}],"author":"Benoit Charette","twitter_card":"summary_large_image","twitter_creator":"@canadamotorjobs","twitter_site":"@canadamotorjobs","twitter_misc":{"\u00c9crit par":"Benoit Charette","Estimation du temps de lecture":"2 minutes"},"schema":{"@context":"https:\/\/schema.org","@graph":[{"@type":"Article","@id":"https:\/\/news.canadamotorjobs.com\/fr\/tesla-annonce-avoir-fabrique-son-premier-cybertruck\/#article","isPartOf":{"@id":"https:\/\/news.canadamotorjobs.com\/fr\/tesla-annonce-avoir-fabrique-son-premier-cybertruck\/"},"author":{"name":"Benoit Charette","@id":"https:\/\/news.canadamotorjobs.com\/#\/schema\/person\/51793d1f87d44011d7bcc2ed99269a90"},"headline":"Tesla annonce avoir fabriqu\u00e9 son premier Cybertruck","datePublished":"2023-07-16T12:10:52+00:00","dateModified":"2023-07-16T12:13:49+00:00","mainEntityOfPage":{"@id":"https:\/\/news.canadamotorjobs.com\/fr\/tesla-annonce-avoir-fabrique-son-premier-cybertruck\/"},"wordCount":369,"publisher":{"@id":"https:\/\/news.canadamotorjobs.com\/#organization"},"image":{"@id":"https:\/\/news.canadamotorjobs.com\/fr\/tesla-annonce-avoir-fabrique-son-premier-cybertruck\/#primaryimage"},"thumbnailUrl":"https:\/\/news.canadamotorjobs.com\/wp-content\/uploads\/2023\/07\/first-tesla-cybertruck-built-at-giga-texas.jpg","articleSection":["Annuel automobile"],"inLanguage":"fr-CA"},{"@type":"WebPage","@id":"https:\/\/news.canadamotorjobs.com\/fr\/tesla-annonce-avoir-fabrique-son-premier-cybertruck\/","url":"https:\/\/news.canadamotorjobs.com\/fr\/tesla-annonce-avoir-fabrique-son-premier-cybertruck\/","name":"Tesla annonce avoir fabriqu\u00e9 son premier Cybertruck - CanadaMotorJobs.com","isPartOf":{"@id":"https:\/\/news.canadamotorjobs.com\/#website"},"primaryImageOfPage":{"@id":"https:\/\/news.canadamotorjobs.com\/fr\/tesla-annonce-avoir-fabrique-son-premier-cybertruck\/#primaryimage"},"image":{"@id":"https:\/\/news.canadamotorjobs.com\/fr\/tesla-annonce-avoir-fabrique-son-premier-cybertruck\/#primaryimage"},"thumbnailUrl":"https:\/\/news.canadamotorjobs.com\/wp-content\/uploads\/2023\/07\/first-tesla-cybertruck-built-at-giga-texas.jpg","datePublished":"2023-07-16T12:10:52+00:00","dateModified":"2023-07-16T12:13:49+00:00","description":"Tesla annonce avoir fabriqu\u00e9 son premier Cybertruck - Benoit Charette - Annuel automobile - CanadaMotorJobs.com.","breadcrumb":{"@id":"https:\/\/news.canadamotorjobs.com\/fr\/tesla-annonce-avoir-fabrique-son-premier-cybertruck\/#breadcrumb"},"inLanguage":"fr-CA","potentialAction":[{"@type":"ReadAction","target":["https:\/\/news.canadamotorjobs.com\/fr\/tesla-annonce-avoir-fabrique-son-premier-cybertruck\/"]}]},{"@type":"ImageObject","inLanguage":"fr-CA","@id":"https:\/\/news.canadamotorjobs.com\/fr\/tesla-annonce-avoir-fabrique-son-premier-cybertruck\/#primaryimage","url":"https:\/\/news.canadamotorjobs.com\/wp-content\/uploads\/2023\/07\/first-tesla-cybertruck-built-at-giga-texas.jpg","contentUrl":"https:\/\/news.canadamotorjobs.com\/wp-content\/uploads\/2023\/07\/first-tesla-cybertruck-built-at-giga-texas.jpg","width":1920,"height":1080},{"@type":"BreadcrumbList","@id":"https:\/\/news.canadamotorjobs.com\/fr\/tesla-annonce-avoir-fabrique-son-premier-cybertruck\/#breadcrumb","itemListElement":[{"@type":"ListItem","position":1,"name":"Home","item":"https:\/\/news.canadamotorjobs.com\/fr\/blog\/"},{"@type":"ListItem","position":2,"name":"Tesla annonce avoir fabriqu\u00e9 son premier Cybertruck"}]},{"@type":"WebSite","@id":"https:\/\/news.canadamotorjobs.com\/#website","url":"https:\/\/news.canadamotorjobs.com\/","name":"CanadaMotorJobs.com","description":"Automotive Jobs","publisher":{"@id":"https:\/\/news.canadamotorjobs.com\/#organization"},"potentialAction":[{"@type":"SearchAction","target":{"@type":"EntryPoint","urlTemplate":"https:\/\/news.canadamotorjobs.com\/?s={search_term_string}"},"query-input":"required name=search_term_string"}],"inLanguage":"fr-CA"},{"@type":"Organization","@id":"https:\/\/news.canadamotorjobs.com\/#organization","name":"Canada Motor Jobs","url":"https:\/\/news.canadamotorjobs.com\/","logo":{"@type":"ImageObject","inLanguage":"fr-CA","@id":"https:\/\/news.canadamotorjobs.com\/#\/schema\/logo\/image\/","url":"https:\/\/news.canadamotorjobs.com\/wp-content\/uploads\/2022\/10\/logo-canada-motor-jobs-1.png","contentUrl":"https:\/\/news.canadamotorjobs.com\/wp-content\/uploads\/2022\/10\/logo-canada-motor-jobs-1.png","width":800,"height":400,"caption":"Canada Motor Jobs"},"image":{"@id":"https:\/\/news.canadamotorjobs.com\/#\/schema\/logo\/image\/"},"sameAs":["https:\/\/www.facebook.com\/canadamotorjobs\/","https:\/\/x.com\/canadamotorjobs","https:\/\/www.instagram.com\/canadamotorjobs\/","https:\/\/www.linkedin.com\/company\/canadamotorjobs"]},{"@type":"Person","@id":"https:\/\/news.canadamotorjobs.com\/#\/schema\/person\/51793d1f87d44011d7bcc2ed99269a90","name":"Benoit Charette","image":{"@type":"ImageObject","inLanguage":"fr-CA","@id":"https:\/\/news.canadamotorjobs.com\/#\/schema\/person\/image\/","url":"https:\/\/secure.gravatar.com\/avatar\/45f3d2eebcccd909668d7ce7ea7267b6?s=96&d=mm&r=g","contentUrl":"https:\/\/secure.gravatar.com\/avatar\/45f3d2eebcccd909668d7ce7ea7267b6?s=96&d=mm&r=g","caption":"Benoit Charette"},"description":"Benoit Charette \/ Propri\u00e9taire et r\u00e9dacteur en chef Benoit Charette pratique le journalisme automobile depuis bient\u00f4t 30 ans. Il a fait ses classes au c\u00f4t\u00e9 de Daniel H\u00e9raud et au Carnet de route de 1992 \u00e0 2001. Il est fondateur, copropri\u00e9taire et r\u00e9dacteur en chef de L\u2019Annuel de l\u2019automobile, qu\u2019il publie depuis 2001. Il a anim\u00e9 les \u00e9missions RPM et RPM+ sur V et les L\u00e9gendes de la route sur Historia. \u00c0 la radio depuis 1986, il reprend l\u2019antenne cette ann\u00e9e sur les ondes de Cogeco et participe pour la deuxi\u00e8me ann\u00e9e \u00e0 l\u2019\u00e9mission Passion Auto sur RDS en plus de mettre en ligne le site Web officiel de L\u2019Annuel de l\u2019automobile sur annuelauto.ca.","sameAs":["https:\/\/annuelauto.ca\/"],"url":"https:\/\/news.canadamotorjobs.com\/fr\/author\/benoit-charette\/"}]}},"_links":{"self":[{"href":"https:\/\/news.canadamotorjobs.com\/fr\/wp-json\/wp\/v2\/posts\/148622"}],"collection":[{"href":"https:\/\/news.canadamotorjobs.com\/fr\/wp-json\/wp\/v2\/posts"}],"about":[{"href":"https:\/\/news.canadamotorjobs.com\/fr\/wp-json\/wp\/v2\/types\/post"}],"author":[{"embeddable":true,"href":"https:\/\/news.canadamotorjobs.com\/fr\/wp-json\/wp\/v2\/users\/8"}],"replies":[{"embeddable":true,"href":"https:\/\/news.canadamotorjobs.com\/fr\/wp-json\/wp\/v2\/comments?post=148622"}],"version-history":[{"count":2,"href":"https:\/\/news.canadamotorjobs.com\/fr\/wp-json\/wp\/v2\/posts\/148622\/revisions"}],"predecessor-version":[{"id":148626,"href":"https:\/\/news.canadamotorjobs.com\/fr\/wp-json\/wp\/v2\/posts\/148622\/revisions\/148626"}],"wp:featuredmedia":[{"embeddable":true,"href":"https:\/\/news.canadamotorjobs.com\/fr\/wp-json\/wp\/v2\/media\/148624"}],"wp:attachment":[{"href":"https:\/\/news.canadamotorjobs.com\/fr\/wp-json\/wp\/v2\/media?parent=148622"}],"wp:term":[{"taxonomy":"category","embeddable":true,"href":"https:\/\/news.canadamotorjobs.com\/fr\/wp-json\/wp\/v2\/categories?post=148622"},{"taxonomy":"post_tag","embeddable":true,"href":"https:\/\/news.canadamotorjobs.com\/fr\/wp-json\/wp\/v2\/tags?post=148622"}],"curies":[{"name":"wp","href":"https:\/\/api.w.org\/{rel}","templated":true}]}}