{"id":148599,"date":"2023-07-16T07:50:40","date_gmt":"2023-07-16T11:50:40","guid":{"rendered":"https:\/\/news.canadamotorjobs.com\/?p=148599"},"modified":"2023-07-16T07:59:57","modified_gmt":"2023-07-16T11:59:57","slug":"volkswagen-doit-trouver-le-moyen-deconomiser-15-milliards-de-dollars","status":"publish","type":"post","link":"https:\/\/news.canadamotorjobs.com\/fr\/volkswagen-doit-trouver-le-moyen-deconomiser-15-milliards-de-dollars\/","title":{"rendered":"Volkswagen doit trouver le moyen d\u2019\u00e9conomiser 15 milliards de dollars"},"content":{"rendered":"<\/p>\n<p>Il y a p\u00e9ril en la demeure et Volkswagen se trouve dans une situation difficile, a r\u00e9v\u00e9l\u00e9 cette semaine le PDG de la marque lors d&#8217;une r\u00e9union interne enflamm\u00e9e. Les co\u00fbts deviennent trop \u00e9lev\u00e9s, a d\u00e9clar\u00e9 Thomas Sch\u00e4fer \u00e0 ses cadres, leur demandant de geler les d\u00e9penses alors que l&#8217;entreprise cherche \u00e0 r\u00e9aliser des milliards d&#8217;euros d&#8217;\u00e9conomies.<\/p>\n<h3>Une route difficile devant soi<\/h3>\n<p>\nCes sombres perspectives ont \u00e9t\u00e9 \u00e9voqu\u00e9es lors d&#8217;une r\u00e9union d&#8217;une heure avec plus de 2 000 cadres de VW cette semaine. Le PDG a expos\u00e9 le chemin difficile qui attend le plus grand constructeur automobile d&#8217;Europe.<\/p>\n<p>\u00ab\u00a0Le toit est en feu\u00a0\u00bb, a d\u00e9clar\u00e9 M.\u00a0Sch\u00e4fer avant de dire au groupe que \u00ab\u00a0nous laissons les co\u00fbts trop \u00e9lev\u00e9s dans de nombreux domaines\u00a0\u00bb, selon Autocar. Il a \u00e9galement indiqu\u00e9 que les semaines et les mois \u00e0 venir seraient \u00ab\u00a0tr\u00e8s difficiles\u00a0\u00bb pour l&#8217;entreprise.<\/p>\n<h3>Trouver des moyens d\u2019\u00e9conomiser en tout<\/h3>\n<p>\nIl a demand\u00e9 aux cadres de trouver de \u00ab\u00a0petites victoires\u00a0\u00bb et a d\u00e9clar\u00e9 que VW introduirait de nouveaux \u00ab\u00a0programmes de performance\u00a0\u00bb visant \u00e0 \u00e9conomiser jusqu&#8217;\u00e0 10 milliards d&#8217;euros (14,8 milliards de dollars canadiens au taux de change actuel) au cours des trois prochaines ann\u00e9es. Ces appels interviennent alors que les ventes ralentissent en Chine, o\u00f9 le constructeur a \u00e9t\u00e9 contraint de s&#8217;engager dans une longue guerre des prix. La concurrence dans ce pays, le plus grand march\u00e9 automobile du monde, s&#8217;est resserr\u00e9e \u00e0 mesure que la part des constructeurs nationaux augmentait.<\/p>\n<h3>Un probl\u00e8me de rentabilit\u00e9<\/h3>\n<p>\nToutefois, le directeur financier de la marque, Patrik Andreas Mayer, a laiss\u00e9 entendre que les probl\u00e8mes \u00e9taient plus profonds que cela lors de la conf\u00e9rence t\u00e9l\u00e9phonique. Il a d\u00e9clar\u00e9 aux cadres que \u00ab nos activit\u00e9s li\u00e9es aux v\u00e9hicules ne vont pas bien \u00bb et a qualifi\u00e9 l&#8217;allocution de \u00ab dernier appel \u00bb. Sch\u00e4fer a attribu\u00e9 les probl\u00e8mes aux \u00ab\u00a0structures et processus\u00a0\u00bb qui sont \u00ab\u00a0trop complexes, lents et rigides\u00a0\u00bb. Il a fait appel \u00e0 l&#8217;\u00ab\u00a0esprit d&#8217;\u00e9quipe\u00a0\u00bb des cadres pour les inciter \u00e0 redresser la barre.<\/p>\n<p>\u00a0<\/p>\n<p>Avec des renseignements de Carscoops<\/p>\n<p>\u00a0<\/p>\n<p>Le texte <a rel=\"nofollow\" href=\"https:\/\/annuelauto.ca\/volkswagen-doit-trouver-le-moyen-deconomiser-15-milliards-de-dollars\/\">Volkswagen doit trouver le moyen d\u2019\u00e9conomiser 15 milliards de dollars<\/a> provient de <a rel=\"nofollow\" href=\"https:\/\/annuelauto.ca\">L&#8217;annuel de l&#8217;automobile &#8211; Actualit\u00e9 automobile<\/a><\/p>\n<p><\/p>\n","protected":false},"excerpt":{"rendered":"<p>Il y a p\u00e9ril en la demeure et Volkswagen se trouve dans une situation difficile, a r\u00e9v\u00e9l\u00e9 cette semaine le PDG de la marque lors d&#8217;une r\u00e9union interne enflamm\u00e9e. Les co\u00fbts deviennent trop \u00e9lev\u00e9s, a d\u00e9clar\u00e9 Thomas Sch\u00e4fer \u00e0 ses cadres, leur demandant de geler les d\u00e9penses alors que l&#8217;entreprise cherche \u00e0 r\u00e9aliser des milliards [&hellip;]<\/p>\n","protected":false},"author":8,"featured_media":148601,"comment_status":"close","ping_status":"closed","sticky":false,"template":"","format":"standard","meta":{"_monsterinsights_skip_tracking":false,"_monsterinsights_sitenote_active":false,"_monsterinsights_sitenote_note":"","_monsterinsights_sitenote_category":0,"footnotes":""},"categories":[101],"tags":[],"yoast_head":"<!-- This site is optimized with the Yoast SEO plugin v23.2 - https:\/\/yoast.com\/wordpress\/plugins\/seo\/ -->\n<title>Volkswagen doit trouver le moyen d\u2019\u00e9conomiser 15 milliards de dollars - CanadaMotorJobs.com<\/title>\n<meta name=\"description\" content=\"Volkswagen doit trouver le moyen d\u2019\u00e9conomiser 15 milliards de dollars - Benoit Charette - Annuel automobile - CanadaMotorJobs.com.\" \/>\n<meta name=\"robots\" content=\"index, follow, max-snippet:-1, max-image-preview:large, max-video-preview:-1\" \/>\n<meta property=\"og:locale\" content=\"fr_CA\" \/>\n<meta property=\"og:type\" content=\"article\" \/>\n<meta property=\"og:title\" content=\"Volkswagen doit trouver le moyen d\u2019\u00e9conomiser 15 milliards de dollars - CanadaMotorJobs.com\" \/>\n<meta property=\"og:description\" content=\"Volkswagen doit trouver le moyen d\u2019\u00e9conomiser 15 milliards de dollars - Benoit Charette - Annuel automobile - CanadaMotorJobs.com.\" \/>\n<meta property=\"og:url\" content=\"https:\/\/news.canadamotorjobs.com\/fr\/volkswagen-doit-trouver-le-moyen-deconomiser-15-milliards-de-dollars\/\" \/>\n<meta property=\"og:site_name\" content=\"CanadaMotorJobs.com\" \/>\n<meta property=\"article:publisher\" content=\"https:\/\/www.facebook.com\/canadamotorjobs\/\" \/>\n<meta property=\"article:published_time\" content=\"2023-07-16T11:50:40+00:00\" \/>\n<meta property=\"article:modified_time\" content=\"2023-07-16T11:59:57+00:00\" \/>\n<meta property=\"og:image\" content=\"https:\/\/news.canadamotorjobs.com\/wp-content\/uploads\/2023\/07\/Screen-Shot-2021-02-27-at-10.52.05-1110x625-1.png\" \/>\n\t<meta property=\"og:image:width\" content=\"1110\" \/>\n\t<meta property=\"og:image:height\" content=\"625\" \/>\n\t<meta property=\"og:image:type\" content=\"image\/png\" \/>\n<meta name=\"author\" content=\"Benoit Charette\" \/>\n<meta name=\"twitter:card\" content=\"summary_large_image\" \/>\n<meta name=\"twitter:creator\" content=\"@canadamotorjobs\" \/>\n<meta name=\"twitter:site\" content=\"@canadamotorjobs\" \/>\n<meta name=\"twitter:label1\" content=\"\u00c9crit par\" \/>\n\t<meta name=\"twitter:data1\" content=\"Benoit Charette\" \/>\n\t<meta name=\"twitter:label2\" content=\"Estimation du temps de lecture\" \/>\n\t<meta name=\"twitter:data2\" content=\"2 minutes\" \/>\n<!-- \/ Yoast SEO plugin. -->","yoast_head_json":{"title":"Volkswagen doit trouver le moyen d\u2019\u00e9conomiser 15 milliards de dollars - CanadaMotorJobs.com","description":"Volkswagen doit trouver le moyen d\u2019\u00e9conomiser 15 milliards de dollars - Benoit Charette - Annuel automobile - CanadaMotorJobs.com.","robots":{"index":"index","follow":"follow","max-snippet":"max-snippet:-1","max-image-preview":"max-image-preview:large","max-video-preview":"max-video-preview:-1"},"og_locale":"fr_CA","og_type":"article","og_title":"Volkswagen doit trouver le moyen d\u2019\u00e9conomiser 15 milliards de dollars - CanadaMotorJobs.com","og_description":"Volkswagen doit trouver le moyen d\u2019\u00e9conomiser 15 milliards de dollars - Benoit Charette - Annuel automobile - CanadaMotorJobs.com.","og_url":"https:\/\/news.canadamotorjobs.com\/fr\/volkswagen-doit-trouver-le-moyen-deconomiser-15-milliards-de-dollars\/","og_site_name":"CanadaMotorJobs.com","article_publisher":"https:\/\/www.facebook.com\/canadamotorjobs\/","article_published_time":"2023-07-16T11:50:40+00:00","article_modified_time":"2023-07-16T11:59:57+00:00","og_image":[{"width":1110,"height":625,"url":"https:\/\/news.canadamotorjobs.com\/wp-content\/uploads\/2023\/07\/Screen-Shot-2021-02-27-at-10.52.05-1110x625-1.png","type":"image\/png"}],"author":"Benoit Charette","twitter_card":"summary_large_image","twitter_creator":"@canadamotorjobs","twitter_site":"@canadamotorjobs","twitter_misc":{"\u00c9crit par":"Benoit Charette","Estimation du temps de lecture":"2 minutes"},"schema":{"@context":"https:\/\/schema.org","@graph":[{"@type":"Article","@id":"https:\/\/news.canadamotorjobs.com\/fr\/volkswagen-doit-trouver-le-moyen-deconomiser-15-milliards-de-dollars\/#article","isPartOf":{"@id":"https:\/\/news.canadamotorjobs.com\/fr\/volkswagen-doit-trouver-le-moyen-deconomiser-15-milliards-de-dollars\/"},"author":{"name":"Benoit Charette","@id":"https:\/\/news.canadamotorjobs.com\/#\/schema\/person\/51793d1f87d44011d7bcc2ed99269a90"},"headline":"Volkswagen doit trouver le moyen d\u2019\u00e9conomiser 15 milliards de dollars","datePublished":"2023-07-16T11:50:40+00:00","dateModified":"2023-07-16T11:59:57+00:00","mainEntityOfPage":{"@id":"https:\/\/news.canadamotorjobs.com\/fr\/volkswagen-doit-trouver-le-moyen-deconomiser-15-milliards-de-dollars\/"},"wordCount":396,"publisher":{"@id":"https:\/\/news.canadamotorjobs.com\/#organization"},"image":{"@id":"https:\/\/news.canadamotorjobs.com\/fr\/volkswagen-doit-trouver-le-moyen-deconomiser-15-milliards-de-dollars\/#primaryimage"},"thumbnailUrl":"https:\/\/news.canadamotorjobs.com\/wp-content\/uploads\/2023\/07\/Screen-Shot-2021-02-27-at-10.52.05-1110x625-1.png","articleSection":["Annuel automobile"],"inLanguage":"fr-CA"},{"@type":"WebPage","@id":"https:\/\/news.canadamotorjobs.com\/fr\/volkswagen-doit-trouver-le-moyen-deconomiser-15-milliards-de-dollars\/","url":"https:\/\/news.canadamotorjobs.com\/fr\/volkswagen-doit-trouver-le-moyen-deconomiser-15-milliards-de-dollars\/","name":"Volkswagen doit trouver le moyen d\u2019\u00e9conomiser 15 milliards de dollars - CanadaMotorJobs.com","isPartOf":{"@id":"https:\/\/news.canadamotorjobs.com\/#website"},"primaryImageOfPage":{"@id":"https:\/\/news.canadamotorjobs.com\/fr\/volkswagen-doit-trouver-le-moyen-deconomiser-15-milliards-de-dollars\/#primaryimage"},"image":{"@id":"https:\/\/news.canadamotorjobs.com\/fr\/volkswagen-doit-trouver-le-moyen-deconomiser-15-milliards-de-dollars\/#primaryimage"},"thumbnailUrl":"https:\/\/news.canadamotorjobs.com\/wp-content\/uploads\/2023\/07\/Screen-Shot-2021-02-27-at-10.52.05-1110x625-1.png","datePublished":"2023-07-16T11:50:40+00:00","dateModified":"2023-07-16T11:59:57+00:00","description":"Volkswagen doit trouver le moyen d\u2019\u00e9conomiser 15 milliards de dollars - Benoit Charette - Annuel automobile - CanadaMotorJobs.com.","breadcrumb":{"@id":"https:\/\/news.canadamotorjobs.com\/fr\/volkswagen-doit-trouver-le-moyen-deconomiser-15-milliards-de-dollars\/#breadcrumb"},"inLanguage":"fr-CA","potentialAction":[{"@type":"ReadAction","target":["https:\/\/news.canadamotorjobs.com\/fr\/volkswagen-doit-trouver-le-moyen-deconomiser-15-milliards-de-dollars\/"]}]},{"@type":"ImageObject","inLanguage":"fr-CA","@id":"https:\/\/news.canadamotorjobs.com\/fr\/volkswagen-doit-trouver-le-moyen-deconomiser-15-milliards-de-dollars\/#primaryimage","url":"https:\/\/news.canadamotorjobs.com\/wp-content\/uploads\/2023\/07\/Screen-Shot-2021-02-27-at-10.52.05-1110x625-1.png","contentUrl":"https:\/\/news.canadamotorjobs.com\/wp-content\/uploads\/2023\/07\/Screen-Shot-2021-02-27-at-10.52.05-1110x625-1.png","width":1110,"height":625},{"@type":"BreadcrumbList","@id":"https:\/\/news.canadamotorjobs.com\/fr\/volkswagen-doit-trouver-le-moyen-deconomiser-15-milliards-de-dollars\/#breadcrumb","itemListElement":[{"@type":"ListItem","position":1,"name":"Home","item":"https:\/\/news.canadamotorjobs.com\/fr\/blog\/"},{"@type":"ListItem","position":2,"name":"Volkswagen doit trouver le moyen d\u2019\u00e9conomiser 15 milliards de dollars"}]},{"@type":"WebSite","@id":"https:\/\/news.canadamotorjobs.com\/#website","url":"https:\/\/news.canadamotorjobs.com\/","name":"CanadaMotorJobs.com","description":"Automotive Jobs","publisher":{"@id":"https:\/\/news.canadamotorjobs.com\/#organization"},"potentialAction":[{"@type":"SearchAction","target":{"@type":"EntryPoint","urlTemplate":"https:\/\/news.canadamotorjobs.com\/?s={search_term_string}"},"query-input":"required name=search_term_string"}],"inLanguage":"fr-CA"},{"@type":"Organization","@id":"https:\/\/news.canadamotorjobs.com\/#organization","name":"Canada Motor Jobs","url":"https:\/\/news.canadamotorjobs.com\/","logo":{"@type":"ImageObject","inLanguage":"fr-CA","@id":"https:\/\/news.canadamotorjobs.com\/#\/schema\/logo\/image\/","url":"https:\/\/news.canadamotorjobs.com\/wp-content\/uploads\/2022\/10\/logo-canada-motor-jobs-1.png","contentUrl":"https:\/\/news.canadamotorjobs.com\/wp-content\/uploads\/2022\/10\/logo-canada-motor-jobs-1.png","width":800,"height":400,"caption":"Canada Motor Jobs"},"image":{"@id":"https:\/\/news.canadamotorjobs.com\/#\/schema\/logo\/image\/"},"sameAs":["https:\/\/www.facebook.com\/canadamotorjobs\/","https:\/\/x.com\/canadamotorjobs","https:\/\/www.instagram.com\/canadamotorjobs\/","https:\/\/www.linkedin.com\/company\/canadamotorjobs"]},{"@type":"Person","@id":"https:\/\/news.canadamotorjobs.com\/#\/schema\/person\/51793d1f87d44011d7bcc2ed99269a90","name":"Benoit Charette","image":{"@type":"ImageObject","inLanguage":"fr-CA","@id":"https:\/\/news.canadamotorjobs.com\/#\/schema\/person\/image\/","url":"https:\/\/secure.gravatar.com\/avatar\/45f3d2eebcccd909668d7ce7ea7267b6?s=96&d=mm&r=g","contentUrl":"https:\/\/secure.gravatar.com\/avatar\/45f3d2eebcccd909668d7ce7ea7267b6?s=96&d=mm&r=g","caption":"Benoit Charette"},"description":"Benoit Charette \/ Propri\u00e9taire et r\u00e9dacteur en chef Benoit Charette pratique le journalisme automobile depuis bient\u00f4t 30 ans. Il a fait ses classes au c\u00f4t\u00e9 de Daniel H\u00e9raud et au Carnet de route de 1992 \u00e0 2001. Il est fondateur, copropri\u00e9taire et r\u00e9dacteur en chef de L\u2019Annuel de l\u2019automobile, qu\u2019il publie depuis 2001. Il a anim\u00e9 les \u00e9missions RPM et RPM+ sur V et les L\u00e9gendes de la route sur Historia. \u00c0 la radio depuis 1986, il reprend l\u2019antenne cette ann\u00e9e sur les ondes de Cogeco et participe pour la deuxi\u00e8me ann\u00e9e \u00e0 l\u2019\u00e9mission Passion Auto sur RDS en plus de mettre en ligne le site Web officiel de L\u2019Annuel de l\u2019automobile sur annuelauto.ca.","sameAs":["https:\/\/annuelauto.ca\/"],"url":"https:\/\/news.canadamotorjobs.com\/fr\/author\/benoit-charette\/"}]}},"_links":{"self":[{"href":"https:\/\/news.canadamotorjobs.com\/fr\/wp-json\/wp\/v2\/posts\/148599"}],"collection":[{"href":"https:\/\/news.canadamotorjobs.com\/fr\/wp-json\/wp\/v2\/posts"}],"about":[{"href":"https:\/\/news.canadamotorjobs.com\/fr\/wp-json\/wp\/v2\/types\/post"}],"author":[{"embeddable":true,"href":"https:\/\/news.canadamotorjobs.com\/fr\/wp-json\/wp\/v2\/users\/8"}],"replies":[{"embeddable":true,"href":"https:\/\/news.canadamotorjobs.com\/fr\/wp-json\/wp\/v2\/comments?post=148599"}],"version-history":[{"count":2,"href":"https:\/\/news.canadamotorjobs.com\/fr\/wp-json\/wp\/v2\/posts\/148599\/revisions"}],"predecessor-version":[{"id":148603,"href":"https:\/\/news.canadamotorjobs.com\/fr\/wp-json\/wp\/v2\/posts\/148599\/revisions\/148603"}],"wp:featuredmedia":[{"embeddable":true,"href":"https:\/\/news.canadamotorjobs.com\/fr\/wp-json\/wp\/v2\/media\/148601"}],"wp:attachment":[{"href":"https:\/\/news.canadamotorjobs.com\/fr\/wp-json\/wp\/v2\/media?parent=148599"}],"wp:term":[{"taxonomy":"category","embeddable":true,"href":"https:\/\/news.canadamotorjobs.com\/fr\/wp-json\/wp\/v2\/categories?post=148599"},{"taxonomy":"post_tag","embeddable":true,"href":"https:\/\/news.canadamotorjobs.com\/fr\/wp-json\/wp\/v2\/tags?post=148599"}],"curies":[{"name":"wp","href":"https:\/\/api.w.org\/{rel}","templated":true}]}}