{"id":148575,"date":"2023-07-14T08:15:29","date_gmt":"2023-07-14T12:15:29","guid":{"rendered":"https:\/\/news.canadamotorjobs.com\/?p=148575"},"modified":"2023-07-14T08:16:53","modified_gmt":"2023-07-14T12:16:53","slug":"un-nouveau-mustang-mach-e-inspire-des-rallyes-en-concession-cet-automne","status":"publish","type":"post","link":"https:\/\/news.canadamotorjobs.com\/fr\/un-nouveau-mustang-mach-e-inspire-des-rallyes-en-concession-cet-automne\/","title":{"rendered":"Un nouveau Mustang Mach-e inspir\u00e9 des rallyes en concession cet automne"},"content":{"rendered":"<\/p>\n<p>Ford a pr\u00e9sent\u00e9 aujourd\u2019hui au \u00ab Festival of Speed \u00bb de Goodwood, la Mustang Mach-E Rally qui sera dot\u00e9e d&#8217;un design unique pour le bouclier avant et les roues, ainsi que d&#8217;un ensemble a\u00e9rodynamique comprenant un diviseur avant et un becquet de toit surdimensionn\u00e9. Des feux de route sont \u00e9galement mont\u00e9s sur la calandre, ainsi que des si\u00e8ges sport dans l&#8217;habitacle.<\/p>\n<h3>En vente cet automne au Canada et aux \u00c9tats-Unis<\/h3>\n<p>\nCompte tenu de l&#8217;accent mis sur les performances, la Mustang Mach-E Rally utilisera probablement la configuration du groupe motopropulseur la plus puissante propos\u00e9e sur la Mustang Mach-E. Actuellement disponible dans la version GT Performance, ce groupe motopropulseur consiste en une transmission int\u00e9grale \u00e0 deux moteurs d\u00e9veloppant 480 ch. Il est fort probable que quelques am\u00e9liorations soient \u00e9galement apport\u00e9es au ch\u00e2ssis, notamment une hauteur de caisse l\u00e9g\u00e8rement plus \u00e9lev\u00e9e, compte tenu de la n\u00e9cessit\u00e9 de disposer d&#8217;une capacit\u00e9 tout-terrain.<\/p>\n<p>Pour la premi\u00e8re fois en pr\u00e8s de six d\u00e9cennies d&#8217;histoire, Ford emm\u00e8ne la Mustang l\u00e0 o\u00f9 elle n&#8217;est jamais all\u00e9e auparavant &#8211; l\u00e0 o\u00f9 l&#8217;asphalte se termine et o\u00f9 le chemin de terre commence &#8211; avec la Ford Mustang Mach-E\u00ae Rally \u00e9lectrique inspir\u00e9e des rallyes.<\/p>\n<p>\u00a0<\/p>\n<p>\u00a0<\/p>\n<p>Le texte <a rel=\"nofollow\" href=\"https:\/\/annuelauto.ca\/un-nouveau-mustang-mach-e-inspire-des-rallyes-en-concession-cet-automne\/\">Un nouveau Mustang Mach-e inspir\u00e9 des rallyes en concession cet automne<\/a> provient de <a rel=\"nofollow\" href=\"https:\/\/annuelauto.ca\">L&#8217;annuel de l&#8217;automobile &#8211; Actualit\u00e9 automobile<\/a><\/p>\n<p><\/p>\n","protected":false},"excerpt":{"rendered":"<p>Ford a pr\u00e9sent\u00e9 aujourd\u2019hui au \u00ab Festival of Speed \u00bb de Goodwood, la Mustang Mach-E Rally qui sera dot\u00e9e d&#8217;un design unique pour le bouclier avant et les roues, ainsi que d&#8217;un ensemble a\u00e9rodynamique comprenant un diviseur avant et un becquet de toit surdimensionn\u00e9. Des feux de route sont \u00e9galement mont\u00e9s sur la calandre, ainsi [&hellip;]<\/p>\n","protected":false},"author":8,"featured_media":148577,"comment_status":"close","ping_status":"closed","sticky":false,"template":"","format":"standard","meta":{"_monsterinsights_skip_tracking":false,"_monsterinsights_sitenote_active":false,"_monsterinsights_sitenote_note":"","_monsterinsights_sitenote_category":0,"footnotes":""},"categories":[101],"tags":[],"yoast_head":"<!-- This site is optimized with the Yoast SEO plugin v23.2 - https:\/\/yoast.com\/wordpress\/plugins\/seo\/ -->\n<title>Un nouveau Mustang Mach-e inspir\u00e9 des rallyes en concession cet automne - CanadaMotorJobs.com<\/title>\n<meta name=\"description\" content=\"Un nouveau Mustang Mach-e inspir\u00e9 des rallyes en concession cet automne - Benoit Charette - Annuel automobile - CanadaMotorJobs.com.\" \/>\n<meta name=\"robots\" content=\"index, follow, max-snippet:-1, max-image-preview:large, max-video-preview:-1\" \/>\n<meta property=\"og:locale\" content=\"fr_CA\" \/>\n<meta property=\"og:type\" content=\"article\" \/>\n<meta property=\"og:title\" content=\"Un nouveau Mustang Mach-e inspir\u00e9 des rallyes en concession cet automne - CanadaMotorJobs.com\" \/>\n<meta property=\"og:description\" content=\"Un nouveau Mustang Mach-e inspir\u00e9 des rallyes en concession cet automne - Benoit Charette - Annuel automobile - CanadaMotorJobs.com.\" \/>\n<meta property=\"og:url\" content=\"https:\/\/news.canadamotorjobs.com\/fr\/un-nouveau-mustang-mach-e-inspire-des-rallyes-en-concession-cet-automne\/\" \/>\n<meta property=\"og:site_name\" content=\"CanadaMotorJobs.com\" \/>\n<meta property=\"article:publisher\" content=\"https:\/\/www.facebook.com\/canadamotorjobs\/\" \/>\n<meta property=\"article:published_time\" content=\"2023-07-14T12:15:29+00:00\" \/>\n<meta property=\"article:modified_time\" content=\"2023-07-14T12:16:53+00:00\" \/>\n<meta property=\"og:image\" content=\"https:\/\/news.canadamotorjobs.com\/wp-content\/uploads\/2023\/07\/2023Ford_MustangMach-E-Rally_004.jpg.jpg\" \/>\n\t<meta property=\"og:image:width\" content=\"1200\" \/>\n\t<meta property=\"og:image:height\" content=\"800\" \/>\n\t<meta property=\"og:image:type\" content=\"image\/jpeg\" \/>\n<meta name=\"author\" content=\"Benoit Charette\" \/>\n<meta name=\"twitter:card\" content=\"summary_large_image\" \/>\n<meta name=\"twitter:creator\" content=\"@canadamotorjobs\" \/>\n<meta name=\"twitter:site\" content=\"@canadamotorjobs\" \/>\n<meta name=\"twitter:label1\" content=\"\u00c9crit par\" \/>\n\t<meta name=\"twitter:data1\" content=\"Benoit Charette\" \/>\n\t<meta name=\"twitter:label2\" content=\"Estimation du temps de lecture\" \/>\n\t<meta name=\"twitter:data2\" content=\"1 minute\" \/>\n<!-- \/ Yoast SEO plugin. -->","yoast_head_json":{"title":"Un nouveau Mustang Mach-e inspir\u00e9 des rallyes en concession cet automne - CanadaMotorJobs.com","description":"Un nouveau Mustang Mach-e inspir\u00e9 des rallyes en concession cet automne - Benoit Charette - Annuel automobile - CanadaMotorJobs.com.","robots":{"index":"index","follow":"follow","max-snippet":"max-snippet:-1","max-image-preview":"max-image-preview:large","max-video-preview":"max-video-preview:-1"},"og_locale":"fr_CA","og_type":"article","og_title":"Un nouveau Mustang Mach-e inspir\u00e9 des rallyes en concession cet automne - CanadaMotorJobs.com","og_description":"Un nouveau Mustang Mach-e inspir\u00e9 des rallyes en concession cet automne - Benoit Charette - Annuel automobile - CanadaMotorJobs.com.","og_url":"https:\/\/news.canadamotorjobs.com\/fr\/un-nouveau-mustang-mach-e-inspire-des-rallyes-en-concession-cet-automne\/","og_site_name":"CanadaMotorJobs.com","article_publisher":"https:\/\/www.facebook.com\/canadamotorjobs\/","article_published_time":"2023-07-14T12:15:29+00:00","article_modified_time":"2023-07-14T12:16:53+00:00","og_image":[{"width":1200,"height":800,"url":"https:\/\/news.canadamotorjobs.com\/wp-content\/uploads\/2023\/07\/2023Ford_MustangMach-E-Rally_004.jpg.jpg","type":"image\/jpeg"}],"author":"Benoit Charette","twitter_card":"summary_large_image","twitter_creator":"@canadamotorjobs","twitter_site":"@canadamotorjobs","twitter_misc":{"\u00c9crit par":"Benoit Charette","Estimation du temps de lecture":"1 minute"},"schema":{"@context":"https:\/\/schema.org","@graph":[{"@type":"Article","@id":"https:\/\/news.canadamotorjobs.com\/fr\/un-nouveau-mustang-mach-e-inspire-des-rallyes-en-concession-cet-automne\/#article","isPartOf":{"@id":"https:\/\/news.canadamotorjobs.com\/fr\/un-nouveau-mustang-mach-e-inspire-des-rallyes-en-concession-cet-automne\/"},"author":{"name":"Benoit Charette","@id":"https:\/\/news.canadamotorjobs.com\/#\/schema\/person\/51793d1f87d44011d7bcc2ed99269a90"},"headline":"Un nouveau Mustang Mach-e inspir\u00e9 des rallyes en concession cet automne","datePublished":"2023-07-14T12:15:29+00:00","dateModified":"2023-07-14T12:16:53+00:00","mainEntityOfPage":{"@id":"https:\/\/news.canadamotorjobs.com\/fr\/un-nouveau-mustang-mach-e-inspire-des-rallyes-en-concession-cet-automne\/"},"wordCount":253,"publisher":{"@id":"https:\/\/news.canadamotorjobs.com\/#organization"},"image":{"@id":"https:\/\/news.canadamotorjobs.com\/fr\/un-nouveau-mustang-mach-e-inspire-des-rallyes-en-concession-cet-automne\/#primaryimage"},"thumbnailUrl":"https:\/\/news.canadamotorjobs.com\/wp-content\/uploads\/2023\/07\/2023Ford_MustangMach-E-Rally_004.jpg.jpg","articleSection":["Annuel automobile"],"inLanguage":"fr-CA"},{"@type":"WebPage","@id":"https:\/\/news.canadamotorjobs.com\/fr\/un-nouveau-mustang-mach-e-inspire-des-rallyes-en-concession-cet-automne\/","url":"https:\/\/news.canadamotorjobs.com\/fr\/un-nouveau-mustang-mach-e-inspire-des-rallyes-en-concession-cet-automne\/","name":"Un nouveau Mustang Mach-e inspir\u00e9 des rallyes en concession cet automne - CanadaMotorJobs.com","isPartOf":{"@id":"https:\/\/news.canadamotorjobs.com\/#website"},"primaryImageOfPage":{"@id":"https:\/\/news.canadamotorjobs.com\/fr\/un-nouveau-mustang-mach-e-inspire-des-rallyes-en-concession-cet-automne\/#primaryimage"},"image":{"@id":"https:\/\/news.canadamotorjobs.com\/fr\/un-nouveau-mustang-mach-e-inspire-des-rallyes-en-concession-cet-automne\/#primaryimage"},"thumbnailUrl":"https:\/\/news.canadamotorjobs.com\/wp-content\/uploads\/2023\/07\/2023Ford_MustangMach-E-Rally_004.jpg.jpg","datePublished":"2023-07-14T12:15:29+00:00","dateModified":"2023-07-14T12:16:53+00:00","description":"Un nouveau Mustang Mach-e inspir\u00e9 des rallyes en concession cet automne - Benoit Charette - Annuel automobile - CanadaMotorJobs.com.","breadcrumb":{"@id":"https:\/\/news.canadamotorjobs.com\/fr\/un-nouveau-mustang-mach-e-inspire-des-rallyes-en-concession-cet-automne\/#breadcrumb"},"inLanguage":"fr-CA","potentialAction":[{"@type":"ReadAction","target":["https:\/\/news.canadamotorjobs.com\/fr\/un-nouveau-mustang-mach-e-inspire-des-rallyes-en-concession-cet-automne\/"]}]},{"@type":"ImageObject","inLanguage":"fr-CA","@id":"https:\/\/news.canadamotorjobs.com\/fr\/un-nouveau-mustang-mach-e-inspire-des-rallyes-en-concession-cet-automne\/#primaryimage","url":"https:\/\/news.canadamotorjobs.com\/wp-content\/uploads\/2023\/07\/2023Ford_MustangMach-E-Rally_004.jpg.jpg","contentUrl":"https:\/\/news.canadamotorjobs.com\/wp-content\/uploads\/2023\/07\/2023Ford_MustangMach-E-Rally_004.jpg.jpg","width":1200,"height":800},{"@type":"BreadcrumbList","@id":"https:\/\/news.canadamotorjobs.com\/fr\/un-nouveau-mustang-mach-e-inspire-des-rallyes-en-concession-cet-automne\/#breadcrumb","itemListElement":[{"@type":"ListItem","position":1,"name":"Home","item":"https:\/\/news.canadamotorjobs.com\/fr\/blog\/"},{"@type":"ListItem","position":2,"name":"Un nouveau Mustang Mach-e inspir\u00e9 des rallyes en concession cet automne"}]},{"@type":"WebSite","@id":"https:\/\/news.canadamotorjobs.com\/#website","url":"https:\/\/news.canadamotorjobs.com\/","name":"CanadaMotorJobs.com","description":"Automotive Jobs","publisher":{"@id":"https:\/\/news.canadamotorjobs.com\/#organization"},"potentialAction":[{"@type":"SearchAction","target":{"@type":"EntryPoint","urlTemplate":"https:\/\/news.canadamotorjobs.com\/?s={search_term_string}"},"query-input":"required name=search_term_string"}],"inLanguage":"fr-CA"},{"@type":"Organization","@id":"https:\/\/news.canadamotorjobs.com\/#organization","name":"Canada Motor Jobs","url":"https:\/\/news.canadamotorjobs.com\/","logo":{"@type":"ImageObject","inLanguage":"fr-CA","@id":"https:\/\/news.canadamotorjobs.com\/#\/schema\/logo\/image\/","url":"https:\/\/news.canadamotorjobs.com\/wp-content\/uploads\/2022\/10\/logo-canada-motor-jobs-1.png","contentUrl":"https:\/\/news.canadamotorjobs.com\/wp-content\/uploads\/2022\/10\/logo-canada-motor-jobs-1.png","width":800,"height":400,"caption":"Canada Motor Jobs"},"image":{"@id":"https:\/\/news.canadamotorjobs.com\/#\/schema\/logo\/image\/"},"sameAs":["https:\/\/www.facebook.com\/canadamotorjobs\/","https:\/\/x.com\/canadamotorjobs","https:\/\/www.instagram.com\/canadamotorjobs\/","https:\/\/www.linkedin.com\/company\/canadamotorjobs"]},{"@type":"Person","@id":"https:\/\/news.canadamotorjobs.com\/#\/schema\/person\/51793d1f87d44011d7bcc2ed99269a90","name":"Benoit Charette","image":{"@type":"ImageObject","inLanguage":"fr-CA","@id":"https:\/\/news.canadamotorjobs.com\/#\/schema\/person\/image\/","url":"https:\/\/secure.gravatar.com\/avatar\/45f3d2eebcccd909668d7ce7ea7267b6?s=96&d=mm&r=g","contentUrl":"https:\/\/secure.gravatar.com\/avatar\/45f3d2eebcccd909668d7ce7ea7267b6?s=96&d=mm&r=g","caption":"Benoit Charette"},"description":"Benoit Charette \/ Propri\u00e9taire et r\u00e9dacteur en chef Benoit Charette pratique le journalisme automobile depuis bient\u00f4t 30 ans. Il a fait ses classes au c\u00f4t\u00e9 de Daniel H\u00e9raud et au Carnet de route de 1992 \u00e0 2001. Il est fondateur, copropri\u00e9taire et r\u00e9dacteur en chef de L\u2019Annuel de l\u2019automobile, qu\u2019il publie depuis 2001. Il a anim\u00e9 les \u00e9missions RPM et RPM+ sur V et les L\u00e9gendes de la route sur Historia. \u00c0 la radio depuis 1986, il reprend l\u2019antenne cette ann\u00e9e sur les ondes de Cogeco et participe pour la deuxi\u00e8me ann\u00e9e \u00e0 l\u2019\u00e9mission Passion Auto sur RDS en plus de mettre en ligne le site Web officiel de L\u2019Annuel de l\u2019automobile sur annuelauto.ca.","sameAs":["https:\/\/annuelauto.ca\/"],"url":"https:\/\/news.canadamotorjobs.com\/fr\/author\/benoit-charette\/"}]}},"_links":{"self":[{"href":"https:\/\/news.canadamotorjobs.com\/fr\/wp-json\/wp\/v2\/posts\/148575"}],"collection":[{"href":"https:\/\/news.canadamotorjobs.com\/fr\/wp-json\/wp\/v2\/posts"}],"about":[{"href":"https:\/\/news.canadamotorjobs.com\/fr\/wp-json\/wp\/v2\/types\/post"}],"author":[{"embeddable":true,"href":"https:\/\/news.canadamotorjobs.com\/fr\/wp-json\/wp\/v2\/users\/8"}],"replies":[{"embeddable":true,"href":"https:\/\/news.canadamotorjobs.com\/fr\/wp-json\/wp\/v2\/comments?post=148575"}],"version-history":[{"count":2,"href":"https:\/\/news.canadamotorjobs.com\/fr\/wp-json\/wp\/v2\/posts\/148575\/revisions"}],"predecessor-version":[{"id":148579,"href":"https:\/\/news.canadamotorjobs.com\/fr\/wp-json\/wp\/v2\/posts\/148575\/revisions\/148579"}],"wp:featuredmedia":[{"embeddable":true,"href":"https:\/\/news.canadamotorjobs.com\/fr\/wp-json\/wp\/v2\/media\/148577"}],"wp:attachment":[{"href":"https:\/\/news.canadamotorjobs.com\/fr\/wp-json\/wp\/v2\/media?parent=148575"}],"wp:term":[{"taxonomy":"category","embeddable":true,"href":"https:\/\/news.canadamotorjobs.com\/fr\/wp-json\/wp\/v2\/categories?post=148575"},{"taxonomy":"post_tag","embeddable":true,"href":"https:\/\/news.canadamotorjobs.com\/fr\/wp-json\/wp\/v2\/tags?post=148575"}],"curies":[{"name":"wp","href":"https:\/\/api.w.org\/{rel}","templated":true}]}}