{"id":148552,"date":"2023-07-14T07:42:57","date_gmt":"2023-07-14T11:42:57","guid":{"rendered":"https:\/\/news.canadamotorjobs.com\/?p=148552"},"modified":"2023-07-14T07:43:53","modified_gmt":"2023-07-14T11:43:53","slug":"ford-depose-un-brevet-pour-une-remorque-qui-sert-aussi-de-recharge","status":"publish","type":"post","link":"https:\/\/news.canadamotorjobs.com\/fr\/ford-depose-un-brevet-pour-une-remorque-qui-sert-aussi-de-recharge\/","title":{"rendered":"Ford d\u00e9pose un brevet pour une remorque qui sert aussi de recharge"},"content":{"rendered":"<\/p>\n<p>Quelle est la solution pour augmenter votre autonomie sur un v\u00e9hicule \u00e9lectrique sans avoir \u00e0 s\u2019arr\u00eater \u00e0 une borne\u2009? Pourquoi ne pas tra\u00eener une batterie suppl\u00e9mentaire avec vous\u2009? Ford vient de d\u00e9poser un brevet pour une \u00ab\u00a0remorque de recharge\u00a0\u00bb portable qui peut alimenter votre VE ou m\u00eame un chantier de construction.<\/p>\n<h3>Une remorque avec un plancher de batteries<\/h3>\n<p>\nD\u00e9pos\u00e9 hier, le brevet d\u00e9crit une \u00ab\u00a0remorque de chargement\u00a0\u00bb dot\u00e9e d&#8217;une batterie rechargeable, d&#8217;un port de recharge et d&#8217;un ou plusieurs ports de chargement pour alimenter les v\u00e9hicules \u00e9lectriques ou d&#8217;autres \u00e9quipements. Selon Ford, la remorque de chargement peut fournir des blocs de batteries transportables pour charger des appareils \u00e9lectriques tels que des v\u00e9hicules \u00e9lectriques ou des \u00e9quipements sur un chantier de construction.<\/p>\n<h3>Une vraie remorque avec des batteries en prime<\/h3>\n<p>\nEn plus d\u2019une v\u00e9ritable remorque que l\u2019on peut utiliser, Ford ajoute des batteries. Les utilisateurs peuvent tirer la remorque en l&#8217;accrochant \u00e0 sa fl\u00e8che ou la brancher pour la recharger. Dans certaines configurations, la remorque peut \u00eatre d\u00e9plac\u00e9e de mani\u00e8re autonome, en l&#8217;alimentant et en la dirigeant \u00e0 l&#8217;aide de ses propres moteurs \u00e9lectriques. Ford explique qu&#8217;une telle remorque de chargement pourrait \u00eatre utilis\u00e9e pour se d\u00e9placer sur un chantier de construction, permettant \u00e0 un ou plusieurs \u00e9quipements de s&#8217;y brancher par l&#8217;interm\u00e9diaire d&#8217;un c\u00e2ble. Par exemple, elle pourrait \u00eatre utilis\u00e9e pour alimenter une chargeuse compacte \u00e9lectrique ou une grue en cas de besoin, au lieu de devoir la renvoyer \u00e0 un chargeur.<\/p>\n<p>Avec des renseignements d&#8217;Electrek<\/p>\n<p>Le texte <a rel=\"nofollow\" href=\"https:\/\/annuelauto.ca\/ford-depose-un-brevet-pour-une-remorque-qui-sert-aussi-de-recharge\/\">Ford d\u00e9pose un brevet pour une remorque qui sert aussi de recharge<\/a> provient de <a rel=\"nofollow\" href=\"https:\/\/annuelauto.ca\">L&#8217;annuel de l&#8217;automobile &#8211; Actualit\u00e9 automobile<\/a><\/p>\n<p><\/p>\n","protected":false},"excerpt":{"rendered":"<p>Quelle est la solution pour augmenter votre autonomie sur un v\u00e9hicule \u00e9lectrique sans avoir \u00e0 s\u2019arr\u00eater \u00e0 une borne\u2009? Pourquoi ne pas tra\u00eener une batterie suppl\u00e9mentaire avec vous\u2009? Ford vient de d\u00e9poser un brevet pour une \u00ab\u00a0remorque de recharge\u00a0\u00bb portable qui peut alimenter votre VE ou m\u00eame un chantier de construction. Une remorque avec un [&hellip;]<\/p>\n","protected":false},"author":8,"featured_media":148554,"comment_status":"close","ping_status":"closed","sticky":false,"template":"","format":"standard","meta":{"_monsterinsights_skip_tracking":false,"_monsterinsights_sitenote_active":false,"_monsterinsights_sitenote_note":"","_monsterinsights_sitenote_category":0,"footnotes":""},"categories":[101],"tags":[],"yoast_head":"<!-- This site is optimized with the Yoast SEO plugin v23.2 - https:\/\/yoast.com\/wordpress\/plugins\/seo\/ -->\n<title>Ford d\u00e9pose un brevet pour une remorque qui sert aussi de recharge - CanadaMotorJobs.com<\/title>\n<meta name=\"description\" content=\"Ford d\u00e9pose un brevet pour une remorque qui sert aussi de recharge - Benoit Charette - Annuel automobile - CanadaMotorJobs.com.\" \/>\n<meta name=\"robots\" content=\"index, follow, max-snippet:-1, max-image-preview:large, max-video-preview:-1\" \/>\n<meta property=\"og:locale\" content=\"fr_CA\" \/>\n<meta property=\"og:type\" content=\"article\" \/>\n<meta property=\"og:title\" content=\"Ford d\u00e9pose un brevet pour une remorque qui sert aussi de recharge - CanadaMotorJobs.com\" \/>\n<meta property=\"og:description\" content=\"Ford d\u00e9pose un brevet pour une remorque qui sert aussi de recharge - Benoit Charette - Annuel automobile - CanadaMotorJobs.com.\" \/>\n<meta property=\"og:url\" content=\"https:\/\/news.canadamotorjobs.com\/fr\/ford-depose-un-brevet-pour-une-remorque-qui-sert-aussi-de-recharge\/\" \/>\n<meta property=\"og:site_name\" content=\"CanadaMotorJobs.com\" \/>\n<meta property=\"article:publisher\" content=\"https:\/\/www.facebook.com\/canadamotorjobs\/\" \/>\n<meta property=\"article:published_time\" content=\"2023-07-14T11:42:57+00:00\" \/>\n<meta property=\"article:modified_time\" content=\"2023-07-14T11:43:53+00:00\" \/>\n<meta property=\"og:image\" content=\"https:\/\/news.canadamotorjobs.com\/wp-content\/uploads\/2023\/07\/ford-patent-for-portable-charging-trailer.jpg\" \/>\n\t<meta property=\"og:image:width\" content=\"1280\" \/>\n\t<meta property=\"og:image:height\" content=\"720\" \/>\n\t<meta property=\"og:image:type\" content=\"image\/jpeg\" \/>\n<meta name=\"author\" content=\"Benoit Charette\" \/>\n<meta name=\"twitter:card\" content=\"summary_large_image\" \/>\n<meta name=\"twitter:creator\" content=\"@canadamotorjobs\" \/>\n<meta name=\"twitter:site\" content=\"@canadamotorjobs\" \/>\n<meta name=\"twitter:label1\" content=\"\u00c9crit par\" \/>\n\t<meta name=\"twitter:data1\" content=\"Benoit Charette\" \/>\n\t<meta name=\"twitter:label2\" content=\"Estimation du temps de lecture\" \/>\n\t<meta name=\"twitter:data2\" content=\"1 minute\" \/>\n<!-- \/ Yoast SEO plugin. -->","yoast_head_json":{"title":"Ford d\u00e9pose un brevet pour une remorque qui sert aussi de recharge - CanadaMotorJobs.com","description":"Ford d\u00e9pose un brevet pour une remorque qui sert aussi de recharge - Benoit Charette - Annuel automobile - CanadaMotorJobs.com.","robots":{"index":"index","follow":"follow","max-snippet":"max-snippet:-1","max-image-preview":"max-image-preview:large","max-video-preview":"max-video-preview:-1"},"og_locale":"fr_CA","og_type":"article","og_title":"Ford d\u00e9pose un brevet pour une remorque qui sert aussi de recharge - CanadaMotorJobs.com","og_description":"Ford d\u00e9pose un brevet pour une remorque qui sert aussi de recharge - Benoit Charette - Annuel automobile - CanadaMotorJobs.com.","og_url":"https:\/\/news.canadamotorjobs.com\/fr\/ford-depose-un-brevet-pour-une-remorque-qui-sert-aussi-de-recharge\/","og_site_name":"CanadaMotorJobs.com","article_publisher":"https:\/\/www.facebook.com\/canadamotorjobs\/","article_published_time":"2023-07-14T11:42:57+00:00","article_modified_time":"2023-07-14T11:43:53+00:00","og_image":[{"width":1280,"height":720,"url":"https:\/\/news.canadamotorjobs.com\/wp-content\/uploads\/2023\/07\/ford-patent-for-portable-charging-trailer.jpg","type":"image\/jpeg"}],"author":"Benoit Charette","twitter_card":"summary_large_image","twitter_creator":"@canadamotorjobs","twitter_site":"@canadamotorjobs","twitter_misc":{"\u00c9crit par":"Benoit Charette","Estimation du temps de lecture":"1 minute"},"schema":{"@context":"https:\/\/schema.org","@graph":[{"@type":"Article","@id":"https:\/\/news.canadamotorjobs.com\/fr\/ford-depose-un-brevet-pour-une-remorque-qui-sert-aussi-de-recharge\/#article","isPartOf":{"@id":"https:\/\/news.canadamotorjobs.com\/fr\/ford-depose-un-brevet-pour-une-remorque-qui-sert-aussi-de-recharge\/"},"author":{"name":"Benoit Charette","@id":"https:\/\/news.canadamotorjobs.com\/#\/schema\/person\/51793d1f87d44011d7bcc2ed99269a90"},"headline":"Ford d\u00e9pose un brevet pour une remorque qui sert aussi de recharge","datePublished":"2023-07-14T11:42:57+00:00","dateModified":"2023-07-14T11:43:53+00:00","mainEntityOfPage":{"@id":"https:\/\/news.canadamotorjobs.com\/fr\/ford-depose-un-brevet-pour-une-remorque-qui-sert-aussi-de-recharge\/"},"wordCount":313,"publisher":{"@id":"https:\/\/news.canadamotorjobs.com\/#organization"},"image":{"@id":"https:\/\/news.canadamotorjobs.com\/fr\/ford-depose-un-brevet-pour-une-remorque-qui-sert-aussi-de-recharge\/#primaryimage"},"thumbnailUrl":"https:\/\/news.canadamotorjobs.com\/wp-content\/uploads\/2023\/07\/ford-patent-for-portable-charging-trailer.jpg","articleSection":["Annuel automobile"],"inLanguage":"fr-CA"},{"@type":"WebPage","@id":"https:\/\/news.canadamotorjobs.com\/fr\/ford-depose-un-brevet-pour-une-remorque-qui-sert-aussi-de-recharge\/","url":"https:\/\/news.canadamotorjobs.com\/fr\/ford-depose-un-brevet-pour-une-remorque-qui-sert-aussi-de-recharge\/","name":"Ford d\u00e9pose un brevet pour une remorque qui sert aussi de recharge - CanadaMotorJobs.com","isPartOf":{"@id":"https:\/\/news.canadamotorjobs.com\/#website"},"primaryImageOfPage":{"@id":"https:\/\/news.canadamotorjobs.com\/fr\/ford-depose-un-brevet-pour-une-remorque-qui-sert-aussi-de-recharge\/#primaryimage"},"image":{"@id":"https:\/\/news.canadamotorjobs.com\/fr\/ford-depose-un-brevet-pour-une-remorque-qui-sert-aussi-de-recharge\/#primaryimage"},"thumbnailUrl":"https:\/\/news.canadamotorjobs.com\/wp-content\/uploads\/2023\/07\/ford-patent-for-portable-charging-trailer.jpg","datePublished":"2023-07-14T11:42:57+00:00","dateModified":"2023-07-14T11:43:53+00:00","description":"Ford d\u00e9pose un brevet pour une remorque qui sert aussi de recharge - Benoit Charette - Annuel automobile - CanadaMotorJobs.com.","breadcrumb":{"@id":"https:\/\/news.canadamotorjobs.com\/fr\/ford-depose-un-brevet-pour-une-remorque-qui-sert-aussi-de-recharge\/#breadcrumb"},"inLanguage":"fr-CA","potentialAction":[{"@type":"ReadAction","target":["https:\/\/news.canadamotorjobs.com\/fr\/ford-depose-un-brevet-pour-une-remorque-qui-sert-aussi-de-recharge\/"]}]},{"@type":"ImageObject","inLanguage":"fr-CA","@id":"https:\/\/news.canadamotorjobs.com\/fr\/ford-depose-un-brevet-pour-une-remorque-qui-sert-aussi-de-recharge\/#primaryimage","url":"https:\/\/news.canadamotorjobs.com\/wp-content\/uploads\/2023\/07\/ford-patent-for-portable-charging-trailer.jpg","contentUrl":"https:\/\/news.canadamotorjobs.com\/wp-content\/uploads\/2023\/07\/ford-patent-for-portable-charging-trailer.jpg","width":1280,"height":720},{"@type":"BreadcrumbList","@id":"https:\/\/news.canadamotorjobs.com\/fr\/ford-depose-un-brevet-pour-une-remorque-qui-sert-aussi-de-recharge\/#breadcrumb","itemListElement":[{"@type":"ListItem","position":1,"name":"Home","item":"https:\/\/news.canadamotorjobs.com\/fr\/blog\/"},{"@type":"ListItem","position":2,"name":"Ford d\u00e9pose un brevet pour une remorque qui sert aussi de recharge"}]},{"@type":"WebSite","@id":"https:\/\/news.canadamotorjobs.com\/#website","url":"https:\/\/news.canadamotorjobs.com\/","name":"CanadaMotorJobs.com","description":"Automotive Jobs","publisher":{"@id":"https:\/\/news.canadamotorjobs.com\/#organization"},"potentialAction":[{"@type":"SearchAction","target":{"@type":"EntryPoint","urlTemplate":"https:\/\/news.canadamotorjobs.com\/?s={search_term_string}"},"query-input":"required name=search_term_string"}],"inLanguage":"fr-CA"},{"@type":"Organization","@id":"https:\/\/news.canadamotorjobs.com\/#organization","name":"Canada Motor Jobs","url":"https:\/\/news.canadamotorjobs.com\/","logo":{"@type":"ImageObject","inLanguage":"fr-CA","@id":"https:\/\/news.canadamotorjobs.com\/#\/schema\/logo\/image\/","url":"https:\/\/news.canadamotorjobs.com\/wp-content\/uploads\/2022\/10\/logo-canada-motor-jobs-1.png","contentUrl":"https:\/\/news.canadamotorjobs.com\/wp-content\/uploads\/2022\/10\/logo-canada-motor-jobs-1.png","width":800,"height":400,"caption":"Canada Motor Jobs"},"image":{"@id":"https:\/\/news.canadamotorjobs.com\/#\/schema\/logo\/image\/"},"sameAs":["https:\/\/www.facebook.com\/canadamotorjobs\/","https:\/\/x.com\/canadamotorjobs","https:\/\/www.instagram.com\/canadamotorjobs\/","https:\/\/www.linkedin.com\/company\/canadamotorjobs"]},{"@type":"Person","@id":"https:\/\/news.canadamotorjobs.com\/#\/schema\/person\/51793d1f87d44011d7bcc2ed99269a90","name":"Benoit Charette","image":{"@type":"ImageObject","inLanguage":"fr-CA","@id":"https:\/\/news.canadamotorjobs.com\/#\/schema\/person\/image\/","url":"https:\/\/secure.gravatar.com\/avatar\/45f3d2eebcccd909668d7ce7ea7267b6?s=96&d=mm&r=g","contentUrl":"https:\/\/secure.gravatar.com\/avatar\/45f3d2eebcccd909668d7ce7ea7267b6?s=96&d=mm&r=g","caption":"Benoit Charette"},"description":"Benoit Charette \/ Propri\u00e9taire et r\u00e9dacteur en chef Benoit Charette pratique le journalisme automobile depuis bient\u00f4t 30 ans. Il a fait ses classes au c\u00f4t\u00e9 de Daniel H\u00e9raud et au Carnet de route de 1992 \u00e0 2001. Il est fondateur, copropri\u00e9taire et r\u00e9dacteur en chef de L\u2019Annuel de l\u2019automobile, qu\u2019il publie depuis 2001. Il a anim\u00e9 les \u00e9missions RPM et RPM+ sur V et les L\u00e9gendes de la route sur Historia. \u00c0 la radio depuis 1986, il reprend l\u2019antenne cette ann\u00e9e sur les ondes de Cogeco et participe pour la deuxi\u00e8me ann\u00e9e \u00e0 l\u2019\u00e9mission Passion Auto sur RDS en plus de mettre en ligne le site Web officiel de L\u2019Annuel de l\u2019automobile sur annuelauto.ca.","sameAs":["https:\/\/annuelauto.ca\/"],"url":"https:\/\/news.canadamotorjobs.com\/fr\/author\/benoit-charette\/"}]}},"_links":{"self":[{"href":"https:\/\/news.canadamotorjobs.com\/fr\/wp-json\/wp\/v2\/posts\/148552"}],"collection":[{"href":"https:\/\/news.canadamotorjobs.com\/fr\/wp-json\/wp\/v2\/posts"}],"about":[{"href":"https:\/\/news.canadamotorjobs.com\/fr\/wp-json\/wp\/v2\/types\/post"}],"author":[{"embeddable":true,"href":"https:\/\/news.canadamotorjobs.com\/fr\/wp-json\/wp\/v2\/users\/8"}],"replies":[{"embeddable":true,"href":"https:\/\/news.canadamotorjobs.com\/fr\/wp-json\/wp\/v2\/comments?post=148552"}],"version-history":[{"count":2,"href":"https:\/\/news.canadamotorjobs.com\/fr\/wp-json\/wp\/v2\/posts\/148552\/revisions"}],"predecessor-version":[{"id":148556,"href":"https:\/\/news.canadamotorjobs.com\/fr\/wp-json\/wp\/v2\/posts\/148552\/revisions\/148556"}],"wp:featuredmedia":[{"embeddable":true,"href":"https:\/\/news.canadamotorjobs.com\/fr\/wp-json\/wp\/v2\/media\/148554"}],"wp:attachment":[{"href":"https:\/\/news.canadamotorjobs.com\/fr\/wp-json\/wp\/v2\/media?parent=148552"}],"wp:term":[{"taxonomy":"category","embeddable":true,"href":"https:\/\/news.canadamotorjobs.com\/fr\/wp-json\/wp\/v2\/categories?post=148552"},{"taxonomy":"post_tag","embeddable":true,"href":"https:\/\/news.canadamotorjobs.com\/fr\/wp-json\/wp\/v2\/tags?post=148552"}],"curies":[{"name":"wp","href":"https:\/\/api.w.org\/{rel}","templated":true}]}}