{"id":148533,"date":"2023-07-13T08:08:33","date_gmt":"2023-07-13T12:08:33","guid":{"rendered":"https:\/\/news.canadamotorjobs.com\/?p=148533"},"modified":"2023-07-13T08:17:07","modified_gmt":"2023-07-13T12:17:07","slug":"un-moteur-amg-mercedes-pour-la-lotus-emira","status":"publish","type":"post","link":"https:\/\/news.canadamotorjobs.com\/fr\/un-moteur-amg-mercedes-pour-la-lotus-emira\/","title":{"rendered":"Un moteur AMG Mercedes pour la Lotus Emira"},"content":{"rendered":"<\/p>\n<p>Lotus ajoute une version 4 cylindres \u00e0 son mod\u00e8le Emira, celui qui fait suite au mod\u00e8le Evora. Alors que c\u2019est Toyota qui prend en charge la version 6 cylindres, c\u2019est Mercedes qui s\u2019occupe du mod\u00e8le d\u2019entr\u00e9e de gamme. Le 4 cylindres 2,0 litres d\u2019AMG fournit 360 chevaux et 317\u00a0lb-pi de couple. Des chiffres qui se rapprochent des 400 chevaux du moteur V6 3,5 litres de Toyota. Ce moteur Mercedes propose un 0-100\u00a0km heure en 4,4 secondes et peut pousser la note \u00e0 290\u00a0km\/h. La seule bo\u00eete livrable est \u00e0 double embrayage \u00e0 huit rapports.<\/p>\n<h3>Plus l\u00e9g\u00e8re<\/h3>\n<p>\nGr\u00e2ce au moteur plus compact, les ing\u00e9nieurs de Lotus ont pu concevoir un nouveau sous-ch\u00e2ssis arri\u00e8re l\u00e9ger en aluminium moul\u00e9 afin d&#8217;am\u00e9liorer la structure du ch\u00e2ssis. En cons\u00e9quence, la soci\u00e9t\u00e9 a r\u00e9ussi \u00e0 \u00e9conomiser 26,5 livres par rapport \u00e0 l&#8217;assemblage en acier utilis\u00e9 dans l&#8217;Emira V6. Le prix canadien pour cette Emira 4 cylindres a \u00e9t\u00e9 fix\u00e9 \u00e0 119,888\u00a0$.<\/p>\n<h3>Deux ch\u00e2ssis sont propos\u00e9s\u00a0: Touring et Sports.<\/h3>\n<p>\nLe premier est con\u00e7u pour un usage quotidien et offre une configuration plus souple tout en conservant une sensation de sportivit\u00e9. Le ch\u00e2ssis Sport est dot\u00e9 d&#8217;une suspension plus rigide qui devrait s\u00e9duire les conducteurs enthousiastes souhaitant rouler \u00e0 grande vitesse o\u00f9 aller s\u2019amuser sur un circuit. Les deux mod\u00e8les sont disponibles dans un total de 13 couleurs ext\u00e9rieures, dont le jaune Hethel, le bleu Seneca et le vert fonc\u00e9. Toutes ces teintes sont des options gratuites, mais il faut d\u00e9bourser 1 400 dollars pour le Black Pack, qui comprend des panneaux de toit, des embl\u00e8mes et des coques de r\u00e9troviseurs lat\u00e9raux peints en noir, entre autres.<\/p>\n<h3>Un peu de personnalisation<\/h3>\n<p>\nIl n&#8217;y a qu&#8217;un seul mod\u00e8le de jantes &#8211; des jantes forg\u00e9es ultral\u00e9g\u00e8res \u00e0 rayons en V \u2014, mais elles peuvent \u00eatre sp\u00e9cifi\u00e9es en trois finitions distinctes\u00a0: Gloss Black, Diamond Cut et Silver. Il existe \u00e9galement trois finitions pour les \u00e9triers de frein\u00a0: argent, rouge et jaune.<br \/>\nDiverses options de sellerie sont disponibles, notamment des cuirs plus traditionnels et des finitions Alcantara plus sportives. Plusieurs mod\u00e8les de volant sont \u00e9galement propos\u00e9s, pour remplacer le volant standard gain\u00e9 de cuir.<\/p>\n<p>Lotus Montr\u00e9al a d\u00e9j\u00e0 plus de 40 commandes de ce mod\u00e8le et attend ses premiers exemplaires cet \u00e9t\u00e9<\/p>\n<p>Avec des renseignements de Carbuzz<\/p>\n<p>Le texte <a rel=\"nofollow\" href=\"https:\/\/annuelauto.ca\/un-moteur-amg-mercedes-pour-la-lotus-emira\/\">Un moteur AMG Mercedes pour la Lotus Emira<\/a> provient de <a rel=\"nofollow\" href=\"https:\/\/annuelauto.ca\">L&#8217;annuel de l&#8217;automobile &#8211; Actualit\u00e9 automobile<\/a><\/p>\n<p><\/p>\n","protected":false},"excerpt":{"rendered":"<p>Lotus ajoute une version 4 cylindres \u00e0 son mod\u00e8le Emira, celui qui fait suite au mod\u00e8le Evora. Alors que c\u2019est Toyota qui prend en charge la version 6 cylindres, c\u2019est Mercedes qui s\u2019occupe du mod\u00e8le d\u2019entr\u00e9e de gamme. Le 4 cylindres 2,0 litres d\u2019AMG fournit 360 chevaux et 317\u00a0lb-pi de couple. Des chiffres qui se [&hellip;]<\/p>\n","protected":false},"author":8,"featured_media":148535,"comment_status":"close","ping_status":"closed","sticky":false,"template":"","format":"standard","meta":{"_monsterinsights_skip_tracking":false,"_monsterinsights_sitenote_active":false,"_monsterinsights_sitenote_note":"","_monsterinsights_sitenote_category":0,"footnotes":""},"categories":[101],"tags":[],"yoast_head":"<!-- This site is optimized with the Yoast SEO plugin v23.2 - https:\/\/yoast.com\/wordpress\/plugins\/seo\/ -->\n<title>Un moteur AMG Mercedes pour la Lotus Emira - CanadaMotorJobs.com<\/title>\n<meta name=\"description\" content=\"Un moteur AMG Mercedes pour la Lotus Emira - Benoit Charette - Annuel automobile - CanadaMotorJobs.com.\" \/>\n<meta name=\"robots\" content=\"index, follow, max-snippet:-1, max-image-preview:large, max-video-preview:-1\" \/>\n<meta property=\"og:locale\" content=\"fr_CA\" \/>\n<meta property=\"og:type\" content=\"article\" \/>\n<meta property=\"og:title\" content=\"Un moteur AMG Mercedes pour la Lotus Emira - CanadaMotorJobs.com\" \/>\n<meta property=\"og:description\" content=\"Un moteur AMG Mercedes pour la Lotus Emira - Benoit Charette - Annuel automobile - CanadaMotorJobs.com.\" \/>\n<meta property=\"og:url\" content=\"https:\/\/news.canadamotorjobs.com\/fr\/un-moteur-amg-mercedes-pour-la-lotus-emira\/\" \/>\n<meta property=\"og:site_name\" content=\"CanadaMotorJobs.com\" \/>\n<meta property=\"article:publisher\" content=\"https:\/\/www.facebook.com\/canadamotorjobs\/\" \/>\n<meta property=\"article:published_time\" content=\"2023-07-13T12:08:33+00:00\" \/>\n<meta property=\"article:modified_time\" content=\"2023-07-13T12:17:07+00:00\" \/>\n<meta property=\"og:image\" content=\"https:\/\/news.canadamotorjobs.com\/wp-content\/uploads\/2023\/07\/LOT-2052.jpg\" \/>\n\t<meta property=\"og:image:width\" content=\"1024\" \/>\n\t<meta property=\"og:image:height\" content=\"683\" \/>\n\t<meta property=\"og:image:type\" content=\"image\/jpeg\" \/>\n<meta name=\"author\" content=\"Benoit Charette\" \/>\n<meta name=\"twitter:card\" content=\"summary_large_image\" \/>\n<meta name=\"twitter:creator\" content=\"@canadamotorjobs\" \/>\n<meta name=\"twitter:site\" content=\"@canadamotorjobs\" \/>\n<meta name=\"twitter:label1\" content=\"\u00c9crit par\" \/>\n\t<meta name=\"twitter:data1\" content=\"Benoit Charette\" \/>\n\t<meta name=\"twitter:label2\" content=\"Estimation du temps de lecture\" \/>\n\t<meta name=\"twitter:data2\" content=\"2 minutes\" \/>\n<!-- \/ Yoast SEO plugin. -->","yoast_head_json":{"title":"Un moteur AMG Mercedes pour la Lotus Emira - CanadaMotorJobs.com","description":"Un moteur AMG Mercedes pour la Lotus Emira - Benoit Charette - Annuel automobile - CanadaMotorJobs.com.","robots":{"index":"index","follow":"follow","max-snippet":"max-snippet:-1","max-image-preview":"max-image-preview:large","max-video-preview":"max-video-preview:-1"},"og_locale":"fr_CA","og_type":"article","og_title":"Un moteur AMG Mercedes pour la Lotus Emira - CanadaMotorJobs.com","og_description":"Un moteur AMG Mercedes pour la Lotus Emira - Benoit Charette - Annuel automobile - CanadaMotorJobs.com.","og_url":"https:\/\/news.canadamotorjobs.com\/fr\/un-moteur-amg-mercedes-pour-la-lotus-emira\/","og_site_name":"CanadaMotorJobs.com","article_publisher":"https:\/\/www.facebook.com\/canadamotorjobs\/","article_published_time":"2023-07-13T12:08:33+00:00","article_modified_time":"2023-07-13T12:17:07+00:00","og_image":[{"width":1024,"height":683,"url":"https:\/\/news.canadamotorjobs.com\/wp-content\/uploads\/2023\/07\/LOT-2052.jpg","type":"image\/jpeg"}],"author":"Benoit Charette","twitter_card":"summary_large_image","twitter_creator":"@canadamotorjobs","twitter_site":"@canadamotorjobs","twitter_misc":{"\u00c9crit par":"Benoit Charette","Estimation du temps de lecture":"2 minutes"},"schema":{"@context":"https:\/\/schema.org","@graph":[{"@type":"Article","@id":"https:\/\/news.canadamotorjobs.com\/fr\/un-moteur-amg-mercedes-pour-la-lotus-emira\/#article","isPartOf":{"@id":"https:\/\/news.canadamotorjobs.com\/fr\/un-moteur-amg-mercedes-pour-la-lotus-emira\/"},"author":{"name":"Benoit Charette","@id":"https:\/\/news.canadamotorjobs.com\/#\/schema\/person\/51793d1f87d44011d7bcc2ed99269a90"},"headline":"Un moteur AMG Mercedes pour la Lotus Emira","datePublished":"2023-07-13T12:08:33+00:00","dateModified":"2023-07-13T12:17:07+00:00","mainEntityOfPage":{"@id":"https:\/\/news.canadamotorjobs.com\/fr\/un-moteur-amg-mercedes-pour-la-lotus-emira\/"},"wordCount":430,"publisher":{"@id":"https:\/\/news.canadamotorjobs.com\/#organization"},"image":{"@id":"https:\/\/news.canadamotorjobs.com\/fr\/un-moteur-amg-mercedes-pour-la-lotus-emira\/#primaryimage"},"thumbnailUrl":"https:\/\/news.canadamotorjobs.com\/wp-content\/uploads\/2023\/07\/LOT-2052.jpg","articleSection":["Annuel automobile"],"inLanguage":"fr-CA"},{"@type":"WebPage","@id":"https:\/\/news.canadamotorjobs.com\/fr\/un-moteur-amg-mercedes-pour-la-lotus-emira\/","url":"https:\/\/news.canadamotorjobs.com\/fr\/un-moteur-amg-mercedes-pour-la-lotus-emira\/","name":"Un moteur AMG Mercedes pour la Lotus Emira - CanadaMotorJobs.com","isPartOf":{"@id":"https:\/\/news.canadamotorjobs.com\/#website"},"primaryImageOfPage":{"@id":"https:\/\/news.canadamotorjobs.com\/fr\/un-moteur-amg-mercedes-pour-la-lotus-emira\/#primaryimage"},"image":{"@id":"https:\/\/news.canadamotorjobs.com\/fr\/un-moteur-amg-mercedes-pour-la-lotus-emira\/#primaryimage"},"thumbnailUrl":"https:\/\/news.canadamotorjobs.com\/wp-content\/uploads\/2023\/07\/LOT-2052.jpg","datePublished":"2023-07-13T12:08:33+00:00","dateModified":"2023-07-13T12:17:07+00:00","description":"Un moteur AMG Mercedes pour la Lotus Emira - Benoit Charette - Annuel automobile - CanadaMotorJobs.com.","breadcrumb":{"@id":"https:\/\/news.canadamotorjobs.com\/fr\/un-moteur-amg-mercedes-pour-la-lotus-emira\/#breadcrumb"},"inLanguage":"fr-CA","potentialAction":[{"@type":"ReadAction","target":["https:\/\/news.canadamotorjobs.com\/fr\/un-moteur-amg-mercedes-pour-la-lotus-emira\/"]}]},{"@type":"ImageObject","inLanguage":"fr-CA","@id":"https:\/\/news.canadamotorjobs.com\/fr\/un-moteur-amg-mercedes-pour-la-lotus-emira\/#primaryimage","url":"https:\/\/news.canadamotorjobs.com\/wp-content\/uploads\/2023\/07\/LOT-2052.jpg","contentUrl":"https:\/\/news.canadamotorjobs.com\/wp-content\/uploads\/2023\/07\/LOT-2052.jpg","width":1024,"height":683},{"@type":"BreadcrumbList","@id":"https:\/\/news.canadamotorjobs.com\/fr\/un-moteur-amg-mercedes-pour-la-lotus-emira\/#breadcrumb","itemListElement":[{"@type":"ListItem","position":1,"name":"Home","item":"https:\/\/news.canadamotorjobs.com\/fr\/blog\/"},{"@type":"ListItem","position":2,"name":"Un moteur AMG Mercedes pour la Lotus Emira"}]},{"@type":"WebSite","@id":"https:\/\/news.canadamotorjobs.com\/#website","url":"https:\/\/news.canadamotorjobs.com\/","name":"CanadaMotorJobs.com","description":"Automotive Jobs","publisher":{"@id":"https:\/\/news.canadamotorjobs.com\/#organization"},"potentialAction":[{"@type":"SearchAction","target":{"@type":"EntryPoint","urlTemplate":"https:\/\/news.canadamotorjobs.com\/?s={search_term_string}"},"query-input":"required name=search_term_string"}],"inLanguage":"fr-CA"},{"@type":"Organization","@id":"https:\/\/news.canadamotorjobs.com\/#organization","name":"Canada Motor Jobs","url":"https:\/\/news.canadamotorjobs.com\/","logo":{"@type":"ImageObject","inLanguage":"fr-CA","@id":"https:\/\/news.canadamotorjobs.com\/#\/schema\/logo\/image\/","url":"https:\/\/news.canadamotorjobs.com\/wp-content\/uploads\/2022\/10\/logo-canada-motor-jobs-1.png","contentUrl":"https:\/\/news.canadamotorjobs.com\/wp-content\/uploads\/2022\/10\/logo-canada-motor-jobs-1.png","width":800,"height":400,"caption":"Canada Motor Jobs"},"image":{"@id":"https:\/\/news.canadamotorjobs.com\/#\/schema\/logo\/image\/"},"sameAs":["https:\/\/www.facebook.com\/canadamotorjobs\/","https:\/\/x.com\/canadamotorjobs","https:\/\/www.instagram.com\/canadamotorjobs\/","https:\/\/www.linkedin.com\/company\/canadamotorjobs"]},{"@type":"Person","@id":"https:\/\/news.canadamotorjobs.com\/#\/schema\/person\/51793d1f87d44011d7bcc2ed99269a90","name":"Benoit Charette","image":{"@type":"ImageObject","inLanguage":"fr-CA","@id":"https:\/\/news.canadamotorjobs.com\/#\/schema\/person\/image\/","url":"https:\/\/secure.gravatar.com\/avatar\/45f3d2eebcccd909668d7ce7ea7267b6?s=96&d=mm&r=g","contentUrl":"https:\/\/secure.gravatar.com\/avatar\/45f3d2eebcccd909668d7ce7ea7267b6?s=96&d=mm&r=g","caption":"Benoit Charette"},"description":"Benoit Charette \/ Propri\u00e9taire et r\u00e9dacteur en chef Benoit Charette pratique le journalisme automobile depuis bient\u00f4t 30 ans. Il a fait ses classes au c\u00f4t\u00e9 de Daniel H\u00e9raud et au Carnet de route de 1992 \u00e0 2001. Il est fondateur, copropri\u00e9taire et r\u00e9dacteur en chef de L\u2019Annuel de l\u2019automobile, qu\u2019il publie depuis 2001. Il a anim\u00e9 les \u00e9missions RPM et RPM+ sur V et les L\u00e9gendes de la route sur Historia. \u00c0 la radio depuis 1986, il reprend l\u2019antenne cette ann\u00e9e sur les ondes de Cogeco et participe pour la deuxi\u00e8me ann\u00e9e \u00e0 l\u2019\u00e9mission Passion Auto sur RDS en plus de mettre en ligne le site Web officiel de L\u2019Annuel de l\u2019automobile sur annuelauto.ca.","sameAs":["https:\/\/annuelauto.ca\/"],"url":"https:\/\/news.canadamotorjobs.com\/fr\/author\/benoit-charette\/"}]}},"_links":{"self":[{"href":"https:\/\/news.canadamotorjobs.com\/fr\/wp-json\/wp\/v2\/posts\/148533"}],"collection":[{"href":"https:\/\/news.canadamotorjobs.com\/fr\/wp-json\/wp\/v2\/posts"}],"about":[{"href":"https:\/\/news.canadamotorjobs.com\/fr\/wp-json\/wp\/v2\/types\/post"}],"author":[{"embeddable":true,"href":"https:\/\/news.canadamotorjobs.com\/fr\/wp-json\/wp\/v2\/users\/8"}],"replies":[{"embeddable":true,"href":"https:\/\/news.canadamotorjobs.com\/fr\/wp-json\/wp\/v2\/comments?post=148533"}],"version-history":[{"count":2,"href":"https:\/\/news.canadamotorjobs.com\/fr\/wp-json\/wp\/v2\/posts\/148533\/revisions"}],"predecessor-version":[{"id":148537,"href":"https:\/\/news.canadamotorjobs.com\/fr\/wp-json\/wp\/v2\/posts\/148533\/revisions\/148537"}],"wp:featuredmedia":[{"embeddable":true,"href":"https:\/\/news.canadamotorjobs.com\/fr\/wp-json\/wp\/v2\/media\/148535"}],"wp:attachment":[{"href":"https:\/\/news.canadamotorjobs.com\/fr\/wp-json\/wp\/v2\/media?parent=148533"}],"wp:term":[{"taxonomy":"category","embeddable":true,"href":"https:\/\/news.canadamotorjobs.com\/fr\/wp-json\/wp\/v2\/categories?post=148533"},{"taxonomy":"post_tag","embeddable":true,"href":"https:\/\/news.canadamotorjobs.com\/fr\/wp-json\/wp\/v2\/tags?post=148533"}],"curies":[{"name":"wp","href":"https:\/\/api.w.org\/{rel}","templated":true}]}}