{"id":148518,"date":"2023-07-12T11:43:05","date_gmt":"2023-07-12T15:43:05","guid":{"rendered":"https:\/\/news.canadamotorjobs.com\/?p=148518"},"modified":"2023-07-12T11:52:57","modified_gmt":"2023-07-12T15:52:57","slug":"groupe-touchette-fait-lachat-de-fastco","status":"publish","type":"post","link":"https:\/\/news.canadamotorjobs.com\/fr\/groupe-touchette-fait-lachat-de-fastco\/","title":{"rendered":"Groupe Touchette fait l\u2019achat de Fastco"},"content":{"rendered":"<\/p>\n<p>Dans le cadre d&#8217;une d\u00e9marche strat\u00e9gique visant \u00e0 consolider sa position de premier distributeur de pneus au Canada, le Groupe Touchette inc. a fait l&#8217;acquisition de Fastco Canada, un chef de file dans la conception, la fabrication et la distribution de roues en alliage. Cette transaction ouvre un nouveau chapitre d&#8217;expansion pour le Groupe Touchette, promettant d&#8217;\u00e9lever l&#8217;offre de services \u00e0 ses clients tout en offrant \u00e0 Fastco Canada un acc\u00e8s plus large \u00e0 de nouveaux march\u00e9s.<\/p>\n<h3>Deux compagnies compl\u00e9mentaires<\/h3>\n<p>\nLes deux entreprises partagent un ensemble de valeurs communes et prosp\u00e8rent dans leurs march\u00e9s respectifs. Les deux entit\u00e9s resteront ind\u00e9pendantes, mais elles poursuivront des objectifs communs afin d&#8217;am\u00e9liorer l&#8217;exp\u00e9rience des clients dans les secteurs des pneus et des roues. Fastco Canada, reconnue pour son expertise dans l&#8217;industrie et ses partenariats de longue date avec les grands d\u00e9taillants canadiens, les constructeurs automobiles et les fabricants de pneus, apporte un avantage distinctif \u00e0 ce partenariat. Les deux entreprises ont assur\u00e9 que les activit\u00e9s de Fastco Canada \u00e0 Vaudreuil-Dorion (Qu\u00e9bec) et \u00e0 Airdrie (Alberta) se poursuivront comme d&#8217;habitude.<\/p>\n<h3>Une union qui consolide la place de chacun<\/h3>\n<p>\nL&#8217;accord permet \u00e0 Fastco Canada de conserver ses marques et son \u00e9quipe de direction, tandis que les deux entreprises et leurs \u00e9quipes respectives restent ind\u00e9pendantes et collaborent pour tirer parti de leurs forces.<\/p>\n<p>Avec des renseignements de Motor Illustrated<\/p>\n<p>Le texte <a rel=\"nofollow\" href=\"https:\/\/annuelauto.ca\/groupe-touchette-fait-lachat-de-fastco\/\">Groupe Touchette fait l\u2019achat de Fastco<\/a> provient de <a rel=\"nofollow\" href=\"https:\/\/annuelauto.ca\">L&#8217;annuel de l&#8217;automobile &#8211; Actualit\u00e9 automobile<\/a><\/p>\n<p><\/p>\n","protected":false},"excerpt":{"rendered":"<p>Dans le cadre d&#8217;une d\u00e9marche strat\u00e9gique visant \u00e0 consolider sa position de premier distributeur de pneus au Canada, le Groupe Touchette inc. a fait l&#8217;acquisition de Fastco Canada, un chef de file dans la conception, la fabrication et la distribution de roues en alliage. Cette transaction ouvre un nouveau chapitre d&#8217;expansion pour le Groupe Touchette, [&hellip;]<\/p>\n","protected":false},"author":8,"featured_media":148520,"comment_status":"close","ping_status":"closed","sticky":false,"template":"","format":"standard","meta":{"_monsterinsights_skip_tracking":false,"_monsterinsights_sitenote_active":false,"_monsterinsights_sitenote_note":"","_monsterinsights_sitenote_category":0,"footnotes":""},"categories":[101],"tags":[],"yoast_head":"<!-- This site is optimized with the Yoast SEO plugin v23.2 - https:\/\/yoast.com\/wordpress\/plugins\/seo\/ -->\n<title>Groupe Touchette fait l\u2019achat de Fastco - CanadaMotorJobs.com<\/title>\n<meta name=\"description\" content=\"Groupe Touchette fait l\u2019achat de Fastco - Benoit Charette - Annuel automobile - CanadaMotorJobs.com.\" \/>\n<meta name=\"robots\" content=\"index, follow, max-snippet:-1, max-image-preview:large, max-video-preview:-1\" \/>\n<meta property=\"og:locale\" content=\"fr_CA\" \/>\n<meta property=\"og:type\" content=\"article\" \/>\n<meta property=\"og:title\" content=\"Groupe Touchette fait l\u2019achat de Fastco - CanadaMotorJobs.com\" \/>\n<meta property=\"og:description\" content=\"Groupe Touchette fait l\u2019achat de Fastco - Benoit Charette - Annuel automobile - CanadaMotorJobs.com.\" \/>\n<meta property=\"og:url\" content=\"https:\/\/news.canadamotorjobs.com\/fr\/groupe-touchette-fait-lachat-de-fastco\/\" \/>\n<meta property=\"og:site_name\" content=\"CanadaMotorJobs.com\" \/>\n<meta property=\"article:publisher\" content=\"https:\/\/www.facebook.com\/canadamotorjobs\/\" \/>\n<meta property=\"article:published_time\" content=\"2023-07-12T15:43:05+00:00\" \/>\n<meta property=\"article:modified_time\" content=\"2023-07-12T15:52:57+00:00\" \/>\n<meta property=\"og:image\" content=\"https:\/\/news.canadamotorjobs.com\/wp-content\/uploads\/2023\/07\/Group_Touchette_Groupe_Touchette_Inc__acquires_Fastco_Canada__al.jpg\" \/>\n\t<meta property=\"og:image:width\" content=\"600\" \/>\n\t<meta property=\"og:image:height\" content=\"335\" \/>\n\t<meta property=\"og:image:type\" content=\"image\/jpeg\" \/>\n<meta name=\"author\" content=\"Benoit Charette\" \/>\n<meta name=\"twitter:card\" content=\"summary_large_image\" \/>\n<meta name=\"twitter:creator\" content=\"@canadamotorjobs\" \/>\n<meta name=\"twitter:site\" content=\"@canadamotorjobs\" \/>\n<meta name=\"twitter:label1\" content=\"\u00c9crit par\" \/>\n\t<meta name=\"twitter:data1\" content=\"Benoit Charette\" \/>\n\t<meta name=\"twitter:label2\" content=\"Estimation du temps de lecture\" \/>\n\t<meta name=\"twitter:data2\" content=\"1 minute\" \/>\n<!-- \/ Yoast SEO plugin. -->","yoast_head_json":{"title":"Groupe Touchette fait l\u2019achat de Fastco - CanadaMotorJobs.com","description":"Groupe Touchette fait l\u2019achat de Fastco - Benoit Charette - Annuel automobile - CanadaMotorJobs.com.","robots":{"index":"index","follow":"follow","max-snippet":"max-snippet:-1","max-image-preview":"max-image-preview:large","max-video-preview":"max-video-preview:-1"},"og_locale":"fr_CA","og_type":"article","og_title":"Groupe Touchette fait l\u2019achat de Fastco - CanadaMotorJobs.com","og_description":"Groupe Touchette fait l\u2019achat de Fastco - Benoit Charette - Annuel automobile - CanadaMotorJobs.com.","og_url":"https:\/\/news.canadamotorjobs.com\/fr\/groupe-touchette-fait-lachat-de-fastco\/","og_site_name":"CanadaMotorJobs.com","article_publisher":"https:\/\/www.facebook.com\/canadamotorjobs\/","article_published_time":"2023-07-12T15:43:05+00:00","article_modified_time":"2023-07-12T15:52:57+00:00","og_image":[{"width":600,"height":335,"url":"https:\/\/news.canadamotorjobs.com\/wp-content\/uploads\/2023\/07\/Group_Touchette_Groupe_Touchette_Inc__acquires_Fastco_Canada__al.jpg","type":"image\/jpeg"}],"author":"Benoit Charette","twitter_card":"summary_large_image","twitter_creator":"@canadamotorjobs","twitter_site":"@canadamotorjobs","twitter_misc":{"\u00c9crit par":"Benoit Charette","Estimation du temps de lecture":"1 minute"},"schema":{"@context":"https:\/\/schema.org","@graph":[{"@type":"Article","@id":"https:\/\/news.canadamotorjobs.com\/fr\/groupe-touchette-fait-lachat-de-fastco\/#article","isPartOf":{"@id":"https:\/\/news.canadamotorjobs.com\/fr\/groupe-touchette-fait-lachat-de-fastco\/"},"author":{"name":"Benoit Charette","@id":"https:\/\/news.canadamotorjobs.com\/#\/schema\/person\/51793d1f87d44011d7bcc2ed99269a90"},"headline":"Groupe Touchette fait l\u2019achat de Fastco","datePublished":"2023-07-12T15:43:05+00:00","dateModified":"2023-07-12T15:52:57+00:00","mainEntityOfPage":{"@id":"https:\/\/news.canadamotorjobs.com\/fr\/groupe-touchette-fait-lachat-de-fastco\/"},"wordCount":264,"publisher":{"@id":"https:\/\/news.canadamotorjobs.com\/#organization"},"image":{"@id":"https:\/\/news.canadamotorjobs.com\/fr\/groupe-touchette-fait-lachat-de-fastco\/#primaryimage"},"thumbnailUrl":"https:\/\/news.canadamotorjobs.com\/wp-content\/uploads\/2023\/07\/Group_Touchette_Groupe_Touchette_Inc__acquires_Fastco_Canada__al.jpg","articleSection":["Annuel automobile"],"inLanguage":"fr-CA"},{"@type":"WebPage","@id":"https:\/\/news.canadamotorjobs.com\/fr\/groupe-touchette-fait-lachat-de-fastco\/","url":"https:\/\/news.canadamotorjobs.com\/fr\/groupe-touchette-fait-lachat-de-fastco\/","name":"Groupe Touchette fait l\u2019achat de Fastco - CanadaMotorJobs.com","isPartOf":{"@id":"https:\/\/news.canadamotorjobs.com\/#website"},"primaryImageOfPage":{"@id":"https:\/\/news.canadamotorjobs.com\/fr\/groupe-touchette-fait-lachat-de-fastco\/#primaryimage"},"image":{"@id":"https:\/\/news.canadamotorjobs.com\/fr\/groupe-touchette-fait-lachat-de-fastco\/#primaryimage"},"thumbnailUrl":"https:\/\/news.canadamotorjobs.com\/wp-content\/uploads\/2023\/07\/Group_Touchette_Groupe_Touchette_Inc__acquires_Fastco_Canada__al.jpg","datePublished":"2023-07-12T15:43:05+00:00","dateModified":"2023-07-12T15:52:57+00:00","description":"Groupe Touchette fait l\u2019achat de Fastco - Benoit Charette - Annuel automobile - CanadaMotorJobs.com.","breadcrumb":{"@id":"https:\/\/news.canadamotorjobs.com\/fr\/groupe-touchette-fait-lachat-de-fastco\/#breadcrumb"},"inLanguage":"fr-CA","potentialAction":[{"@type":"ReadAction","target":["https:\/\/news.canadamotorjobs.com\/fr\/groupe-touchette-fait-lachat-de-fastco\/"]}]},{"@type":"ImageObject","inLanguage":"fr-CA","@id":"https:\/\/news.canadamotorjobs.com\/fr\/groupe-touchette-fait-lachat-de-fastco\/#primaryimage","url":"https:\/\/news.canadamotorjobs.com\/wp-content\/uploads\/2023\/07\/Group_Touchette_Groupe_Touchette_Inc__acquires_Fastco_Canada__al.jpg","contentUrl":"https:\/\/news.canadamotorjobs.com\/wp-content\/uploads\/2023\/07\/Group_Touchette_Groupe_Touchette_Inc__acquires_Fastco_Canada__al.jpg","width":600,"height":335},{"@type":"BreadcrumbList","@id":"https:\/\/news.canadamotorjobs.com\/fr\/groupe-touchette-fait-lachat-de-fastco\/#breadcrumb","itemListElement":[{"@type":"ListItem","position":1,"name":"Home","item":"https:\/\/news.canadamotorjobs.com\/fr\/blog\/"},{"@type":"ListItem","position":2,"name":"Groupe Touchette fait l\u2019achat de Fastco"}]},{"@type":"WebSite","@id":"https:\/\/news.canadamotorjobs.com\/#website","url":"https:\/\/news.canadamotorjobs.com\/","name":"CanadaMotorJobs.com","description":"Automotive Jobs","publisher":{"@id":"https:\/\/news.canadamotorjobs.com\/#organization"},"potentialAction":[{"@type":"SearchAction","target":{"@type":"EntryPoint","urlTemplate":"https:\/\/news.canadamotorjobs.com\/?s={search_term_string}"},"query-input":"required name=search_term_string"}],"inLanguage":"fr-CA"},{"@type":"Organization","@id":"https:\/\/news.canadamotorjobs.com\/#organization","name":"Canada Motor Jobs","url":"https:\/\/news.canadamotorjobs.com\/","logo":{"@type":"ImageObject","inLanguage":"fr-CA","@id":"https:\/\/news.canadamotorjobs.com\/#\/schema\/logo\/image\/","url":"https:\/\/news.canadamotorjobs.com\/wp-content\/uploads\/2022\/10\/logo-canada-motor-jobs-1.png","contentUrl":"https:\/\/news.canadamotorjobs.com\/wp-content\/uploads\/2022\/10\/logo-canada-motor-jobs-1.png","width":800,"height":400,"caption":"Canada Motor Jobs"},"image":{"@id":"https:\/\/news.canadamotorjobs.com\/#\/schema\/logo\/image\/"},"sameAs":["https:\/\/www.facebook.com\/canadamotorjobs\/","https:\/\/x.com\/canadamotorjobs","https:\/\/www.instagram.com\/canadamotorjobs\/","https:\/\/www.linkedin.com\/company\/canadamotorjobs"]},{"@type":"Person","@id":"https:\/\/news.canadamotorjobs.com\/#\/schema\/person\/51793d1f87d44011d7bcc2ed99269a90","name":"Benoit Charette","image":{"@type":"ImageObject","inLanguage":"fr-CA","@id":"https:\/\/news.canadamotorjobs.com\/#\/schema\/person\/image\/","url":"https:\/\/secure.gravatar.com\/avatar\/45f3d2eebcccd909668d7ce7ea7267b6?s=96&d=mm&r=g","contentUrl":"https:\/\/secure.gravatar.com\/avatar\/45f3d2eebcccd909668d7ce7ea7267b6?s=96&d=mm&r=g","caption":"Benoit Charette"},"description":"Benoit Charette \/ Propri\u00e9taire et r\u00e9dacteur en chef Benoit Charette pratique le journalisme automobile depuis bient\u00f4t 30 ans. Il a fait ses classes au c\u00f4t\u00e9 de Daniel H\u00e9raud et au Carnet de route de 1992 \u00e0 2001. Il est fondateur, copropri\u00e9taire et r\u00e9dacteur en chef de L\u2019Annuel de l\u2019automobile, qu\u2019il publie depuis 2001. Il a anim\u00e9 les \u00e9missions RPM et RPM+ sur V et les L\u00e9gendes de la route sur Historia. \u00c0 la radio depuis 1986, il reprend l\u2019antenne cette ann\u00e9e sur les ondes de Cogeco et participe pour la deuxi\u00e8me ann\u00e9e \u00e0 l\u2019\u00e9mission Passion Auto sur RDS en plus de mettre en ligne le site Web officiel de L\u2019Annuel de l\u2019automobile sur annuelauto.ca.","sameAs":["https:\/\/annuelauto.ca\/"],"url":"https:\/\/news.canadamotorjobs.com\/fr\/author\/benoit-charette\/"}]}},"_links":{"self":[{"href":"https:\/\/news.canadamotorjobs.com\/fr\/wp-json\/wp\/v2\/posts\/148518"}],"collection":[{"href":"https:\/\/news.canadamotorjobs.com\/fr\/wp-json\/wp\/v2\/posts"}],"about":[{"href":"https:\/\/news.canadamotorjobs.com\/fr\/wp-json\/wp\/v2\/types\/post"}],"author":[{"embeddable":true,"href":"https:\/\/news.canadamotorjobs.com\/fr\/wp-json\/wp\/v2\/users\/8"}],"replies":[{"embeddable":true,"href":"https:\/\/news.canadamotorjobs.com\/fr\/wp-json\/wp\/v2\/comments?post=148518"}],"version-history":[{"count":2,"href":"https:\/\/news.canadamotorjobs.com\/fr\/wp-json\/wp\/v2\/posts\/148518\/revisions"}],"predecessor-version":[{"id":148522,"href":"https:\/\/news.canadamotorjobs.com\/fr\/wp-json\/wp\/v2\/posts\/148518\/revisions\/148522"}],"wp:featuredmedia":[{"embeddable":true,"href":"https:\/\/news.canadamotorjobs.com\/fr\/wp-json\/wp\/v2\/media\/148520"}],"wp:attachment":[{"href":"https:\/\/news.canadamotorjobs.com\/fr\/wp-json\/wp\/v2\/media?parent=148518"}],"wp:term":[{"taxonomy":"category","embeddable":true,"href":"https:\/\/news.canadamotorjobs.com\/fr\/wp-json\/wp\/v2\/categories?post=148518"},{"taxonomy":"post_tag","embeddable":true,"href":"https:\/\/news.canadamotorjobs.com\/fr\/wp-json\/wp\/v2\/tags?post=148518"}],"curies":[{"name":"wp","href":"https:\/\/api.w.org\/{rel}","templated":true}]}}