{"id":148499,"date":"2023-07-12T10:28:12","date_gmt":"2023-07-12T14:28:12","guid":{"rendered":"https:\/\/news.canadamotorjobs.com\/?p=148499"},"modified":"2023-07-12T10:37:30","modified_gmt":"2023-07-12T14:37:30","slug":"un-programme-de-recyclage-de-batteries-de-ves-au-quebec","status":"publish","type":"post","link":"https:\/\/news.canadamotorjobs.com\/fr\/un-programme-de-recyclage-de-batteries-de-ves-au-quebec\/","title":{"rendered":"Un programme de recyclage de batteries de VES au Qu\u00e9bec"},"content":{"rendered":"<\/p>\n<p>La plateforme\u00a0<a href=\"https:\/\/recuperationdesbatteriesve.ca\/\">RecuperationdesBatteriesVE.ca<\/a>\u00a0permettra de collecter, transporter, r\u00e9utiliser, remanufacturer ou recycler les batteries de v\u00e9hicules \u00e9lectriques \u00e9ligibles en fin de vie. Ces batteries admissibles incluront celles des v\u00e9hicules hybrides, hybrides rechargeables, enti\u00e8rement \u00e9lectriques et \u00e0 pile \u00e0 combustible non couvertes par les programmes de gestion des fabricants de v\u00e9hicules participants \u00e9tablis. Ce programme soutient une gestion durable des batteries de v\u00e9hicules \u00e9lectriques et favorise le d\u00e9veloppement d&#8217;une \u00e9conomie circulaire. Il s&#8217;agit d&#8217;une avanc\u00e9e importante pour le secteur du recyclage des batteries au Qu\u00e9bec.<\/p>\n<h3>Un programme conjoint<\/h3>\n<p>\nLes fabricants automobiles ont travaill\u00e9 avec le leader canadien du recyclage de piles et batteries Appel \u00e0 Recycler pour d\u00e9velopper et lancer la plateforme\u00a0<a href=\"http:\/\/RecuperationdesBatteriesVE.ca\">RecuperationdesBatteriesVE.ca<\/a>. Ce programme est sans pr\u00e9c\u00e9dent en Am\u00e9rique du Nord et sera pr\u00e9cieux pour recueillir des informations sur les batteries de v\u00e9hicules \u00e9lectriques en fin de vie et leur disponibilit\u00e9 au Qu\u00e9bec, o\u00f9 l&#8217;adoption pr\u00e9coce des v\u00e9hicules \u00e9lectriques a \u00e9t\u00e9 significative.<\/p>\n<h3>Remettre des mat\u00e9riaux recycl\u00e9s sur le march\u00e9<\/h3>\n<p>\nL\u2019objectif du programme de R\u00e9cup\u00e9ration des batteries de VE est de soutenir le d\u00e9veloppement continu d\u2019une \u00e9conomie circulaire pour les batteries de v\u00e9hicules \u00e9lectrifi\u00e9s afin d\u2019att\u00e9nuer les risques pour la sant\u00e9 et l\u2019environnement, tout en encourageant les options de revente, de r\u00e9usinage, de r\u00e9utilisation \u00e0 d\u2019autres fins et de recyclage.<\/p>\n<p>Le programme est financ\u00e9 par les constructeurs de v\u00e9hicules participants et est offert gratuitement aux d\u00e9tenteurs de batteries, tel que d\u00e9fini dans le pr\u00e9sent programme. Il ne s\u2019agit pas d\u2019un programme d\u2019intervention d\u2019urgence. Si des batteries de VE pr\u00e9sentent un risque imminent pour la s\u00e9curit\u00e9 ou l\u2019environnement, les d\u00e9tenteurs de ces batteries doivent prendre les mesures appropri\u00e9es pour informer les autorit\u00e9s comp\u00e9tentes, telles que les premiers intervenants locaux.<\/p>\n<p>Les batteries de VE recueillies seront remises \u00e0 neuf pour \u00eatre r\u00e9utilis\u00e9es dans les v\u00e9hicules, r\u00e9utilis\u00e9es \u00e0 d\u2019autres fins, recycl\u00e9es en m\u00e9taux d\u2019origine pour \u00eatre utilis\u00e9es dans de nouveaux produits ou envoy\u00e9es aux centres de R-D des constructeurs de v\u00e9hicules pour \u00eatre analys\u00e9es. Ces batteries NE SERONT PAS ENVOY\u00c9ES \u00c0 UN SITE D\u2019ENFOUISSEMENT.<\/p>\n<p>\u00a0<\/p>\n<p>Le texte <a rel=\"nofollow\" href=\"https:\/\/annuelauto.ca\/un-programme-de-recyclage-de-batteries-au-quebec\/\">Un programme de recyclage de batteries de VES au Qu\u00e9bec<\/a> provient de <a rel=\"nofollow\" href=\"https:\/\/annuelauto.ca\">L&#8217;annuel de l&#8217;automobile &#8211; Actualit\u00e9 automobile<\/a><\/p>\n<p><\/p>\n","protected":false},"excerpt":{"rendered":"<p>La plateforme\u00a0RecuperationdesBatteriesVE.ca\u00a0permettra de collecter, transporter, r\u00e9utiliser, remanufacturer ou recycler les batteries de v\u00e9hicules \u00e9lectriques \u00e9ligibles en fin de vie. Ces batteries admissibles incluront celles des v\u00e9hicules hybrides, hybrides rechargeables, enti\u00e8rement \u00e9lectriques et \u00e0 pile \u00e0 combustible non couvertes par les programmes de gestion des fabricants de v\u00e9hicules participants \u00e9tablis. Ce programme soutient une gestion durable [&hellip;]<\/p>\n","protected":false},"author":8,"featured_media":148501,"comment_status":"close","ping_status":"closed","sticky":false,"template":"","format":"standard","meta":{"_monsterinsights_skip_tracking":false,"_monsterinsights_sitenote_active":false,"_monsterinsights_sitenote_note":"","_monsterinsights_sitenote_category":0,"footnotes":""},"categories":[101],"tags":[],"yoast_head":"<!-- This site is optimized with the Yoast SEO plugin v23.2 - https:\/\/yoast.com\/wordpress\/plugins\/seo\/ -->\n<title>Un programme de recyclage de batteries de VES au Qu\u00e9bec - CanadaMotorJobs.com<\/title>\n<meta name=\"description\" content=\"Un programme de recyclage de batteries de VES au Qu\u00e9bec - Benoit Charette - Annuel automobile - CanadaMotorJobs.com.\" \/>\n<meta name=\"robots\" content=\"index, follow, max-snippet:-1, max-image-preview:large, max-video-preview:-1\" \/>\n<meta property=\"og:locale\" content=\"fr_CA\" \/>\n<meta property=\"og:type\" content=\"article\" \/>\n<meta property=\"og:title\" content=\"Un programme de recyclage de batteries de VES au Qu\u00e9bec - CanadaMotorJobs.com\" \/>\n<meta property=\"og:description\" content=\"Un programme de recyclage de batteries de VES au Qu\u00e9bec - Benoit Charette - Annuel automobile - CanadaMotorJobs.com.\" \/>\n<meta property=\"og:url\" content=\"https:\/\/news.canadamotorjobs.com\/fr\/un-programme-de-recyclage-de-batteries-de-ves-au-quebec\/\" \/>\n<meta property=\"og:site_name\" content=\"CanadaMotorJobs.com\" \/>\n<meta property=\"article:publisher\" content=\"https:\/\/www.facebook.com\/canadamotorjobs\/\" \/>\n<meta property=\"article:published_time\" content=\"2023-07-12T14:28:12+00:00\" \/>\n<meta property=\"article:modified_time\" content=\"2023-07-12T14:37:30+00:00\" \/>\n<meta property=\"og:image\" content=\"https:\/\/news.canadamotorjobs.com\/wp-content\/uploads\/2023\/07\/2021_ID.4-Small-12226-1024x575-1.jpg\" \/>\n\t<meta property=\"og:image:width\" content=\"1024\" \/>\n\t<meta property=\"og:image:height\" content=\"575\" \/>\n\t<meta property=\"og:image:type\" content=\"image\/jpeg\" \/>\n<meta name=\"author\" content=\"Benoit Charette\" \/>\n<meta name=\"twitter:card\" content=\"summary_large_image\" \/>\n<meta name=\"twitter:creator\" content=\"@canadamotorjobs\" \/>\n<meta name=\"twitter:site\" content=\"@canadamotorjobs\" \/>\n<meta name=\"twitter:label1\" content=\"\u00c9crit par\" \/>\n\t<meta name=\"twitter:data1\" content=\"Benoit Charette\" \/>\n\t<meta name=\"twitter:label2\" content=\"Estimation du temps de lecture\" \/>\n\t<meta name=\"twitter:data2\" content=\"2 minutes\" \/>\n<!-- \/ Yoast SEO plugin. -->","yoast_head_json":{"title":"Un programme de recyclage de batteries de VES au Qu\u00e9bec - CanadaMotorJobs.com","description":"Un programme de recyclage de batteries de VES au Qu\u00e9bec - Benoit Charette - Annuel automobile - CanadaMotorJobs.com.","robots":{"index":"index","follow":"follow","max-snippet":"max-snippet:-1","max-image-preview":"max-image-preview:large","max-video-preview":"max-video-preview:-1"},"og_locale":"fr_CA","og_type":"article","og_title":"Un programme de recyclage de batteries de VES au Qu\u00e9bec - CanadaMotorJobs.com","og_description":"Un programme de recyclage de batteries de VES au Qu\u00e9bec - Benoit Charette - Annuel automobile - CanadaMotorJobs.com.","og_url":"https:\/\/news.canadamotorjobs.com\/fr\/un-programme-de-recyclage-de-batteries-de-ves-au-quebec\/","og_site_name":"CanadaMotorJobs.com","article_publisher":"https:\/\/www.facebook.com\/canadamotorjobs\/","article_published_time":"2023-07-12T14:28:12+00:00","article_modified_time":"2023-07-12T14:37:30+00:00","og_image":[{"width":1024,"height":575,"url":"https:\/\/news.canadamotorjobs.com\/wp-content\/uploads\/2023\/07\/2021_ID.4-Small-12226-1024x575-1.jpg","type":"image\/jpeg"}],"author":"Benoit Charette","twitter_card":"summary_large_image","twitter_creator":"@canadamotorjobs","twitter_site":"@canadamotorjobs","twitter_misc":{"\u00c9crit par":"Benoit Charette","Estimation du temps de lecture":"2 minutes"},"schema":{"@context":"https:\/\/schema.org","@graph":[{"@type":"Article","@id":"https:\/\/news.canadamotorjobs.com\/fr\/un-programme-de-recyclage-de-batteries-de-ves-au-quebec\/#article","isPartOf":{"@id":"https:\/\/news.canadamotorjobs.com\/fr\/un-programme-de-recyclage-de-batteries-de-ves-au-quebec\/"},"author":{"name":"Benoit Charette","@id":"https:\/\/news.canadamotorjobs.com\/#\/schema\/person\/51793d1f87d44011d7bcc2ed99269a90"},"headline":"Un programme de recyclage de batteries de VES au Qu\u00e9bec","datePublished":"2023-07-12T14:28:12+00:00","dateModified":"2023-07-12T14:37:30+00:00","mainEntityOfPage":{"@id":"https:\/\/news.canadamotorjobs.com\/fr\/un-programme-de-recyclage-de-batteries-de-ves-au-quebec\/"},"wordCount":425,"publisher":{"@id":"https:\/\/news.canadamotorjobs.com\/#organization"},"image":{"@id":"https:\/\/news.canadamotorjobs.com\/fr\/un-programme-de-recyclage-de-batteries-de-ves-au-quebec\/#primaryimage"},"thumbnailUrl":"https:\/\/news.canadamotorjobs.com\/wp-content\/uploads\/2023\/07\/2021_ID.4-Small-12226-1024x575-1.jpg","articleSection":["Annuel automobile"],"inLanguage":"fr-CA"},{"@type":"WebPage","@id":"https:\/\/news.canadamotorjobs.com\/fr\/un-programme-de-recyclage-de-batteries-de-ves-au-quebec\/","url":"https:\/\/news.canadamotorjobs.com\/fr\/un-programme-de-recyclage-de-batteries-de-ves-au-quebec\/","name":"Un programme de recyclage de batteries de VES au Qu\u00e9bec - CanadaMotorJobs.com","isPartOf":{"@id":"https:\/\/news.canadamotorjobs.com\/#website"},"primaryImageOfPage":{"@id":"https:\/\/news.canadamotorjobs.com\/fr\/un-programme-de-recyclage-de-batteries-de-ves-au-quebec\/#primaryimage"},"image":{"@id":"https:\/\/news.canadamotorjobs.com\/fr\/un-programme-de-recyclage-de-batteries-de-ves-au-quebec\/#primaryimage"},"thumbnailUrl":"https:\/\/news.canadamotorjobs.com\/wp-content\/uploads\/2023\/07\/2021_ID.4-Small-12226-1024x575-1.jpg","datePublished":"2023-07-12T14:28:12+00:00","dateModified":"2023-07-12T14:37:30+00:00","description":"Un programme de recyclage de batteries de VES au Qu\u00e9bec - Benoit Charette - Annuel automobile - CanadaMotorJobs.com.","breadcrumb":{"@id":"https:\/\/news.canadamotorjobs.com\/fr\/un-programme-de-recyclage-de-batteries-de-ves-au-quebec\/#breadcrumb"},"inLanguage":"fr-CA","potentialAction":[{"@type":"ReadAction","target":["https:\/\/news.canadamotorjobs.com\/fr\/un-programme-de-recyclage-de-batteries-de-ves-au-quebec\/"]}]},{"@type":"ImageObject","inLanguage":"fr-CA","@id":"https:\/\/news.canadamotorjobs.com\/fr\/un-programme-de-recyclage-de-batteries-de-ves-au-quebec\/#primaryimage","url":"https:\/\/news.canadamotorjobs.com\/wp-content\/uploads\/2023\/07\/2021_ID.4-Small-12226-1024x575-1.jpg","contentUrl":"https:\/\/news.canadamotorjobs.com\/wp-content\/uploads\/2023\/07\/2021_ID.4-Small-12226-1024x575-1.jpg","width":1024,"height":575},{"@type":"BreadcrumbList","@id":"https:\/\/news.canadamotorjobs.com\/fr\/un-programme-de-recyclage-de-batteries-de-ves-au-quebec\/#breadcrumb","itemListElement":[{"@type":"ListItem","position":1,"name":"Home","item":"https:\/\/news.canadamotorjobs.com\/fr\/blog\/"},{"@type":"ListItem","position":2,"name":"Un programme de recyclage de batteries de VES au Qu\u00e9bec"}]},{"@type":"WebSite","@id":"https:\/\/news.canadamotorjobs.com\/#website","url":"https:\/\/news.canadamotorjobs.com\/","name":"CanadaMotorJobs.com","description":"Automotive Jobs","publisher":{"@id":"https:\/\/news.canadamotorjobs.com\/#organization"},"potentialAction":[{"@type":"SearchAction","target":{"@type":"EntryPoint","urlTemplate":"https:\/\/news.canadamotorjobs.com\/?s={search_term_string}"},"query-input":"required name=search_term_string"}],"inLanguage":"fr-CA"},{"@type":"Organization","@id":"https:\/\/news.canadamotorjobs.com\/#organization","name":"Canada Motor Jobs","url":"https:\/\/news.canadamotorjobs.com\/","logo":{"@type":"ImageObject","inLanguage":"fr-CA","@id":"https:\/\/news.canadamotorjobs.com\/#\/schema\/logo\/image\/","url":"https:\/\/news.canadamotorjobs.com\/wp-content\/uploads\/2022\/10\/logo-canada-motor-jobs-1.png","contentUrl":"https:\/\/news.canadamotorjobs.com\/wp-content\/uploads\/2022\/10\/logo-canada-motor-jobs-1.png","width":800,"height":400,"caption":"Canada Motor Jobs"},"image":{"@id":"https:\/\/news.canadamotorjobs.com\/#\/schema\/logo\/image\/"},"sameAs":["https:\/\/www.facebook.com\/canadamotorjobs\/","https:\/\/x.com\/canadamotorjobs","https:\/\/www.instagram.com\/canadamotorjobs\/","https:\/\/www.linkedin.com\/company\/canadamotorjobs"]},{"@type":"Person","@id":"https:\/\/news.canadamotorjobs.com\/#\/schema\/person\/51793d1f87d44011d7bcc2ed99269a90","name":"Benoit Charette","image":{"@type":"ImageObject","inLanguage":"fr-CA","@id":"https:\/\/news.canadamotorjobs.com\/#\/schema\/person\/image\/","url":"https:\/\/secure.gravatar.com\/avatar\/45f3d2eebcccd909668d7ce7ea7267b6?s=96&d=mm&r=g","contentUrl":"https:\/\/secure.gravatar.com\/avatar\/45f3d2eebcccd909668d7ce7ea7267b6?s=96&d=mm&r=g","caption":"Benoit Charette"},"description":"Benoit Charette \/ Propri\u00e9taire et r\u00e9dacteur en chef Benoit Charette pratique le journalisme automobile depuis bient\u00f4t 30 ans. Il a fait ses classes au c\u00f4t\u00e9 de Daniel H\u00e9raud et au Carnet de route de 1992 \u00e0 2001. Il est fondateur, copropri\u00e9taire et r\u00e9dacteur en chef de L\u2019Annuel de l\u2019automobile, qu\u2019il publie depuis 2001. Il a anim\u00e9 les \u00e9missions RPM et RPM+ sur V et les L\u00e9gendes de la route sur Historia. \u00c0 la radio depuis 1986, il reprend l\u2019antenne cette ann\u00e9e sur les ondes de Cogeco et participe pour la deuxi\u00e8me ann\u00e9e \u00e0 l\u2019\u00e9mission Passion Auto sur RDS en plus de mettre en ligne le site Web officiel de L\u2019Annuel de l\u2019automobile sur annuelauto.ca.","sameAs":["https:\/\/annuelauto.ca\/"],"url":"https:\/\/news.canadamotorjobs.com\/fr\/author\/benoit-charette\/"}]}},"_links":{"self":[{"href":"https:\/\/news.canadamotorjobs.com\/fr\/wp-json\/wp\/v2\/posts\/148499"}],"collection":[{"href":"https:\/\/news.canadamotorjobs.com\/fr\/wp-json\/wp\/v2\/posts"}],"about":[{"href":"https:\/\/news.canadamotorjobs.com\/fr\/wp-json\/wp\/v2\/types\/post"}],"author":[{"embeddable":true,"href":"https:\/\/news.canadamotorjobs.com\/fr\/wp-json\/wp\/v2\/users\/8"}],"replies":[{"embeddable":true,"href":"https:\/\/news.canadamotorjobs.com\/fr\/wp-json\/wp\/v2\/comments?post=148499"}],"version-history":[{"count":2,"href":"https:\/\/news.canadamotorjobs.com\/fr\/wp-json\/wp\/v2\/posts\/148499\/revisions"}],"predecessor-version":[{"id":148503,"href":"https:\/\/news.canadamotorjobs.com\/fr\/wp-json\/wp\/v2\/posts\/148499\/revisions\/148503"}],"wp:featuredmedia":[{"embeddable":true,"href":"https:\/\/news.canadamotorjobs.com\/fr\/wp-json\/wp\/v2\/media\/148501"}],"wp:attachment":[{"href":"https:\/\/news.canadamotorjobs.com\/fr\/wp-json\/wp\/v2\/media?parent=148499"}],"wp:term":[{"taxonomy":"category","embeddable":true,"href":"https:\/\/news.canadamotorjobs.com\/fr\/wp-json\/wp\/v2\/categories?post=148499"},{"taxonomy":"post_tag","embeddable":true,"href":"https:\/\/news.canadamotorjobs.com\/fr\/wp-json\/wp\/v2\/tags?post=148499"}],"curies":[{"name":"wp","href":"https:\/\/api.w.org\/{rel}","templated":true}]}}