{"id":148476,"date":"2023-07-12T09:22:54","date_gmt":"2023-07-12T13:22:54","guid":{"rendered":"https:\/\/news.canadamotorjobs.com\/?p=148476"},"modified":"2023-07-12T09:33:45","modified_gmt":"2023-07-12T13:33:45","slug":"paris-lutte-contre-la-pollution-en-augmentant-les-frais-de-stationnement-pour-les-vus","status":"publish","type":"post","link":"https:\/\/news.canadamotorjobs.com\/fr\/paris-lutte-contre-la-pollution-en-augmentant-les-frais-de-stationnement-pour-les-vus\/","title":{"rendered":"Paris lutte contre la pollution en augmentant les frais de stationnement pour les VUS"},"content":{"rendered":"<\/p>\n<p>Paris consid\u00e8re les VUS comme l&#8217;une des principales sources de pollution de l&#8217;air dans la ville et envisage d&#8217;imposer des tarifs de stationnement plus \u00e9lev\u00e9s \u00e0 ces mod\u00e8les La taille, le poids et le moteur du v\u00e9hicule seront pris en compte dans le calcul des tarifs.<\/p>\n<h3>Mesures approuv\u00e9es<\/h3>\n<p>\nLe journal The Guardian rapporte que la mesure a \u00e9t\u00e9 approuv\u00e9e par les conseillers de Paris le mois dernier. Le parti \u00e9cologiste EELV a propos\u00e9 cette nouvelle loi en expliquant que le nombre de VUS \u00e0 Paris a augment\u00e9 d&#8217;environ 60 % au cours des quatre derni\u00e8res ann\u00e9es. Pourtant, ils ne repr\u00e9sentent qu&#8217;environ 15 % de la flotte totale de la ville, qui compte environ 1,15 million de v\u00e9hicules.<\/p>\n<h3>Une r\u00e9alit\u00e9 en janvier prochain<\/h3>\n<p>\nLa nouvelle r\u00e8gle devrait entrer en vigueur le 1er janvier de l&#8217;ann\u00e9e prochaine, date \u00e0 laquelle les propri\u00e9taires de VUS commenceront \u00e0 payer des frais de stationnement plus \u00e9lev\u00e9s. Toutefois, les v\u00e9hicules \u00e9lectriques et les v\u00e9hicules des familles nombreuses devraient \u00eatre exclus de la mesure, bien que les d\u00e9tails des frais et la mani\u00e8re dont les SUV seront class\u00e9s ne soient pas connus pour le moment.<\/p>\n<h3>Lyon a pris les devants<\/h3>\n<p>\nAu d\u00e9but de l&#8217;ann\u00e9e, la ville de Lyon a introduit une nouvelle loi similaire qui entrera en vigueur l&#8217;ann\u00e9e prochaine. La troisi\u00e8me ville de France a annonc\u00e9 une nouvelle politique de stationnement, en vertu de laquelle les frais de stationnement dans les espaces publics seront d\u00e9termin\u00e9s de mani\u00e8re progressive en fonction de la taille, du poids et du moteur du v\u00e9hicule.<\/p>\n<h3>Trois fois plus cher pour un VUS<\/h3>\n<p>\nToutefois, les v\u00e9hicules \u00e9lectriques b\u00e9n\u00e9ficieront des tarifs de stationnement les plus bas, 15 euros par mois, tandis que les v\u00e9hicules \u00e0 moteur \u00e0 combustion pesant plus de 1 725 kilogrammes paieront le triple. La ville de Grenoble, qui compte environ 450 000 habitants, devrait \u00e9galement mettre en place une politique similaire prochainement.<\/p>\n<p>Avec des renseignements de Carscoops<\/p>\n<p>Le texte <a rel=\"nofollow\" href=\"https:\/\/annuelauto.ca\/paris-lutte-contre-la-pollution-en-augmentant-les-frais-de-stationnement-pour-les-vus\/\">Paris lutte contre la pollution en augmentant les frais de stationnement pour les VUS<\/a> provient de <a rel=\"nofollow\" href=\"https:\/\/annuelauto.ca\">L&#8217;annuel de l&#8217;automobile &#8211; Actualit\u00e9 automobile<\/a><\/p>\n<p><\/p>\n","protected":false},"excerpt":{"rendered":"<p>Paris consid\u00e8re les VUS comme l&#8217;une des principales sources de pollution de l&#8217;air dans la ville et envisage d&#8217;imposer des tarifs de stationnement plus \u00e9lev\u00e9s \u00e0 ces mod\u00e8les La taille, le poids et le moteur du v\u00e9hicule seront pris en compte dans le calcul des tarifs. Mesures approuv\u00e9es Le journal The Guardian rapporte que la [&hellip;]<\/p>\n","protected":false},"author":8,"featured_media":148478,"comment_status":"close","ping_status":"closed","sticky":false,"template":"","format":"standard","meta":{"_monsterinsights_skip_tracking":false,"_monsterinsights_sitenote_active":false,"_monsterinsights_sitenote_note":"","_monsterinsights_sitenote_category":0,"footnotes":""},"categories":[101],"tags":[],"yoast_head":"<!-- This site is optimized with the Yoast SEO plugin v23.2 - https:\/\/yoast.com\/wordpress\/plugins\/seo\/ -->\n<title>Paris lutte contre la pollution en augmentant les frais de stationnement pour les VUS - CanadaMotorJobs.com<\/title>\n<meta name=\"description\" content=\"Paris lutte contre la pollution en augmentant les frais de stationnement pour les VUS - Benoit Charette - Annuel automobile - CanadaMotorJobs.com.\" \/>\n<meta name=\"robots\" content=\"index, follow, max-snippet:-1, max-image-preview:large, max-video-preview:-1\" \/>\n<meta property=\"og:locale\" content=\"fr_CA\" \/>\n<meta property=\"og:type\" content=\"article\" \/>\n<meta property=\"og:title\" content=\"Paris lutte contre la pollution en augmentant les frais de stationnement pour les VUS - CanadaMotorJobs.com\" \/>\n<meta property=\"og:description\" content=\"Paris lutte contre la pollution en augmentant les frais de stationnement pour les VUS - Benoit Charette - Annuel automobile - CanadaMotorJobs.com.\" \/>\n<meta property=\"og:url\" content=\"https:\/\/news.canadamotorjobs.com\/fr\/paris-lutte-contre-la-pollution-en-augmentant-les-frais-de-stationnement-pour-les-vus\/\" \/>\n<meta property=\"og:site_name\" content=\"CanadaMotorJobs.com\" \/>\n<meta property=\"article:publisher\" content=\"https:\/\/www.facebook.com\/canadamotorjobs\/\" \/>\n<meta property=\"article:published_time\" content=\"2023-07-12T13:22:54+00:00\" \/>\n<meta property=\"article:modified_time\" content=\"2023-07-12T13:33:45+00:00\" \/>\n<meta property=\"og:image\" content=\"https:\/\/news.canadamotorjobs.com\/wp-content\/uploads\/2023\/07\/image_processing20190814-31705-xeu6fy.jpg\" \/>\n\t<meta property=\"og:image:width\" content=\"1200\" \/>\n\t<meta property=\"og:image:height\" content=\"750\" \/>\n\t<meta property=\"og:image:type\" content=\"image\/jpeg\" \/>\n<meta name=\"author\" content=\"Benoit Charette\" \/>\n<meta name=\"twitter:card\" content=\"summary_large_image\" \/>\n<meta name=\"twitter:creator\" content=\"@canadamotorjobs\" \/>\n<meta name=\"twitter:site\" content=\"@canadamotorjobs\" \/>\n<meta name=\"twitter:label1\" content=\"\u00c9crit par\" \/>\n\t<meta name=\"twitter:data1\" content=\"Benoit Charette\" \/>\n\t<meta name=\"twitter:label2\" content=\"Estimation du temps de lecture\" \/>\n\t<meta name=\"twitter:data2\" content=\"2 minutes\" \/>\n<!-- \/ Yoast SEO plugin. -->","yoast_head_json":{"title":"Paris lutte contre la pollution en augmentant les frais de stationnement pour les VUS - CanadaMotorJobs.com","description":"Paris lutte contre la pollution en augmentant les frais de stationnement pour les VUS - Benoit Charette - Annuel automobile - CanadaMotorJobs.com.","robots":{"index":"index","follow":"follow","max-snippet":"max-snippet:-1","max-image-preview":"max-image-preview:large","max-video-preview":"max-video-preview:-1"},"og_locale":"fr_CA","og_type":"article","og_title":"Paris lutte contre la pollution en augmentant les frais de stationnement pour les VUS - CanadaMotorJobs.com","og_description":"Paris lutte contre la pollution en augmentant les frais de stationnement pour les VUS - Benoit Charette - Annuel automobile - CanadaMotorJobs.com.","og_url":"https:\/\/news.canadamotorjobs.com\/fr\/paris-lutte-contre-la-pollution-en-augmentant-les-frais-de-stationnement-pour-les-vus\/","og_site_name":"CanadaMotorJobs.com","article_publisher":"https:\/\/www.facebook.com\/canadamotorjobs\/","article_published_time":"2023-07-12T13:22:54+00:00","article_modified_time":"2023-07-12T13:33:45+00:00","og_image":[{"width":1200,"height":750,"url":"https:\/\/news.canadamotorjobs.com\/wp-content\/uploads\/2023\/07\/image_processing20190814-31705-xeu6fy.jpg","type":"image\/jpeg"}],"author":"Benoit Charette","twitter_card":"summary_large_image","twitter_creator":"@canadamotorjobs","twitter_site":"@canadamotorjobs","twitter_misc":{"\u00c9crit par":"Benoit Charette","Estimation du temps de lecture":"2 minutes"},"schema":{"@context":"https:\/\/schema.org","@graph":[{"@type":"Article","@id":"https:\/\/news.canadamotorjobs.com\/fr\/paris-lutte-contre-la-pollution-en-augmentant-les-frais-de-stationnement-pour-les-vus\/#article","isPartOf":{"@id":"https:\/\/news.canadamotorjobs.com\/fr\/paris-lutte-contre-la-pollution-en-augmentant-les-frais-de-stationnement-pour-les-vus\/"},"author":{"name":"Benoit Charette","@id":"https:\/\/news.canadamotorjobs.com\/#\/schema\/person\/51793d1f87d44011d7bcc2ed99269a90"},"headline":"Paris lutte contre la pollution en augmentant les frais de stationnement pour les VUS","datePublished":"2023-07-12T13:22:54+00:00","dateModified":"2023-07-12T13:33:45+00:00","mainEntityOfPage":{"@id":"https:\/\/news.canadamotorjobs.com\/fr\/paris-lutte-contre-la-pollution-en-augmentant-les-frais-de-stationnement-pour-les-vus\/"},"wordCount":381,"publisher":{"@id":"https:\/\/news.canadamotorjobs.com\/#organization"},"image":{"@id":"https:\/\/news.canadamotorjobs.com\/fr\/paris-lutte-contre-la-pollution-en-augmentant-les-frais-de-stationnement-pour-les-vus\/#primaryimage"},"thumbnailUrl":"https:\/\/news.canadamotorjobs.com\/wp-content\/uploads\/2023\/07\/image_processing20190814-31705-xeu6fy.jpg","articleSection":["Annuel automobile"],"inLanguage":"fr-CA"},{"@type":"WebPage","@id":"https:\/\/news.canadamotorjobs.com\/fr\/paris-lutte-contre-la-pollution-en-augmentant-les-frais-de-stationnement-pour-les-vus\/","url":"https:\/\/news.canadamotorjobs.com\/fr\/paris-lutte-contre-la-pollution-en-augmentant-les-frais-de-stationnement-pour-les-vus\/","name":"Paris lutte contre la pollution en augmentant les frais de stationnement pour les VUS - CanadaMotorJobs.com","isPartOf":{"@id":"https:\/\/news.canadamotorjobs.com\/#website"},"primaryImageOfPage":{"@id":"https:\/\/news.canadamotorjobs.com\/fr\/paris-lutte-contre-la-pollution-en-augmentant-les-frais-de-stationnement-pour-les-vus\/#primaryimage"},"image":{"@id":"https:\/\/news.canadamotorjobs.com\/fr\/paris-lutte-contre-la-pollution-en-augmentant-les-frais-de-stationnement-pour-les-vus\/#primaryimage"},"thumbnailUrl":"https:\/\/news.canadamotorjobs.com\/wp-content\/uploads\/2023\/07\/image_processing20190814-31705-xeu6fy.jpg","datePublished":"2023-07-12T13:22:54+00:00","dateModified":"2023-07-12T13:33:45+00:00","description":"Paris lutte contre la pollution en augmentant les frais de stationnement pour les VUS - Benoit Charette - Annuel automobile - CanadaMotorJobs.com.","breadcrumb":{"@id":"https:\/\/news.canadamotorjobs.com\/fr\/paris-lutte-contre-la-pollution-en-augmentant-les-frais-de-stationnement-pour-les-vus\/#breadcrumb"},"inLanguage":"fr-CA","potentialAction":[{"@type":"ReadAction","target":["https:\/\/news.canadamotorjobs.com\/fr\/paris-lutte-contre-la-pollution-en-augmentant-les-frais-de-stationnement-pour-les-vus\/"]}]},{"@type":"ImageObject","inLanguage":"fr-CA","@id":"https:\/\/news.canadamotorjobs.com\/fr\/paris-lutte-contre-la-pollution-en-augmentant-les-frais-de-stationnement-pour-les-vus\/#primaryimage","url":"https:\/\/news.canadamotorjobs.com\/wp-content\/uploads\/2023\/07\/image_processing20190814-31705-xeu6fy.jpg","contentUrl":"https:\/\/news.canadamotorjobs.com\/wp-content\/uploads\/2023\/07\/image_processing20190814-31705-xeu6fy.jpg","width":1200,"height":750},{"@type":"BreadcrumbList","@id":"https:\/\/news.canadamotorjobs.com\/fr\/paris-lutte-contre-la-pollution-en-augmentant-les-frais-de-stationnement-pour-les-vus\/#breadcrumb","itemListElement":[{"@type":"ListItem","position":1,"name":"Home","item":"https:\/\/news.canadamotorjobs.com\/fr\/blog\/"},{"@type":"ListItem","position":2,"name":"Paris lutte contre la pollution en augmentant les frais de stationnement pour les VUS"}]},{"@type":"WebSite","@id":"https:\/\/news.canadamotorjobs.com\/#website","url":"https:\/\/news.canadamotorjobs.com\/","name":"CanadaMotorJobs.com","description":"Automotive Jobs","publisher":{"@id":"https:\/\/news.canadamotorjobs.com\/#organization"},"potentialAction":[{"@type":"SearchAction","target":{"@type":"EntryPoint","urlTemplate":"https:\/\/news.canadamotorjobs.com\/?s={search_term_string}"},"query-input":"required name=search_term_string"}],"inLanguage":"fr-CA"},{"@type":"Organization","@id":"https:\/\/news.canadamotorjobs.com\/#organization","name":"Canada Motor Jobs","url":"https:\/\/news.canadamotorjobs.com\/","logo":{"@type":"ImageObject","inLanguage":"fr-CA","@id":"https:\/\/news.canadamotorjobs.com\/#\/schema\/logo\/image\/","url":"https:\/\/news.canadamotorjobs.com\/wp-content\/uploads\/2022\/10\/logo-canada-motor-jobs-1.png","contentUrl":"https:\/\/news.canadamotorjobs.com\/wp-content\/uploads\/2022\/10\/logo-canada-motor-jobs-1.png","width":800,"height":400,"caption":"Canada Motor Jobs"},"image":{"@id":"https:\/\/news.canadamotorjobs.com\/#\/schema\/logo\/image\/"},"sameAs":["https:\/\/www.facebook.com\/canadamotorjobs\/","https:\/\/x.com\/canadamotorjobs","https:\/\/www.instagram.com\/canadamotorjobs\/","https:\/\/www.linkedin.com\/company\/canadamotorjobs"]},{"@type":"Person","@id":"https:\/\/news.canadamotorjobs.com\/#\/schema\/person\/51793d1f87d44011d7bcc2ed99269a90","name":"Benoit Charette","image":{"@type":"ImageObject","inLanguage":"fr-CA","@id":"https:\/\/news.canadamotorjobs.com\/#\/schema\/person\/image\/","url":"https:\/\/secure.gravatar.com\/avatar\/45f3d2eebcccd909668d7ce7ea7267b6?s=96&d=mm&r=g","contentUrl":"https:\/\/secure.gravatar.com\/avatar\/45f3d2eebcccd909668d7ce7ea7267b6?s=96&d=mm&r=g","caption":"Benoit Charette"},"description":"Benoit Charette \/ Propri\u00e9taire et r\u00e9dacteur en chef Benoit Charette pratique le journalisme automobile depuis bient\u00f4t 30 ans. Il a fait ses classes au c\u00f4t\u00e9 de Daniel H\u00e9raud et au Carnet de route de 1992 \u00e0 2001. Il est fondateur, copropri\u00e9taire et r\u00e9dacteur en chef de L\u2019Annuel de l\u2019automobile, qu\u2019il publie depuis 2001. Il a anim\u00e9 les \u00e9missions RPM et RPM+ sur V et les L\u00e9gendes de la route sur Historia. \u00c0 la radio depuis 1986, il reprend l\u2019antenne cette ann\u00e9e sur les ondes de Cogeco et participe pour la deuxi\u00e8me ann\u00e9e \u00e0 l\u2019\u00e9mission Passion Auto sur RDS en plus de mettre en ligne le site Web officiel de L\u2019Annuel de l\u2019automobile sur annuelauto.ca.","sameAs":["https:\/\/annuelauto.ca\/"],"url":"https:\/\/news.canadamotorjobs.com\/fr\/author\/benoit-charette\/"}]}},"_links":{"self":[{"href":"https:\/\/news.canadamotorjobs.com\/fr\/wp-json\/wp\/v2\/posts\/148476"}],"collection":[{"href":"https:\/\/news.canadamotorjobs.com\/fr\/wp-json\/wp\/v2\/posts"}],"about":[{"href":"https:\/\/news.canadamotorjobs.com\/fr\/wp-json\/wp\/v2\/types\/post"}],"author":[{"embeddable":true,"href":"https:\/\/news.canadamotorjobs.com\/fr\/wp-json\/wp\/v2\/users\/8"}],"replies":[{"embeddable":true,"href":"https:\/\/news.canadamotorjobs.com\/fr\/wp-json\/wp\/v2\/comments?post=148476"}],"version-history":[{"count":2,"href":"https:\/\/news.canadamotorjobs.com\/fr\/wp-json\/wp\/v2\/posts\/148476\/revisions"}],"predecessor-version":[{"id":148480,"href":"https:\/\/news.canadamotorjobs.com\/fr\/wp-json\/wp\/v2\/posts\/148476\/revisions\/148480"}],"wp:featuredmedia":[{"embeddable":true,"href":"https:\/\/news.canadamotorjobs.com\/fr\/wp-json\/wp\/v2\/media\/148478"}],"wp:attachment":[{"href":"https:\/\/news.canadamotorjobs.com\/fr\/wp-json\/wp\/v2\/media?parent=148476"}],"wp:term":[{"taxonomy":"category","embeddable":true,"href":"https:\/\/news.canadamotorjobs.com\/fr\/wp-json\/wp\/v2\/categories?post=148476"},{"taxonomy":"post_tag","embeddable":true,"href":"https:\/\/news.canadamotorjobs.com\/fr\/wp-json\/wp\/v2\/tags?post=148476"}],"curies":[{"name":"wp","href":"https:\/\/api.w.org\/{rel}","templated":true}]}}