{"id":148430,"date":"2023-07-11T13:18:21","date_gmt":"2023-07-11T17:18:21","guid":{"rendered":"https:\/\/news.canadamotorjobs.com\/?p=148430"},"modified":"2023-07-11T13:32:22","modified_gmt":"2023-07-11T17:32:22","slug":"une-batterie-solide-avec-930-km-dautonomie-commercialisee-en-chine","status":"publish","type":"post","link":"https:\/\/news.canadamotorjobs.com\/fr\/une-batterie-solide-avec-930-km-dautonomie-commercialisee-en-chine\/","title":{"rendered":"Une batterie solide avec 930\u00a0km d\u2019autonomie commercialis\u00e9e en Chine"},"content":{"rendered":"<\/p>\n<p>La soci\u00e9t\u00e9 chinoise Nio travaille depuis un certain temps sur une batterie \u00e0 \u00e9lectrolytes solide. Elle vient de commercialiser en Europe la Nio ES6 et une version VUS de ce mod\u00e8le sera lanc\u00e9 sur le march\u00e9 chinois avec une batterie solide de 150\u00a0kWh et donnera 930\u00a0km d\u2019autonomie. La compagnie travaille sur la mise en march\u00e9 de cette batterie depuis longtemps et avait d\u00e9voil\u00e9 une batterie solide en 2021. La batterie est fournie par WeLion et le manuel d&#8217;utilisation mis \u00e0 jour dans l&#8217;ES6 nous donne de nouveaux d\u00e9tails sur la batterie.<\/p>\n<h3>Une batterie plus dense<\/h3>\n<p>\nPla compagnie a r\u00e9v\u00e9l\u00e9 que la batterie p\u00e8se 575\u00a0kg. Ce n\u2019est que 20\u00a0kg de plus que la batterie lithium-ion de 100\u00a0kWh de Nio, fourni par CATL. Il a \u00e9galement \u00e9t\u00e9 r\u00e9v\u00e9l\u00e9 que la batterie offre une densit\u00e9 \u00e9nerg\u00e9tique de 261\u00a0Wh\/kg, soit 44,4\u00a0% de plus que les 180\u00a0Wh\/kg de la batterie lithium Ion de 100\u00a0kWh. Ce qui rend cette batterie encore plus impressionnante, c&#8217;est qu&#8217;elle est identique en longueur (2 062\u00a0mm), en largeur (1 539\u00a0mm) et en hauteur (185,6\u00a0mm) \u00e0 celle de 100\u00a0kWh. Elle se compose d&#8217;un total de 384 cellules, contre 96 pour la batterie lithium Ion.<\/p>\n<h3>Sur le march\u00e9 chinois d\u2019ici la fin du mois<\/h3>\n<p>\nLe fondateur, pr\u00e9sident et directeur g\u00e9n\u00e9ral de Nio, William Li, a confirm\u00e9 en mai que la batterie \u00e0 semi-conducteurs serait commercialis\u00e9e en juillet. WeLion a commenc\u00e9 \u00e0 livrer le pack \u00e0 Nio \u00e0 la fin du mois de juin. Le prix de la batterie est pour le moment estim\u00e9 \u00e0 environ 48 000\u00a0$ US et une autre berline appel\u00e9e ET7 serait le prochain v\u00e9hicule de la marque \u00e0 recevoir ce genre de batterie.<\/p>\n<p>\u00a0<\/p>\n<p>Avec des renseignements de Carscoops<\/p>\n<p>Le texte <a rel=\"nofollow\" href=\"https:\/\/annuelauto.ca\/une-batterie-solide-avec-930-km-dautonomie-commercialisee-en-chine\/\">Une batterie solide avec 930\u00a0km d\u2019autonomie commercialis\u00e9e en Chine<\/a> provient de <a rel=\"nofollow\" href=\"https:\/\/annuelauto.ca\">L&#8217;annuel de l&#8217;automobile &#8211; Actualit\u00e9 automobile<\/a><\/p>\n<p><\/p>\n","protected":false},"excerpt":{"rendered":"<p>La soci\u00e9t\u00e9 chinoise Nio travaille depuis un certain temps sur une batterie \u00e0 \u00e9lectrolytes solide. Elle vient de commercialiser en Europe la Nio ES6 et une version VUS de ce mod\u00e8le sera lanc\u00e9 sur le march\u00e9 chinois avec une batterie solide de 150\u00a0kWh et donnera 930\u00a0km d\u2019autonomie. La compagnie travaille sur la mise en march\u00e9 [&hellip;]<\/p>\n","protected":false},"author":8,"featured_media":148432,"comment_status":"close","ping_status":"closed","sticky":false,"template":"","format":"standard","meta":{"_monsterinsights_skip_tracking":false,"_monsterinsights_sitenote_active":false,"_monsterinsights_sitenote_note":"","_monsterinsights_sitenote_category":0,"footnotes":""},"categories":[101],"tags":[],"yoast_head":"<!-- This site is optimized with the Yoast SEO plugin v23.2 - https:\/\/yoast.com\/wordpress\/plugins\/seo\/ -->\n<title>Une batterie solide avec 930\u00a0km d\u2019autonomie commercialis\u00e9e en Chine - CanadaMotorJobs.com<\/title>\n<meta name=\"description\" content=\"Une batterie solide avec 930\u00a0km d\u2019autonomie commercialis\u00e9e en Chine - Benoit Charette - Annuel automobile - CanadaMotorJobs.com.\" \/>\n<meta name=\"robots\" content=\"index, follow, max-snippet:-1, max-image-preview:large, max-video-preview:-1\" \/>\n<meta property=\"og:locale\" content=\"fr_CA\" \/>\n<meta property=\"og:type\" content=\"article\" \/>\n<meta property=\"og:title\" content=\"Une batterie solide avec 930\u00a0km d\u2019autonomie commercialis\u00e9e en Chine - CanadaMotorJobs.com\" \/>\n<meta property=\"og:description\" content=\"Une batterie solide avec 930\u00a0km d\u2019autonomie commercialis\u00e9e en Chine - Benoit Charette - Annuel automobile - CanadaMotorJobs.com.\" \/>\n<meta property=\"og:url\" content=\"https:\/\/news.canadamotorjobs.com\/fr\/une-batterie-solide-avec-930-km-dautonomie-commercialisee-en-chine\/\" \/>\n<meta property=\"og:site_name\" content=\"CanadaMotorJobs.com\" \/>\n<meta property=\"article:publisher\" content=\"https:\/\/www.facebook.com\/canadamotorjobs\/\" \/>\n<meta property=\"article:published_time\" content=\"2023-07-11T17:18:21+00:00\" \/>\n<meta property=\"article:modified_time\" content=\"2023-07-11T17:32:22+00:00\" \/>\n<meta property=\"og:image\" content=\"https:\/\/news.canadamotorjobs.com\/wp-content\/uploads\/2023\/07\/f1bmdfqrqn8ituv5ch277zsbvbjn58di.jpg\" \/>\n\t<meta property=\"og:image:width\" content=\"870\" \/>\n\t<meta property=\"og:image:height\" content=\"582\" \/>\n\t<meta property=\"og:image:type\" content=\"image\/jpeg\" \/>\n<meta name=\"author\" content=\"Benoit Charette\" \/>\n<meta name=\"twitter:card\" content=\"summary_large_image\" \/>\n<meta name=\"twitter:creator\" content=\"@canadamotorjobs\" \/>\n<meta name=\"twitter:site\" content=\"@canadamotorjobs\" \/>\n<meta name=\"twitter:label1\" content=\"\u00c9crit par\" \/>\n\t<meta name=\"twitter:data1\" content=\"Benoit Charette\" \/>\n\t<meta name=\"twitter:label2\" content=\"Estimation du temps de lecture\" \/>\n\t<meta name=\"twitter:data2\" content=\"2 minutes\" \/>\n<!-- \/ Yoast SEO plugin. -->","yoast_head_json":{"title":"Une batterie solide avec 930\u00a0km d\u2019autonomie commercialis\u00e9e en Chine - CanadaMotorJobs.com","description":"Une batterie solide avec 930\u00a0km d\u2019autonomie commercialis\u00e9e en Chine - Benoit Charette - Annuel automobile - CanadaMotorJobs.com.","robots":{"index":"index","follow":"follow","max-snippet":"max-snippet:-1","max-image-preview":"max-image-preview:large","max-video-preview":"max-video-preview:-1"},"og_locale":"fr_CA","og_type":"article","og_title":"Une batterie solide avec 930\u00a0km d\u2019autonomie commercialis\u00e9e en Chine - CanadaMotorJobs.com","og_description":"Une batterie solide avec 930\u00a0km d\u2019autonomie commercialis\u00e9e en Chine - Benoit Charette - Annuel automobile - CanadaMotorJobs.com.","og_url":"https:\/\/news.canadamotorjobs.com\/fr\/une-batterie-solide-avec-930-km-dautonomie-commercialisee-en-chine\/","og_site_name":"CanadaMotorJobs.com","article_publisher":"https:\/\/www.facebook.com\/canadamotorjobs\/","article_published_time":"2023-07-11T17:18:21+00:00","article_modified_time":"2023-07-11T17:32:22+00:00","og_image":[{"width":870,"height":582,"url":"https:\/\/news.canadamotorjobs.com\/wp-content\/uploads\/2023\/07\/f1bmdfqrqn8ituv5ch277zsbvbjn58di.jpg","type":"image\/jpeg"}],"author":"Benoit Charette","twitter_card":"summary_large_image","twitter_creator":"@canadamotorjobs","twitter_site":"@canadamotorjobs","twitter_misc":{"\u00c9crit par":"Benoit Charette","Estimation du temps de lecture":"2 minutes"},"schema":{"@context":"https:\/\/schema.org","@graph":[{"@type":"Article","@id":"https:\/\/news.canadamotorjobs.com\/fr\/une-batterie-solide-avec-930-km-dautonomie-commercialisee-en-chine\/#article","isPartOf":{"@id":"https:\/\/news.canadamotorjobs.com\/fr\/une-batterie-solide-avec-930-km-dautonomie-commercialisee-en-chine\/"},"author":{"name":"Benoit Charette","@id":"https:\/\/news.canadamotorjobs.com\/#\/schema\/person\/51793d1f87d44011d7bcc2ed99269a90"},"headline":"Une batterie solide avec 930\u00a0km d\u2019autonomie commercialis\u00e9e en Chine","datePublished":"2023-07-11T17:18:21+00:00","dateModified":"2023-07-11T17:32:22+00:00","mainEntityOfPage":{"@id":"https:\/\/news.canadamotorjobs.com\/fr\/une-batterie-solide-avec-930-km-dautonomie-commercialisee-en-chine\/"},"wordCount":321,"publisher":{"@id":"https:\/\/news.canadamotorjobs.com\/#organization"},"image":{"@id":"https:\/\/news.canadamotorjobs.com\/fr\/une-batterie-solide-avec-930-km-dautonomie-commercialisee-en-chine\/#primaryimage"},"thumbnailUrl":"https:\/\/news.canadamotorjobs.com\/wp-content\/uploads\/2023\/07\/f1bmdfqrqn8ituv5ch277zsbvbjn58di.jpg","articleSection":["Annuel automobile"],"inLanguage":"fr-CA"},{"@type":"WebPage","@id":"https:\/\/news.canadamotorjobs.com\/fr\/une-batterie-solide-avec-930-km-dautonomie-commercialisee-en-chine\/","url":"https:\/\/news.canadamotorjobs.com\/fr\/une-batterie-solide-avec-930-km-dautonomie-commercialisee-en-chine\/","name":"Une batterie solide avec 930\u00a0km d\u2019autonomie commercialis\u00e9e en Chine - CanadaMotorJobs.com","isPartOf":{"@id":"https:\/\/news.canadamotorjobs.com\/#website"},"primaryImageOfPage":{"@id":"https:\/\/news.canadamotorjobs.com\/fr\/une-batterie-solide-avec-930-km-dautonomie-commercialisee-en-chine\/#primaryimage"},"image":{"@id":"https:\/\/news.canadamotorjobs.com\/fr\/une-batterie-solide-avec-930-km-dautonomie-commercialisee-en-chine\/#primaryimage"},"thumbnailUrl":"https:\/\/news.canadamotorjobs.com\/wp-content\/uploads\/2023\/07\/f1bmdfqrqn8ituv5ch277zsbvbjn58di.jpg","datePublished":"2023-07-11T17:18:21+00:00","dateModified":"2023-07-11T17:32:22+00:00","description":"Une batterie solide avec 930\u00a0km d\u2019autonomie commercialis\u00e9e en Chine - Benoit Charette - Annuel automobile - CanadaMotorJobs.com.","breadcrumb":{"@id":"https:\/\/news.canadamotorjobs.com\/fr\/une-batterie-solide-avec-930-km-dautonomie-commercialisee-en-chine\/#breadcrumb"},"inLanguage":"fr-CA","potentialAction":[{"@type":"ReadAction","target":["https:\/\/news.canadamotorjobs.com\/fr\/une-batterie-solide-avec-930-km-dautonomie-commercialisee-en-chine\/"]}]},{"@type":"ImageObject","inLanguage":"fr-CA","@id":"https:\/\/news.canadamotorjobs.com\/fr\/une-batterie-solide-avec-930-km-dautonomie-commercialisee-en-chine\/#primaryimage","url":"https:\/\/news.canadamotorjobs.com\/wp-content\/uploads\/2023\/07\/f1bmdfqrqn8ituv5ch277zsbvbjn58di.jpg","contentUrl":"https:\/\/news.canadamotorjobs.com\/wp-content\/uploads\/2023\/07\/f1bmdfqrqn8ituv5ch277zsbvbjn58di.jpg","width":870,"height":582},{"@type":"BreadcrumbList","@id":"https:\/\/news.canadamotorjobs.com\/fr\/une-batterie-solide-avec-930-km-dautonomie-commercialisee-en-chine\/#breadcrumb","itemListElement":[{"@type":"ListItem","position":1,"name":"Home","item":"https:\/\/news.canadamotorjobs.com\/fr\/blog\/"},{"@type":"ListItem","position":2,"name":"Une batterie solide avec 930\u00a0km d\u2019autonomie commercialis\u00e9e en Chine"}]},{"@type":"WebSite","@id":"https:\/\/news.canadamotorjobs.com\/#website","url":"https:\/\/news.canadamotorjobs.com\/","name":"CanadaMotorJobs.com","description":"Automotive Jobs","publisher":{"@id":"https:\/\/news.canadamotorjobs.com\/#organization"},"potentialAction":[{"@type":"SearchAction","target":{"@type":"EntryPoint","urlTemplate":"https:\/\/news.canadamotorjobs.com\/?s={search_term_string}"},"query-input":"required name=search_term_string"}],"inLanguage":"fr-CA"},{"@type":"Organization","@id":"https:\/\/news.canadamotorjobs.com\/#organization","name":"Canada Motor Jobs","url":"https:\/\/news.canadamotorjobs.com\/","logo":{"@type":"ImageObject","inLanguage":"fr-CA","@id":"https:\/\/news.canadamotorjobs.com\/#\/schema\/logo\/image\/","url":"https:\/\/news.canadamotorjobs.com\/wp-content\/uploads\/2022\/10\/logo-canada-motor-jobs-1.png","contentUrl":"https:\/\/news.canadamotorjobs.com\/wp-content\/uploads\/2022\/10\/logo-canada-motor-jobs-1.png","width":800,"height":400,"caption":"Canada Motor Jobs"},"image":{"@id":"https:\/\/news.canadamotorjobs.com\/#\/schema\/logo\/image\/"},"sameAs":["https:\/\/www.facebook.com\/canadamotorjobs\/","https:\/\/x.com\/canadamotorjobs","https:\/\/www.instagram.com\/canadamotorjobs\/","https:\/\/www.linkedin.com\/company\/canadamotorjobs"]},{"@type":"Person","@id":"https:\/\/news.canadamotorjobs.com\/#\/schema\/person\/51793d1f87d44011d7bcc2ed99269a90","name":"Benoit Charette","image":{"@type":"ImageObject","inLanguage":"fr-CA","@id":"https:\/\/news.canadamotorjobs.com\/#\/schema\/person\/image\/","url":"https:\/\/secure.gravatar.com\/avatar\/45f3d2eebcccd909668d7ce7ea7267b6?s=96&d=mm&r=g","contentUrl":"https:\/\/secure.gravatar.com\/avatar\/45f3d2eebcccd909668d7ce7ea7267b6?s=96&d=mm&r=g","caption":"Benoit Charette"},"description":"Benoit Charette \/ Propri\u00e9taire et r\u00e9dacteur en chef Benoit Charette pratique le journalisme automobile depuis bient\u00f4t 30 ans. Il a fait ses classes au c\u00f4t\u00e9 de Daniel H\u00e9raud et au Carnet de route de 1992 \u00e0 2001. Il est fondateur, copropri\u00e9taire et r\u00e9dacteur en chef de L\u2019Annuel de l\u2019automobile, qu\u2019il publie depuis 2001. Il a anim\u00e9 les \u00e9missions RPM et RPM+ sur V et les L\u00e9gendes de la route sur Historia. \u00c0 la radio depuis 1986, il reprend l\u2019antenne cette ann\u00e9e sur les ondes de Cogeco et participe pour la deuxi\u00e8me ann\u00e9e \u00e0 l\u2019\u00e9mission Passion Auto sur RDS en plus de mettre en ligne le site Web officiel de L\u2019Annuel de l\u2019automobile sur annuelauto.ca.","sameAs":["https:\/\/annuelauto.ca\/"],"url":"https:\/\/news.canadamotorjobs.com\/fr\/author\/benoit-charette\/"}]}},"_links":{"self":[{"href":"https:\/\/news.canadamotorjobs.com\/fr\/wp-json\/wp\/v2\/posts\/148430"}],"collection":[{"href":"https:\/\/news.canadamotorjobs.com\/fr\/wp-json\/wp\/v2\/posts"}],"about":[{"href":"https:\/\/news.canadamotorjobs.com\/fr\/wp-json\/wp\/v2\/types\/post"}],"author":[{"embeddable":true,"href":"https:\/\/news.canadamotorjobs.com\/fr\/wp-json\/wp\/v2\/users\/8"}],"replies":[{"embeddable":true,"href":"https:\/\/news.canadamotorjobs.com\/fr\/wp-json\/wp\/v2\/comments?post=148430"}],"version-history":[{"count":2,"href":"https:\/\/news.canadamotorjobs.com\/fr\/wp-json\/wp\/v2\/posts\/148430\/revisions"}],"predecessor-version":[{"id":148434,"href":"https:\/\/news.canadamotorjobs.com\/fr\/wp-json\/wp\/v2\/posts\/148430\/revisions\/148434"}],"wp:featuredmedia":[{"embeddable":true,"href":"https:\/\/news.canadamotorjobs.com\/fr\/wp-json\/wp\/v2\/media\/148432"}],"wp:attachment":[{"href":"https:\/\/news.canadamotorjobs.com\/fr\/wp-json\/wp\/v2\/media?parent=148430"}],"wp:term":[{"taxonomy":"category","embeddable":true,"href":"https:\/\/news.canadamotorjobs.com\/fr\/wp-json\/wp\/v2\/categories?post=148430"},{"taxonomy":"post_tag","embeddable":true,"href":"https:\/\/news.canadamotorjobs.com\/fr\/wp-json\/wp\/v2\/tags?post=148430"}],"curies":[{"name":"wp","href":"https:\/\/api.w.org\/{rel}","templated":true}]}}