{"id":148376,"date":"2023-07-10T08:49:49","date_gmt":"2023-07-10T12:49:49","guid":{"rendered":"https:\/\/news.canadamotorjobs.com\/?p=148376"},"modified":"2023-07-10T08:59:29","modified_gmt":"2023-07-10T12:59:29","slug":"la-nhtsa-enquete-sur-des-pertes-de-puissance-relie-au-kia-ev6","status":"publish","type":"post","link":"https:\/\/news.canadamotorjobs.com\/fr\/la-nhtsa-enquete-sur-des-pertes-de-puissance-relie-au-kia-ev6\/","title":{"rendered":"La NHTSA enqu\u00eate sur des pertes de puissance reli\u00e9 au Kia EV6"},"content":{"rendered":"<\/p>\n<p class=\"inline-ad-para\" style=\"text-align: justify\">L&#8217;agence am\u00e9ricaine a ouvert une enqu\u00eate pr\u00e9liminaire pour \u00e9valuer l&#8217;\u00e9tendue et la gravit\u00e9 du d\u00e9faut de s\u00e9curit\u00e9 potentiel, qui pourrait affecter pr\u00e8s de 20 000 EV6<\/p>\n<h3 class=\"inline-ad-para\" style=\"text-align: justify\">Quelques cas seulement en ce moment.<\/h3>\n<p><\/p>\n<p class=\"inline-ad-para\" style=\"text-align: justify\">L&#8217;Office of Defects Investigation de la NHTSA a d\u00e9clar\u00e9 avoir re\u00e7u 11 plaintes concernant ce probl\u00e8me de la part de propri\u00e9taires de v\u00e9hicules am\u00e9ricains, dont beaucoup ont fait \u00e9tat d&#8217;un &#8220;fort bruit sec suivi d&#8217;un avertissement affich\u00e9 sur leur tableau de bord&#8221; et ont imm\u00e9diatement subi une perte r\u00e9duite ou totale de leur force motrice. L&#8217;agence a d\u00e9clar\u00e9 qu&#8217;il existait une &#8220;forte corr\u00e9lation&#8221; entre la perte de puissance motrice et la d\u00e9faillance de l&#8217;unit\u00e9 de contr\u00f4le de charge int\u00e9gr\u00e9e qui alimente les batteries du v\u00e9hicule.<\/p>\n<h3 class=\"inline-ad-para\" style=\"text-align: justify\">Une enqu\u00eate est ouverte<\/h3>\n<p><\/p>\n<p class=\"inline-ad-para\" style=\"text-align: justify\">La NHTSA a ouvert une enqu\u00eate pr\u00e9liminaire afin d&#8217;\u00e9valuer la port\u00e9e et la gravit\u00e9 du d\u00e9faut de s\u00e9curit\u00e9 potentiel, qui pourrait affecter pr\u00e8s de 20 000 v\u00e9hicules. Dans une plainte d\u00e9pos\u00e9e aupr\u00e8s de la NHTSA, un conducteur de Long Beach, en Californie, a d\u00e9clar\u00e9 avoir entendu un bruit sec provenant du c\u00f4t\u00e9 passager arri\u00e8re du v\u00e9hicule, suivi d&#8217;un signal lumineux l&#8217;invitant \u00e0 v\u00e9rifier le syst\u00e8me de charge du v\u00e9hicule. Le service apr\u00e8s-vente du concessionnaire a indiqu\u00e9 que la carte ICCU devait \u00eatre remplac\u00e9e, mais qu&#8217;elle \u00e9tait en rupture de stock au niveau national. La voiture est immobilis\u00e9e depuis&#8221;.<\/p>\n<h3 class=\"inline-ad-para\" style=\"text-align: justify\">M\u00eame probl\u00e8me avec le Hyundai Ioniq 5<\/h3>\n<p><\/p>\n<p class=\"inline-ad-para\" style=\"text-align: justify\">Le mois dernier, la NHTSA a ouvert une enqu\u00eate sur plus de 39 500 Hyundai Ioniq 5 EV apr\u00e8s avoir re\u00e7u 30 plaintes faisant \u00e9tat d&#8217;une perte de puissance motrice. De nombreuses plaintes faisaient \u00e9galement \u00e9tat d&#8217;un &#8220;bruit sec&#8221; suivi d&#8217;un avertissement affich\u00e9 sur le tableau de bord et d&#8217;une r\u00e9duction ou d&#8217;une perte totale de la force motrice. La plupart des enqu\u00eates de la NHTSA commencent par des \u00e9valuations pr\u00e9liminaires, au cours desquelles les ing\u00e9nieurs de l&#8217;agence demandent des informations au constructeur, notamment des donn\u00e9es sur les plaintes, les blessures et les r\u00e9clamations au titre de la garantie. Le fabricant peut \u00e9galement pr\u00e9senter son point de vue sur le d\u00e9faut pr\u00e9sum\u00e9 et peut proc\u00e9der \u00e0 un rappel.<\/p>\n<p><\/p>\n<p class=\"inline-ad-para\" style=\"text-align: justify\">\u00c0 l&#8217;issue de l&#8217;\u00e9valuation, la NHTSA cl\u00f4t l&#8217;enqu\u00eate ou passe \u00e0 la phase suivante. Selon la NHTSA, s&#8217;il existe un d\u00e9faut li\u00e9 \u00e0 la s\u00e9curit\u00e9, l&#8217;agence peut envoyer une lettre de &#8220;demande de rappel&#8221; au fabricant.<\/p>\n<p><\/p>\n<p class=\"inline-ad-para\" style=\"text-align: justify\">\n<p><\/p>\n<p class=\"inline-ad-para\" style=\"text-align: justify\">Avec des renseignements d\u2019Automotive News<\/p>\n<p>Le texte <a rel=\"nofollow\" href=\"https:\/\/annuelauto.ca\/la-nhtsa-enquete-sur-des-pertes-de-puissance-relie-au-kia-ev6\/\">La NHTSA enqu\u00eate sur des pertes de puissance reli\u00e9 au Kia EV6<\/a> provient de <a rel=\"nofollow\" href=\"https:\/\/annuelauto.ca\">L&#8217;annuel de l&#8217;automobile &#8211; Actualit\u00e9 automobile<\/a><\/p>\n<p><\/p>\n","protected":false},"excerpt":{"rendered":"<p>L&#8217;agence am\u00e9ricaine a ouvert une enqu\u00eate pr\u00e9liminaire pour \u00e9valuer l&#8217;\u00e9tendue et la gravit\u00e9 du d\u00e9faut de s\u00e9curit\u00e9 potentiel, qui pourrait affecter pr\u00e8s de 20 000 EV6 Quelques cas seulement en ce moment. L&#8217;Office of Defects Investigation de la NHTSA a d\u00e9clar\u00e9 avoir re\u00e7u 11 plaintes concernant ce probl\u00e8me de la part de propri\u00e9taires de v\u00e9hicules [&hellip;]<\/p>\n","protected":false},"author":8,"featured_media":148378,"comment_status":"close","ping_status":"closed","sticky":false,"template":"","format":"standard","meta":{"_monsterinsights_skip_tracking":false,"_monsterinsights_sitenote_active":false,"_monsterinsights_sitenote_note":"","_monsterinsights_sitenote_category":0,"footnotes":""},"categories":[101],"tags":[],"yoast_head":"<!-- This site is optimized with the Yoast SEO plugin v23.2 - https:\/\/yoast.com\/wordpress\/plugins\/seo\/ -->\n<title>La NHTSA enqu\u00eate sur des pertes de puissance reli\u00e9 au Kia EV6 - CanadaMotorJobs.com<\/title>\n<meta name=\"description\" content=\"La NHTSA enqu\u00eate sur des pertes de puissance reli\u00e9 au Kia EV6 - Benoit Charette - Annuel automobile - CanadaMotorJobs.com.\" \/>\n<meta name=\"robots\" content=\"index, follow, max-snippet:-1, max-image-preview:large, max-video-preview:-1\" \/>\n<meta property=\"og:locale\" content=\"fr_CA\" \/>\n<meta property=\"og:type\" content=\"article\" \/>\n<meta property=\"og:title\" content=\"La NHTSA enqu\u00eate sur des pertes de puissance reli\u00e9 au Kia EV6 - CanadaMotorJobs.com\" \/>\n<meta property=\"og:description\" content=\"La NHTSA enqu\u00eate sur des pertes de puissance reli\u00e9 au Kia EV6 - Benoit Charette - Annuel automobile - CanadaMotorJobs.com.\" \/>\n<meta property=\"og:url\" content=\"https:\/\/news.canadamotorjobs.com\/fr\/la-nhtsa-enquete-sur-des-pertes-de-puissance-relie-au-kia-ev6\/\" \/>\n<meta property=\"og:site_name\" content=\"CanadaMotorJobs.com\" \/>\n<meta property=\"article:publisher\" content=\"https:\/\/www.facebook.com\/canadamotorjobs\/\" \/>\n<meta property=\"article:published_time\" content=\"2023-07-10T12:49:49+00:00\" \/>\n<meta property=\"article:modified_time\" content=\"2023-07-10T12:59:29+00:00\" \/>\n<meta property=\"og:image\" content=\"https:\/\/news.canadamotorjobs.com\/wp-content\/uploads\/2023\/07\/groupe-beaucage-kia-5-choses-a-savoir-kia-ev6-2022-9.jpg\" \/>\n\t<meta property=\"og:image:width\" content=\"1920\" \/>\n\t<meta property=\"og:image:height\" content=\"1080\" \/>\n\t<meta property=\"og:image:type\" content=\"image\/jpeg\" \/>\n<meta name=\"author\" content=\"Benoit Charette\" \/>\n<meta name=\"twitter:card\" content=\"summary_large_image\" \/>\n<meta name=\"twitter:creator\" content=\"@canadamotorjobs\" \/>\n<meta name=\"twitter:site\" content=\"@canadamotorjobs\" \/>\n<meta name=\"twitter:label1\" content=\"\u00c9crit par\" \/>\n\t<meta name=\"twitter:data1\" content=\"Benoit Charette\" \/>\n\t<meta name=\"twitter:label2\" content=\"Estimation du temps de lecture\" \/>\n\t<meta name=\"twitter:data2\" content=\"2 minutes\" \/>\n<!-- \/ Yoast SEO plugin. -->","yoast_head_json":{"title":"La NHTSA enqu\u00eate sur des pertes de puissance reli\u00e9 au Kia EV6 - CanadaMotorJobs.com","description":"La NHTSA enqu\u00eate sur des pertes de puissance reli\u00e9 au Kia EV6 - Benoit Charette - Annuel automobile - CanadaMotorJobs.com.","robots":{"index":"index","follow":"follow","max-snippet":"max-snippet:-1","max-image-preview":"max-image-preview:large","max-video-preview":"max-video-preview:-1"},"og_locale":"fr_CA","og_type":"article","og_title":"La NHTSA enqu\u00eate sur des pertes de puissance reli\u00e9 au Kia EV6 - CanadaMotorJobs.com","og_description":"La NHTSA enqu\u00eate sur des pertes de puissance reli\u00e9 au Kia EV6 - Benoit Charette - Annuel automobile - CanadaMotorJobs.com.","og_url":"https:\/\/news.canadamotorjobs.com\/fr\/la-nhtsa-enquete-sur-des-pertes-de-puissance-relie-au-kia-ev6\/","og_site_name":"CanadaMotorJobs.com","article_publisher":"https:\/\/www.facebook.com\/canadamotorjobs\/","article_published_time":"2023-07-10T12:49:49+00:00","article_modified_time":"2023-07-10T12:59:29+00:00","og_image":[{"width":1920,"height":1080,"url":"https:\/\/news.canadamotorjobs.com\/wp-content\/uploads\/2023\/07\/groupe-beaucage-kia-5-choses-a-savoir-kia-ev6-2022-9.jpg","type":"image\/jpeg"}],"author":"Benoit Charette","twitter_card":"summary_large_image","twitter_creator":"@canadamotorjobs","twitter_site":"@canadamotorjobs","twitter_misc":{"\u00c9crit par":"Benoit Charette","Estimation du temps de lecture":"2 minutes"},"schema":{"@context":"https:\/\/schema.org","@graph":[{"@type":"Article","@id":"https:\/\/news.canadamotorjobs.com\/fr\/la-nhtsa-enquete-sur-des-pertes-de-puissance-relie-au-kia-ev6\/#article","isPartOf":{"@id":"https:\/\/news.canadamotorjobs.com\/fr\/la-nhtsa-enquete-sur-des-pertes-de-puissance-relie-au-kia-ev6\/"},"author":{"name":"Benoit Charette","@id":"https:\/\/news.canadamotorjobs.com\/#\/schema\/person\/51793d1f87d44011d7bcc2ed99269a90"},"headline":"La NHTSA enqu\u00eate sur des pertes de puissance reli\u00e9 au Kia EV6","datePublished":"2023-07-10T12:49:49+00:00","dateModified":"2023-07-10T12:59:29+00:00","mainEntityOfPage":{"@id":"https:\/\/news.canadamotorjobs.com\/fr\/la-nhtsa-enquete-sur-des-pertes-de-puissance-relie-au-kia-ev6\/"},"wordCount":493,"publisher":{"@id":"https:\/\/news.canadamotorjobs.com\/#organization"},"image":{"@id":"https:\/\/news.canadamotorjobs.com\/fr\/la-nhtsa-enquete-sur-des-pertes-de-puissance-relie-au-kia-ev6\/#primaryimage"},"thumbnailUrl":"https:\/\/news.canadamotorjobs.com\/wp-content\/uploads\/2023\/07\/groupe-beaucage-kia-5-choses-a-savoir-kia-ev6-2022-9.jpg","articleSection":["Annuel automobile"],"inLanguage":"fr-CA"},{"@type":"WebPage","@id":"https:\/\/news.canadamotorjobs.com\/fr\/la-nhtsa-enquete-sur-des-pertes-de-puissance-relie-au-kia-ev6\/","url":"https:\/\/news.canadamotorjobs.com\/fr\/la-nhtsa-enquete-sur-des-pertes-de-puissance-relie-au-kia-ev6\/","name":"La NHTSA enqu\u00eate sur des pertes de puissance reli\u00e9 au Kia EV6 - CanadaMotorJobs.com","isPartOf":{"@id":"https:\/\/news.canadamotorjobs.com\/#website"},"primaryImageOfPage":{"@id":"https:\/\/news.canadamotorjobs.com\/fr\/la-nhtsa-enquete-sur-des-pertes-de-puissance-relie-au-kia-ev6\/#primaryimage"},"image":{"@id":"https:\/\/news.canadamotorjobs.com\/fr\/la-nhtsa-enquete-sur-des-pertes-de-puissance-relie-au-kia-ev6\/#primaryimage"},"thumbnailUrl":"https:\/\/news.canadamotorjobs.com\/wp-content\/uploads\/2023\/07\/groupe-beaucage-kia-5-choses-a-savoir-kia-ev6-2022-9.jpg","datePublished":"2023-07-10T12:49:49+00:00","dateModified":"2023-07-10T12:59:29+00:00","description":"La NHTSA enqu\u00eate sur des pertes de puissance reli\u00e9 au Kia EV6 - Benoit Charette - Annuel automobile - CanadaMotorJobs.com.","breadcrumb":{"@id":"https:\/\/news.canadamotorjobs.com\/fr\/la-nhtsa-enquete-sur-des-pertes-de-puissance-relie-au-kia-ev6\/#breadcrumb"},"inLanguage":"fr-CA","potentialAction":[{"@type":"ReadAction","target":["https:\/\/news.canadamotorjobs.com\/fr\/la-nhtsa-enquete-sur-des-pertes-de-puissance-relie-au-kia-ev6\/"]}]},{"@type":"ImageObject","inLanguage":"fr-CA","@id":"https:\/\/news.canadamotorjobs.com\/fr\/la-nhtsa-enquete-sur-des-pertes-de-puissance-relie-au-kia-ev6\/#primaryimage","url":"https:\/\/news.canadamotorjobs.com\/wp-content\/uploads\/2023\/07\/groupe-beaucage-kia-5-choses-a-savoir-kia-ev6-2022-9.jpg","contentUrl":"https:\/\/news.canadamotorjobs.com\/wp-content\/uploads\/2023\/07\/groupe-beaucage-kia-5-choses-a-savoir-kia-ev6-2022-9.jpg","width":1920,"height":1080},{"@type":"BreadcrumbList","@id":"https:\/\/news.canadamotorjobs.com\/fr\/la-nhtsa-enquete-sur-des-pertes-de-puissance-relie-au-kia-ev6\/#breadcrumb","itemListElement":[{"@type":"ListItem","position":1,"name":"Home","item":"https:\/\/news.canadamotorjobs.com\/fr\/blog\/"},{"@type":"ListItem","position":2,"name":"La NHTSA enqu\u00eate sur des pertes de puissance reli\u00e9 au Kia EV6"}]},{"@type":"WebSite","@id":"https:\/\/news.canadamotorjobs.com\/#website","url":"https:\/\/news.canadamotorjobs.com\/","name":"CanadaMotorJobs.com","description":"Automotive Jobs","publisher":{"@id":"https:\/\/news.canadamotorjobs.com\/#organization"},"potentialAction":[{"@type":"SearchAction","target":{"@type":"EntryPoint","urlTemplate":"https:\/\/news.canadamotorjobs.com\/?s={search_term_string}"},"query-input":"required name=search_term_string"}],"inLanguage":"fr-CA"},{"@type":"Organization","@id":"https:\/\/news.canadamotorjobs.com\/#organization","name":"Canada Motor Jobs","url":"https:\/\/news.canadamotorjobs.com\/","logo":{"@type":"ImageObject","inLanguage":"fr-CA","@id":"https:\/\/news.canadamotorjobs.com\/#\/schema\/logo\/image\/","url":"https:\/\/news.canadamotorjobs.com\/wp-content\/uploads\/2022\/10\/logo-canada-motor-jobs-1.png","contentUrl":"https:\/\/news.canadamotorjobs.com\/wp-content\/uploads\/2022\/10\/logo-canada-motor-jobs-1.png","width":800,"height":400,"caption":"Canada Motor Jobs"},"image":{"@id":"https:\/\/news.canadamotorjobs.com\/#\/schema\/logo\/image\/"},"sameAs":["https:\/\/www.facebook.com\/canadamotorjobs\/","https:\/\/x.com\/canadamotorjobs","https:\/\/www.instagram.com\/canadamotorjobs\/","https:\/\/www.linkedin.com\/company\/canadamotorjobs"]},{"@type":"Person","@id":"https:\/\/news.canadamotorjobs.com\/#\/schema\/person\/51793d1f87d44011d7bcc2ed99269a90","name":"Benoit Charette","image":{"@type":"ImageObject","inLanguage":"fr-CA","@id":"https:\/\/news.canadamotorjobs.com\/#\/schema\/person\/image\/","url":"https:\/\/secure.gravatar.com\/avatar\/45f3d2eebcccd909668d7ce7ea7267b6?s=96&d=mm&r=g","contentUrl":"https:\/\/secure.gravatar.com\/avatar\/45f3d2eebcccd909668d7ce7ea7267b6?s=96&d=mm&r=g","caption":"Benoit Charette"},"description":"Benoit Charette \/ Propri\u00e9taire et r\u00e9dacteur en chef Benoit Charette pratique le journalisme automobile depuis bient\u00f4t 30 ans. Il a fait ses classes au c\u00f4t\u00e9 de Daniel H\u00e9raud et au Carnet de route de 1992 \u00e0 2001. Il est fondateur, copropri\u00e9taire et r\u00e9dacteur en chef de L\u2019Annuel de l\u2019automobile, qu\u2019il publie depuis 2001. Il a anim\u00e9 les \u00e9missions RPM et RPM+ sur V et les L\u00e9gendes de la route sur Historia. \u00c0 la radio depuis 1986, il reprend l\u2019antenne cette ann\u00e9e sur les ondes de Cogeco et participe pour la deuxi\u00e8me ann\u00e9e \u00e0 l\u2019\u00e9mission Passion Auto sur RDS en plus de mettre en ligne le site Web officiel de L\u2019Annuel de l\u2019automobile sur annuelauto.ca.","sameAs":["https:\/\/annuelauto.ca\/"],"url":"https:\/\/news.canadamotorjobs.com\/fr\/author\/benoit-charette\/"}]}},"_links":{"self":[{"href":"https:\/\/news.canadamotorjobs.com\/fr\/wp-json\/wp\/v2\/posts\/148376"}],"collection":[{"href":"https:\/\/news.canadamotorjobs.com\/fr\/wp-json\/wp\/v2\/posts"}],"about":[{"href":"https:\/\/news.canadamotorjobs.com\/fr\/wp-json\/wp\/v2\/types\/post"}],"author":[{"embeddable":true,"href":"https:\/\/news.canadamotorjobs.com\/fr\/wp-json\/wp\/v2\/users\/8"}],"replies":[{"embeddable":true,"href":"https:\/\/news.canadamotorjobs.com\/fr\/wp-json\/wp\/v2\/comments?post=148376"}],"version-history":[{"count":2,"href":"https:\/\/news.canadamotorjobs.com\/fr\/wp-json\/wp\/v2\/posts\/148376\/revisions"}],"predecessor-version":[{"id":148380,"href":"https:\/\/news.canadamotorjobs.com\/fr\/wp-json\/wp\/v2\/posts\/148376\/revisions\/148380"}],"wp:featuredmedia":[{"embeddable":true,"href":"https:\/\/news.canadamotorjobs.com\/fr\/wp-json\/wp\/v2\/media\/148378"}],"wp:attachment":[{"href":"https:\/\/news.canadamotorjobs.com\/fr\/wp-json\/wp\/v2\/media?parent=148376"}],"wp:term":[{"taxonomy":"category","embeddable":true,"href":"https:\/\/news.canadamotorjobs.com\/fr\/wp-json\/wp\/v2\/categories?post=148376"},{"taxonomy":"post_tag","embeddable":true,"href":"https:\/\/news.canadamotorjobs.com\/fr\/wp-json\/wp\/v2\/tags?post=148376"}],"curies":[{"name":"wp","href":"https:\/\/api.w.org\/{rel}","templated":true}]}}