{"id":148353,"date":"2023-07-10T08:23:18","date_gmt":"2023-07-10T12:23:18","guid":{"rendered":"https:\/\/news.canadamotorjobs.com\/?p=148353"},"modified":"2023-07-10T08:29:39","modified_gmt":"2023-07-10T12:29:39","slug":"un-rappel-de-freins-sur-125-000-honda-et-acura","status":"publish","type":"post","link":"https:\/\/news.canadamotorjobs.com\/fr\/un-rappel-de-freins-sur-125-000-honda-et-acura\/","title":{"rendered":"Un rappel de freins sur 125\u00a0000 Honda et Acura"},"content":{"rendered":"<\/p>\n<p>Honda et Acura ont annonc\u00e9 le rappel de plusieurs mod\u00e8les en raison d&#8217;un probl\u00e8me de freinage qui pourrait compromettre la puissance du freinage. Le rappel concerne les Honda Civic (2020-2021), Passport (2021-2023), Pilot (2021-2022) et Ridgeline (2020-2023), ainsi qu&#8217;un seul mod\u00e8le Acura, le MDX (2020).<\/p>\n<h3>Un peu plus de 124 000 mod\u00e8les aux \u00c9tats-Unis<\/h3>\n<p>\nSelon le rapport de rappel officiel d\u00e9pos\u00e9 aupr\u00e8s de la National Highway Traffic Safety Administration (NHTSA), le probl\u00e8me provient d&#8217;un mauvais assemblage de la fixation de la barre d&#8217;accouplement qui relie le ma\u00eetre-cylindre de frein et le servofrein. Lorsque le frein est actionn\u00e9, les documents expliquent que les goujons de la barre d&#8217;accouplement peuvent se rompre, ce qui entra\u00eene la s\u00e9paration du ma\u00eetre-cylindre et du servofrein. Ce probl\u00e8me de fabrication peut entra\u00eener un affaiblissement ou une d\u00e9faillance totale des freins, augmentant ainsi le risque d&#8217;accident.<\/p>\n<h3>Plus de d\u00e9tails en ao\u00fbt<\/h3>\n<p>\nHonda indique avoir re\u00e7u deux demandes de garantie li\u00e9es \u00e0 ce probl\u00e8me, mais n&#8217;a re\u00e7u aucune notification d&#8217;accident ou de blessure. Les propri\u00e9taires peuvent consulter le site web des rappels de la NHTSA pour savoir si leur v\u00e9hicule est concern\u00e9 par le rappel, et Honda enverra des avis de rappel au mois d&#8217;ao\u00fbt. Pas de commentaires sur cet enjeu au Canada, mais nous avons les m\u00eames v\u00e9hicules que les \u00c9tats-unis.<\/p>\n<p>\u00a0<\/p>\n<p>Avec des renseignements de Car and Driver<\/p>\n<p>Le texte <a rel=\"nofollow\" href=\"https:\/\/annuelauto.ca\/un-rappel-de-freins-sur-125-000-honda-et-acura\/\">Un rappel de freins sur 125\u00a0000 Honda et Acura<\/a> provient de <a rel=\"nofollow\" href=\"https:\/\/annuelauto.ca\">L&#8217;annuel de l&#8217;automobile &#8211; Actualit\u00e9 automobile<\/a><\/p>\n<p><\/p>\n","protected":false},"excerpt":{"rendered":"<p>Honda et Acura ont annonc\u00e9 le rappel de plusieurs mod\u00e8les en raison d&#8217;un probl\u00e8me de freinage qui pourrait compromettre la puissance du freinage. Le rappel concerne les Honda Civic (2020-2021), Passport (2021-2023), Pilot (2021-2022) et Ridgeline (2020-2023), ainsi qu&#8217;un seul mod\u00e8le Acura, le MDX (2020). Un peu plus de 124 000 mod\u00e8les aux \u00c9tats-Unis Selon [&hellip;]<\/p>\n","protected":false},"author":8,"featured_media":148355,"comment_status":"close","ping_status":"closed","sticky":false,"template":"","format":"standard","meta":{"_monsterinsights_skip_tracking":false,"_monsterinsights_sitenote_active":false,"_monsterinsights_sitenote_note":"","_monsterinsights_sitenote_category":0,"footnotes":""},"categories":[101],"tags":[],"yoast_head":"<!-- This site is optimized with the Yoast SEO plugin v23.2 - https:\/\/yoast.com\/wordpress\/plugins\/seo\/ -->\n<title>Un rappel de freins sur 125\u00a0000 Honda et Acura - CanadaMotorJobs.com<\/title>\n<meta name=\"description\" content=\"Un rappel de freins sur 125\u00a0000 Honda et Acura - Benoit Charette - Annuel automobile - CanadaMotorJobs.com.\" \/>\n<meta name=\"robots\" content=\"index, follow, max-snippet:-1, max-image-preview:large, max-video-preview:-1\" \/>\n<meta property=\"og:locale\" content=\"fr_CA\" \/>\n<meta property=\"og:type\" content=\"article\" \/>\n<meta property=\"og:title\" content=\"Un rappel de freins sur 125\u00a0000 Honda et Acura - CanadaMotorJobs.com\" \/>\n<meta property=\"og:description\" content=\"Un rappel de freins sur 125\u00a0000 Honda et Acura - Benoit Charette - Annuel automobile - CanadaMotorJobs.com.\" \/>\n<meta property=\"og:url\" content=\"https:\/\/news.canadamotorjobs.com\/fr\/un-rappel-de-freins-sur-125-000-honda-et-acura\/\" \/>\n<meta property=\"og:site_name\" content=\"CanadaMotorJobs.com\" \/>\n<meta property=\"article:publisher\" content=\"https:\/\/www.facebook.com\/canadamotorjobs\/\" \/>\n<meta property=\"article:published_time\" content=\"2023-07-10T12:23:18+00:00\" \/>\n<meta property=\"article:modified_time\" content=\"2023-07-10T12:29:39+00:00\" \/>\n<meta property=\"og:image\" content=\"https:\/\/news.canadamotorjobs.com\/wp-content\/uploads\/2023\/07\/principale-1.jpg\" \/>\n\t<meta property=\"og:image:width\" content=\"1200\" \/>\n\t<meta property=\"og:image:height\" content=\"800\" \/>\n\t<meta property=\"og:image:type\" content=\"image\/jpeg\" \/>\n<meta name=\"author\" content=\"Benoit Charette\" \/>\n<meta name=\"twitter:card\" content=\"summary_large_image\" \/>\n<meta name=\"twitter:creator\" content=\"@canadamotorjobs\" \/>\n<meta name=\"twitter:site\" content=\"@canadamotorjobs\" \/>\n<meta name=\"twitter:label1\" content=\"\u00c9crit par\" \/>\n\t<meta name=\"twitter:data1\" content=\"Benoit Charette\" \/>\n\t<meta name=\"twitter:label2\" content=\"Estimation du temps de lecture\" \/>\n\t<meta name=\"twitter:data2\" content=\"1 minute\" \/>\n<!-- \/ Yoast SEO plugin. -->","yoast_head_json":{"title":"Un rappel de freins sur 125\u00a0000 Honda et Acura - CanadaMotorJobs.com","description":"Un rappel de freins sur 125\u00a0000 Honda et Acura - Benoit Charette - Annuel automobile - CanadaMotorJobs.com.","robots":{"index":"index","follow":"follow","max-snippet":"max-snippet:-1","max-image-preview":"max-image-preview:large","max-video-preview":"max-video-preview:-1"},"og_locale":"fr_CA","og_type":"article","og_title":"Un rappel de freins sur 125\u00a0000 Honda et Acura - CanadaMotorJobs.com","og_description":"Un rappel de freins sur 125\u00a0000 Honda et Acura - Benoit Charette - Annuel automobile - CanadaMotorJobs.com.","og_url":"https:\/\/news.canadamotorjobs.com\/fr\/un-rappel-de-freins-sur-125-000-honda-et-acura\/","og_site_name":"CanadaMotorJobs.com","article_publisher":"https:\/\/www.facebook.com\/canadamotorjobs\/","article_published_time":"2023-07-10T12:23:18+00:00","article_modified_time":"2023-07-10T12:29:39+00:00","og_image":[{"width":1200,"height":800,"url":"https:\/\/news.canadamotorjobs.com\/wp-content\/uploads\/2023\/07\/principale-1.jpg","type":"image\/jpeg"}],"author":"Benoit Charette","twitter_card":"summary_large_image","twitter_creator":"@canadamotorjobs","twitter_site":"@canadamotorjobs","twitter_misc":{"\u00c9crit par":"Benoit Charette","Estimation du temps de lecture":"1 minute"},"schema":{"@context":"https:\/\/schema.org","@graph":[{"@type":"Article","@id":"https:\/\/news.canadamotorjobs.com\/fr\/un-rappel-de-freins-sur-125-000-honda-et-acura\/#article","isPartOf":{"@id":"https:\/\/news.canadamotorjobs.com\/fr\/un-rappel-de-freins-sur-125-000-honda-et-acura\/"},"author":{"name":"Benoit Charette","@id":"https:\/\/news.canadamotorjobs.com\/#\/schema\/person\/51793d1f87d44011d7bcc2ed99269a90"},"headline":"Un rappel de freins sur 125\u00a0000 Honda et Acura","datePublished":"2023-07-10T12:23:18+00:00","dateModified":"2023-07-10T12:29:39+00:00","mainEntityOfPage":{"@id":"https:\/\/news.canadamotorjobs.com\/fr\/un-rappel-de-freins-sur-125-000-honda-et-acura\/"},"wordCount":278,"publisher":{"@id":"https:\/\/news.canadamotorjobs.com\/#organization"},"image":{"@id":"https:\/\/news.canadamotorjobs.com\/fr\/un-rappel-de-freins-sur-125-000-honda-et-acura\/#primaryimage"},"thumbnailUrl":"https:\/\/news.canadamotorjobs.com\/wp-content\/uploads\/2023\/07\/principale-1.jpg","articleSection":["Annuel automobile"],"inLanguage":"fr-CA"},{"@type":"WebPage","@id":"https:\/\/news.canadamotorjobs.com\/fr\/un-rappel-de-freins-sur-125-000-honda-et-acura\/","url":"https:\/\/news.canadamotorjobs.com\/fr\/un-rappel-de-freins-sur-125-000-honda-et-acura\/","name":"Un rappel de freins sur 125\u00a0000 Honda et Acura - CanadaMotorJobs.com","isPartOf":{"@id":"https:\/\/news.canadamotorjobs.com\/#website"},"primaryImageOfPage":{"@id":"https:\/\/news.canadamotorjobs.com\/fr\/un-rappel-de-freins-sur-125-000-honda-et-acura\/#primaryimage"},"image":{"@id":"https:\/\/news.canadamotorjobs.com\/fr\/un-rappel-de-freins-sur-125-000-honda-et-acura\/#primaryimage"},"thumbnailUrl":"https:\/\/news.canadamotorjobs.com\/wp-content\/uploads\/2023\/07\/principale-1.jpg","datePublished":"2023-07-10T12:23:18+00:00","dateModified":"2023-07-10T12:29:39+00:00","description":"Un rappel de freins sur 125\u00a0000 Honda et Acura - Benoit Charette - Annuel automobile - CanadaMotorJobs.com.","breadcrumb":{"@id":"https:\/\/news.canadamotorjobs.com\/fr\/un-rappel-de-freins-sur-125-000-honda-et-acura\/#breadcrumb"},"inLanguage":"fr-CA","potentialAction":[{"@type":"ReadAction","target":["https:\/\/news.canadamotorjobs.com\/fr\/un-rappel-de-freins-sur-125-000-honda-et-acura\/"]}]},{"@type":"ImageObject","inLanguage":"fr-CA","@id":"https:\/\/news.canadamotorjobs.com\/fr\/un-rappel-de-freins-sur-125-000-honda-et-acura\/#primaryimage","url":"https:\/\/news.canadamotorjobs.com\/wp-content\/uploads\/2023\/07\/principale-1.jpg","contentUrl":"https:\/\/news.canadamotorjobs.com\/wp-content\/uploads\/2023\/07\/principale-1.jpg","width":1200,"height":800},{"@type":"BreadcrumbList","@id":"https:\/\/news.canadamotorjobs.com\/fr\/un-rappel-de-freins-sur-125-000-honda-et-acura\/#breadcrumb","itemListElement":[{"@type":"ListItem","position":1,"name":"Home","item":"https:\/\/news.canadamotorjobs.com\/fr\/blog\/"},{"@type":"ListItem","position":2,"name":"Un rappel de freins sur 125\u00a0000 Honda et Acura"}]},{"@type":"WebSite","@id":"https:\/\/news.canadamotorjobs.com\/#website","url":"https:\/\/news.canadamotorjobs.com\/","name":"CanadaMotorJobs.com","description":"Automotive Jobs","publisher":{"@id":"https:\/\/news.canadamotorjobs.com\/#organization"},"potentialAction":[{"@type":"SearchAction","target":{"@type":"EntryPoint","urlTemplate":"https:\/\/news.canadamotorjobs.com\/?s={search_term_string}"},"query-input":"required name=search_term_string"}],"inLanguage":"fr-CA"},{"@type":"Organization","@id":"https:\/\/news.canadamotorjobs.com\/#organization","name":"Canada Motor Jobs","url":"https:\/\/news.canadamotorjobs.com\/","logo":{"@type":"ImageObject","inLanguage":"fr-CA","@id":"https:\/\/news.canadamotorjobs.com\/#\/schema\/logo\/image\/","url":"https:\/\/news.canadamotorjobs.com\/wp-content\/uploads\/2022\/10\/logo-canada-motor-jobs-1.png","contentUrl":"https:\/\/news.canadamotorjobs.com\/wp-content\/uploads\/2022\/10\/logo-canada-motor-jobs-1.png","width":800,"height":400,"caption":"Canada Motor Jobs"},"image":{"@id":"https:\/\/news.canadamotorjobs.com\/#\/schema\/logo\/image\/"},"sameAs":["https:\/\/www.facebook.com\/canadamotorjobs\/","https:\/\/x.com\/canadamotorjobs","https:\/\/www.instagram.com\/canadamotorjobs\/","https:\/\/www.linkedin.com\/company\/canadamotorjobs"]},{"@type":"Person","@id":"https:\/\/news.canadamotorjobs.com\/#\/schema\/person\/51793d1f87d44011d7bcc2ed99269a90","name":"Benoit Charette","image":{"@type":"ImageObject","inLanguage":"fr-CA","@id":"https:\/\/news.canadamotorjobs.com\/#\/schema\/person\/image\/","url":"https:\/\/secure.gravatar.com\/avatar\/45f3d2eebcccd909668d7ce7ea7267b6?s=96&d=mm&r=g","contentUrl":"https:\/\/secure.gravatar.com\/avatar\/45f3d2eebcccd909668d7ce7ea7267b6?s=96&d=mm&r=g","caption":"Benoit Charette"},"description":"Benoit Charette \/ Propri\u00e9taire et r\u00e9dacteur en chef Benoit Charette pratique le journalisme automobile depuis bient\u00f4t 30 ans. Il a fait ses classes au c\u00f4t\u00e9 de Daniel H\u00e9raud et au Carnet de route de 1992 \u00e0 2001. Il est fondateur, copropri\u00e9taire et r\u00e9dacteur en chef de L\u2019Annuel de l\u2019automobile, qu\u2019il publie depuis 2001. Il a anim\u00e9 les \u00e9missions RPM et RPM+ sur V et les L\u00e9gendes de la route sur Historia. \u00c0 la radio depuis 1986, il reprend l\u2019antenne cette ann\u00e9e sur les ondes de Cogeco et participe pour la deuxi\u00e8me ann\u00e9e \u00e0 l\u2019\u00e9mission Passion Auto sur RDS en plus de mettre en ligne le site Web officiel de L\u2019Annuel de l\u2019automobile sur annuelauto.ca.","sameAs":["https:\/\/annuelauto.ca\/"],"url":"https:\/\/news.canadamotorjobs.com\/fr\/author\/benoit-charette\/"}]}},"_links":{"self":[{"href":"https:\/\/news.canadamotorjobs.com\/fr\/wp-json\/wp\/v2\/posts\/148353"}],"collection":[{"href":"https:\/\/news.canadamotorjobs.com\/fr\/wp-json\/wp\/v2\/posts"}],"about":[{"href":"https:\/\/news.canadamotorjobs.com\/fr\/wp-json\/wp\/v2\/types\/post"}],"author":[{"embeddable":true,"href":"https:\/\/news.canadamotorjobs.com\/fr\/wp-json\/wp\/v2\/users\/8"}],"replies":[{"embeddable":true,"href":"https:\/\/news.canadamotorjobs.com\/fr\/wp-json\/wp\/v2\/comments?post=148353"}],"version-history":[{"count":2,"href":"https:\/\/news.canadamotorjobs.com\/fr\/wp-json\/wp\/v2\/posts\/148353\/revisions"}],"predecessor-version":[{"id":148357,"href":"https:\/\/news.canadamotorjobs.com\/fr\/wp-json\/wp\/v2\/posts\/148353\/revisions\/148357"}],"wp:featuredmedia":[{"embeddable":true,"href":"https:\/\/news.canadamotorjobs.com\/fr\/wp-json\/wp\/v2\/media\/148355"}],"wp:attachment":[{"href":"https:\/\/news.canadamotorjobs.com\/fr\/wp-json\/wp\/v2\/media?parent=148353"}],"wp:term":[{"taxonomy":"category","embeddable":true,"href":"https:\/\/news.canadamotorjobs.com\/fr\/wp-json\/wp\/v2\/categories?post=148353"},{"taxonomy":"post_tag","embeddable":true,"href":"https:\/\/news.canadamotorjobs.com\/fr\/wp-json\/wp\/v2\/tags?post=148353"}],"curies":[{"name":"wp","href":"https:\/\/api.w.org\/{rel}","templated":true}]}}