{"id":148330,"date":"2023-07-08T07:47:45","date_gmt":"2023-07-08T11:47:45","guid":{"rendered":"https:\/\/news.canadamotorjobs.com\/?p=148330"},"modified":"2023-07-08T07:59:17","modified_gmt":"2023-07-08T11:59:17","slug":"une-lunette-de-moto-bmw-avec-afficheur-tete-haute","status":"publish","type":"post","link":"https:\/\/news.canadamotorjobs.com\/fr\/une-lunette-de-moto-bmw-avec-afficheur-tete-haute\/","title":{"rendered":"Une lunette de moto BMW avec afficheur t\u00eate haute"},"content":{"rendered":"<\/p>\n<p>BMW a pr\u00e9sent\u00e9 une pi\u00e8ce de technologie fort int\u00e9ressante pour les motocyclistes. Pr\u00e9sent\u00e9 par BMW Motorrad, l&#8217;appareil prend la forme de lunettes de soleil avec sur la lentille droite des informations sur la navigation, la vitesse, le rapport de vitesse ou d&#8217;autres donn\u00e9es importantes. \u00c0 l&#8217;instar de l&#8217;affichage t\u00eate haute propos\u00e9 dans les v\u00e9hicules \u00e0 quatre roues de BMW, l&#8217;\u00e9cran peut pr\u00e9senter aux conducteurs des informations cruciales \u00e0 l&#8217;endroit m\u00eame o\u00f9 ils regarderaient autrement.<\/p>\n<h3>De l\u2019information utile<\/h3>\n<p>\nLa position des informations peut \u00eatre ajust\u00e9e pour convenir parfaitement \u00e0 chaque pilote, et les lunettes peuvent \u00eatre connect\u00e9es \u00e0 votre appareil intelligent via Bluetooth. Gr\u00e2ce \u00e0 l&#8217;application BMW Motorrad Connected, elles peuvent afficher des donn\u00e9es GPS et bien plus encore. \u00c9tant donn\u00e9 que les lunettes ConnectRide Smartglasses, pour donner leur nom complet, sont con\u00e7ues sp\u00e9cifiquement pour les motocyclistes, BMW les propose en deux tailles (moyenne et grande) pour s&#8217;adapter \u00e0 une vari\u00e9t\u00e9 de visages, ainsi que pour s&#8217;adapter confortablement \u00e0 l&#8217;int\u00e9rieur d&#8217;un certain nombre de casques.<\/p>\n<h3>Diff\u00e9rents mod\u00e8les<\/h3>\n<p>\nDe plus, les lunettes sont livr\u00e9es avec deux jeux de lentilles pour diff\u00e9rentes visi\u00e8res de casque. Par exemple, l&#8217;un des jeux est transparent \u00e0 85\u00a0% et est sp\u00e9cialement con\u00e7u pour \u00eatre utilis\u00e9 sous les casques avec pare-soleil int\u00e9gr\u00e9. Les deux lentilles sont certifi\u00e9es UVA\/UVB et peuvent \u00eatre command\u00e9es pour correspondre \u00e0 votre prescription (+\/- 4,5 dioptries), si vous portez des lunettes.<\/p>\n<h3>Rechargeables<\/h3>\n<p>\nLes lunettes sont aliment\u00e9es par une batterie lithium-ion int\u00e9gr\u00e9e qui peut durer jusqu&#8217;\u00e0 10 heures d&#8217;affil\u00e9e et qui peut \u00eatre recharg\u00e9e via un c\u00e2ble USB. Elles sont con\u00e7ues pour fonctionner \u00e0 des temp\u00e9ratures allant jusqu&#8217;\u00e0 50\u00a0\u00b0C (122\u00a0\u00b0F) ou jusqu&#8217;\u00e0 -10\u00a0\u00b0C (14\u00a0\u00b0F) pour les cyclistes les plus courageux. Compte tenu de la technologie utilis\u00e9e, les lunettes ne sont pas bon march\u00e9, avec un prix de vente conseill\u00e9 de 690 euros (1\u00a0000 dollars), mais ce ne sont pas non plus les lunettes de soleil les plus ch\u00e8res que nous ayons jamais vues propos\u00e9es par un constructeur automobile, en d\u00e9pit de la technologie intelligente.<\/p>\n<p>Avec des renseignements de Carscoops<\/p>\n<p>https:\/\/www.youtube.com\/watch?v=SsLk163XniA&amp;t=1s<\/p>\n<p>Le texte <a rel=\"nofollow\" href=\"https:\/\/annuelauto.ca\/une-lunette-de-moto-bmw-avec-afficheur-tete-haute\/\">Une lunette de moto BMW avec afficheur t\u00eate haute<\/a> provient de <a rel=\"nofollow\" href=\"https:\/\/annuelauto.ca\">L&#8217;annuel de l&#8217;automobile &#8211; Actualit\u00e9 automobile<\/a><\/p>\n<p><\/p>\n","protected":false},"excerpt":{"rendered":"<p>BMW a pr\u00e9sent\u00e9 une pi\u00e8ce de technologie fort int\u00e9ressante pour les motocyclistes. Pr\u00e9sent\u00e9 par BMW Motorrad, l&#8217;appareil prend la forme de lunettes de soleil avec sur la lentille droite des informations sur la navigation, la vitesse, le rapport de vitesse ou d&#8217;autres donn\u00e9es importantes. \u00c0 l&#8217;instar de l&#8217;affichage t\u00eate haute propos\u00e9 dans les v\u00e9hicules \u00e0 [&hellip;]<\/p>\n","protected":false},"author":8,"featured_media":148332,"comment_status":"close","ping_status":"closed","sticky":false,"template":"","format":"standard","meta":{"_monsterinsights_skip_tracking":false,"_monsterinsights_sitenote_active":false,"_monsterinsights_sitenote_note":"","_monsterinsights_sitenote_category":0,"footnotes":""},"categories":[101],"tags":[],"yoast_head":"<!-- This site is optimized with the Yoast SEO plugin v23.2 - https:\/\/yoast.com\/wordpress\/plugins\/seo\/ -->\n<title>Une lunette de moto BMW avec afficheur t\u00eate haute - CanadaMotorJobs.com<\/title>\n<meta name=\"description\" content=\"Une lunette de moto BMW avec afficheur t\u00eate haute - Benoit Charette - Annuel automobile - CanadaMotorJobs.com.\" \/>\n<meta name=\"robots\" content=\"index, follow, max-snippet:-1, max-image-preview:large, max-video-preview:-1\" \/>\n<meta property=\"og:locale\" content=\"fr_CA\" \/>\n<meta property=\"og:type\" content=\"article\" \/>\n<meta property=\"og:title\" content=\"Une lunette de moto BMW avec afficheur t\u00eate haute - CanadaMotorJobs.com\" \/>\n<meta property=\"og:description\" content=\"Une lunette de moto BMW avec afficheur t\u00eate haute - Benoit Charette - Annuel automobile - CanadaMotorJobs.com.\" \/>\n<meta property=\"og:url\" content=\"https:\/\/news.canadamotorjobs.com\/fr\/une-lunette-de-moto-bmw-avec-afficheur-tete-haute\/\" \/>\n<meta property=\"og:site_name\" content=\"CanadaMotorJobs.com\" \/>\n<meta property=\"article:publisher\" content=\"https:\/\/www.facebook.com\/canadamotorjobs\/\" \/>\n<meta property=\"article:published_time\" content=\"2023-07-08T11:47:45+00:00\" \/>\n<meta property=\"article:modified_time\" content=\"2023-07-08T11:59:17+00:00\" \/>\n<meta property=\"og:image\" content=\"https:\/\/news.canadamotorjobs.com\/wp-content\/uploads\/2023\/07\/bmw-motorrad-connectedride-smartglasses.jpg\" \/>\n\t<meta property=\"og:image:width\" content=\"960\" \/>\n\t<meta property=\"og:image:height\" content=\"961\" \/>\n\t<meta property=\"og:image:type\" content=\"image\/jpeg\" \/>\n<meta name=\"author\" content=\"Benoit Charette\" \/>\n<meta name=\"twitter:card\" content=\"summary_large_image\" \/>\n<meta name=\"twitter:creator\" content=\"@canadamotorjobs\" \/>\n<meta name=\"twitter:site\" content=\"@canadamotorjobs\" \/>\n<meta name=\"twitter:label1\" content=\"\u00c9crit par\" \/>\n\t<meta name=\"twitter:data1\" content=\"Benoit Charette\" \/>\n\t<meta name=\"twitter:label2\" content=\"Estimation du temps de lecture\" \/>\n\t<meta name=\"twitter:data2\" content=\"2 minutes\" \/>\n<!-- \/ Yoast SEO plugin. -->","yoast_head_json":{"title":"Une lunette de moto BMW avec afficheur t\u00eate haute - CanadaMotorJobs.com","description":"Une lunette de moto BMW avec afficheur t\u00eate haute - Benoit Charette - Annuel automobile - CanadaMotorJobs.com.","robots":{"index":"index","follow":"follow","max-snippet":"max-snippet:-1","max-image-preview":"max-image-preview:large","max-video-preview":"max-video-preview:-1"},"og_locale":"fr_CA","og_type":"article","og_title":"Une lunette de moto BMW avec afficheur t\u00eate haute - CanadaMotorJobs.com","og_description":"Une lunette de moto BMW avec afficheur t\u00eate haute - Benoit Charette - Annuel automobile - CanadaMotorJobs.com.","og_url":"https:\/\/news.canadamotorjobs.com\/fr\/une-lunette-de-moto-bmw-avec-afficheur-tete-haute\/","og_site_name":"CanadaMotorJobs.com","article_publisher":"https:\/\/www.facebook.com\/canadamotorjobs\/","article_published_time":"2023-07-08T11:47:45+00:00","article_modified_time":"2023-07-08T11:59:17+00:00","og_image":[{"width":960,"height":961,"url":"https:\/\/news.canadamotorjobs.com\/wp-content\/uploads\/2023\/07\/bmw-motorrad-connectedride-smartglasses.jpg","type":"image\/jpeg"}],"author":"Benoit Charette","twitter_card":"summary_large_image","twitter_creator":"@canadamotorjobs","twitter_site":"@canadamotorjobs","twitter_misc":{"\u00c9crit par":"Benoit Charette","Estimation du temps de lecture":"2 minutes"},"schema":{"@context":"https:\/\/schema.org","@graph":[{"@type":"Article","@id":"https:\/\/news.canadamotorjobs.com\/fr\/une-lunette-de-moto-bmw-avec-afficheur-tete-haute\/#article","isPartOf":{"@id":"https:\/\/news.canadamotorjobs.com\/fr\/une-lunette-de-moto-bmw-avec-afficheur-tete-haute\/"},"author":{"name":"Benoit Charette","@id":"https:\/\/news.canadamotorjobs.com\/#\/schema\/person\/51793d1f87d44011d7bcc2ed99269a90"},"headline":"Une lunette de moto BMW avec afficheur t\u00eate haute","datePublished":"2023-07-08T11:47:45+00:00","dateModified":"2023-07-08T11:59:17+00:00","mainEntityOfPage":{"@id":"https:\/\/news.canadamotorjobs.com\/fr\/une-lunette-de-moto-bmw-avec-afficheur-tete-haute\/"},"wordCount":415,"publisher":{"@id":"https:\/\/news.canadamotorjobs.com\/#organization"},"image":{"@id":"https:\/\/news.canadamotorjobs.com\/fr\/une-lunette-de-moto-bmw-avec-afficheur-tete-haute\/#primaryimage"},"thumbnailUrl":"https:\/\/news.canadamotorjobs.com\/wp-content\/uploads\/2023\/07\/bmw-motorrad-connectedride-smartglasses.jpg","articleSection":["Annuel automobile"],"inLanguage":"fr-CA"},{"@type":"WebPage","@id":"https:\/\/news.canadamotorjobs.com\/fr\/une-lunette-de-moto-bmw-avec-afficheur-tete-haute\/","url":"https:\/\/news.canadamotorjobs.com\/fr\/une-lunette-de-moto-bmw-avec-afficheur-tete-haute\/","name":"Une lunette de moto BMW avec afficheur t\u00eate haute - CanadaMotorJobs.com","isPartOf":{"@id":"https:\/\/news.canadamotorjobs.com\/#website"},"primaryImageOfPage":{"@id":"https:\/\/news.canadamotorjobs.com\/fr\/une-lunette-de-moto-bmw-avec-afficheur-tete-haute\/#primaryimage"},"image":{"@id":"https:\/\/news.canadamotorjobs.com\/fr\/une-lunette-de-moto-bmw-avec-afficheur-tete-haute\/#primaryimage"},"thumbnailUrl":"https:\/\/news.canadamotorjobs.com\/wp-content\/uploads\/2023\/07\/bmw-motorrad-connectedride-smartglasses.jpg","datePublished":"2023-07-08T11:47:45+00:00","dateModified":"2023-07-08T11:59:17+00:00","description":"Une lunette de moto BMW avec afficheur t\u00eate haute - Benoit Charette - Annuel automobile - CanadaMotorJobs.com.","breadcrumb":{"@id":"https:\/\/news.canadamotorjobs.com\/fr\/une-lunette-de-moto-bmw-avec-afficheur-tete-haute\/#breadcrumb"},"inLanguage":"fr-CA","potentialAction":[{"@type":"ReadAction","target":["https:\/\/news.canadamotorjobs.com\/fr\/une-lunette-de-moto-bmw-avec-afficheur-tete-haute\/"]}]},{"@type":"ImageObject","inLanguage":"fr-CA","@id":"https:\/\/news.canadamotorjobs.com\/fr\/une-lunette-de-moto-bmw-avec-afficheur-tete-haute\/#primaryimage","url":"https:\/\/news.canadamotorjobs.com\/wp-content\/uploads\/2023\/07\/bmw-motorrad-connectedride-smartglasses.jpg","contentUrl":"https:\/\/news.canadamotorjobs.com\/wp-content\/uploads\/2023\/07\/bmw-motorrad-connectedride-smartglasses.jpg","width":960,"height":961},{"@type":"BreadcrumbList","@id":"https:\/\/news.canadamotorjobs.com\/fr\/une-lunette-de-moto-bmw-avec-afficheur-tete-haute\/#breadcrumb","itemListElement":[{"@type":"ListItem","position":1,"name":"Home","item":"https:\/\/news.canadamotorjobs.com\/fr\/blog\/"},{"@type":"ListItem","position":2,"name":"Une lunette de moto BMW avec afficheur t\u00eate haute"}]},{"@type":"WebSite","@id":"https:\/\/news.canadamotorjobs.com\/#website","url":"https:\/\/news.canadamotorjobs.com\/","name":"CanadaMotorJobs.com","description":"Automotive Jobs","publisher":{"@id":"https:\/\/news.canadamotorjobs.com\/#organization"},"potentialAction":[{"@type":"SearchAction","target":{"@type":"EntryPoint","urlTemplate":"https:\/\/news.canadamotorjobs.com\/?s={search_term_string}"},"query-input":"required name=search_term_string"}],"inLanguage":"fr-CA"},{"@type":"Organization","@id":"https:\/\/news.canadamotorjobs.com\/#organization","name":"Canada Motor Jobs","url":"https:\/\/news.canadamotorjobs.com\/","logo":{"@type":"ImageObject","inLanguage":"fr-CA","@id":"https:\/\/news.canadamotorjobs.com\/#\/schema\/logo\/image\/","url":"https:\/\/news.canadamotorjobs.com\/wp-content\/uploads\/2022\/10\/logo-canada-motor-jobs-1.png","contentUrl":"https:\/\/news.canadamotorjobs.com\/wp-content\/uploads\/2022\/10\/logo-canada-motor-jobs-1.png","width":800,"height":400,"caption":"Canada Motor Jobs"},"image":{"@id":"https:\/\/news.canadamotorjobs.com\/#\/schema\/logo\/image\/"},"sameAs":["https:\/\/www.facebook.com\/canadamotorjobs\/","https:\/\/x.com\/canadamotorjobs","https:\/\/www.instagram.com\/canadamotorjobs\/","https:\/\/www.linkedin.com\/company\/canadamotorjobs"]},{"@type":"Person","@id":"https:\/\/news.canadamotorjobs.com\/#\/schema\/person\/51793d1f87d44011d7bcc2ed99269a90","name":"Benoit Charette","image":{"@type":"ImageObject","inLanguage":"fr-CA","@id":"https:\/\/news.canadamotorjobs.com\/#\/schema\/person\/image\/","url":"https:\/\/secure.gravatar.com\/avatar\/45f3d2eebcccd909668d7ce7ea7267b6?s=96&d=mm&r=g","contentUrl":"https:\/\/secure.gravatar.com\/avatar\/45f3d2eebcccd909668d7ce7ea7267b6?s=96&d=mm&r=g","caption":"Benoit Charette"},"description":"Benoit Charette \/ Propri\u00e9taire et r\u00e9dacteur en chef Benoit Charette pratique le journalisme automobile depuis bient\u00f4t 30 ans. Il a fait ses classes au c\u00f4t\u00e9 de Daniel H\u00e9raud et au Carnet de route de 1992 \u00e0 2001. Il est fondateur, copropri\u00e9taire et r\u00e9dacteur en chef de L\u2019Annuel de l\u2019automobile, qu\u2019il publie depuis 2001. Il a anim\u00e9 les \u00e9missions RPM et RPM+ sur V et les L\u00e9gendes de la route sur Historia. \u00c0 la radio depuis 1986, il reprend l\u2019antenne cette ann\u00e9e sur les ondes de Cogeco et participe pour la deuxi\u00e8me ann\u00e9e \u00e0 l\u2019\u00e9mission Passion Auto sur RDS en plus de mettre en ligne le site Web officiel de L\u2019Annuel de l\u2019automobile sur annuelauto.ca.","sameAs":["https:\/\/annuelauto.ca\/"],"url":"https:\/\/news.canadamotorjobs.com\/fr\/author\/benoit-charette\/"}]}},"_links":{"self":[{"href":"https:\/\/news.canadamotorjobs.com\/fr\/wp-json\/wp\/v2\/posts\/148330"}],"collection":[{"href":"https:\/\/news.canadamotorjobs.com\/fr\/wp-json\/wp\/v2\/posts"}],"about":[{"href":"https:\/\/news.canadamotorjobs.com\/fr\/wp-json\/wp\/v2\/types\/post"}],"author":[{"embeddable":true,"href":"https:\/\/news.canadamotorjobs.com\/fr\/wp-json\/wp\/v2\/users\/8"}],"replies":[{"embeddable":true,"href":"https:\/\/news.canadamotorjobs.com\/fr\/wp-json\/wp\/v2\/comments?post=148330"}],"version-history":[{"count":2,"href":"https:\/\/news.canadamotorjobs.com\/fr\/wp-json\/wp\/v2\/posts\/148330\/revisions"}],"predecessor-version":[{"id":148334,"href":"https:\/\/news.canadamotorjobs.com\/fr\/wp-json\/wp\/v2\/posts\/148330\/revisions\/148334"}],"wp:featuredmedia":[{"embeddable":true,"href":"https:\/\/news.canadamotorjobs.com\/fr\/wp-json\/wp\/v2\/media\/148332"}],"wp:attachment":[{"href":"https:\/\/news.canadamotorjobs.com\/fr\/wp-json\/wp\/v2\/media?parent=148330"}],"wp:term":[{"taxonomy":"category","embeddable":true,"href":"https:\/\/news.canadamotorjobs.com\/fr\/wp-json\/wp\/v2\/categories?post=148330"},{"taxonomy":"post_tag","embeddable":true,"href":"https:\/\/news.canadamotorjobs.com\/fr\/wp-json\/wp\/v2\/tags?post=148330"}],"curies":[{"name":"wp","href":"https:\/\/api.w.org\/{rel}","templated":true}]}}