{"id":148280,"date":"2023-07-07T08:19:51","date_gmt":"2023-07-07T12:19:51","guid":{"rendered":"https:\/\/news.canadamotorjobs.com\/?p=148280"},"modified":"2023-07-07T08:31:30","modified_gmt":"2023-07-07T12:31:30","slug":"la-derniere-lamborghini-a-essence-a-ete-vendue","status":"publish","type":"post","link":"https:\/\/news.canadamotorjobs.com\/fr\/la-derniere-lamborghini-a-essence-a-ete-vendue\/","title":{"rendered":"La derni\u00e8re Lamborghini \u00e0 essence a \u00e9t\u00e9 vendue"},"content":{"rendered":"<\/p>\n<p>C\u2019est la fin d\u2019une \u00e9poque chez Lamborghini, le dernier mod\u00e8le \u00e0 essence a \u00e9t\u00e9 vendu et la compagnie entre dans l\u2019\u00e8re des mod\u00e8les hybrides. S&#8217;adressant au journal allemand WELT, Stephan Winkelmann, PDG de Lamborghini, a confirm\u00e9 que les derniers mod\u00e8les \u00e0 combustion de l&#8217;usine de Sant&#8217;Agata sont \u00e9puis\u00e9s.<\/p>\n<h3>Une Huracan<\/h3>\n<p>\nC\u2019est \u00e0 la fin du mois de mai que Lamborghini a construit le dernier lot du mod\u00e8le Huracan, qui sera bient\u00f4t abandonn\u00e9e. Aucune des variantes de la Huracan &#8211; y compris la Tecnica et la Sterrato &#8211; n&#8217;est disponible \u00e0 l&#8217;achat, ce qui marque la fin du moteur V10 atmosph\u00e9rique de 5,2 litres, du moins dans sa version non \u00e9lectrifi\u00e9e.<\/p>\n<h3>Place au V8 hybride<\/h3>\n<p>\nComme le rapporte Reuters, Winkelman a confirm\u00e9 que les mod\u00e8les \u00e0 moteur \u00e0 combustion seront remplac\u00e9s par des PHEV en 2024 et 2025, faisant r\u00e9f\u00e9rence aux successeurs de l&#8217;Urus et de l&#8217;Huracan respectivement. L\u2019Urus vient en ce moment avec un V8 4,0 litres de 657 chevaux. Mais ce moteur n\u2019est disponible en raison de la forte demande. Les int\u00e9ress\u00e9s doivent donc attendre la version renouvel\u00e9e qui arrivera en 2024 exclusivement propos\u00e9e avec un V8 hybride rechargeable. \u00c0 noter que la prochaine g\u00e9n\u00e9ration de l&#8217;Urus a d\u00e9j\u00e0 \u00e9t\u00e9 annonc\u00e9e pour 2029 en tant que mod\u00e8le enti\u00e8rement \u00e9lectrique.<\/p>\n<h3>Deux ans de production d\u00e9j\u00e0 vendue<\/h3>\n<p>\nLamborghini est c\u00e9l\u00e8bre pour ses longues listes d&#8217;attente et ne cesse de battre des records de production et de vente les uns apr\u00e8s les autres. M\u00eame le tout nouveau mod\u00e8le phare Revuelto dot\u00e9 d&#8217;un V12 hybride rechargeable est vendu pour les deux prochaines ann\u00e9es, ce qui montre que le monde ne se lasse pas des taureaux de Sant&#8217;Agata, que ce soit sous forme de moteur \u00e0 combustion interne ou sous forme \u00e9lectrifi\u00e9e.<\/p>\n<p>Avec des renseignements de Carscoops<\/p>\n<p>Le texte <a rel=\"nofollow\" href=\"https:\/\/annuelauto.ca\/la-derniere-lamborghini-a-essence-a-ete-vendue\/\">La derni\u00e8re Lamborghini \u00e0 essence a \u00e9t\u00e9 vendue<\/a> provient de <a rel=\"nofollow\" href=\"https:\/\/annuelauto.ca\">L&#8217;annuel de l&#8217;automobile &#8211; Actualit\u00e9 automobile<\/a><\/p>\n<p><\/p>\n","protected":false},"excerpt":{"rendered":"<p>C\u2019est la fin d\u2019une \u00e9poque chez Lamborghini, le dernier mod\u00e8le \u00e0 essence a \u00e9t\u00e9 vendu et la compagnie entre dans l\u2019\u00e8re des mod\u00e8les hybrides. S&#8217;adressant au journal allemand WELT, Stephan Winkelmann, PDG de Lamborghini, a confirm\u00e9 que les derniers mod\u00e8les \u00e0 combustion de l&#8217;usine de Sant&#8217;Agata sont \u00e9puis\u00e9s. Une Huracan C\u2019est \u00e0 la fin du [&hellip;]<\/p>\n","protected":false},"author":8,"featured_media":148282,"comment_status":"close","ping_status":"closed","sticky":false,"template":"","format":"standard","meta":{"_monsterinsights_skip_tracking":false,"_monsterinsights_sitenote_active":false,"_monsterinsights_sitenote_note":"","_monsterinsights_sitenote_category":0,"footnotes":""},"categories":[101],"tags":[],"yoast_head":"<!-- This site is optimized with the Yoast SEO plugin v23.2 - https:\/\/yoast.com\/wordpress\/plugins\/seo\/ -->\n<title>La derni\u00e8re Lamborghini \u00e0 essence a \u00e9t\u00e9 vendue - CanadaMotorJobs.com<\/title>\n<meta name=\"description\" content=\"La derni\u00e8re Lamborghini \u00e0 essence a \u00e9t\u00e9 vendue - Benoit Charette - Annuel automobile - CanadaMotorJobs.com.\" \/>\n<meta name=\"robots\" content=\"index, follow, max-snippet:-1, max-image-preview:large, max-video-preview:-1\" \/>\n<meta property=\"og:locale\" content=\"fr_CA\" \/>\n<meta property=\"og:type\" content=\"article\" \/>\n<meta property=\"og:title\" content=\"La derni\u00e8re Lamborghini \u00e0 essence a \u00e9t\u00e9 vendue - CanadaMotorJobs.com\" \/>\n<meta property=\"og:description\" content=\"La derni\u00e8re Lamborghini \u00e0 essence a \u00e9t\u00e9 vendue - Benoit Charette - Annuel automobile - CanadaMotorJobs.com.\" \/>\n<meta property=\"og:url\" content=\"https:\/\/news.canadamotorjobs.com\/fr\/la-derniere-lamborghini-a-essence-a-ete-vendue\/\" \/>\n<meta property=\"og:site_name\" content=\"CanadaMotorJobs.com\" \/>\n<meta property=\"article:publisher\" content=\"https:\/\/www.facebook.com\/canadamotorjobs\/\" \/>\n<meta property=\"article:published_time\" content=\"2023-07-07T12:19:51+00:00\" \/>\n<meta property=\"article:modified_time\" content=\"2023-07-07T12:31:30+00:00\" \/>\n<meta property=\"og:image\" content=\"https:\/\/news.canadamotorjobs.com\/wp-content\/uploads\/2023\/07\/Huracan.jpeg\" \/>\n\t<meta property=\"og:image:width\" content=\"1920\" \/>\n\t<meta property=\"og:image:height\" content=\"1200\" \/>\n\t<meta property=\"og:image:type\" content=\"image\/jpeg\" \/>\n<meta name=\"author\" content=\"Benoit Charette\" \/>\n<meta name=\"twitter:card\" content=\"summary_large_image\" \/>\n<meta name=\"twitter:creator\" content=\"@canadamotorjobs\" \/>\n<meta name=\"twitter:site\" content=\"@canadamotorjobs\" \/>\n<meta name=\"twitter:label1\" content=\"\u00c9crit par\" \/>\n\t<meta name=\"twitter:data1\" content=\"Benoit Charette\" \/>\n\t<meta name=\"twitter:label2\" content=\"Estimation du temps de lecture\" \/>\n\t<meta name=\"twitter:data2\" content=\"2 minutes\" \/>\n<!-- \/ Yoast SEO plugin. -->","yoast_head_json":{"title":"La derni\u00e8re Lamborghini \u00e0 essence a \u00e9t\u00e9 vendue - CanadaMotorJobs.com","description":"La derni\u00e8re Lamborghini \u00e0 essence a \u00e9t\u00e9 vendue - Benoit Charette - Annuel automobile - CanadaMotorJobs.com.","robots":{"index":"index","follow":"follow","max-snippet":"max-snippet:-1","max-image-preview":"max-image-preview:large","max-video-preview":"max-video-preview:-1"},"og_locale":"fr_CA","og_type":"article","og_title":"La derni\u00e8re Lamborghini \u00e0 essence a \u00e9t\u00e9 vendue - CanadaMotorJobs.com","og_description":"La derni\u00e8re Lamborghini \u00e0 essence a \u00e9t\u00e9 vendue - Benoit Charette - Annuel automobile - CanadaMotorJobs.com.","og_url":"https:\/\/news.canadamotorjobs.com\/fr\/la-derniere-lamborghini-a-essence-a-ete-vendue\/","og_site_name":"CanadaMotorJobs.com","article_publisher":"https:\/\/www.facebook.com\/canadamotorjobs\/","article_published_time":"2023-07-07T12:19:51+00:00","article_modified_time":"2023-07-07T12:31:30+00:00","og_image":[{"width":1920,"height":1200,"url":"https:\/\/news.canadamotorjobs.com\/wp-content\/uploads\/2023\/07\/Huracan.jpeg","type":"image\/jpeg"}],"author":"Benoit Charette","twitter_card":"summary_large_image","twitter_creator":"@canadamotorjobs","twitter_site":"@canadamotorjobs","twitter_misc":{"\u00c9crit par":"Benoit Charette","Estimation du temps de lecture":"2 minutes"},"schema":{"@context":"https:\/\/schema.org","@graph":[{"@type":"Article","@id":"https:\/\/news.canadamotorjobs.com\/fr\/la-derniere-lamborghini-a-essence-a-ete-vendue\/#article","isPartOf":{"@id":"https:\/\/news.canadamotorjobs.com\/fr\/la-derniere-lamborghini-a-essence-a-ete-vendue\/"},"author":{"name":"Benoit Charette","@id":"https:\/\/news.canadamotorjobs.com\/#\/schema\/person\/51793d1f87d44011d7bcc2ed99269a90"},"headline":"La derni\u00e8re Lamborghini \u00e0 essence a \u00e9t\u00e9 vendue","datePublished":"2023-07-07T12:19:51+00:00","dateModified":"2023-07-07T12:31:30+00:00","mainEntityOfPage":{"@id":"https:\/\/news.canadamotorjobs.com\/fr\/la-derniere-lamborghini-a-essence-a-ete-vendue\/"},"wordCount":353,"publisher":{"@id":"https:\/\/news.canadamotorjobs.com\/#organization"},"image":{"@id":"https:\/\/news.canadamotorjobs.com\/fr\/la-derniere-lamborghini-a-essence-a-ete-vendue\/#primaryimage"},"thumbnailUrl":"https:\/\/news.canadamotorjobs.com\/wp-content\/uploads\/2023\/07\/Huracan.jpeg","articleSection":["Annuel automobile"],"inLanguage":"fr-CA"},{"@type":"WebPage","@id":"https:\/\/news.canadamotorjobs.com\/fr\/la-derniere-lamborghini-a-essence-a-ete-vendue\/","url":"https:\/\/news.canadamotorjobs.com\/fr\/la-derniere-lamborghini-a-essence-a-ete-vendue\/","name":"La derni\u00e8re Lamborghini \u00e0 essence a \u00e9t\u00e9 vendue - CanadaMotorJobs.com","isPartOf":{"@id":"https:\/\/news.canadamotorjobs.com\/#website"},"primaryImageOfPage":{"@id":"https:\/\/news.canadamotorjobs.com\/fr\/la-derniere-lamborghini-a-essence-a-ete-vendue\/#primaryimage"},"image":{"@id":"https:\/\/news.canadamotorjobs.com\/fr\/la-derniere-lamborghini-a-essence-a-ete-vendue\/#primaryimage"},"thumbnailUrl":"https:\/\/news.canadamotorjobs.com\/wp-content\/uploads\/2023\/07\/Huracan.jpeg","datePublished":"2023-07-07T12:19:51+00:00","dateModified":"2023-07-07T12:31:30+00:00","description":"La derni\u00e8re Lamborghini \u00e0 essence a \u00e9t\u00e9 vendue - Benoit Charette - Annuel automobile - CanadaMotorJobs.com.","breadcrumb":{"@id":"https:\/\/news.canadamotorjobs.com\/fr\/la-derniere-lamborghini-a-essence-a-ete-vendue\/#breadcrumb"},"inLanguage":"fr-CA","potentialAction":[{"@type":"ReadAction","target":["https:\/\/news.canadamotorjobs.com\/fr\/la-derniere-lamborghini-a-essence-a-ete-vendue\/"]}]},{"@type":"ImageObject","inLanguage":"fr-CA","@id":"https:\/\/news.canadamotorjobs.com\/fr\/la-derniere-lamborghini-a-essence-a-ete-vendue\/#primaryimage","url":"https:\/\/news.canadamotorjobs.com\/wp-content\/uploads\/2023\/07\/Huracan.jpeg","contentUrl":"https:\/\/news.canadamotorjobs.com\/wp-content\/uploads\/2023\/07\/Huracan.jpeg","width":1920,"height":1200},{"@type":"BreadcrumbList","@id":"https:\/\/news.canadamotorjobs.com\/fr\/la-derniere-lamborghini-a-essence-a-ete-vendue\/#breadcrumb","itemListElement":[{"@type":"ListItem","position":1,"name":"Home","item":"https:\/\/news.canadamotorjobs.com\/fr\/blog\/"},{"@type":"ListItem","position":2,"name":"La derni\u00e8re Lamborghini \u00e0 essence a \u00e9t\u00e9 vendue"}]},{"@type":"WebSite","@id":"https:\/\/news.canadamotorjobs.com\/#website","url":"https:\/\/news.canadamotorjobs.com\/","name":"CanadaMotorJobs.com","description":"Automotive Jobs","publisher":{"@id":"https:\/\/news.canadamotorjobs.com\/#organization"},"potentialAction":[{"@type":"SearchAction","target":{"@type":"EntryPoint","urlTemplate":"https:\/\/news.canadamotorjobs.com\/?s={search_term_string}"},"query-input":"required name=search_term_string"}],"inLanguage":"fr-CA"},{"@type":"Organization","@id":"https:\/\/news.canadamotorjobs.com\/#organization","name":"Canada Motor Jobs","url":"https:\/\/news.canadamotorjobs.com\/","logo":{"@type":"ImageObject","inLanguage":"fr-CA","@id":"https:\/\/news.canadamotorjobs.com\/#\/schema\/logo\/image\/","url":"https:\/\/news.canadamotorjobs.com\/wp-content\/uploads\/2022\/10\/logo-canada-motor-jobs-1.png","contentUrl":"https:\/\/news.canadamotorjobs.com\/wp-content\/uploads\/2022\/10\/logo-canada-motor-jobs-1.png","width":800,"height":400,"caption":"Canada Motor Jobs"},"image":{"@id":"https:\/\/news.canadamotorjobs.com\/#\/schema\/logo\/image\/"},"sameAs":["https:\/\/www.facebook.com\/canadamotorjobs\/","https:\/\/x.com\/canadamotorjobs","https:\/\/www.instagram.com\/canadamotorjobs\/","https:\/\/www.linkedin.com\/company\/canadamotorjobs"]},{"@type":"Person","@id":"https:\/\/news.canadamotorjobs.com\/#\/schema\/person\/51793d1f87d44011d7bcc2ed99269a90","name":"Benoit Charette","image":{"@type":"ImageObject","inLanguage":"fr-CA","@id":"https:\/\/news.canadamotorjobs.com\/#\/schema\/person\/image\/","url":"https:\/\/secure.gravatar.com\/avatar\/45f3d2eebcccd909668d7ce7ea7267b6?s=96&d=mm&r=g","contentUrl":"https:\/\/secure.gravatar.com\/avatar\/45f3d2eebcccd909668d7ce7ea7267b6?s=96&d=mm&r=g","caption":"Benoit Charette"},"description":"Benoit Charette \/ Propri\u00e9taire et r\u00e9dacteur en chef Benoit Charette pratique le journalisme automobile depuis bient\u00f4t 30 ans. Il a fait ses classes au c\u00f4t\u00e9 de Daniel H\u00e9raud et au Carnet de route de 1992 \u00e0 2001. Il est fondateur, copropri\u00e9taire et r\u00e9dacteur en chef de L\u2019Annuel de l\u2019automobile, qu\u2019il publie depuis 2001. Il a anim\u00e9 les \u00e9missions RPM et RPM+ sur V et les L\u00e9gendes de la route sur Historia. \u00c0 la radio depuis 1986, il reprend l\u2019antenne cette ann\u00e9e sur les ondes de Cogeco et participe pour la deuxi\u00e8me ann\u00e9e \u00e0 l\u2019\u00e9mission Passion Auto sur RDS en plus de mettre en ligne le site Web officiel de L\u2019Annuel de l\u2019automobile sur annuelauto.ca.","sameAs":["https:\/\/annuelauto.ca\/"],"url":"https:\/\/news.canadamotorjobs.com\/fr\/author\/benoit-charette\/"}]}},"_links":{"self":[{"href":"https:\/\/news.canadamotorjobs.com\/fr\/wp-json\/wp\/v2\/posts\/148280"}],"collection":[{"href":"https:\/\/news.canadamotorjobs.com\/fr\/wp-json\/wp\/v2\/posts"}],"about":[{"href":"https:\/\/news.canadamotorjobs.com\/fr\/wp-json\/wp\/v2\/types\/post"}],"author":[{"embeddable":true,"href":"https:\/\/news.canadamotorjobs.com\/fr\/wp-json\/wp\/v2\/users\/8"}],"replies":[{"embeddable":true,"href":"https:\/\/news.canadamotorjobs.com\/fr\/wp-json\/wp\/v2\/comments?post=148280"}],"version-history":[{"count":2,"href":"https:\/\/news.canadamotorjobs.com\/fr\/wp-json\/wp\/v2\/posts\/148280\/revisions"}],"predecessor-version":[{"id":148284,"href":"https:\/\/news.canadamotorjobs.com\/fr\/wp-json\/wp\/v2\/posts\/148280\/revisions\/148284"}],"wp:featuredmedia":[{"embeddable":true,"href":"https:\/\/news.canadamotorjobs.com\/fr\/wp-json\/wp\/v2\/media\/148282"}],"wp:attachment":[{"href":"https:\/\/news.canadamotorjobs.com\/fr\/wp-json\/wp\/v2\/media?parent=148280"}],"wp:term":[{"taxonomy":"category","embeddable":true,"href":"https:\/\/news.canadamotorjobs.com\/fr\/wp-json\/wp\/v2\/categories?post=148280"},{"taxonomy":"post_tag","embeddable":true,"href":"https:\/\/news.canadamotorjobs.com\/fr\/wp-json\/wp\/v2\/tags?post=148280"}],"curies":[{"name":"wp","href":"https:\/\/api.w.org\/{rel}","templated":true}]}}